{"id":188535,"date":"2020-12-03T08:11:28","date_gmt":"2020-12-03T11:11:28","guid":{"rendered":"https:\/\/franciscanos.org.br\/vidacrista\/?p=188535"},"modified":"2020-12-03T08:11:28","modified_gmt":"2020-12-03T11:11:28","slug":"combate-espiritual-na-pandemia","status":"publish","type":"post","link":"https:\/\/franciscanos.org.br\/vidacrista\/combate-espiritual-na-pandemia\/","title":{"rendered":"Combate espiritual na pandemia"},"content":{"rendered":"<div id=\"attachment_188536\" style=\"width: 850px\" class=\"wp-caption alignnone\"><img aria-describedby=\"caption-attachment-188536\" decoding=\"async\" loading=\"lazy\" class=\"wp-image-188536 size-full\" src=\"https:\/\/franciscanos.org.br\/vidacrista\/wp-content\/uploads\/2020\/12\/artigo_0312.jpg\" alt=\"\" width=\"840\" height=\"477\" srcset=\"https:\/\/franciscanos.org.br\/vidacrista\/wp-content\/uploads\/2020\/12\/artigo_0312.jpg 840w, https:\/\/franciscanos.org.br\/vidacrista\/wp-content\/uploads\/2020\/12\/artigo_0312-450x256.jpg 450w, https:\/\/franciscanos.org.br\/vidacrista\/wp-content\/uploads\/2020\/12\/artigo_0312-768x436.jpg 768w, https:\/\/franciscanos.org.br\/vidacrista\/wp-content\/uploads\/2020\/12\/artigo_0312-150x85.jpg 150w\" sizes=\"(max-width: 840px) 100vw, 840px\" \/><p id=\"caption-attachment-188536\" class=\"wp-caption-text\">\u00a0 \u00a0 \u00a0 \u00a0 \u00a0 \u00a0 \u00a0 \u00a0 \u00a0 \u00a0 \u00a0 \u00a0 \u00a0 \u00a0 \u00a0 \u00a0 \u00a0 \u00a0 \u00a0 \u00a0 \u00a0 \u00a0 \u00a0 \u00a0 \u00a0 \u00a0 \u00a0 \u00a0 \u00a0 \u00a0 \u00a0 \u00a0 \u00a0 \u00a0 \u00a0 \u00a0 \u00a0 \u00a0 \u00a0 \u00a0 \u00a0 \u00a0 \u00a0 <em>\u00a0 \u00a0 Imagem da Wikipedia: Ivan Kramskoy, 1872, dom\u00ednio p\u00fablico<\/em><\/p><\/div>\n<p><strong>Dom Jean Kockerols<\/strong>, bispo auxiliar de\u00a0<strong>Malinas-Bruxelas<\/strong>, na\u00a0<strong>B\u00e9lgica<\/strong>, faz uma reflex\u00e3o espiritual sobre o tempo da pandemia, indicando sete combates a serem travados.<\/p>\n<p>O artigo foi publicado em\u00a0<strong>Settimana News<\/strong>, 02-12-2020. A tradu\u00e7\u00e3o \u00e9 de\u00a0<strong>Mois\u00e9s Sbardelotto (http:\/\/www.ihu.unisinos.br)<\/strong>.<\/p>\n<h3>Eis o texto.<\/h3>\n<p>Vivemos em uma \u00e9poca muito exigente. Estamos sobrecarregados, em todos os sentidos. Sob todos os pontos de vista: familiar, social, sanit\u00e1rio, financeiro, material e tamb\u00e9m espiritual.<\/p>\n<p>O que significa \u201cescutar a Palavra e p\u00f4-la em pr\u00e1tica\u201d e, assim, entrar na rela\u00e7\u00e3o de fraternidade com Cristo, como Jesus nos convida no Evangelho nestes tempos abalados pelo coronav\u00edrus? Qual \u00e9 o combate espiritual a ser travado?<\/p>\n<p>Trata-se de um verdadeiro combate como o de\u00a0<strong>Jesus<\/strong>\u00a0com o\u00a0<strong>Tentador<\/strong>\u00a0no deserto e depois na hora da morte. A nossa \u00e9poca est\u00e1 cheia de desafios e de tenta\u00e7\u00f5es. Eis uma breve lista.<\/p>\n<p>Temos a impress\u00e3o de descobrir um mundo fr\u00e1gil, muito fr\u00e1gil. Em outros contextos mundiais ou da nossa sociedade, a fragilidade faz parte do cotidiano. Mas n\u00f3s, acostumados ao conforto, achamos que removemos a fragilidade. Ou a negamos.<\/p>\n<p>A tenta\u00e7\u00e3o, de fato, \u00e9 esconder a fragilidade, crer que ela \u00e9 superficial, facilmente super\u00e1vel. N\u00e3o. O fiel sabe que o pr\u00f3prio Deus se fez fr\u00e1gil, vulner\u00e1vel, no seu Filho crucificado. E que precisamos a\u00ed a for\u00e7a de Deus pode se manifestar. \u201c\u00c9 quando sou fraco que sou forte\u201d (2Cor 12,10).\u00a0<strong>O primeiro combate \u00e9 aceitar as fragilidades.\u00a0<\/strong>E isso requer humildade.<\/p>\n<p>Isso pode nos levar a crer que \u00e9 preciso voltar \u00e0 situa\u00e7\u00e3o anterior, ao antes. \u00c9 uma ilus\u00e3o, pura ilus\u00e3o. Devemos arquivar os tempos passados sem muita melancolia, sem olhar para tr\u00e1s, caso contr\u00e1rio corremos o risco de nos transformar em est\u00e1tuas de sal, como a esposa de L\u00f3 (Gn 12,26). Devemos aceitar que \u201cestamos n\u00e3o em uma \u00e9poca de mudan\u00e7a, mas em uma mudan\u00e7a de \u00e9poca\u201d (<strong>Papa Francisco<\/strong>).\u00a0<strong>Segundo combate: n\u00e3o olhar para tr\u00e1s.<\/strong><\/p>\n<p>O clima ansiog\u00eanico que nos rodeia faz o medo crescer. Ou, melhor, os medos. Medos identific\u00e1veis, ang\u00fastias sutis que se escondem dentro deles. Medos certamente leg\u00edtimos, mas que nos paralisam. Medos que d\u00e3o medo. Exatamente aquilo que o Tentador quer, para que fa\u00e7amos aquilo que ele deseja. Como Cristo, \u00e9 preciso manter, diante de tudo e contra tudo, um esp\u00edrito aberto e confiante, ancorado na f\u00e9.\u00a0<strong>Terceiro combate: n\u00e3o ter medo do medo.<\/strong><\/p>\n<p>O distanciamento social, necess\u00e1rio no n\u00edvel da sa\u00fade, infelizmente induz a outros distanciamentos. Um distanciamento psicol\u00f3gico que nos afasta do outro, que alimenta o desinteresse. O meu pr\u00f3ximo, mesmo longe, deixar\u00e1 de ser pr\u00f3ximo? O\u00a0<strong>Papa Francisco<\/strong>, na sua recente enc\u00edclica Fratelli tutti, nos lembra que a fraternidade n\u00e3o conhece dist\u00e2ncias f\u00edsicas.\u00a0<strong>Quarto combate: ficar perto, fazer-se pr\u00f3ximo.<\/strong>\u00a0Com outras modalidades, \u00e9 claro, mas querer estar perto.<\/p>\n<p>Usamos m\u00e1scaras para n\u00e3o respirar o v\u00edrus. Mas j\u00e1 usamos m\u00e1scaras h\u00e1 muito tempo. Mais sutis, mais discretas do que estes pequenos tecidos. M\u00e1scaras para nos iludirmos de que somos outros. O Tentador adora quando nos mascaramos, quando interpretamos um personagem que n\u00e3o somos n\u00f3s.\u00a0<strong>Quinto combate: ser voc\u00ea mesmo, permanecer voc\u00ea mesmo.<\/strong>\u00a0Para al\u00e9m das nossas vontades de nos mascarar.<\/p>\n<p>Os especialistas n\u00e3o concordam entre si. Os governos est\u00e3o divididos sobre as regras a serem aplicadas, sobre as restri\u00e7\u00f5es a serem implementadas. As tens\u00f5es se tornam palp\u00e1veis. O\u00a0<strong>Tentador<\/strong>\u00a0adora isso! \u00c9 o\u00a0<em>diabolos<\/em>, o divisor.\u00a0<strong>Sexto combate: que o Esp\u00edrito Santo, que habita em n\u00f3s, nos conserve na unidade.<\/strong><\/p>\n<p>Enfim, uma tenta\u00e7\u00e3o sutil, discreta e insidiosa: abaixar os bra\u00e7os. De que adianta? Pior ainda? Deixar-se levar pela corrente.\u00a0<strong>Eis o s\u00e9timo combate: o desencorajamento.<\/strong><\/p>\n<p>Que esta crise, como indica o termo\u00a0<em>crisis<\/em>, seja verdadeiramente, para cada um, um tempo de discernimento. Que as nossas m\u00e3os, t\u00e3o higienizadas pelo \u00e1lcool em gel, n\u00e3o nos impe\u00e7am de suj\u00e1-las a servi\u00e7o dos irm\u00e3os. Que o cont\u00e1gio de que fugimos n\u00e3o nos impe\u00e7a de sermos contagiosos do amor de Deus.<\/p>\n<p>Porque me foi confirmado l\u00e1 do alto: n\u00e3o existe crist\u00e3o assintom\u00e1tico.<\/p>\n","protected":false},"excerpt":{"rendered":"<p>Artigo de Dom Jean Kockerols<\/p>\n","protected":false},"author":3,"featured_media":188537,"comment_status":"open","ping_status":"open","sticky":false,"template":"","format":"standard","meta":{"footnotes":""},"categories":[26],"tags":[278],"yoast_head":"<!-- This site is optimized with the Yoast SEO plugin v19.4 - https:\/\/yoast.com\/wordpress\/plugins\/seo\/ -->\n<title>Combate espiritual na pandemia - Vida Crist\u00e3 - Franciscanos<\/title>\n<meta name=\"robots\" content=\"index, follow, max-snippet:-1, max-image-preview:large, max-video-preview:-1\" \/>\n<link rel=\"canonical\" href=\"https:\/\/franciscanos.org.br\/vidacrista\/combate-espiritual-na-pandemia\/\" \/>\n<meta property=\"og:locale\" content=\"pt_BR\" \/>\n<meta property=\"og:type\" content=\"article\" \/>\n<meta property=\"og:title\" content=\"Combate espiritual na pandemia - Vida Crist\u00e3 - Franciscanos\" \/>\n<meta property=\"og:description\" content=\"Artigo de Dom Jean Kockerols\" \/>\n<meta property=\"og:url\" content=\"https:\/\/franciscanos.org.br\/vidacrista\/combate-espiritual-na-pandemia\/\" \/>\n<meta property=\"og:site_name\" content=\"Vida Crist\u00e3 - Franciscanos\" \/>\n<meta property=\"article:published_time\" content=\"2020-12-03T11:11:28+00:00\" \/>\n<meta property=\"og:image\" content=\"https:\/\/franciscanos.org.br\/vidacrista\/wp-content\/uploads\/2020\/12\/artigo_0312d.jpg\" \/>\n\t<meta property=\"og:image:width\" content=\"800\" \/>\n\t<meta property=\"og:image:height\" content=\"600\" \/>\n\t<meta property=\"og:image:type\" content=\"image\/jpeg\" \/>\n<meta name=\"author\" content=\"moacir\" \/>\n<meta name=\"twitter:card\" content=\"summary_large_image\" \/>\n<meta name=\"twitter:label1\" content=\"Escrito por\" \/>\n\t<meta name=\"twitter:data1\" content=\"moacir\" \/>\n\t<meta name=\"twitter:label2\" content=\"Est. tempo de leitura\" \/>\n\t<meta name=\"twitter:data2\" content=\"4 minutos\" \/>\n<script type=\"application\/ld+json\" class=\"yoast-schema-graph\">{\"@context\":\"https:\/\/schema.org\",\"@graph\":[{\"@type\":\"WebSite\",\"@id\":\"https:\/\/franciscanos.org.br\/vidacrista\/#website\",\"url\":\"https:\/\/franciscanos.org.br\/vidacrista\/\",\"name\":\"Vida Crist\u00e3 - Franciscanos\",\"description\":\"Prov\u00edncia Franciscana da Imaculada Concei\u00e7\u00e3o do Brasil - Ordem dos Frades Menores\",\"potentialAction\":[{\"@type\":\"SearchAction\",\"target\":{\"@type\":\"EntryPoint\",\"urlTemplate\":\"https:\/\/franciscanos.org.br\/vidacrista\/?s={search_term_string}\"},\"query-input\":\"required name=search_term_string\"}],\"inLanguage\":\"pt-BR\"},{\"@type\":\"WebPage\",\"@id\":\"https:\/\/franciscanos.org.br\/vidacrista\/combate-espiritual-na-pandemia\/\",\"url\":\"https:\/\/franciscanos.org.br\/vidacrista\/combate-espiritual-na-pandemia\/\",\"name\":\"Combate espiritual na pandemia - Vida Crist\u00e3 - Franciscanos\",\"isPartOf\":{\"@id\":\"https:\/\/franciscanos.org.br\/vidacrista\/#website\"},\"datePublished\":\"2020-12-03T11:11:28+00:00\",\"dateModified\":\"2020-12-03T11:11:28+00:00\",\"author\":{\"@id\":\"https:\/\/franciscanos.org.br\/vidacrista\/#\/schema\/person\/1880bdd2c350b735648725ef7614736a\"},\"breadcrumb\":{\"@id\":\"https:\/\/franciscanos.org.br\/vidacrista\/combate-espiritual-na-pandemia\/#breadcrumb\"},\"inLanguage\":\"pt-BR\",\"potentialAction\":[{\"@type\":\"ReadAction\",\"target\":[\"https:\/\/franciscanos.org.br\/vidacrista\/combate-espiritual-na-pandemia\/\"]}]},{\"@type\":\"BreadcrumbList\",\"@id\":\"https:\/\/franciscanos.org.br\/vidacrista\/combate-espiritual-na-pandemia\/#breadcrumb\",\"itemListElement\":[{\"@type\":\"ListItem\",\"position\":1,\"name\":\"Home\",\"item\":\"https:\/\/franciscanos.org.br\/vidacrista\/\"},{\"@type\":\"ListItem\",\"position\":2,\"name\":\"Combate espiritual na pandemia\"}]},{\"@type\":\"Person\",\"@id\":\"https:\/\/franciscanos.org.br\/vidacrista\/#\/schema\/person\/1880bdd2c350b735648725ef7614736a\",\"name\":\"moacir\",\"image\":{\"@type\":\"ImageObject\",\"inLanguage\":\"pt-BR\",\"@id\":\"https:\/\/franciscanos.org.br\/vidacrista\/#\/schema\/person\/image\/\",\"url\":\"https:\/\/secure.gravatar.com\/avatar\/d08aa2ce4c8dd416d4479aa8536fcf64?s=96&d=mm&r=g\",\"contentUrl\":\"https:\/\/secure.gravatar.com\/avatar\/d08aa2ce4c8dd416d4479aa8536fcf64?s=96&d=mm&r=g\",\"caption\":\"moacir\"},\"url\":\"https:\/\/franciscanos.org.br\/vidacrista\/author\/moacir\/\"}]}<\/script>\n<!-- \/ Yoast SEO plugin. -->","yoast_head_json":{"title":"Combate espiritual na pandemia - Vida Crist\u00e3 - Franciscanos","robots":{"index":"index","follow":"follow","max-snippet":"max-snippet:-1","max-image-preview":"max-image-preview:large","max-video-preview":"max-video-preview:-1"},"canonical":"https:\/\/franciscanos.org.br\/vidacrista\/combate-espiritual-na-pandemia\/","og_locale":"pt_BR","og_type":"article","og_title":"Combate espiritual na pandemia - Vida Crist\u00e3 - Franciscanos","og_description":"Artigo de Dom Jean Kockerols","og_url":"https:\/\/franciscanos.org.br\/vidacrista\/combate-espiritual-na-pandemia\/","og_site_name":"Vida Crist\u00e3 - Franciscanos","article_published_time":"2020-12-03T11:11:28+00:00","og_image":[{"width":800,"height":600,"url":"https:\/\/franciscanos.org.br\/vidacrista\/wp-content\/uploads\/2020\/12\/artigo_0312d.jpg","type":"image\/jpeg"}],"author":"moacir","twitter_card":"summary_large_image","twitter_misc":{"Escrito por":"moacir","Est. tempo de leitura":"4 minutos"},"schema":{"@context":"https:\/\/schema.org","@graph":[{"@type":"WebSite","@id":"https:\/\/franciscanos.org.br\/vidacrista\/#website","url":"https:\/\/franciscanos.org.br\/vidacrista\/","name":"Vida Crist\u00e3 - Franciscanos","description":"Prov\u00edncia Franciscana da Imaculada Concei\u00e7\u00e3o do Brasil - Ordem dos Frades Menores","potentialAction":[{"@type":"SearchAction","target":{"@type":"EntryPoint","urlTemplate":"https:\/\/franciscanos.org.br\/vidacrista\/?s={search_term_string}"},"query-input":"required name=search_term_string"}],"inLanguage":"pt-BR"},{"@type":"WebPage","@id":"https:\/\/franciscanos.org.br\/vidacrista\/combate-espiritual-na-pandemia\/","url":"https:\/\/franciscanos.org.br\/vidacrista\/combate-espiritual-na-pandemia\/","name":"Combate espiritual na pandemia - Vida Crist\u00e3 - Franciscanos","isPartOf":{"@id":"https:\/\/franciscanos.org.br\/vidacrista\/#website"},"datePublished":"2020-12-03T11:11:28+00:00","dateModified":"2020-12-03T11:11:28+00:00","author":{"@id":"https:\/\/franciscanos.org.br\/vidacrista\/#\/schema\/person\/1880bdd2c350b735648725ef7614736a"},"breadcrumb":{"@id":"https:\/\/franciscanos.org.br\/vidacrista\/combate-espiritual-na-pandemia\/#breadcrumb"},"inLanguage":"pt-BR","potentialAction":[{"@type":"ReadAction","target":["https:\/\/franciscanos.org.br\/vidacrista\/combate-espiritual-na-pandemia\/"]}]},{"@type":"BreadcrumbList","@id":"https:\/\/franciscanos.org.br\/vidacrista\/combate-espiritual-na-pandemia\/#breadcrumb","itemListElement":[{"@type":"ListItem","position":1,"name":"Home","item":"https:\/\/franciscanos.org.br\/vidacrista\/"},{"@type":"ListItem","position":2,"name":"Combate espiritual na pandemia"}]},{"@type":"Person","@id":"https:\/\/franciscanos.org.br\/vidacrista\/#\/schema\/person\/1880bdd2c350b735648725ef7614736a","name":"moacir","image":{"@type":"ImageObject","inLanguage":"pt-BR","@id":"https:\/\/franciscanos.org.br\/vidacrista\/#\/schema\/person\/image\/","url":"https:\/\/secure.gravatar.com\/avatar\/d08aa2ce4c8dd416d4479aa8536fcf64?s=96&d=mm&r=g","contentUrl":"https:\/\/secure.gravatar.com\/avatar\/d08aa2ce4c8dd416d4479aa8536fcf64?s=96&d=mm&r=g","caption":"moacir"},"url":"https:\/\/franciscanos.org.br\/vidacrista\/author\/moacir\/"}]}},"_links":{"self":[{"href":"https:\/\/franciscanos.org.br\/vidacrista\/wp-json\/wp\/v2\/posts\/188535"}],"collection":[{"href":"https:\/\/franciscanos.org.br\/vidacrista\/wp-json\/wp\/v2\/posts"}],"about":[{"href":"https:\/\/franciscanos.org.br\/vidacrista\/wp-json\/wp\/v2\/types\/post"}],"author":[{"embeddable":true,"href":"https:\/\/franciscanos.org.br\/vidacrista\/wp-json\/wp\/v2\/users\/3"}],"replies":[{"embeddable":true,"href":"https:\/\/franciscanos.org.br\/vidacrista\/wp-json\/wp\/v2\/comments?post=188535"}],"version-history":[{"count":1,"href":"https:\/\/franciscanos.org.br\/vidacrista\/wp-json\/wp\/v2\/posts\/188535\/revisions"}],"predecessor-version":[{"id":188538,"href":"https:\/\/franciscanos.org.br\/vidacrista\/wp-json\/wp\/v2\/posts\/188535\/revisions\/188538"}],"wp:featuredmedia":[{"embeddable":true,"href":"https:\/\/franciscanos.org.br\/vidacrista\/wp-json\/wp\/v2\/media\/188537"}],"wp:attachment":[{"href":"https:\/\/franciscanos.org.br\/vidacrista\/wp-json\/wp\/v2\/media?parent=188535"}],"wp:term":[{"taxonomy":"category","embeddable":true,"href":"https:\/\/franciscanos.org.br\/vidacrista\/wp-json\/wp\/v2\/categories?post=188535"},{"taxonomy":"post_tag","embeddable":true,"href":"https:\/\/franciscanos.org.br\/vidacrista\/wp-json\/wp\/v2\/tags?post=188535"}],"curies":[{"name":"wp","href":"https:\/\/api.w.org\/{rel}","templated":true}]}}