{"id":188521,"date":"2020-12-02T06:42:43","date_gmt":"2020-12-02T09:42:43","guid":{"rendered":"https:\/\/franciscanos.org.br\/vidacrista\/?p=188521"},"modified":"2020-12-02T07:11:21","modified_gmt":"2020-12-02T10:11:21","slug":"salmo-22-o-senhor-e-meu-pastor-ele-esta-comigo-cuida-de-mim-e-estou-com-ele","status":"publish","type":"post","link":"https:\/\/franciscanos.org.br\/vidacrista\/salmo-22-o-senhor-e-meu-pastor-ele-esta-comigo-cuida-de-mim-e-estou-com-ele\/","title":{"rendered":"Salmo 22: o Senhor \u00e9 meu pastor! Ele est\u00e1 comigo, cuida de mim e estou com Ele."},"content":{"rendered":"<div id=\"attachment_188522\" style=\"width: 850px\" class=\"wp-caption alignnone\"><img aria-describedby=\"caption-attachment-188522\" decoding=\"async\" loading=\"lazy\" class=\"wp-image-188522 size-full\" src=\"https:\/\/franciscanos.org.br\/vidacrista\/wp-content\/uploads\/2020\/12\/artigo_0212.png\" alt=\"\" width=\"840\" height=\"450\" srcset=\"https:\/\/franciscanos.org.br\/vidacrista\/wp-content\/uploads\/2020\/12\/artigo_0212.png 840w, https:\/\/franciscanos.org.br\/vidacrista\/wp-content\/uploads\/2020\/12\/artigo_0212-450x241.png 450w, https:\/\/franciscanos.org.br\/vidacrista\/wp-content\/uploads\/2020\/12\/artigo_0212-768x411.png 768w, https:\/\/franciscanos.org.br\/vidacrista\/wp-content\/uploads\/2020\/12\/artigo_0212-150x80.png 150w\" sizes=\"(max-width: 840px) 100vw, 840px\" \/><p id=\"caption-attachment-188522\" class=\"wp-caption-text\"><em>\u00a0 \u00a0 \u00a0 Imagem ilustrativa (fonte: Canva) <\/em><\/p><\/div>\n<p><em>Frei Jacir de Freitas Faria, OFM<\/em><a href=\"#_ftn1\" name=\"_ftnref1\">[1]<\/a><\/p>\n<p>Dando continuidade \u00e0s nossas reflex\u00f5es tem\u00e1ticas, quero, hoje, falar do cuidado. Buscarei a inspira\u00e7\u00e3o na ora\u00e7\u00e3o do Salmo 22, em algumas b\u00edblias, Sl 23, por causa da origem do texto traduzido. Se for do grego \u00e9 22, se for do hebraico \u00e9 23.<\/p>\n<p>Obra-prima de inspira\u00e7\u00e3o divina da literatura hebraica, escrito quando o povo voltou para Jud\u00e1 (Palestina\/Israel), ap\u00f3s cinquenta anos de ex\u00edlio na Babil\u00f4nia (587-536 a. E.C.), o Sl 22 ganhou o cora\u00e7\u00e3o de judeus e, s\u00e9culos depois, de crist\u00e3os mundo afora. Quero compreender o sentido do cuidado nesse salmo a partir da simbologia do pastor e a afirmativa \u201co Senhor est\u00e1 comigo\u201d.<\/p>\n<p><iframe loading=\"lazy\" title=\"Reflex\u00e3o b\u00edblica - Quarta-feira da 1\u00aa Semana do Advento (02\/12\/2020)\" width=\"500\" height=\"281\" src=\"https:\/\/www.youtube.com\/embed\/9G5VqkRvLyY?feature=oembed\" frameborder=\"0\" allow=\"accelerometer; autoplay; clipboard-write; encrypted-media; gyroscope; picture-in-picture\" allowfullscreen><\/iframe><\/p>\n<p>Comecemos pela primeira. Quando estamos necessitando de um consolo, de um ombro amigo; quando a dor\u00a0 fere o cora\u00e7\u00e3o; quando a irm\u00e3 morte nos visita; quando tudo parece perdido, numa ang\u00fastia sem fim, nos vem \u00e0 mente a demonstra\u00e7\u00e3o de f\u00e9 no Sl 22: \u00a0o Senhor \u00e9 o Pastor que me conduz, por isso nada me faltar\u00e1 (v. 2).<\/p>\n<p>Ainda que a atividade pastoreio n\u00e3o fa\u00e7a parte de nossa realidade urbana atual, o cuidador de ovelhas tornou-se um arqu\u00e9tipo, um modelo universal de seguran\u00e7a. Por que isso? Para o povo da B\u00edblia, Deus, o Senhor, \u00e9 o pastor universal. Sem Ele, nos perderemos todos sem \u2018pastagens\u2019, sem a prote\u00e7\u00e3o de seu bast\u00e3o e de seu cajado, dois instrumentos usados pelo pastor para cuidar de suas ovelhas. Com o bast\u00e3o, um peda\u00e7\u00e3o de pau curto, ele orienta, disciplina as ovelhas no pasto. Com o cajado, um peda\u00e7\u00e3o de pau curvado na ponta, ele as defende de animais perigosos, trazendo-as para perto de si ou buscando a que se perdeu do grupo. Veja que imagem bel\u00edssima de cuidado.<\/p>\n<p>Quem ama tem o outro perto, cuida como uma m\u00e3e que protege o seu filho, o beb\u00ea, que ainda n\u00e3o tem no\u00e7\u00e3o dos perigos da vida. Jesus \u00e9 o Bom Pastor que, movido pela compaix\u00e3o, cuida de suas ovelhas, a multid\u00e3o faminta que o acompanha no deserto, multiplicando cinco p\u00e3es e dois peixes (Mt 15,29-37). Ser pastor \u00e9 cuidar, amar o outro sem medida, como um mestre, nos vales e campinas verdejantes. \u00c9 ser o ombro amigo nos momentos dif\u00edceis da vida.<\/p>\n<p>A imagem do pastor se une \u00e0 afirmativa: \u201cO Senhor est\u00e1 aqui comigo\u201d. Quem ama est\u00e1 sempre junto, num desejo sem medida de estar com o outro sempre, de n\u00e3o perd\u00ea-lo nunca. Quando nossos amores se v\u00e3o para o vale tenebroso da morte, a dor profunda da aus\u00eancia nos faz sofrer muito. L\u00e1 se vai a luz de nossa vida. Pensando nisso, permita-me fazer uma refer\u00eancia ao grande cantor e poeta italiano, Andrea Boccelli, aquele que deixou de ver a luz do sol ainda na adolesc\u00eancia, mas que nunca deixou de perder a sensibilidade do amor eterno, do cuidado. Que nunca ouviu a sua bel\u00edssima can\u00e7\u00e3o inspirada, com certeza, no imagin\u00e1rio do Sl 22: \u201c<em>Con te Partir\u00f2<\/em>\u201d (Contigo Partirei). A justificativa do partir junto est\u00e1 na afirmativa: \u201ceu sei que voc\u00ea est\u00e1 aqui comigo\u201d (E Io s\u00ec lo so che sei con me, con me). E Bocelli canta: \u201cse voc\u00ea n\u00e3o est\u00e1 aqui comigo, falta o sol, falta a luz na minha estrada&#8230; E mesmo que voc\u00ea esteja longe, eu sei que voc\u00ea est\u00e1 aqui comigo. Voc\u00ea, minha lua e meu sol. Voc\u00ea comigo e eu com voc\u00ea.\u201d \u00c9 poesia de enamorados? \u00c9, mas a sua fineza est\u00e1 no cuidado, na ternura, na defesa um do outro.<\/p>\n<p>Na poesia de Bocelli, amantes se encontram seguros em navios em alto-mar e em pa\u00edses nunca visitados. No Sl 22, o orante tem duas certezas: a de que em vida est\u00e1 protegido por Deus diante de seus opressores; e a de que, no caminho de volta para a morada eterna, o Senhor continuar\u00e1 com ele, pois ir\u00e1 morar na casa Dele, na mais profunda harmonia, no eterno retorno do ser humano para Deus, lugar do cuidado.<\/p>\n<p>Quero terminar essa nossa reflex\u00e3o fazendo mem\u00f3ria do homem negro, Jo\u00e3o Alberto, que morreu espancado por seguran\u00e7as da rede de supermercados Carrefour. Exemplo triste de n\u00e3o cuidado com a vida de nosso semelhante. \u201cVidas negras importam\u201d. E \u00e9 preciso dizer mais?<\/p>\n<p>Pe\u00e7o a Deus que esse Sl 22 possa nos recordar sempre o cuidado do outro, numa eterna simbiose de vida. Caso contr\u00e1rio, corremos o risco de o avesso do Sl 22 se tornar realidade, como o caso do testemunho que li, certa vez, de um jovem drogado de Harlem (Nova York), que rescreveu assim o Sl 22: \u201cA hero\u00edna \u00e9 o meu pastor, dela sempre terei necessidade. Ela me faz repousar nas sarjetas, me conduz a uma doce dem\u00eancia, destr\u00f3i a minha alma. Ela me conduz sobre a estrada do inferno por amor ao seu nome. Ainda que eu caminhasse no vale da sombra da morte, n\u00e3o temerei mal algum, porque a droga est\u00e1 comigo. A minha seringa e a minha agulha me trazem conforto.\u201d Quanto sofrimento, quanta necessidade de cuidado! A droga que tirou a vida do deus argentino do futebol, Diego Maradona. Restam sempre a f\u00e9 e a esperan\u00e7a de que o Senhor \u00e9 o meu \u00fanico Pastor, e nada me faltar\u00e1. Isso me basta!<\/p>\n<hr \/>\n<p><a href=\"#_ftnref1\" name=\"_ftn1\">[1]<\/a> Doutor em Teologia B\u00edblica pela FAJE-BH. Mestre em Ci\u00eancias B\u00edblicas (Exegese) pelo Pontif\u00edcio Instituto B\u00edblico de Roma. Professor de Exegese B\u00edblica no Instituto Santo Tom\u00e1s de Aquino (ISTA-BH). \u00c9 membro da Associa\u00e7\u00e3o Brasileira de Pesquisa B\u00edblica (ABIB). Sacerdote Franciscano. Autor de dez livros e coautor de quatorze. Canal no Youtube: <a href=\"https:\/\/www.youtube.com\/channel\/UCwbSE97jnR6jQwHRigX1KlQ\">https:\/\/www.youtube.com\/channel\/UCwbSE97jnR6jQwHRigX1KlQ<\/a><\/p>\n","protected":false},"excerpt":{"rendered":"<p>Artigo de Frei Jacir de Freitas Faria<\/p>\n","protected":false},"author":3,"featured_media":0,"comment_status":"open","ping_status":"open","sticky":false,"template":"","format":"standard","meta":{"footnotes":""},"categories":[26],"tags":[43],"yoast_head":"<!-- This site is optimized with the Yoast SEO plugin v19.4 - https:\/\/yoast.com\/wordpress\/plugins\/seo\/ -->\n<title>Salmo 22: o Senhor \u00e9 meu pastor! Ele est\u00e1 comigo, cuida de mim e estou com Ele. - Vida Crist\u00e3 - Franciscanos<\/title>\n<meta name=\"robots\" content=\"index, follow, max-snippet:-1, max-image-preview:large, max-video-preview:-1\" \/>\n<link rel=\"canonical\" href=\"https:\/\/franciscanos.org.br\/vidacrista\/salmo-22-o-senhor-e-meu-pastor-ele-esta-comigo-cuida-de-mim-e-estou-com-ele\/\" \/>\n<meta property=\"og:locale\" content=\"pt_BR\" \/>\n<meta property=\"og:type\" content=\"article\" \/>\n<meta property=\"og:title\" content=\"Salmo 22: o Senhor \u00e9 meu pastor! Ele est\u00e1 comigo, cuida de mim e estou com Ele. - Vida Crist\u00e3 - Franciscanos\" \/>\n<meta property=\"og:description\" content=\"Artigo de Frei Jacir de Freitas Faria\" \/>\n<meta property=\"og:url\" content=\"https:\/\/franciscanos.org.br\/vidacrista\/salmo-22-o-senhor-e-meu-pastor-ele-esta-comigo-cuida-de-mim-e-estou-com-ele\/\" \/>\n<meta property=\"og:site_name\" content=\"Vida Crist\u00e3 - Franciscanos\" \/>\n<meta property=\"article:published_time\" content=\"2020-12-02T09:42:43+00:00\" \/>\n<meta property=\"article:modified_time\" content=\"2020-12-02T10:11:21+00:00\" \/>\n<meta property=\"og:image\" content=\"https:\/\/franciscanos.org.br\/vidacrista\/wp-content\/uploads\/2020\/12\/artigo_0212.png\" \/>\n<meta name=\"author\" content=\"moacir\" \/>\n<meta name=\"twitter:card\" content=\"summary_large_image\" \/>\n<meta name=\"twitter:label1\" content=\"Escrito por\" \/>\n\t<meta name=\"twitter:data1\" content=\"moacir\" \/>\n\t<meta name=\"twitter:label2\" content=\"Est. tempo de leitura\" \/>\n\t<meta name=\"twitter:data2\" content=\"5 minutos\" \/>\n<script type=\"application\/ld+json\" class=\"yoast-schema-graph\">{\"@context\":\"https:\/\/schema.org\",\"@graph\":[{\"@type\":\"WebSite\",\"@id\":\"https:\/\/franciscanos.org.br\/vidacrista\/#website\",\"url\":\"https:\/\/franciscanos.org.br\/vidacrista\/\",\"name\":\"Vida Crist\u00e3 - Franciscanos\",\"description\":\"Prov\u00edncia Franciscana da Imaculada Concei\u00e7\u00e3o do Brasil - Ordem dos Frades Menores\",\"potentialAction\":[{\"@type\":\"SearchAction\",\"target\":{\"@type\":\"EntryPoint\",\"urlTemplate\":\"https:\/\/franciscanos.org.br\/vidacrista\/?s={search_term_string}\"},\"query-input\":\"required name=search_term_string\"}],\"inLanguage\":\"pt-BR\"},{\"@type\":\"WebPage\",\"@id\":\"https:\/\/franciscanos.org.br\/vidacrista\/salmo-22-o-senhor-e-meu-pastor-ele-esta-comigo-cuida-de-mim-e-estou-com-ele\/\",\"url\":\"https:\/\/franciscanos.org.br\/vidacrista\/salmo-22-o-senhor-e-meu-pastor-ele-esta-comigo-cuida-de-mim-e-estou-com-ele\/\",\"name\":\"Salmo 22: o Senhor \u00e9 meu pastor! Ele est\u00e1 comigo, cuida de mim e estou com Ele. - Vida Crist\u00e3 - Franciscanos\",\"isPartOf\":{\"@id\":\"https:\/\/franciscanos.org.br\/vidacrista\/#website\"},\"datePublished\":\"2020-12-02T09:42:43+00:00\",\"dateModified\":\"2020-12-02T10:11:21+00:00\",\"author\":{\"@id\":\"https:\/\/franciscanos.org.br\/vidacrista\/#\/schema\/person\/1880bdd2c350b735648725ef7614736a\"},\"breadcrumb\":{\"@id\":\"https:\/\/franciscanos.org.br\/vidacrista\/salmo-22-o-senhor-e-meu-pastor-ele-esta-comigo-cuida-de-mim-e-estou-com-ele\/#breadcrumb\"},\"inLanguage\":\"pt-BR\",\"potentialAction\":[{\"@type\":\"ReadAction\",\"target\":[\"https:\/\/franciscanos.org.br\/vidacrista\/salmo-22-o-senhor-e-meu-pastor-ele-esta-comigo-cuida-de-mim-e-estou-com-ele\/\"]}]},{\"@type\":\"BreadcrumbList\",\"@id\":\"https:\/\/franciscanos.org.br\/vidacrista\/salmo-22-o-senhor-e-meu-pastor-ele-esta-comigo-cuida-de-mim-e-estou-com-ele\/#breadcrumb\",\"itemListElement\":[{\"@type\":\"ListItem\",\"position\":1,\"name\":\"Home\",\"item\":\"https:\/\/franciscanos.org.br\/vidacrista\/\"},{\"@type\":\"ListItem\",\"position\":2,\"name\":\"Salmo 22: o Senhor \u00e9 meu pastor! Ele est\u00e1 comigo, cuida de mim e estou com Ele.\"}]},{\"@type\":\"Person\",\"@id\":\"https:\/\/franciscanos.org.br\/vidacrista\/#\/schema\/person\/1880bdd2c350b735648725ef7614736a\",\"name\":\"moacir\",\"image\":{\"@type\":\"ImageObject\",\"inLanguage\":\"pt-BR\",\"@id\":\"https:\/\/franciscanos.org.br\/vidacrista\/#\/schema\/person\/image\/\",\"url\":\"https:\/\/secure.gravatar.com\/avatar\/d08aa2ce4c8dd416d4479aa8536fcf64?s=96&d=mm&r=g\",\"contentUrl\":\"https:\/\/secure.gravatar.com\/avatar\/d08aa2ce4c8dd416d4479aa8536fcf64?s=96&d=mm&r=g\",\"caption\":\"moacir\"},\"url\":\"https:\/\/franciscanos.org.br\/vidacrista\/author\/moacir\/\"}]}<\/script>\n<!-- \/ Yoast SEO plugin. -->","yoast_head_json":{"title":"Salmo 22: o Senhor \u00e9 meu pastor! Ele est\u00e1 comigo, cuida de mim e estou com Ele. - Vida Crist\u00e3 - Franciscanos","robots":{"index":"index","follow":"follow","max-snippet":"max-snippet:-1","max-image-preview":"max-image-preview:large","max-video-preview":"max-video-preview:-1"},"canonical":"https:\/\/franciscanos.org.br\/vidacrista\/salmo-22-o-senhor-e-meu-pastor-ele-esta-comigo-cuida-de-mim-e-estou-com-ele\/","og_locale":"pt_BR","og_type":"article","og_title":"Salmo 22: o Senhor \u00e9 meu pastor! Ele est\u00e1 comigo, cuida de mim e estou com Ele. - Vida Crist\u00e3 - Franciscanos","og_description":"Artigo de Frei Jacir de Freitas Faria","og_url":"https:\/\/franciscanos.org.br\/vidacrista\/salmo-22-o-senhor-e-meu-pastor-ele-esta-comigo-cuida-de-mim-e-estou-com-ele\/","og_site_name":"Vida Crist\u00e3 - Franciscanos","article_published_time":"2020-12-02T09:42:43+00:00","article_modified_time":"2020-12-02T10:11:21+00:00","og_image":[{"url":"https:\/\/franciscanos.org.br\/vidacrista\/wp-content\/uploads\/2020\/12\/artigo_0212.png"}],"author":"moacir","twitter_card":"summary_large_image","twitter_misc":{"Escrito por":"moacir","Est. tempo de leitura":"5 minutos"},"schema":{"@context":"https:\/\/schema.org","@graph":[{"@type":"WebSite","@id":"https:\/\/franciscanos.org.br\/vidacrista\/#website","url":"https:\/\/franciscanos.org.br\/vidacrista\/","name":"Vida Crist\u00e3 - Franciscanos","description":"Prov\u00edncia Franciscana da Imaculada Concei\u00e7\u00e3o do Brasil - Ordem dos Frades Menores","potentialAction":[{"@type":"SearchAction","target":{"@type":"EntryPoint","urlTemplate":"https:\/\/franciscanos.org.br\/vidacrista\/?s={search_term_string}"},"query-input":"required name=search_term_string"}],"inLanguage":"pt-BR"},{"@type":"WebPage","@id":"https:\/\/franciscanos.org.br\/vidacrista\/salmo-22-o-senhor-e-meu-pastor-ele-esta-comigo-cuida-de-mim-e-estou-com-ele\/","url":"https:\/\/franciscanos.org.br\/vidacrista\/salmo-22-o-senhor-e-meu-pastor-ele-esta-comigo-cuida-de-mim-e-estou-com-ele\/","name":"Salmo 22: o Senhor \u00e9 meu pastor! Ele est\u00e1 comigo, cuida de mim e estou com Ele. - Vida Crist\u00e3 - Franciscanos","isPartOf":{"@id":"https:\/\/franciscanos.org.br\/vidacrista\/#website"},"datePublished":"2020-12-02T09:42:43+00:00","dateModified":"2020-12-02T10:11:21+00:00","author":{"@id":"https:\/\/franciscanos.org.br\/vidacrista\/#\/schema\/person\/1880bdd2c350b735648725ef7614736a"},"breadcrumb":{"@id":"https:\/\/franciscanos.org.br\/vidacrista\/salmo-22-o-senhor-e-meu-pastor-ele-esta-comigo-cuida-de-mim-e-estou-com-ele\/#breadcrumb"},"inLanguage":"pt-BR","potentialAction":[{"@type":"ReadAction","target":["https:\/\/franciscanos.org.br\/vidacrista\/salmo-22-o-senhor-e-meu-pastor-ele-esta-comigo-cuida-de-mim-e-estou-com-ele\/"]}]},{"@type":"BreadcrumbList","@id":"https:\/\/franciscanos.org.br\/vidacrista\/salmo-22-o-senhor-e-meu-pastor-ele-esta-comigo-cuida-de-mim-e-estou-com-ele\/#breadcrumb","itemListElement":[{"@type":"ListItem","position":1,"name":"Home","item":"https:\/\/franciscanos.org.br\/vidacrista\/"},{"@type":"ListItem","position":2,"name":"Salmo 22: o Senhor \u00e9 meu pastor! Ele est\u00e1 comigo, cuida de mim e estou com Ele."}]},{"@type":"Person","@id":"https:\/\/franciscanos.org.br\/vidacrista\/#\/schema\/person\/1880bdd2c350b735648725ef7614736a","name":"moacir","image":{"@type":"ImageObject","inLanguage":"pt-BR","@id":"https:\/\/franciscanos.org.br\/vidacrista\/#\/schema\/person\/image\/","url":"https:\/\/secure.gravatar.com\/avatar\/d08aa2ce4c8dd416d4479aa8536fcf64?s=96&d=mm&r=g","contentUrl":"https:\/\/secure.gravatar.com\/avatar\/d08aa2ce4c8dd416d4479aa8536fcf64?s=96&d=mm&r=g","caption":"moacir"},"url":"https:\/\/franciscanos.org.br\/vidacrista\/author\/moacir\/"}]}},"_links":{"self":[{"href":"https:\/\/franciscanos.org.br\/vidacrista\/wp-json\/wp\/v2\/posts\/188521"}],"collection":[{"href":"https:\/\/franciscanos.org.br\/vidacrista\/wp-json\/wp\/v2\/posts"}],"about":[{"href":"https:\/\/franciscanos.org.br\/vidacrista\/wp-json\/wp\/v2\/types\/post"}],"author":[{"embeddable":true,"href":"https:\/\/franciscanos.org.br\/vidacrista\/wp-json\/wp\/v2\/users\/3"}],"replies":[{"embeddable":true,"href":"https:\/\/franciscanos.org.br\/vidacrista\/wp-json\/wp\/v2\/comments?post=188521"}],"version-history":[{"count":2,"href":"https:\/\/franciscanos.org.br\/vidacrista\/wp-json\/wp\/v2\/posts\/188521\/revisions"}],"predecessor-version":[{"id":188526,"href":"https:\/\/franciscanos.org.br\/vidacrista\/wp-json\/wp\/v2\/posts\/188521\/revisions\/188526"}],"wp:attachment":[{"href":"https:\/\/franciscanos.org.br\/vidacrista\/wp-json\/wp\/v2\/media?parent=188521"}],"wp:term":[{"taxonomy":"category","embeddable":true,"href":"https:\/\/franciscanos.org.br\/vidacrista\/wp-json\/wp\/v2\/categories?post=188521"},{"taxonomy":"post_tag","embeddable":true,"href":"https:\/\/franciscanos.org.br\/vidacrista\/wp-json\/wp\/v2\/tags?post=188521"}],"curies":[{"name":"wp","href":"https:\/\/api.w.org\/{rel}","templated":true}]}}