{"id":188438,"date":"2020-11-16T08:32:44","date_gmt":"2020-11-16T11:32:44","guid":{"rendered":"https:\/\/franciscanos.org.br\/vidacrista\/?p=188438"},"modified":"2020-11-16T08:32:44","modified_gmt":"2020-11-16T11:32:44","slug":"a-covid-19-questiona-o-sentido-da-vida","status":"publish","type":"post","link":"https:\/\/franciscanos.org.br\/vidacrista\/a-covid-19-questiona-o-sentido-da-vida\/","title":{"rendered":"A Covid-19 questiona o sentido da vida"},"content":{"rendered":"<div id=\"attachment_188439\" style=\"width: 850px\" class=\"wp-caption alignnone\"><img aria-describedby=\"caption-attachment-188439\" decoding=\"async\" loading=\"lazy\" class=\"wp-image-188439 size-full\" src=\"https:\/\/franciscanos.org.br\/vidacrista\/wp-content\/uploads\/2020\/11\/boff_1611.png\" alt=\"\" width=\"840\" height=\"450\" srcset=\"https:\/\/franciscanos.org.br\/vidacrista\/wp-content\/uploads\/2020\/11\/boff_1611.png 840w, https:\/\/franciscanos.org.br\/vidacrista\/wp-content\/uploads\/2020\/11\/boff_1611-450x241.png 450w, https:\/\/franciscanos.org.br\/vidacrista\/wp-content\/uploads\/2020\/11\/boff_1611-768x411.png 768w, https:\/\/franciscanos.org.br\/vidacrista\/wp-content\/uploads\/2020\/11\/boff_1611-150x80.png 150w\" sizes=\"(max-width: 840px) 100vw, 840px\" \/><p id=\"caption-attachment-188439\" class=\"wp-caption-text\">\u00a0 \u00a0 \u00a0 \u00a0 \u00a0 \u00a0 \u00a0 \u00a0 \u00a0 \u00a0 \u00a0 \u00a0 \u00a0 \u00a0 \u00a0 \u00a0 \u00a0 \u00a0 \u00a0 \u00a0 \u00a0 \u00a0 \u00a0 \u00a0 \u00a0 \u00a0 \u00a0 \u00a0 \u00a0 \u00a0 \u00a0 \u00a0 \u00a0 \u00a0 \u00a0 \u00a0 \u00a0 \u00a0 \u00a0 \u00a0 \u00a0 \u00a0 \u00a0 \u00a0 \u00a0 \u00a0 \u00a0 \u00a0 \u00a0 \u00a0 \u00a0 \u00a0 \u00a0 \u00a0 \u00a0 \u00a0 \u00a0 \u00a0 \u00a0 \u00a0 \u00a0 <em>\u00a0 \u00a0Imagem Ilustrativa (fonte: Canva)<\/em><\/p><\/div>\n<p data-adtags-visited=\"true\"><strong>Leonardo Boff<\/strong><\/p>\n<p data-adtags-visited=\"true\">A intrus\u00e3o da Covid-19 atingindo todo o planeta e dizimando mais de um milh\u00e3o de vidas sem poderem ser veladas e receberem o \u00faltimo carinho de seus familiares, al\u00e9m de infectar outras milh\u00f5es de pessoas, suscitou a perturbadora pergunta: qual o sentido da vida? Por que esse sofrimento todo? O que a natureza nos quer dizer com esse v\u00edrus invis\u00edvel que colocou de joelhos todas as pot\u00eancias militaristas tornando ineficazes suas armas de destrui\u00e7\u00e3o em massa? A Covid-19 caiu como um meteoro rasante sobre o sistema do capital e o neoliberalismo. Seus mantras foram destro\u00e7ados. Adiantou alguma coisa o lema de Wall Street: \u201cG<em>reed is good<\/em>\u201d= a cobi\u00e7a \u00e9 boa? Ningu\u00e9m come computadores, nem se alimenta dos algoritmos da intelig\u00eancia artificial.<\/p>\n<p data-adtags-visited=\"true\">Qual eram os dogmas da f\u00e9 capitalista e neoliberal? O essencial \u00e9 o lucro, no menor tempo poss\u00edvel, a concorr\u00eancia feroz, a acumula\u00e7\u00e3o individual \u00a0ou corporativa, o saque cruel dos recursos da natureza, deixando as externalidades por conta do estado, a indiferen\u00e7a face \u00e0 taxa de iniquidade social e ambiental, a postula\u00e7\u00e3o de um Estado m\u00ednimo para escapar das leis limitantes e poder acumular mais desimpedidamente.<\/p>\n<p data-adtags-visited=\"true\">Se tiv\u00e9ssemos seguido estes mantras, o exterm\u00ednio de vidas humanas seria incalcul\u00e1vel. Sem pol\u00edticas p\u00fablicas as pessoas seriam tragadas por um destino atroz.<\/p>\n<p data-adtags-visited=\"true\">O que nos tem salvado? Aqueles valores e atitudes ausentes no sistema do capital e neoliberal: a percep\u00e7\u00e3o de que n\u00e3o somos \u201cdeuses\u201d mas totalmente vulner\u00e1veis e mortais, expostos \u00e0 imprevisibilidade. O que conta n\u00e3o \u00e9 o lucro mas a\u00a0<em>vida<\/em>; n\u00e3o \u00e9 a concorr\u00eancia mas a\u00a0<em>solidariedade<\/em>; n\u00e3o \u00e9 individualismo mas a\u00a0<em>coopera\u00e7\u00e3o<\/em>\u00a0entre todos; n\u00e3o \u00e9 o assalto aos bens e servi\u00e7os da natureza mas o seu\u00a0<em>cuidado<\/em>\u00a0e prote\u00e7\u00e3o; n\u00e3o \u00e9 um estado m\u00ednimo, mas o estado suficientemente apetrechado para atender as demandas urgentes da popula\u00e7\u00e3o. Dito diretamente: o que vale mais a\u00a0<em>vida\u00a0<\/em>ou o lucro? A\u00a0<em>natureza<\/em> ou a sua espolia\u00e7\u00e3o desenfreada?<\/p>\n<p data-adtags-visited=\"true\">Responder a estas perguntas imposterg\u00e1veis \u00e9 interrogar-se sobre o sentido ou o absurdo de nossa vida, pessoal e coletiva. O isolamento social \u00e9 uma esp\u00e9cie de retiro existencial que a situa\u00e7\u00e3o nos imp\u00f4s. Cria-se a oportunidade de colocar estas quest\u00f5es inadi\u00e1veis. Nada \u00e9 fortuito nesse mundo. Tudo guarda uma li\u00e7\u00e3o ou um sentido secreto que cabe desvendar, por mais perplexa que seja a realidade. O que n\u00e3o podemos \u00e9 permitir que esse sofrimento coletivo seja em v\u00e3o. Ele funciona como um crisol que purifica o ouro, que acrisola nossa mente, e p\u00f5e em xeque certos h\u00e1bitos a serem revistos e\u00a0 novos a serem incorporados especialmente com refer\u00eancia \u00e0 nossa rela\u00e7\u00e3o para com a natureza e o tipo de sociedade que queremos, menos perversa e mais solid\u00e1ria.<\/p>\n<p data-adtags-visited=\"true\">Todos falam da medicina, da t\u00e9cnica e dos insumos e principalmente da busca ansiosa de uma vacina contra a Covid-19. Poucos s\u00e3o os que falam da natureza. Precisamos considerar o contexto da irrup\u00e7\u00e3o do coronav\u00edrus. Ele n\u00e3o \u00e9 isolado. Veio da natureza que por s\u00e9culos foi saqueada irresponsavelmente pelo processo industrialista do capitalismo e tamb\u00e9m do socialismo, no falso pressuposto de que a Terra teria recursos infinitos. Desmatamos impiedosamente e assim destru\u00edmos os <em>habitats<\/em> dos milhares de v\u00edrus que vivem nos animais e at\u00e9 nas plantas. Perdendo sua \u201cmorada natural\u201d buscam em n\u00f3s um lugar de sobreviv\u00eancia. Desta forma temos conhecido uma vasta gama de v\u00edrus como o zika, o chikungunya, o ebola, a s\u00e9rie derivados do SARS como o coronav\u00edrus entre outros.<\/p>\n<p data-adtags-visited=\"true\">Temos a ver com um contra-ataque da natureza ou da M\u00e3e Terra contra a humanidade, que querem nos transmitir uma severa admoesta\u00e7\u00e3o: &#8220;Parem com a agress\u00e3o impiedosa, destruindo as bases f\u00edsico-qu\u00edmicas-ecol\u00f3gicas que sustentam a vossa vida; caso contr\u00e1rio poderemos lhes mandar v\u00edrus muito mais letais que poder\u00e3o dizimar bilh\u00f5es de voc\u00eas, da esp\u00e9cie humana, e afetar gravemente a biosfera, aquela fina capa um pouco maior que um fio da navalha que garante a continuidade da vida\u201d.<\/p>\n<div id=\"inline-ad-0-compound-container\">\n<div id=\"inline-ad-0-compound-0\" class=\"compound-ad-unit\"><\/div>\n<div id=\"inline-ad-0-compound-1\" class=\"compound-ad-unit\">\n<div id=\"inline-ad-0-compound-1__controls\" class=\"ata-controls\">Predominar\u00e3o estas advert\u00eancias vitais ou o af\u00e3 de acumular e garantir os interesses materiais? Teremos suficiente sabedoria para responder \u00e0 alternativa que Aquele Ser que faz ser todos os seres: \u201cProponho-vos a vida e a morte, a b\u00ean\u00e7\u00e3o e a maldi\u00e7\u00e3o; escolhe a vida para que vivas com tua descend\u00eancia\u201d(Deut 30,19)?<\/div>\n<\/div>\n<\/div>\n<p data-adtags-visited=\"true\">Portadores de uma f\u00e9 num &#8220;Deus, apaixonado, amante da vida\u201d (Sab 11,26) apostamos ainda num sentido da hist\u00f3ria e da vida. Elas escrever\u00e3o a\u00a0 \u00faltima p\u00e1gina da saga humana, constru\u00edda com tanto esfor\u00e7o neste planeta.<\/p>\n<p data-adtags-visited=\"true\">Isso por\u00e9m n\u00e3o nos deve desviar o olhar sobre o que est\u00e1 ocorrendo no cen\u00e1rio mundial e especificamente no brasileiro onde um chefe de estado, negacionista, n\u00e3o tem como projeto cuidar de seu povo e de nossa luxuriante natureza. Com desprezo e ironia assiste qual Nero que assistia Roma sendo queimada e ele tocando c\u00edtara.<\/p>\n<p data-adtags-visited=\"true\">A despeito disso tudo, nossa esperan\u00e7a n\u00e3o morre. Como afirma a\u00a0<em>Fratelli tutti<\/em>\u00a0do Papa Francisco: \u201c<em>A esperan\u00e7a nos fala de uma realidade enraizada no profundo do ser humano, independentemente das circunst\u00e2ncias concretas e dos condicionamentos hist\u00f3ricos em que vive<\/em>\u201d(n.55). Aqui ressoa\u00a0<em>o princ\u00edpio esperan\u00e7a<\/em>, que \u00e9 mais que uma virtude, mas um princ\u00edpio, motor interior, que projeta sonhos e vis\u00f5es novas, t\u00e3o bem formulado pelo fil\u00f3sofo alem\u00e3o \u00a0Ernst Bloch em seu\u00a0<em>O Princ\u00edpio Esperan\u00e7a<\/em>. Esta esperan\u00e7a nos resgatar\u00e1 um sentido de viver neste pequeno e amado planeta Terra.<\/p>\n<p data-adtags-visited=\"true\">Apesar de sermos seres contradit\u00f3rios, feitos simultaneamente de luz e de sombras, cremos que a luz triunfar\u00e1. Atestam-nos tantos bioantrop\u00f3logos e neurocientistas: somos por ess\u00eancia seres de bondade e de coopera\u00e7\u00e3o. Vigora uma bondade fundamental na vida.<\/p>\n<p data-adtags-visited=\"true\">O homem comum que comp\u00f5e\u00a0 a grande maioria, se levanta, perde precioso tempo de vida nos \u00f4nibus, vai ao trabalho, n\u00e3o raro penoso e mal remunerado, luta pela fam\u00edlia, se preocupa com a educa\u00e7\u00e3o de seus filhos, sonha com um pa\u00eds melhor. Surpreendentemente, \u00e9 capaz de gestos generosos, auxiliando um vizinho mais pobre do que ele e, em casos extremos, arrisca a vida, para salvar\u00a0\u00a0uma inocente menina\u00a0\u00a0amea\u00e7ada de estupro. Nele est\u00e1 agindo o princ\u00edpio esperan\u00e7a.<\/p>\n<p data-adtags-visited=\"true\">Nesse contexto n\u00e3o me furto de citar os sentimentos de um de nossos maiores escritores modernos Erico Ver\u00edssimo. Em seu famoso \u201c<em>Olhai os l\u00edrios do campo<\/em>\u201d:<\/p>\n<p data-adtags-visited=\"true\">\u201cSe naquele instante ca\u00edsse na terra um habitante de Marte, havia de ficar embasbacado ao verificar que num dia t\u00e3o maravilhosamente belo e macio, de sol t\u00e3o dourado, os homens em sua maioria estavam metidos em escrit\u00f3rios, oficinas, f\u00e1bricas \u2026 E se perguntasse a qualquer um deles: \u2018Homem, por que trabalhas com tanta f\u00faria durante todas as horas de sol?\u2019 \u2013 ouviria esta resposta singular: \u2018Para ganhar a vida\u2019. E, no entanto, a vida ali estava a se oferecer toda, numa gratuidade milagrosa. Os homens viviam t\u00e3o ofuscados por desejos ambiciosos que nem sequer davam por ela. Nem com todas as conquistas da intelig\u00eancia tinham descoberto um meio de trabalhar menos e viver mais. Agitavam-se na terra e n\u00e3o se conheciam uns aos outros, n\u00e3o se amavam como deviam. A competi\u00e7\u00e3o os transformava em inimigos. E havia muitos s\u00e9culos, tinham crucificado um profeta que se esfor\u00e7ara por lhes mostrar que eles eram irm\u00e3os, apenas e sempre irm\u00e3os.(<em>Olhai os L\u00edrios do Campo<\/em>,Civiliza\u00e7\u00e3o Brasileira, Rio de Janeiro 1973. p. 292).<\/p>\n<p data-adtags-visited=\"true\">A intrus\u00e3o da Codiv-19 revelou estas virtudes, presentes nos humanos mas de modo especial nos pobres e nas periferias, porque l\u00e1 se refugiaram, pois nas cidades impera a cultura do capital, com seu individualismo e falta de sensibilidade face \u00e0 dor e ao sofrimento das grandes maiorias da popula\u00e7\u00e3o.<\/p>\n<div id=\"inline-ad-1-compound-container\">\n<div id=\"inline-ad-1-compound-0\" class=\"compound-ad-unit\">\n<div id=\"sf-inline-ad-1-compound-0\" class=\"ata-frame-wrapper\">O que se esconde atr\u00e1s destes gestos cotidianos de solidariedade? Esconde-se o princ\u00edpio esperan\u00e7a e a confian\u00e7a de que, apesar de tudo, vale a pena viver porque a vida, na sua profundidade, \u00e9 boa e foi feita para ser levada com coragem que produz autoestima e sentido de valor.<\/div>\n<\/div>\n<\/div>\n<p data-adtags-visited=\"true\">H\u00e1 aqui uma sacralidade que n\u00e3o vem sob o signo religioso\u00a0\u00a0mas sob a perspectiva do \u00e9tico, do viver corretamente e do fazer o que deve ser feito.<\/p>\n<p data-adtags-visited=\"true\">O renomado soci\u00f3logo austr\u00edaco-norte-americano Peter Berger, j\u00e1 falecido, escreveu um brilhante livro, relativizando a tese de Max Weber sobre a total seculariza\u00e7\u00e3o da vida moderna com o t\u00edtulo: &#8220;<em>Um rumor de anjos: a sociedade moderna e a redescoberta do sobrenatural<\/em>\u00a0(Vozes 1973\/2013). A\u00ed descreve in\u00fameros sinais (chama de \u201crumor de anjos\u201d) que mostram o sagrado da vida e o sentido secreto\u00a0 que ela sempre guarda, a despeito de todo caos e dos contrassensos hist\u00f3ricos.<\/p>\n<p data-adtags-visited=\"true\">Aduzo, na esteira de Peter Berger, apenas um exemplo banal, entendido por todas as m\u00e3es que acalentam suas crian\u00e7as \u00e0 noite.<\/p>\n<p data-adtags-visited=\"true\">Uma delas acorda sobressaltada. Teve um pesadelo, percebe a escurid\u00e3o, sente-se s\u00f3 e \u00e9 tomada pelo medo. Grita pela m\u00e3e. Esta se levanta, toma a criancinha no colo e no gesto primordial da\u00a0<em>magna mater<\/em> cerca-a de carinho e de beijos, fala-lhe coisas doces e sussurra: &#8220;Filhinha, n\u00e3o tenha medo; sua m\u00e3e est\u00e1 aqui. Est\u00e1 tudo bem e est\u00e1 tudo em ordem, querida\u201d. A crian\u00e7a deixa de solu\u00e7ar. Reconquista a confian\u00e7a e um pouco mais e mais um pouco, adormece, serenada e reconciliada com a escurid\u00e3o.<\/p>\n<p data-adtags-visited=\"true\">Esta cena t\u00e3o comum, esconde algo radical que se manifesta na pergunta: ser\u00e1 que a m\u00e3e n\u00e3o est\u00e1 enganando a crian\u00e7a? O mundo n\u00e3o est\u00e1 em ordem, nem tudo est\u00e1 bem. E contudo, estamos certos: a m\u00e3e n\u00e3o est\u00e1 enganando sua filhinha. Seu gesto e palavras revelam que, n\u00e3o obstante a desordem reinante, impera uma ordem profunda \u00a0e secreta.<\/p>\n<p data-adtags-visited=\"true\">\u00a0Assim cremos que os tempos de Covid-19, t\u00e3o dram\u00e1ticos, h\u00e3o de passar. Esperamos e como esperamos que, por debaixo deles e dentro deles, vai se fortalecendo uma ordem absc\u00f4ndita que, quando tudo passar, \u00a0ir\u00e1 irromper.<\/p>\n<p data-adtags-visited=\"true\">Assim a sociedade e a inteira humanidade poder\u00e3o caminhar rumo a um sentido maior, cujo desenho final nos escapa. Mas intu\u00edmos desde sempre, que ele existe e ser\u00e1 bom.\u00a0 A ele caber\u00e1 escrever a \u00faltima\u00a0 p\u00e1gina\u00a0 com\u00a0um\u00a0<em>happy end<\/em><strong>.\u00a0<\/strong>Como escreveu o fil\u00f3sofo do Princ\u00edpio Esperan\u00e7a, Ernst Bloch, verificaremos que o verdadeiro\u00a0<em>g\u00eanesis<\/em>\u00a0n\u00e3o estava no come\u00e7o das coisas mas no seu\u00a0<em>fim<\/em>. S\u00f3 ent\u00e3o ser\u00e1 verdade: \u201cDeus viu tudo quanto havia feito e achou que estava\u00a0<strong>muito bom<\/strong>\u201d(Gen 1,31).<\/p>\n<hr \/>\n<p data-adtags-visited=\"true\"><strong>Leonardo Boff<\/strong> <em>\u00e9 te\u00f3logo, fil\u00f3sofo e escritor e escreveu &#8220;Saudade de Deus\u201d,\u00a0Vozes 2019.<\/em><\/p>\n","protected":false},"excerpt":{"rendered":"<p>Artigo de Leonardo Boff<\/p>\n","protected":false},"author":3,"featured_media":188440,"comment_status":"open","ping_status":"open","sticky":false,"template":"","format":"standard","meta":{"footnotes":""},"categories":[26],"tags":[59],"yoast_head":"<!-- This site is optimized with the Yoast SEO plugin v19.4 - https:\/\/yoast.com\/wordpress\/plugins\/seo\/ -->\n<title>A Covid-19 questiona o sentido da vida - Vida Crist\u00e3 - Franciscanos<\/title>\n<meta name=\"robots\" content=\"index, follow, max-snippet:-1, max-image-preview:large, max-video-preview:-1\" \/>\n<link rel=\"canonical\" href=\"https:\/\/franciscanos.org.br\/vidacrista\/a-covid-19-questiona-o-sentido-da-vida\/\" \/>\n<meta property=\"og:locale\" content=\"pt_BR\" \/>\n<meta property=\"og:type\" content=\"article\" \/>\n<meta property=\"og:title\" content=\"A Covid-19 questiona o sentido da vida - Vida Crist\u00e3 - Franciscanos\" \/>\n<meta property=\"og:description\" content=\"Artigo de Leonardo Boff\" \/>\n<meta property=\"og:url\" content=\"https:\/\/franciscanos.org.br\/vidacrista\/a-covid-19-questiona-o-sentido-da-vida\/\" \/>\n<meta property=\"og:site_name\" content=\"Vida Crist\u00e3 - Franciscanos\" \/>\n<meta property=\"article:published_time\" content=\"2020-11-16T11:32:44+00:00\" \/>\n<meta property=\"og:image\" content=\"https:\/\/franciscanos.org.br\/vidacrista\/wp-content\/uploads\/2020\/11\/boff_1611d.png\" \/>\n\t<meta property=\"og:image:width\" content=\"800\" \/>\n\t<meta property=\"og:image:height\" content=\"600\" \/>\n\t<meta property=\"og:image:type\" content=\"image\/png\" \/>\n<meta name=\"author\" content=\"moacir\" \/>\n<meta name=\"twitter:card\" content=\"summary_large_image\" \/>\n<meta name=\"twitter:label1\" content=\"Escrito por\" \/>\n\t<meta name=\"twitter:data1\" content=\"moacir\" \/>\n\t<meta name=\"twitter:label2\" content=\"Est. tempo de leitura\" \/>\n\t<meta name=\"twitter:data2\" content=\"9 minutos\" \/>\n<script type=\"application\/ld+json\" class=\"yoast-schema-graph\">{\"@context\":\"https:\/\/schema.org\",\"@graph\":[{\"@type\":\"WebSite\",\"@id\":\"https:\/\/franciscanos.org.br\/vidacrista\/#website\",\"url\":\"https:\/\/franciscanos.org.br\/vidacrista\/\",\"name\":\"Vida Crist\u00e3 - Franciscanos\",\"description\":\"Prov\u00edncia Franciscana da Imaculada Concei\u00e7\u00e3o do Brasil - Ordem dos Frades Menores\",\"potentialAction\":[{\"@type\":\"SearchAction\",\"target\":{\"@type\":\"EntryPoint\",\"urlTemplate\":\"https:\/\/franciscanos.org.br\/vidacrista\/?s={search_term_string}\"},\"query-input\":\"required name=search_term_string\"}],\"inLanguage\":\"pt-BR\"},{\"@type\":\"WebPage\",\"@id\":\"https:\/\/franciscanos.org.br\/vidacrista\/a-covid-19-questiona-o-sentido-da-vida\/\",\"url\":\"https:\/\/franciscanos.org.br\/vidacrista\/a-covid-19-questiona-o-sentido-da-vida\/\",\"name\":\"A Covid-19 questiona o sentido da vida - Vida Crist\u00e3 - Franciscanos\",\"isPartOf\":{\"@id\":\"https:\/\/franciscanos.org.br\/vidacrista\/#website\"},\"datePublished\":\"2020-11-16T11:32:44+00:00\",\"dateModified\":\"2020-11-16T11:32:44+00:00\",\"author\":{\"@id\":\"https:\/\/franciscanos.org.br\/vidacrista\/#\/schema\/person\/1880bdd2c350b735648725ef7614736a\"},\"breadcrumb\":{\"@id\":\"https:\/\/franciscanos.org.br\/vidacrista\/a-covid-19-questiona-o-sentido-da-vida\/#breadcrumb\"},\"inLanguage\":\"pt-BR\",\"potentialAction\":[{\"@type\":\"ReadAction\",\"target\":[\"https:\/\/franciscanos.org.br\/vidacrista\/a-covid-19-questiona-o-sentido-da-vida\/\"]}]},{\"@type\":\"BreadcrumbList\",\"@id\":\"https:\/\/franciscanos.org.br\/vidacrista\/a-covid-19-questiona-o-sentido-da-vida\/#breadcrumb\",\"itemListElement\":[{\"@type\":\"ListItem\",\"position\":1,\"name\":\"Home\",\"item\":\"https:\/\/franciscanos.org.br\/vidacrista\/\"},{\"@type\":\"ListItem\",\"position\":2,\"name\":\"A Covid-19 questiona o sentido da vida\"}]},{\"@type\":\"Person\",\"@id\":\"https:\/\/franciscanos.org.br\/vidacrista\/#\/schema\/person\/1880bdd2c350b735648725ef7614736a\",\"name\":\"moacir\",\"image\":{\"@type\":\"ImageObject\",\"inLanguage\":\"pt-BR\",\"@id\":\"https:\/\/franciscanos.org.br\/vidacrista\/#\/schema\/person\/image\/\",\"url\":\"https:\/\/secure.gravatar.com\/avatar\/d08aa2ce4c8dd416d4479aa8536fcf64?s=96&d=mm&r=g\",\"contentUrl\":\"https:\/\/secure.gravatar.com\/avatar\/d08aa2ce4c8dd416d4479aa8536fcf64?s=96&d=mm&r=g\",\"caption\":\"moacir\"},\"url\":\"https:\/\/franciscanos.org.br\/vidacrista\/author\/moacir\/\"}]}<\/script>\n<!-- \/ Yoast SEO plugin. -->","yoast_head_json":{"title":"A Covid-19 questiona o sentido da vida - Vida Crist\u00e3 - Franciscanos","robots":{"index":"index","follow":"follow","max-snippet":"max-snippet:-1","max-image-preview":"max-image-preview:large","max-video-preview":"max-video-preview:-1"},"canonical":"https:\/\/franciscanos.org.br\/vidacrista\/a-covid-19-questiona-o-sentido-da-vida\/","og_locale":"pt_BR","og_type":"article","og_title":"A Covid-19 questiona o sentido da vida - Vida Crist\u00e3 - Franciscanos","og_description":"Artigo de Leonardo Boff","og_url":"https:\/\/franciscanos.org.br\/vidacrista\/a-covid-19-questiona-o-sentido-da-vida\/","og_site_name":"Vida Crist\u00e3 - Franciscanos","article_published_time":"2020-11-16T11:32:44+00:00","og_image":[{"width":800,"height":600,"url":"https:\/\/franciscanos.org.br\/vidacrista\/wp-content\/uploads\/2020\/11\/boff_1611d.png","type":"image\/png"}],"author":"moacir","twitter_card":"summary_large_image","twitter_misc":{"Escrito por":"moacir","Est. tempo de leitura":"9 minutos"},"schema":{"@context":"https:\/\/schema.org","@graph":[{"@type":"WebSite","@id":"https:\/\/franciscanos.org.br\/vidacrista\/#website","url":"https:\/\/franciscanos.org.br\/vidacrista\/","name":"Vida Crist\u00e3 - Franciscanos","description":"Prov\u00edncia Franciscana da Imaculada Concei\u00e7\u00e3o do Brasil - Ordem dos Frades Menores","potentialAction":[{"@type":"SearchAction","target":{"@type":"EntryPoint","urlTemplate":"https:\/\/franciscanos.org.br\/vidacrista\/?s={search_term_string}"},"query-input":"required name=search_term_string"}],"inLanguage":"pt-BR"},{"@type":"WebPage","@id":"https:\/\/franciscanos.org.br\/vidacrista\/a-covid-19-questiona-o-sentido-da-vida\/","url":"https:\/\/franciscanos.org.br\/vidacrista\/a-covid-19-questiona-o-sentido-da-vida\/","name":"A Covid-19 questiona o sentido da vida - Vida Crist\u00e3 - Franciscanos","isPartOf":{"@id":"https:\/\/franciscanos.org.br\/vidacrista\/#website"},"datePublished":"2020-11-16T11:32:44+00:00","dateModified":"2020-11-16T11:32:44+00:00","author":{"@id":"https:\/\/franciscanos.org.br\/vidacrista\/#\/schema\/person\/1880bdd2c350b735648725ef7614736a"},"breadcrumb":{"@id":"https:\/\/franciscanos.org.br\/vidacrista\/a-covid-19-questiona-o-sentido-da-vida\/#breadcrumb"},"inLanguage":"pt-BR","potentialAction":[{"@type":"ReadAction","target":["https:\/\/franciscanos.org.br\/vidacrista\/a-covid-19-questiona-o-sentido-da-vida\/"]}]},{"@type":"BreadcrumbList","@id":"https:\/\/franciscanos.org.br\/vidacrista\/a-covid-19-questiona-o-sentido-da-vida\/#breadcrumb","itemListElement":[{"@type":"ListItem","position":1,"name":"Home","item":"https:\/\/franciscanos.org.br\/vidacrista\/"},{"@type":"ListItem","position":2,"name":"A Covid-19 questiona o sentido da vida"}]},{"@type":"Person","@id":"https:\/\/franciscanos.org.br\/vidacrista\/#\/schema\/person\/1880bdd2c350b735648725ef7614736a","name":"moacir","image":{"@type":"ImageObject","inLanguage":"pt-BR","@id":"https:\/\/franciscanos.org.br\/vidacrista\/#\/schema\/person\/image\/","url":"https:\/\/secure.gravatar.com\/avatar\/d08aa2ce4c8dd416d4479aa8536fcf64?s=96&d=mm&r=g","contentUrl":"https:\/\/secure.gravatar.com\/avatar\/d08aa2ce4c8dd416d4479aa8536fcf64?s=96&d=mm&r=g","caption":"moacir"},"url":"https:\/\/franciscanos.org.br\/vidacrista\/author\/moacir\/"}]}},"_links":{"self":[{"href":"https:\/\/franciscanos.org.br\/vidacrista\/wp-json\/wp\/v2\/posts\/188438"}],"collection":[{"href":"https:\/\/franciscanos.org.br\/vidacrista\/wp-json\/wp\/v2\/posts"}],"about":[{"href":"https:\/\/franciscanos.org.br\/vidacrista\/wp-json\/wp\/v2\/types\/post"}],"author":[{"embeddable":true,"href":"https:\/\/franciscanos.org.br\/vidacrista\/wp-json\/wp\/v2\/users\/3"}],"replies":[{"embeddable":true,"href":"https:\/\/franciscanos.org.br\/vidacrista\/wp-json\/wp\/v2\/comments?post=188438"}],"version-history":[{"count":1,"href":"https:\/\/franciscanos.org.br\/vidacrista\/wp-json\/wp\/v2\/posts\/188438\/revisions"}],"predecessor-version":[{"id":188441,"href":"https:\/\/franciscanos.org.br\/vidacrista\/wp-json\/wp\/v2\/posts\/188438\/revisions\/188441"}],"wp:featuredmedia":[{"embeddable":true,"href":"https:\/\/franciscanos.org.br\/vidacrista\/wp-json\/wp\/v2\/media\/188440"}],"wp:attachment":[{"href":"https:\/\/franciscanos.org.br\/vidacrista\/wp-json\/wp\/v2\/media?parent=188438"}],"wp:term":[{"taxonomy":"category","embeddable":true,"href":"https:\/\/franciscanos.org.br\/vidacrista\/wp-json\/wp\/v2\/categories?post=188438"},{"taxonomy":"post_tag","embeddable":true,"href":"https:\/\/franciscanos.org.br\/vidacrista\/wp-json\/wp\/v2\/tags?post=188438"}],"curies":[{"name":"wp","href":"https:\/\/api.w.org\/{rel}","templated":true}]}}