{"id":188427,"date":"2020-11-11T08:17:26","date_gmt":"2020-11-11T11:17:26","guid":{"rendered":"https:\/\/franciscanos.org.br\/vidacrista\/?p=188427"},"modified":"2020-11-11T08:24:48","modified_gmt":"2020-11-11T11:24:48","slug":"o-voto-nas-eleicoes","status":"publish","type":"post","link":"https:\/\/franciscanos.org.br\/vidacrista\/o-voto-nas-eleicoes\/","title":{"rendered":"O voto nas elei\u00e7\u00f5es"},"content":{"rendered":"<section class=\"elementor-section elementor-top-section elementor-element elementor-element-63e64f4 elementor-section-boxed elementor-section-height-default elementor-section-height-default\" data-id=\"63e64f4\" data-element_type=\"section\">\n<div class=\"elementor-container elementor-column-gap-default\">\n<div class=\"elementor-row\">\n<div class=\"elementor-column elementor-col-100 elementor-top-column elementor-element elementor-element-60007b31\" data-id=\"60007b31\" data-element_type=\"column\">\n<div class=\"elementor-column-wrap elementor-element-populated\">\n<div class=\"elementor-widget-wrap\">\n<section class=\"elementor-section elementor-inner-section elementor-element elementor-element-7e55c3b elementor-section-boxed elementor-section-height-default elementor-section-height-default\" data-id=\"7e55c3b\" data-element_type=\"section\">\n<div class=\"elementor-container elementor-column-gap-default\">\n<div class=\"elementor-row\">\n<div class=\"elementor-column elementor-col-50 elementor-inner-column elementor-element elementor-element-f2b1fed\" data-id=\"f2b1fed\" data-element_type=\"column\">\n<div class=\"elementor-column-wrap elementor-element-populated\">\n<div class=\"elementor-widget-wrap\">\n<div class=\"elementor-element elementor-element-19d7f321 elementor-widget elementor-widget-heading\" data-id=\"19d7f321\" data-element_type=\"widget\" data-widget_type=\"heading.default\">\n<div class=\"elementor-widget-container\"><\/div>\n<\/div>\n<\/div>\n<\/div>\n<\/div>\n<\/div>\n<\/div>\n<\/section>\n<section class=\"elementor-section elementor-inner-section elementor-element elementor-element-6391dca5 elementor-section-boxed elementor-section-height-default elementor-section-height-default\" data-id=\"6391dca5\" data-element_type=\"section\">\n<div class=\"elementor-container elementor-column-gap-no\">\n<div class=\"elementor-row\">\n<div class=\"elementor-column elementor-col-33 elementor-inner-column elementor-element elementor-element-578fe2b1\" data-id=\"578fe2b1\" data-element_type=\"column\">\n<div class=\"elementor-column-wrap elementor-element-populated\">\n<div class=\"elementor-widget-wrap\">\n<div class=\"elementor-element elementor-element-2b1a18bf elementor-share-buttons--view-icon elementor-share-buttons--skin-minimal elementor-share-buttons--shape-rounded elementor-share-buttons--align-right elementor-share-buttons--color-custom elementor-share-buttons-mobile--align-center elementor-grid-0 elementor-widget elementor-widget-share-buttons\" data-id=\"2b1a18bf\" data-element_type=\"widget\" data-widget_type=\"share-buttons.default\">\n<div class=\"elementor-widget-container\">\n<div>\n<div id=\"attachment_188432\" style=\"width: 850px\" class=\"wp-caption alignnone\"><img aria-describedby=\"caption-attachment-188432\" decoding=\"async\" loading=\"lazy\" class=\"wp-image-188432 size-full\" src=\"https:\/\/franciscanos.org.br\/vidacrista\/wp-content\/uploads\/2020\/11\/voto.png\" alt=\"\" width=\"840\" height=\"450\" srcset=\"https:\/\/franciscanos.org.br\/vidacrista\/wp-content\/uploads\/2020\/11\/voto.png 840w, https:\/\/franciscanos.org.br\/vidacrista\/wp-content\/uploads\/2020\/11\/voto-450x241.png 450w, https:\/\/franciscanos.org.br\/vidacrista\/wp-content\/uploads\/2020\/11\/voto-768x411.png 768w, https:\/\/franciscanos.org.br\/vidacrista\/wp-content\/uploads\/2020\/11\/voto-150x80.png 150w\" sizes=\"(max-width: 840px) 100vw, 840px\" \/><p id=\"caption-attachment-188432\" class=\"wp-caption-text\">\u00a0 \u00a0 \u00a0 \u00a0 \u00a0 \u00a0 \u00a0 \u00a0 \u00a0 \u00a0 \u00a0 \u00a0 \u00a0 \u00a0 \u00a0 \u00a0 \u00a0 \u00a0 \u00a0 \u00a0 \u00a0 \u00a0 \u00a0 \u00a0 \u00a0 \u00a0 \u00a0 \u00a0 \u00a0 \u00a0 \u00a0 \u00a0 \u00a0 \u00a0 \u00a0 \u00a0 \u00a0 \u00a0 \u00a0 \u00a0 \u00a0 \u00a0 \u00a0 \u00a0 \u00a0 \u00a0 \u00a0 \u00a0 \u00a0 \u00a0 \u00a0 \u00a0 \u00a0 \u00a0 \u00a0 \u00a0 \u00a0 \u00a0 \u00a0 \u00a0 \u00a0 \u00a0 \u00a0 \u00a0 \u00a0 \u00a0 \u00a0 \u00a0 \u00a0<em> \u00a0 \u00a0 \u00a0Imagem Ilustrativa (fonte: Canva)<\/em><\/p><\/div>\n<\/div>\n<div><\/div>\n<div class=\"elementor-share-btn elementor-share-btn_whatsapp\"><strong>Dom Walmor Oliveira de Azevedo<\/strong><\/div>\n<\/div>\n<\/div>\n<\/div>\n<\/div>\n<\/div>\n<\/div>\n<\/div>\n<\/section>\n<\/div>\n<\/div>\n<\/div>\n<\/div>\n<\/div>\n<\/section>\n<section class=\"elementor-section elementor-top-section elementor-element elementor-element-254fd40d elementor-section-stretched elementor-section-full_width elementor-section-height-default elementor-section-height-default\" data-id=\"254fd40d\" data-element_type=\"section\" data-settings=\"{&quot;stretch_section&quot;:&quot;section-stretched&quot;}\">\n<div class=\"elementor-container elementor-column-gap-default\">\n<div class=\"elementor-row\">\n<div class=\"elementor-column elementor-col-100 elementor-top-column elementor-element elementor-element-25e9ab4e\" data-id=\"25e9ab4e\" data-element_type=\"column\">\n<div class=\"elementor-column-wrap elementor-element-populated\">\n<div class=\"elementor-widget-wrap\">\n<section class=\"elementor-section elementor-inner-section elementor-element elementor-element-4118c185 elementor-section-boxed elementor-section-height-default elementor-section-height-default\" data-id=\"4118c185\" data-element_type=\"section\">\n<div class=\"elementor-container elementor-column-gap-default\">\n<div class=\"elementor-row\">\n<div class=\"elementor-column elementor-col-50 elementor-inner-column elementor-element elementor-element-798e2db8\" data-id=\"798e2db8\" data-element_type=\"column\">\n<div class=\"elementor-column-wrap elementor-element-populated\">\n<div class=\"elementor-widget-wrap\">\n<div class=\"elementor-element elementor-element-3a087bd2 elementor-widget elementor-widget-theme-post-content\" data-id=\"3a087bd2\" data-element_type=\"widget\" data-widget_type=\"theme-post-content.default\">\n<div class=\"elementor-widget-container\">\n<p>O sentido da democracia e a responsabilidade individual na defini\u00e7\u00e3o do voto, na liberdade de se escolher candidatos, est\u00e3o inscritos nas elei\u00e7\u00f5es. \u00c9, como se costuma dizer, uma \u201cfesta da democracia\u201d, com resultados que repercutem na vida de todos. Uma \u201cfesta\u201d que n\u00e3o pode ser celebrada de qualquer modo. \u00c9 preciso discernir e escolher adequadamente os candidatos. O sistema democr\u00e1tico assegura a participa\u00e7\u00e3o dos cidad\u00e3os na elei\u00e7\u00e3o de diferentes op\u00e7\u00f5es pol\u00edticas e garante aos governados a possibilidade de controlar seus governantes. Mas, dentro dessas possibilidades da democracia, merece especial aten\u00e7\u00e3o o alcance e o peso do voto nas elei\u00e7\u00f5es.<\/p>\n<p>A \u201cfesta da democracia\u201d nas elei\u00e7\u00f5es \u00e9 frequentemente precedida por iniciativas de conscientiza\u00e7\u00e3o a respeito do exerc\u00edcio da liberdade e do dever de votar. Um processo educativo que busca amadurecer entendimentos relacionados \u00e0 organiza\u00e7\u00e3o e ao sentido das institui\u00e7\u00f5es democr\u00e1ticas. Nem sempre se tem a clareza requerida a respeito de processos, tarefas e responsabilidades no contexto de democracias. Trata-se de algo t\u00e3o complexo que, a cada elei\u00e7\u00e3o, se faz necess\u00e1ria a retomada de princ\u00edpios e entendimentos indispens\u00e1veis ao exerc\u00edcio da cidadania. Partilham-se crit\u00e9rios que contribuem para escolhas mais assertivas na hora do voto. Entre esses princ\u00edpios est\u00e1 a compreens\u00e3o de que uma aut\u00eantica democracia s\u00f3 \u00e9 poss\u00edvel em um Estado de direito e a partir de adequada concep\u00e7\u00e3o sobre o ser humano.<\/p>\n<p>Aqui se p\u00f5e um enorme desafio: balizar a participa\u00e7\u00e3o cidad\u00e3 em indispens\u00e1vel humanismo, novo e integral. As muitas mudan\u00e7as em curso no planeta, que incidem de modo semelhante a um terremoto sobre todos, aumentam a responsabilidade de eleitores na escolha de seus candidatos. H\u00e1 urg\u00eancia na supera\u00e7\u00e3o de graves problemas, a exemplo da acentuada desigualdade social, em tantos lugares, mas que particularmente desfigura a sociedade brasileira. Isso exige o investimento na forma\u00e7\u00e3o cidad\u00e3, caminho trilhado por institui\u00e7\u00f5es educativas, religiosas e culturais, para que todos alcancem adequada compreens\u00e3o sobre o significado das elei\u00e7\u00f5es. Esse percurso formativo contribui para cultivar verdadeiros ideais que inspiram a consolida\u00e7\u00e3o de estruturas relacionadas \u00e0 participa\u00e7\u00e3o democr\u00e1tica e \u00e0 corresponsabilidade de todos na busca pelo bem comum.<\/p>\n<p>N\u00e3o se pode dar por descontado o investimento permanente no processo de educa\u00e7\u00e3o e forma\u00e7\u00e3o pol\u00edtica. Muitos podem considerar que conte\u00fados partilhados nesse processo s\u00e3o marcados por generalidades. Podem acreditar ainda que esses caminhos formativos s\u00e3o \u201cass\u00e9pticos\u201d, isto \u00e9, sem for\u00e7a para inspirar esperadas mudan\u00e7as na condu\u00e7\u00e3o pol\u00edtica. Mas investir na forma\u00e7\u00e3o dos cidad\u00e3os, especialmente no per\u00edodo eleitoral, \u00e9 imprescind\u00edvel no combate \u00e0 ignor\u00e2ncia que compromete a participa\u00e7\u00e3o pol\u00edtica. H\u00e1, por exemplo, pouca participa\u00e7\u00e3o e contribui\u00e7\u00f5es da sociedade civil em conselhos e inst\u00e2ncias estrat\u00e9gicas da vida democr\u00e1tica. \u00a0Falta tamb\u00e9m acompanhamento cidad\u00e3o organizado de atividades do poder legislativo. A forma\u00e7\u00e3o pol\u00edtica \u00e9 alavanca para compreender e impulsionar a participa\u00e7\u00e3o cidad\u00e3 na vida social.\u00a0 E essa participa\u00e7\u00e3o tem propriedades para sanar, processualmente, o descr\u00e9dito que sofre a pol\u00edtica, particularmente os pol\u00edticos. \u00a0Com um sistema democr\u00e1tico que envolva cada vez mais cidad\u00e3os nos processos de discernimento e escolha, cresce a sensibilidade social, principalmente dos que sofrem na pr\u00f3pria pele os efeitos danosos de gest\u00f5es pouco l\u00facidas.<\/p>\n<p>Ora, governar \u00e9 tamb\u00e9m escolher. E toda escolha \u00e9 fruto de discernimentos, que exigem valores, princ\u00edpios, sensibilidade social, alicer\u00e7ados em qualificado humanismo. Ao definir candidatos, \u00e9 importante observar compet\u00eancias relacionadas \u00e0 capacidade de inspirar mudan\u00e7as sociais, com avan\u00e7os civilizat\u00f3rios na defesa do meio ambiente, na promo\u00e7\u00e3o da sa\u00fade, da educa\u00e7\u00e3o e da inclus\u00e3o. Eis, pois, a import\u00e2ncia determinante de se avaliar a lista dos nomes que se candidatam a prefeito ou a vereador. A \u201cfesta da democracia\u201d permite, bem ou mal, fazer essa avalia\u00e7\u00e3o. N\u00e3o se pode correr o risco de escolher candidatos a partir de crit\u00e9rios subjetivos, por amizade ou pela defesa de interesses particulares, cartoriais.<\/p>\n<p>Submeter a vida pregressa de cada candidato, a sua compet\u00eancia t\u00e9cnica e human\u00edstica, \u00e0 lupa dos muitos crit\u00e9rios oferecidos pelos processos de forma\u00e7\u00e3o cidad\u00e3 \u00e9 imprescind\u00edvel. Trata-se de atitude fundamental para que a \u201cfesta da democracia\u201d n\u00e3o se torne um pesadelo nos munic\u00edpios brasileiros, atrasando as urg\u00eancias de um desenvolvimento integral.<\/p>\n<hr \/>\n<p><strong>Dom Walmor Oliveira de Azevedo <\/strong><em>\u00e9 Arcebispo metropolitano de Belo Horizonte e presidente da Confer\u00eancia Nacional dos Bispos do Brasil (CNBB)<\/em><\/p>\n<\/div>\n<\/div>\n<\/div>\n<\/div>\n<\/div>\n<\/div>\n<\/div>\n<\/section>\n<\/div>\n<\/div>\n<\/div>\n<\/div>\n<\/div>\n<\/section>\n","protected":false},"excerpt":{"rendered":"<p>Artigo de Dom Walmor Oliveira de Azevedo<\/p>\n","protected":false},"author":3,"featured_media":188433,"comment_status":"open","ping_status":"open","sticky":false,"template":"","format":"standard","meta":{"footnotes":""},"categories":[26],"tags":[162,271],"yoast_head":"<!-- This site is optimized with the Yoast SEO plugin v19.4 - https:\/\/yoast.com\/wordpress\/plugins\/seo\/ -->\n<title>O voto nas elei\u00e7\u00f5es - Vida Crist\u00e3 - Franciscanos<\/title>\n<meta name=\"robots\" content=\"index, follow, max-snippet:-1, max-image-preview:large, max-video-preview:-1\" \/>\n<link rel=\"canonical\" href=\"https:\/\/franciscanos.org.br\/vidacrista\/o-voto-nas-eleicoes\/\" \/>\n<meta property=\"og:locale\" content=\"pt_BR\" \/>\n<meta property=\"og:type\" content=\"article\" \/>\n<meta property=\"og:title\" content=\"O voto nas elei\u00e7\u00f5es - Vida Crist\u00e3 - Franciscanos\" \/>\n<meta property=\"og:description\" content=\"Artigo de Dom Walmor Oliveira de Azevedo\" \/>\n<meta property=\"og:url\" content=\"https:\/\/franciscanos.org.br\/vidacrista\/o-voto-nas-eleicoes\/\" \/>\n<meta property=\"og:site_name\" content=\"Vida Crist\u00e3 - Franciscanos\" \/>\n<meta property=\"article:published_time\" content=\"2020-11-11T11:17:26+00:00\" \/>\n<meta property=\"article:modified_time\" content=\"2020-11-11T11:24:48+00:00\" \/>\n<meta property=\"og:image\" content=\"https:\/\/franciscanos.org.br\/vidacrista\/wp-content\/uploads\/2020\/11\/voto_d.png\" \/>\n\t<meta property=\"og:image:width\" content=\"800\" \/>\n\t<meta property=\"og:image:height\" content=\"600\" \/>\n\t<meta property=\"og:image:type\" content=\"image\/png\" \/>\n<meta name=\"author\" content=\"moacir\" \/>\n<meta name=\"twitter:card\" content=\"summary_large_image\" \/>\n<meta name=\"twitter:label1\" content=\"Escrito por\" \/>\n\t<meta name=\"twitter:data1\" content=\"moacir\" \/>\n\t<meta name=\"twitter:label2\" content=\"Est. tempo de leitura\" \/>\n\t<meta name=\"twitter:data2\" content=\"4 minutos\" \/>\n<script type=\"application\/ld+json\" class=\"yoast-schema-graph\">{\"@context\":\"https:\/\/schema.org\",\"@graph\":[{\"@type\":\"WebSite\",\"@id\":\"https:\/\/franciscanos.org.br\/vidacrista\/#website\",\"url\":\"https:\/\/franciscanos.org.br\/vidacrista\/\",\"name\":\"Vida Crist\u00e3 - Franciscanos\",\"description\":\"Prov\u00edncia Franciscana da Imaculada Concei\u00e7\u00e3o do Brasil - Ordem dos Frades Menores\",\"potentialAction\":[{\"@type\":\"SearchAction\",\"target\":{\"@type\":\"EntryPoint\",\"urlTemplate\":\"https:\/\/franciscanos.org.br\/vidacrista\/?s={search_term_string}\"},\"query-input\":\"required name=search_term_string\"}],\"inLanguage\":\"pt-BR\"},{\"@type\":\"WebPage\",\"@id\":\"https:\/\/franciscanos.org.br\/vidacrista\/o-voto-nas-eleicoes\/\",\"url\":\"https:\/\/franciscanos.org.br\/vidacrista\/o-voto-nas-eleicoes\/\",\"name\":\"O voto nas elei\u00e7\u00f5es - Vida Crist\u00e3 - Franciscanos\",\"isPartOf\":{\"@id\":\"https:\/\/franciscanos.org.br\/vidacrista\/#website\"},\"datePublished\":\"2020-11-11T11:17:26+00:00\",\"dateModified\":\"2020-11-11T11:24:48+00:00\",\"author\":{\"@id\":\"https:\/\/franciscanos.org.br\/vidacrista\/#\/schema\/person\/1880bdd2c350b735648725ef7614736a\"},\"breadcrumb\":{\"@id\":\"https:\/\/franciscanos.org.br\/vidacrista\/o-voto-nas-eleicoes\/#breadcrumb\"},\"inLanguage\":\"pt-BR\",\"potentialAction\":[{\"@type\":\"ReadAction\",\"target\":[\"https:\/\/franciscanos.org.br\/vidacrista\/o-voto-nas-eleicoes\/\"]}]},{\"@type\":\"BreadcrumbList\",\"@id\":\"https:\/\/franciscanos.org.br\/vidacrista\/o-voto-nas-eleicoes\/#breadcrumb\",\"itemListElement\":[{\"@type\":\"ListItem\",\"position\":1,\"name\":\"Home\",\"item\":\"https:\/\/franciscanos.org.br\/vidacrista\/\"},{\"@type\":\"ListItem\",\"position\":2,\"name\":\"O voto nas elei\u00e7\u00f5es\"}]},{\"@type\":\"Person\",\"@id\":\"https:\/\/franciscanos.org.br\/vidacrista\/#\/schema\/person\/1880bdd2c350b735648725ef7614736a\",\"name\":\"moacir\",\"image\":{\"@type\":\"ImageObject\",\"inLanguage\":\"pt-BR\",\"@id\":\"https:\/\/franciscanos.org.br\/vidacrista\/#\/schema\/person\/image\/\",\"url\":\"https:\/\/secure.gravatar.com\/avatar\/d08aa2ce4c8dd416d4479aa8536fcf64?s=96&d=mm&r=g\",\"contentUrl\":\"https:\/\/secure.gravatar.com\/avatar\/d08aa2ce4c8dd416d4479aa8536fcf64?s=96&d=mm&r=g\",\"caption\":\"moacir\"},\"url\":\"https:\/\/franciscanos.org.br\/vidacrista\/author\/moacir\/\"}]}<\/script>\n<!-- \/ Yoast SEO plugin. -->","yoast_head_json":{"title":"O voto nas elei\u00e7\u00f5es - Vida Crist\u00e3 - Franciscanos","robots":{"index":"index","follow":"follow","max-snippet":"max-snippet:-1","max-image-preview":"max-image-preview:large","max-video-preview":"max-video-preview:-1"},"canonical":"https:\/\/franciscanos.org.br\/vidacrista\/o-voto-nas-eleicoes\/","og_locale":"pt_BR","og_type":"article","og_title":"O voto nas elei\u00e7\u00f5es - Vida Crist\u00e3 - Franciscanos","og_description":"Artigo de Dom Walmor Oliveira de Azevedo","og_url":"https:\/\/franciscanos.org.br\/vidacrista\/o-voto-nas-eleicoes\/","og_site_name":"Vida Crist\u00e3 - Franciscanos","article_published_time":"2020-11-11T11:17:26+00:00","article_modified_time":"2020-11-11T11:24:48+00:00","og_image":[{"width":800,"height":600,"url":"https:\/\/franciscanos.org.br\/vidacrista\/wp-content\/uploads\/2020\/11\/voto_d.png","type":"image\/png"}],"author":"moacir","twitter_card":"summary_large_image","twitter_misc":{"Escrito por":"moacir","Est. tempo de leitura":"4 minutos"},"schema":{"@context":"https:\/\/schema.org","@graph":[{"@type":"WebSite","@id":"https:\/\/franciscanos.org.br\/vidacrista\/#website","url":"https:\/\/franciscanos.org.br\/vidacrista\/","name":"Vida Crist\u00e3 - Franciscanos","description":"Prov\u00edncia Franciscana da Imaculada Concei\u00e7\u00e3o do Brasil - Ordem dos Frades Menores","potentialAction":[{"@type":"SearchAction","target":{"@type":"EntryPoint","urlTemplate":"https:\/\/franciscanos.org.br\/vidacrista\/?s={search_term_string}"},"query-input":"required name=search_term_string"}],"inLanguage":"pt-BR"},{"@type":"WebPage","@id":"https:\/\/franciscanos.org.br\/vidacrista\/o-voto-nas-eleicoes\/","url":"https:\/\/franciscanos.org.br\/vidacrista\/o-voto-nas-eleicoes\/","name":"O voto nas elei\u00e7\u00f5es - Vida Crist\u00e3 - Franciscanos","isPartOf":{"@id":"https:\/\/franciscanos.org.br\/vidacrista\/#website"},"datePublished":"2020-11-11T11:17:26+00:00","dateModified":"2020-11-11T11:24:48+00:00","author":{"@id":"https:\/\/franciscanos.org.br\/vidacrista\/#\/schema\/person\/1880bdd2c350b735648725ef7614736a"},"breadcrumb":{"@id":"https:\/\/franciscanos.org.br\/vidacrista\/o-voto-nas-eleicoes\/#breadcrumb"},"inLanguage":"pt-BR","potentialAction":[{"@type":"ReadAction","target":["https:\/\/franciscanos.org.br\/vidacrista\/o-voto-nas-eleicoes\/"]}]},{"@type":"BreadcrumbList","@id":"https:\/\/franciscanos.org.br\/vidacrista\/o-voto-nas-eleicoes\/#breadcrumb","itemListElement":[{"@type":"ListItem","position":1,"name":"Home","item":"https:\/\/franciscanos.org.br\/vidacrista\/"},{"@type":"ListItem","position":2,"name":"O voto nas elei\u00e7\u00f5es"}]},{"@type":"Person","@id":"https:\/\/franciscanos.org.br\/vidacrista\/#\/schema\/person\/1880bdd2c350b735648725ef7614736a","name":"moacir","image":{"@type":"ImageObject","inLanguage":"pt-BR","@id":"https:\/\/franciscanos.org.br\/vidacrista\/#\/schema\/person\/image\/","url":"https:\/\/secure.gravatar.com\/avatar\/d08aa2ce4c8dd416d4479aa8536fcf64?s=96&d=mm&r=g","contentUrl":"https:\/\/secure.gravatar.com\/avatar\/d08aa2ce4c8dd416d4479aa8536fcf64?s=96&d=mm&r=g","caption":"moacir"},"url":"https:\/\/franciscanos.org.br\/vidacrista\/author\/moacir\/"}]}},"_links":{"self":[{"href":"https:\/\/franciscanos.org.br\/vidacrista\/wp-json\/wp\/v2\/posts\/188427"}],"collection":[{"href":"https:\/\/franciscanos.org.br\/vidacrista\/wp-json\/wp\/v2\/posts"}],"about":[{"href":"https:\/\/franciscanos.org.br\/vidacrista\/wp-json\/wp\/v2\/types\/post"}],"author":[{"embeddable":true,"href":"https:\/\/franciscanos.org.br\/vidacrista\/wp-json\/wp\/v2\/users\/3"}],"replies":[{"embeddable":true,"href":"https:\/\/franciscanos.org.br\/vidacrista\/wp-json\/wp\/v2\/comments?post=188427"}],"version-history":[{"count":3,"href":"https:\/\/franciscanos.org.br\/vidacrista\/wp-json\/wp\/v2\/posts\/188427\/revisions"}],"predecessor-version":[{"id":188434,"href":"https:\/\/franciscanos.org.br\/vidacrista\/wp-json\/wp\/v2\/posts\/188427\/revisions\/188434"}],"wp:featuredmedia":[{"embeddable":true,"href":"https:\/\/franciscanos.org.br\/vidacrista\/wp-json\/wp\/v2\/media\/188433"}],"wp:attachment":[{"href":"https:\/\/franciscanos.org.br\/vidacrista\/wp-json\/wp\/v2\/media?parent=188427"}],"wp:term":[{"taxonomy":"category","embeddable":true,"href":"https:\/\/franciscanos.org.br\/vidacrista\/wp-json\/wp\/v2\/categories?post=188427"},{"taxonomy":"post_tag","embeddable":true,"href":"https:\/\/franciscanos.org.br\/vidacrista\/wp-json\/wp\/v2\/tags?post=188427"}],"curies":[{"name":"wp","href":"https:\/\/api.w.org\/{rel}","templated":true}]}}