{"id":188407,"date":"2020-11-06T11:13:08","date_gmt":"2020-11-06T14:13:08","guid":{"rendered":"https:\/\/franciscanos.org.br\/vidacrista\/?p=188407"},"modified":"2020-11-06T11:13:08","modified_gmt":"2020-11-06T14:13:08","slug":"o-desrespeito-ao-outro-e-a-vida-humana","status":"publish","type":"post","link":"https:\/\/franciscanos.org.br\/vidacrista\/o-desrespeito-ao-outro-e-a-vida-humana\/","title":{"rendered":"O desrespeito ao outro e \u00e0 vida humana"},"content":{"rendered":"<div id=\"attachment_188408\" style=\"width: 850px\" class=\"wp-caption alignnone\"><img aria-describedby=\"caption-attachment-188408\" decoding=\"async\" loading=\"lazy\" class=\"wp-image-188408 size-full\" src=\"https:\/\/franciscanos.org.br\/vidacrista\/wp-content\/uploads\/2020\/11\/artigo_0611.png\" alt=\"\" width=\"840\" height=\"450\" srcset=\"https:\/\/franciscanos.org.br\/vidacrista\/wp-content\/uploads\/2020\/11\/artigo_0611.png 840w, https:\/\/franciscanos.org.br\/vidacrista\/wp-content\/uploads\/2020\/11\/artigo_0611-450x241.png 450w, https:\/\/franciscanos.org.br\/vidacrista\/wp-content\/uploads\/2020\/11\/artigo_0611-768x411.png 768w, https:\/\/franciscanos.org.br\/vidacrista\/wp-content\/uploads\/2020\/11\/artigo_0611-150x80.png 150w\" sizes=\"(max-width: 840px) 100vw, 840px\" \/><p id=\"caption-attachment-188408\" class=\"wp-caption-text\">\u00a0 \u00a0 \u00a0 \u00a0 \u00a0 \u00a0 \u00a0 \u00a0 \u00a0 \u00a0 \u00a0 \u00a0 \u00a0 \u00a0 \u00a0 \u00a0 \u00a0 \u00a0 \u00a0 \u00a0 \u00a0 \u00a0 \u00a0 \u00a0 \u00a0 \u00a0 \u00a0 \u00a0 \u00a0 \u00a0 \u00a0 \u00a0 \u00a0 \u00a0 \u00a0 \u00a0 \u00a0 \u00a0 \u00a0 \u00a0 \u00a0 \u00a0 \u00a0 \u00a0 \u00a0 \u00a0 \u00a0 \u00a0 \u00a0 \u00a0 \u00a0 \u00a0 \u00a0 \u00a0 \u00a0 \u00a0<em> \u00a0 \u00a0 \u00a0 \u00a0 Imagem ilustrativa: (fonte Canva)<\/em><\/p><\/div>\n<p><strong>Robson Ribeiro de Oliveira Castro<\/strong><\/p>\n<p>\u00c9 preciso saber que a vida \u00e9 um dom e que se deve tratar o outro tamb\u00e9m como um dom! O cuidado <em>com o<\/em> e o respeito j\u00e1 bastariam. O ser humano foi criado por Deus, e deve ter como prim\u00edcias a sua condi\u00e7\u00e3o de filho de Deus.<\/p>\n<p>A repercuss\u00e3o do caso da jovem Mariana Ferrer, que alega ter sido estuprada pelo empres\u00e1rio Andr\u00e9 Aranha, como vimos nos notici\u00e1rios e nas redes sociais, nos atinge diretamente.<\/p>\n<p>Nos ajuda nesse momento buscar a fil\u00f3sofa Hannah Arendt em seu livro \u201cA condi\u00e7\u00e3o humana\u201d e a sua afirma\u00e7\u00e3o: \u201cO fato de que o homem \u00e9 capaz de agir significa que se pode esperar dele o inesperado, que ele \u00e9 capaz de realizar o infinitamente improv\u00e1vel\u201d. (ARENDT. A Condi\u00e7\u00e3o Humana, 2002, p. 191). A partir desta realidade, temos a necessidade de se falar de uma \u00e9tica pautada no caminho de reciprocidade e cuidado com o outro.<\/p>\n<p>N\u00e3o estamos no mundo sozinhos, n\u00e3o nos constru\u00edmos sozinhos, somos fruto da realidade e do ambiente em que vivemos. A nossa condi\u00e7\u00e3o humana e a nossa conduta \u00e9tico-moral devem ser pautadas em princ\u00edpios, pois diante do outro e da sua dor, devemos considerar como nossa tamb\u00e9m a sua dor e sofrimento.<\/p>\n<p>Destarte, o termo \u201cbanalidade do mal\u201d, cunhado por Arendt, nos convoca a refletir e compreender o que acontece com a nossa sociedade. N\u00e3o podemos negar os fatos e, acima de tudo, \u00e9 preciso ter presente a dignidade da vida humana, pois <strong>vidas importam, sim!<\/strong><\/p>\n<p>O caso da jovem Mariana Ferrer e do empres\u00e1rio Andr\u00e9 Aranha repercutiu de tal maneira pelo vazamento do julgamento, principalmente pelo fato de o advogado do empres\u00e1rio t\u00ea-la humilhado, dizendo: \u201cJamais teria uma filha do n\u00edvel dela\u201d, al\u00e9m de insinuar que as roupas e fotos de Mari eram provocativas, tentando responsabiliz\u00e1-la pelo estupro.<\/p>\n<p>Aqui, diante da realidade apresentada, sugiro a leitura do cap\u00edtulo 18 de S\u00e3o Lucas, o caso do juiz in\u00edquo e a vi\u00fava importuna (vv. 1-8) e a par\u00e1bola do fariseu e o publicano (vv. 9-14). Ambos tratam de um sentimento que leva a todos n\u00f3s a pecar e a nos esquecermos do pr\u00f3ximo, pela vaidade \u00a0e desejo por poder.<\/p>\n<p>No in\u00edcio do cap\u00edtulo 18, as palavras do juiz, diante da vi\u00fava, s\u00e3o de descaso para sua causa, Jesus relata que: \u201cHavia numa cidade um juiz que n\u00e3o termia a Deus e n\u00e3o tinha considera\u00e7\u00e3o para com os homens\u201d (v.2); esta realidade apresenta a dureza do cora\u00e7\u00e3o e o orgulho dos que deveriam lutar pela justi\u00e7a em igualdade para todos.<\/p>\n<p>Assim, para que houvesse uma transforma\u00e7\u00e3o no caso e o juiz conseguisse atender ao chamado da vi\u00fava, ele precisava fazer o caminho de grande transforma\u00e7\u00e3o e, com humildade, compreender sua rela\u00e7\u00e3o com o poder e a justi\u00e7a.<\/p>\n<p>J\u00e1 na realidade do publicano e do fariseu, algo de muito importante \u00e9 observado: o fariseu n\u00e3o compreendia que estaria sendo mais honesto e correto se admitisse a sua condi\u00e7\u00e3o e, acima de tudo, fosse humilde sem se apegar a quest\u00f5es vaidosas; por isso, o publicano, atento \u00e0 sua realidade e condi\u00e7\u00e3o pecadora, recolhe-se, faz suas ora\u00e7\u00f5es sem levantar a cabe\u00e7a em dire\u00e7\u00e3o ao c\u00e9u.<\/p>\n<p>Assim, a realidade do pr\u00f3ximo e nossa condi\u00e7\u00e3o de vida em constante rela\u00e7\u00e3o deve ser pautada nos ensinamentos de Jesus que queria exaltar os que eram humilhados, pois \u00e9 com eles que se senta \u00e0 mesa para comer.<\/p>\n<p>Que possamos ser anunciadores da Justi\u00e7a, e n\u00e3o propagadores de discursos vazios, como lembra Jesus ao falar dos fariseus: <em>\u201cAi de v\u00f3s, escribas e fariseus, hip\u00f3critas! Sois semelhantes a sepulcros caiados, que por fora parecem belos, mas por dentro est\u00e3o cheios de ossos de mortos e toda podrid\u00e3o\u201d <\/em>(Mt 23,27). Diante dos fatos narrados e sobre o caso em quest\u00e3o, precisamos mudar a nossa mentalidade e cuidar de todos, mesmo diante da realidade de cada um. A vida deve estar em primeiro lugar.<\/p>\n<hr \/>\n<p><strong>Robson Ribeiro de Oliveira Castro<\/strong>\u00a0\u00a0<em>\u00e9 leigo, casado. Mestre em Teologia pela Faculdade Jesu\u00edta de Filosofia e Teologia (FAJE). Atualmente leciona no Instituto Teol\u00f3gico Franciscano (ITF). E-mail: robsonrcastro@yahoo.com.br.<\/em><\/p>\n","protected":false},"excerpt":{"rendered":"<p>Artigo de Robson Ribeiro de Oliveira Castro<\/p>\n","protected":false},"author":3,"featured_media":0,"comment_status":"open","ping_status":"open","sticky":false,"template":"","format":"standard","meta":{"footnotes":""},"categories":[26],"tags":[328],"yoast_head":"<!-- This site is optimized with the Yoast SEO plugin v19.4 - https:\/\/yoast.com\/wordpress\/plugins\/seo\/ -->\n<title>O desrespeito ao outro e \u00e0 vida humana - Vida Crist\u00e3 - Franciscanos<\/title>\n<meta name=\"robots\" content=\"index, follow, max-snippet:-1, max-image-preview:large, max-video-preview:-1\" \/>\n<link rel=\"canonical\" href=\"https:\/\/franciscanos.org.br\/vidacrista\/o-desrespeito-ao-outro-e-a-vida-humana\/\" \/>\n<meta property=\"og:locale\" content=\"pt_BR\" \/>\n<meta property=\"og:type\" content=\"article\" \/>\n<meta property=\"og:title\" content=\"O desrespeito ao outro e \u00e0 vida humana - Vida Crist\u00e3 - Franciscanos\" \/>\n<meta property=\"og:description\" content=\"Artigo de Robson Ribeiro de Oliveira Castro\" \/>\n<meta property=\"og:url\" content=\"https:\/\/franciscanos.org.br\/vidacrista\/o-desrespeito-ao-outro-e-a-vida-humana\/\" \/>\n<meta property=\"og:site_name\" content=\"Vida Crist\u00e3 - Franciscanos\" \/>\n<meta property=\"article:published_time\" content=\"2020-11-06T14:13:08+00:00\" \/>\n<meta property=\"og:image\" content=\"https:\/\/franciscanos.org.br\/vidacrista\/wp-content\/uploads\/2020\/11\/artigo_0611.png\" \/>\n<meta name=\"author\" content=\"moacir\" \/>\n<meta name=\"twitter:card\" content=\"summary_large_image\" \/>\n<meta name=\"twitter:label1\" content=\"Escrito por\" \/>\n\t<meta name=\"twitter:data1\" content=\"moacir\" \/>\n\t<meta name=\"twitter:label2\" content=\"Est. tempo de leitura\" \/>\n\t<meta name=\"twitter:data2\" content=\"4 minutos\" \/>\n<script type=\"application\/ld+json\" class=\"yoast-schema-graph\">{\"@context\":\"https:\/\/schema.org\",\"@graph\":[{\"@type\":\"WebSite\",\"@id\":\"https:\/\/franciscanos.org.br\/vidacrista\/#website\",\"url\":\"https:\/\/franciscanos.org.br\/vidacrista\/\",\"name\":\"Vida Crist\u00e3 - Franciscanos\",\"description\":\"Prov\u00edncia Franciscana da Imaculada Concei\u00e7\u00e3o do Brasil - Ordem dos Frades Menores\",\"potentialAction\":[{\"@type\":\"SearchAction\",\"target\":{\"@type\":\"EntryPoint\",\"urlTemplate\":\"https:\/\/franciscanos.org.br\/vidacrista\/?s={search_term_string}\"},\"query-input\":\"required name=search_term_string\"}],\"inLanguage\":\"pt-BR\"},{\"@type\":\"WebPage\",\"@id\":\"https:\/\/franciscanos.org.br\/vidacrista\/o-desrespeito-ao-outro-e-a-vida-humana\/\",\"url\":\"https:\/\/franciscanos.org.br\/vidacrista\/o-desrespeito-ao-outro-e-a-vida-humana\/\",\"name\":\"O desrespeito ao outro e \u00e0 vida humana - Vida Crist\u00e3 - Franciscanos\",\"isPartOf\":{\"@id\":\"https:\/\/franciscanos.org.br\/vidacrista\/#website\"},\"datePublished\":\"2020-11-06T14:13:08+00:00\",\"dateModified\":\"2020-11-06T14:13:08+00:00\",\"author\":{\"@id\":\"https:\/\/franciscanos.org.br\/vidacrista\/#\/schema\/person\/1880bdd2c350b735648725ef7614736a\"},\"breadcrumb\":{\"@id\":\"https:\/\/franciscanos.org.br\/vidacrista\/o-desrespeito-ao-outro-e-a-vida-humana\/#breadcrumb\"},\"inLanguage\":\"pt-BR\",\"potentialAction\":[{\"@type\":\"ReadAction\",\"target\":[\"https:\/\/franciscanos.org.br\/vidacrista\/o-desrespeito-ao-outro-e-a-vida-humana\/\"]}]},{\"@type\":\"BreadcrumbList\",\"@id\":\"https:\/\/franciscanos.org.br\/vidacrista\/o-desrespeito-ao-outro-e-a-vida-humana\/#breadcrumb\",\"itemListElement\":[{\"@type\":\"ListItem\",\"position\":1,\"name\":\"Home\",\"item\":\"https:\/\/franciscanos.org.br\/vidacrista\/\"},{\"@type\":\"ListItem\",\"position\":2,\"name\":\"O desrespeito ao outro e \u00e0 vida humana\"}]},{\"@type\":\"Person\",\"@id\":\"https:\/\/franciscanos.org.br\/vidacrista\/#\/schema\/person\/1880bdd2c350b735648725ef7614736a\",\"name\":\"moacir\",\"image\":{\"@type\":\"ImageObject\",\"inLanguage\":\"pt-BR\",\"@id\":\"https:\/\/franciscanos.org.br\/vidacrista\/#\/schema\/person\/image\/\",\"url\":\"https:\/\/secure.gravatar.com\/avatar\/d08aa2ce4c8dd416d4479aa8536fcf64?s=96&d=mm&r=g\",\"contentUrl\":\"https:\/\/secure.gravatar.com\/avatar\/d08aa2ce4c8dd416d4479aa8536fcf64?s=96&d=mm&r=g\",\"caption\":\"moacir\"},\"url\":\"https:\/\/franciscanos.org.br\/vidacrista\/author\/moacir\/\"}]}<\/script>\n<!-- \/ Yoast SEO plugin. -->","yoast_head_json":{"title":"O desrespeito ao outro e \u00e0 vida humana - Vida Crist\u00e3 - Franciscanos","robots":{"index":"index","follow":"follow","max-snippet":"max-snippet:-1","max-image-preview":"max-image-preview:large","max-video-preview":"max-video-preview:-1"},"canonical":"https:\/\/franciscanos.org.br\/vidacrista\/o-desrespeito-ao-outro-e-a-vida-humana\/","og_locale":"pt_BR","og_type":"article","og_title":"O desrespeito ao outro e \u00e0 vida humana - Vida Crist\u00e3 - Franciscanos","og_description":"Artigo de Robson Ribeiro de Oliveira Castro","og_url":"https:\/\/franciscanos.org.br\/vidacrista\/o-desrespeito-ao-outro-e-a-vida-humana\/","og_site_name":"Vida Crist\u00e3 - Franciscanos","article_published_time":"2020-11-06T14:13:08+00:00","og_image":[{"url":"https:\/\/franciscanos.org.br\/vidacrista\/wp-content\/uploads\/2020\/11\/artigo_0611.png"}],"author":"moacir","twitter_card":"summary_large_image","twitter_misc":{"Escrito por":"moacir","Est. tempo de leitura":"4 minutos"},"schema":{"@context":"https:\/\/schema.org","@graph":[{"@type":"WebSite","@id":"https:\/\/franciscanos.org.br\/vidacrista\/#website","url":"https:\/\/franciscanos.org.br\/vidacrista\/","name":"Vida Crist\u00e3 - Franciscanos","description":"Prov\u00edncia Franciscana da Imaculada Concei\u00e7\u00e3o do Brasil - Ordem dos Frades Menores","potentialAction":[{"@type":"SearchAction","target":{"@type":"EntryPoint","urlTemplate":"https:\/\/franciscanos.org.br\/vidacrista\/?s={search_term_string}"},"query-input":"required name=search_term_string"}],"inLanguage":"pt-BR"},{"@type":"WebPage","@id":"https:\/\/franciscanos.org.br\/vidacrista\/o-desrespeito-ao-outro-e-a-vida-humana\/","url":"https:\/\/franciscanos.org.br\/vidacrista\/o-desrespeito-ao-outro-e-a-vida-humana\/","name":"O desrespeito ao outro e \u00e0 vida humana - Vida Crist\u00e3 - Franciscanos","isPartOf":{"@id":"https:\/\/franciscanos.org.br\/vidacrista\/#website"},"datePublished":"2020-11-06T14:13:08+00:00","dateModified":"2020-11-06T14:13:08+00:00","author":{"@id":"https:\/\/franciscanos.org.br\/vidacrista\/#\/schema\/person\/1880bdd2c350b735648725ef7614736a"},"breadcrumb":{"@id":"https:\/\/franciscanos.org.br\/vidacrista\/o-desrespeito-ao-outro-e-a-vida-humana\/#breadcrumb"},"inLanguage":"pt-BR","potentialAction":[{"@type":"ReadAction","target":["https:\/\/franciscanos.org.br\/vidacrista\/o-desrespeito-ao-outro-e-a-vida-humana\/"]}]},{"@type":"BreadcrumbList","@id":"https:\/\/franciscanos.org.br\/vidacrista\/o-desrespeito-ao-outro-e-a-vida-humana\/#breadcrumb","itemListElement":[{"@type":"ListItem","position":1,"name":"Home","item":"https:\/\/franciscanos.org.br\/vidacrista\/"},{"@type":"ListItem","position":2,"name":"O desrespeito ao outro e \u00e0 vida humana"}]},{"@type":"Person","@id":"https:\/\/franciscanos.org.br\/vidacrista\/#\/schema\/person\/1880bdd2c350b735648725ef7614736a","name":"moacir","image":{"@type":"ImageObject","inLanguage":"pt-BR","@id":"https:\/\/franciscanos.org.br\/vidacrista\/#\/schema\/person\/image\/","url":"https:\/\/secure.gravatar.com\/avatar\/d08aa2ce4c8dd416d4479aa8536fcf64?s=96&d=mm&r=g","contentUrl":"https:\/\/secure.gravatar.com\/avatar\/d08aa2ce4c8dd416d4479aa8536fcf64?s=96&d=mm&r=g","caption":"moacir"},"url":"https:\/\/franciscanos.org.br\/vidacrista\/author\/moacir\/"}]}},"_links":{"self":[{"href":"https:\/\/franciscanos.org.br\/vidacrista\/wp-json\/wp\/v2\/posts\/188407"}],"collection":[{"href":"https:\/\/franciscanos.org.br\/vidacrista\/wp-json\/wp\/v2\/posts"}],"about":[{"href":"https:\/\/franciscanos.org.br\/vidacrista\/wp-json\/wp\/v2\/types\/post"}],"author":[{"embeddable":true,"href":"https:\/\/franciscanos.org.br\/vidacrista\/wp-json\/wp\/v2\/users\/3"}],"replies":[{"embeddable":true,"href":"https:\/\/franciscanos.org.br\/vidacrista\/wp-json\/wp\/v2\/comments?post=188407"}],"version-history":[{"count":1,"href":"https:\/\/franciscanos.org.br\/vidacrista\/wp-json\/wp\/v2\/posts\/188407\/revisions"}],"predecessor-version":[{"id":188409,"href":"https:\/\/franciscanos.org.br\/vidacrista\/wp-json\/wp\/v2\/posts\/188407\/revisions\/188409"}],"wp:attachment":[{"href":"https:\/\/franciscanos.org.br\/vidacrista\/wp-json\/wp\/v2\/media?parent=188407"}],"wp:term":[{"taxonomy":"category","embeddable":true,"href":"https:\/\/franciscanos.org.br\/vidacrista\/wp-json\/wp\/v2\/categories?post=188407"},{"taxonomy":"post_tag","embeddable":true,"href":"https:\/\/franciscanos.org.br\/vidacrista\/wp-json\/wp\/v2\/tags?post=188407"}],"curies":[{"name":"wp","href":"https:\/\/api.w.org\/{rel}","templated":true}]}}