{"id":188303,"date":"2020-10-30T07:04:32","date_gmt":"2020-10-30T10:04:32","guid":{"rendered":"https:\/\/franciscanos.org.br\/vidacrista\/?p=188303"},"modified":"2020-10-30T07:04:32","modified_gmt":"2020-10-30T10:04:32","slug":"chorava-em-voz-alta-pela-paixao-de-cristo","status":"publish","type":"post","link":"https:\/\/franciscanos.org.br\/vidacrista\/chorava-em-voz-alta-pela-paixao-de-cristo\/","title":{"rendered":"\u201cChorava em voz alta pela Paix\u00e3o de Cristo&#8221;"},"content":{"rendered":"<div id=\"attachment_188305\" style=\"width: 850px\" class=\"wp-caption alignnone\"><img aria-describedby=\"caption-attachment-188305\" decoding=\"async\" loading=\"lazy\" class=\"wp-image-188305 size-full\" src=\"https:\/\/franciscanos.org.br\/vidacrista\/wp-content\/uploads\/2020\/10\/sexta_01.jpg\" alt=\"\" width=\"840\" height=\"450\" srcset=\"https:\/\/franciscanos.org.br\/vidacrista\/wp-content\/uploads\/2020\/10\/sexta_01.jpg 840w, https:\/\/franciscanos.org.br\/vidacrista\/wp-content\/uploads\/2020\/10\/sexta_01-450x241.jpg 450w, https:\/\/franciscanos.org.br\/vidacrista\/wp-content\/uploads\/2020\/10\/sexta_01-768x411.jpg 768w, https:\/\/franciscanos.org.br\/vidacrista\/wp-content\/uploads\/2020\/10\/sexta_01-150x80.jpg 150w\" sizes=\"(max-width: 840px) 100vw, 840px\" \/><p id=\"caption-attachment-188305\" class=\"wp-caption-text\">\u00a0 \u00a0 \u00a0 \u00a0 \u00a0 \u00a0 \u00a0 \u00a0 \u00a0 \u00a0 \u00a0 \u00a0 \u00a0 \u00a0 \u00a0 \u00a0 \u00a0 \u00a0 \u00a0 \u00a0 \u00a0 \u00a0 \u00a0 \u00a0 \u00a0 \u00a0 \u00a0 \u00a0 \u00a0 \u00a0 \u00a0 \u00a0 \u00a0 \u00a0 \u00a0 \u00a0 \u00a0 \u00a0 \u00a0 \u00a0 \u00a0 \u00a0 \u00a0 \u00a0 \u00a0 \u00a0 \u00a0 \u00a0 \u00a0 \u00a0 \u00a0 \u00a0 \u00a0 \u00a0 \u00a0 \u00a0 \u00a0 \u00a0 \u00a0 \u00a0 \u00a0 \u00a0 \u00a0 \u00a0 \u00a0<em> Imagem de Piero Casentini, pintor italiano<\/em><\/p><\/div>\n<p><em><strong>Na cruz, o derradeiro apelo: Ad\u00e3o, onde est\u00e1s?<\/strong><\/em><br \/>\n<strong>Jean Sulivan<\/strong><\/p>\n<p>Cruz, G\u00f3lgota, Jesus suspenso entre o c\u00e9u e a terra. Era uma sexta-feira. Naquele dia, muitos se contentaram em passar diante da cruz. Passaram alguns que mal e mal tinham ouvido falar desse Nazareno que suscitava interesse. Sem parar lan\u00e7aram um olhar para a cruz e continuaram a caminhar. Nos dias de hoje h\u00e1 os que respeitam a Cruz e o Crucificado tamb\u00e9m sem se deter. Fazem o sinal da cruz, colocam na parede, aqui e ali um crucifixo. N\u00e3o param. N\u00e3o enxergam com o olhar interior. A vida corre de outro lado.<\/p>\n<p>Todos aos quais foi revelada a miseric\u00f3rdia divina gostam de prostrar-se diante da Cruz. Seus bra\u00e7os se abrem a todos os tempos e a todos os lugares. Os cora\u00e7\u00f5es sens\u00edveis se calam. Adoram essa vida \u201centregue\u201d por n\u00f3s, essa morte que nos deu vida, esse amor que amou at\u00e9 o fim, essa obedi\u00eancia que n\u00e3o recuou diante da morte e mesmo diante da morte de cruz, esse mist\u00e9rio que encerra a solu\u00e7\u00e3o para todos as quest\u00f5es. Um irm\u00e3o mais velho que nos deu vida com sua vida.<\/p>\n<p>Contemplando aquele que foi traspassado, os cora\u00e7\u00f5es se conscientizam de seu pecado. Procuram se aproximar do Filho do Pai, esse que morreu em sacrif\u00edcio por eles. Ele nos livra da ignom\u00ednia de nosso pecado. Vigiam, extasiam-se diante desse amor sem limites. De Francisco de Assis se diz: \u201cChorava em voz alta pela Paix\u00e3o de Cristo, como se tivesse diante de si constantemente a vis\u00e3o dela. Na rua ouviam-se o seus gemidos; lembrando-se nas chagas de Cristo, recusava todo consolo (2Celano 11).<\/p>\n<p>\u201cVoc\u00eas que passam&#8230; vejam se h\u00e1 dor igual \u00e0 minha dor. Minha morte n\u00e3o \u00e9 uma fatalidade. Andei pelos caminhos de voc\u00eas, sentei-me \u00e0s suas mesas, chorei as dores de tantos. O Pai pediu que lhes mostrasse seu bem-querer. Andei tra\u00e7ando uma rota de viagem que lhes permitisse ter uma vida venturosa cientes que o Pai ama a todos. Voc\u00eas contam aos meus olhos e aos olhos do Pai. Minha morte \u00e9 come\u00e7o de vida. Voc\u00eas contam&#8230;\u201d<\/p>\n<hr \/>\n<p><strong>Frei Almir Guimar\u00e3es<\/strong><\/p>\n","protected":false},"excerpt":{"rendered":"<p>Reflex\u00e3o de Frei Almir Guimar\u00e3es<\/p>\n","protected":false},"author":3,"featured_media":188304,"comment_status":"open","ping_status":"open","sticky":false,"template":"","format":"standard","meta":{"footnotes":""},"categories":[105],"tags":[106],"yoast_head":"<!-- This site is optimized with the Yoast SEO plugin v19.4 - https:\/\/yoast.com\/wordpress\/plugins\/seo\/ -->\n<title>\u201cChorava em voz alta pela Paix\u00e3o de Cristo&quot; - Vida Crist\u00e3 - Franciscanos<\/title>\n<meta name=\"robots\" content=\"index, follow, max-snippet:-1, max-image-preview:large, max-video-preview:-1\" \/>\n<link rel=\"canonical\" href=\"https:\/\/franciscanos.org.br\/vidacrista\/chorava-em-voz-alta-pela-paixao-de-cristo\/\" \/>\n<meta property=\"og:locale\" content=\"pt_BR\" \/>\n<meta property=\"og:type\" content=\"article\" \/>\n<meta property=\"og:title\" content=\"\u201cChorava em voz alta pela Paix\u00e3o de Cristo&quot; - Vida Crist\u00e3 - Franciscanos\" \/>\n<meta property=\"og:description\" content=\"Reflex\u00e3o de Frei Almir Guimar\u00e3es\" \/>\n<meta property=\"og:url\" content=\"https:\/\/franciscanos.org.br\/vidacrista\/chorava-em-voz-alta-pela-paixao-de-cristo\/\" \/>\n<meta property=\"og:site_name\" content=\"Vida Crist\u00e3 - Franciscanos\" \/>\n<meta property=\"article:published_time\" content=\"2020-10-30T10:04:32+00:00\" \/>\n<meta property=\"og:image\" content=\"https:\/\/franciscanos.org.br\/vidacrista\/wp-content\/uploads\/2020\/10\/sexta_01d.jpg\" \/>\n\t<meta property=\"og:image:width\" content=\"800\" \/>\n\t<meta property=\"og:image:height\" content=\"600\" \/>\n\t<meta property=\"og:image:type\" content=\"image\/jpeg\" \/>\n<meta name=\"author\" content=\"moacir\" \/>\n<meta name=\"twitter:card\" content=\"summary_large_image\" \/>\n<meta name=\"twitter:label1\" content=\"Escrito por\" \/>\n\t<meta name=\"twitter:data1\" content=\"moacir\" \/>\n\t<meta name=\"twitter:label2\" content=\"Est. tempo de leitura\" \/>\n\t<meta name=\"twitter:data2\" content=\"2 minutos\" \/>\n<script type=\"application\/ld+json\" class=\"yoast-schema-graph\">{\"@context\":\"https:\/\/schema.org\",\"@graph\":[{\"@type\":\"WebSite\",\"@id\":\"https:\/\/franciscanos.org.br\/vidacrista\/#website\",\"url\":\"https:\/\/franciscanos.org.br\/vidacrista\/\",\"name\":\"Vida Crist\u00e3 - Franciscanos\",\"description\":\"Prov\u00edncia Franciscana da Imaculada Concei\u00e7\u00e3o do Brasil - Ordem dos Frades Menores\",\"potentialAction\":[{\"@type\":\"SearchAction\",\"target\":{\"@type\":\"EntryPoint\",\"urlTemplate\":\"https:\/\/franciscanos.org.br\/vidacrista\/?s={search_term_string}\"},\"query-input\":\"required name=search_term_string\"}],\"inLanguage\":\"pt-BR\"},{\"@type\":\"WebPage\",\"@id\":\"https:\/\/franciscanos.org.br\/vidacrista\/chorava-em-voz-alta-pela-paixao-de-cristo\/\",\"url\":\"https:\/\/franciscanos.org.br\/vidacrista\/chorava-em-voz-alta-pela-paixao-de-cristo\/\",\"name\":\"\u201cChorava em voz alta pela Paix\u00e3o de Cristo\\\" - Vida Crist\u00e3 - Franciscanos\",\"isPartOf\":{\"@id\":\"https:\/\/franciscanos.org.br\/vidacrista\/#website\"},\"datePublished\":\"2020-10-30T10:04:32+00:00\",\"dateModified\":\"2020-10-30T10:04:32+00:00\",\"author\":{\"@id\":\"https:\/\/franciscanos.org.br\/vidacrista\/#\/schema\/person\/1880bdd2c350b735648725ef7614736a\"},\"breadcrumb\":{\"@id\":\"https:\/\/franciscanos.org.br\/vidacrista\/chorava-em-voz-alta-pela-paixao-de-cristo\/#breadcrumb\"},\"inLanguage\":\"pt-BR\",\"potentialAction\":[{\"@type\":\"ReadAction\",\"target\":[\"https:\/\/franciscanos.org.br\/vidacrista\/chorava-em-voz-alta-pela-paixao-de-cristo\/\"]}]},{\"@type\":\"BreadcrumbList\",\"@id\":\"https:\/\/franciscanos.org.br\/vidacrista\/chorava-em-voz-alta-pela-paixao-de-cristo\/#breadcrumb\",\"itemListElement\":[{\"@type\":\"ListItem\",\"position\":1,\"name\":\"Home\",\"item\":\"https:\/\/franciscanos.org.br\/vidacrista\/\"},{\"@type\":\"ListItem\",\"position\":2,\"name\":\"\u201cChorava em voz alta pela Paix\u00e3o de Cristo&#8221;\"}]},{\"@type\":\"Person\",\"@id\":\"https:\/\/franciscanos.org.br\/vidacrista\/#\/schema\/person\/1880bdd2c350b735648725ef7614736a\",\"name\":\"moacir\",\"image\":{\"@type\":\"ImageObject\",\"inLanguage\":\"pt-BR\",\"@id\":\"https:\/\/franciscanos.org.br\/vidacrista\/#\/schema\/person\/image\/\",\"url\":\"https:\/\/secure.gravatar.com\/avatar\/d08aa2ce4c8dd416d4479aa8536fcf64?s=96&d=mm&r=g\",\"contentUrl\":\"https:\/\/secure.gravatar.com\/avatar\/d08aa2ce4c8dd416d4479aa8536fcf64?s=96&d=mm&r=g\",\"caption\":\"moacir\"},\"url\":\"https:\/\/franciscanos.org.br\/vidacrista\/author\/moacir\/\"}]}<\/script>\n<!-- \/ Yoast SEO plugin. -->","yoast_head_json":{"title":"\u201cChorava em voz alta pela Paix\u00e3o de Cristo\" - Vida Crist\u00e3 - Franciscanos","robots":{"index":"index","follow":"follow","max-snippet":"max-snippet:-1","max-image-preview":"max-image-preview:large","max-video-preview":"max-video-preview:-1"},"canonical":"https:\/\/franciscanos.org.br\/vidacrista\/chorava-em-voz-alta-pela-paixao-de-cristo\/","og_locale":"pt_BR","og_type":"article","og_title":"\u201cChorava em voz alta pela Paix\u00e3o de Cristo\" - Vida Crist\u00e3 - Franciscanos","og_description":"Reflex\u00e3o de Frei Almir Guimar\u00e3es","og_url":"https:\/\/franciscanos.org.br\/vidacrista\/chorava-em-voz-alta-pela-paixao-de-cristo\/","og_site_name":"Vida Crist\u00e3 - Franciscanos","article_published_time":"2020-10-30T10:04:32+00:00","og_image":[{"width":800,"height":600,"url":"https:\/\/franciscanos.org.br\/vidacrista\/wp-content\/uploads\/2020\/10\/sexta_01d.jpg","type":"image\/jpeg"}],"author":"moacir","twitter_card":"summary_large_image","twitter_misc":{"Escrito por":"moacir","Est. tempo de leitura":"2 minutos"},"schema":{"@context":"https:\/\/schema.org","@graph":[{"@type":"WebSite","@id":"https:\/\/franciscanos.org.br\/vidacrista\/#website","url":"https:\/\/franciscanos.org.br\/vidacrista\/","name":"Vida Crist\u00e3 - Franciscanos","description":"Prov\u00edncia Franciscana da Imaculada Concei\u00e7\u00e3o do Brasil - Ordem dos Frades Menores","potentialAction":[{"@type":"SearchAction","target":{"@type":"EntryPoint","urlTemplate":"https:\/\/franciscanos.org.br\/vidacrista\/?s={search_term_string}"},"query-input":"required name=search_term_string"}],"inLanguage":"pt-BR"},{"@type":"WebPage","@id":"https:\/\/franciscanos.org.br\/vidacrista\/chorava-em-voz-alta-pela-paixao-de-cristo\/","url":"https:\/\/franciscanos.org.br\/vidacrista\/chorava-em-voz-alta-pela-paixao-de-cristo\/","name":"\u201cChorava em voz alta pela Paix\u00e3o de Cristo\" - Vida Crist\u00e3 - Franciscanos","isPartOf":{"@id":"https:\/\/franciscanos.org.br\/vidacrista\/#website"},"datePublished":"2020-10-30T10:04:32+00:00","dateModified":"2020-10-30T10:04:32+00:00","author":{"@id":"https:\/\/franciscanos.org.br\/vidacrista\/#\/schema\/person\/1880bdd2c350b735648725ef7614736a"},"breadcrumb":{"@id":"https:\/\/franciscanos.org.br\/vidacrista\/chorava-em-voz-alta-pela-paixao-de-cristo\/#breadcrumb"},"inLanguage":"pt-BR","potentialAction":[{"@type":"ReadAction","target":["https:\/\/franciscanos.org.br\/vidacrista\/chorava-em-voz-alta-pela-paixao-de-cristo\/"]}]},{"@type":"BreadcrumbList","@id":"https:\/\/franciscanos.org.br\/vidacrista\/chorava-em-voz-alta-pela-paixao-de-cristo\/#breadcrumb","itemListElement":[{"@type":"ListItem","position":1,"name":"Home","item":"https:\/\/franciscanos.org.br\/vidacrista\/"},{"@type":"ListItem","position":2,"name":"\u201cChorava em voz alta pela Paix\u00e3o de Cristo&#8221;"}]},{"@type":"Person","@id":"https:\/\/franciscanos.org.br\/vidacrista\/#\/schema\/person\/1880bdd2c350b735648725ef7614736a","name":"moacir","image":{"@type":"ImageObject","inLanguage":"pt-BR","@id":"https:\/\/franciscanos.org.br\/vidacrista\/#\/schema\/person\/image\/","url":"https:\/\/secure.gravatar.com\/avatar\/d08aa2ce4c8dd416d4479aa8536fcf64?s=96&d=mm&r=g","contentUrl":"https:\/\/secure.gravatar.com\/avatar\/d08aa2ce4c8dd416d4479aa8536fcf64?s=96&d=mm&r=g","caption":"moacir"},"url":"https:\/\/franciscanos.org.br\/vidacrista\/author\/moacir\/"}]}},"_links":{"self":[{"href":"https:\/\/franciscanos.org.br\/vidacrista\/wp-json\/wp\/v2\/posts\/188303"}],"collection":[{"href":"https:\/\/franciscanos.org.br\/vidacrista\/wp-json\/wp\/v2\/posts"}],"about":[{"href":"https:\/\/franciscanos.org.br\/vidacrista\/wp-json\/wp\/v2\/types\/post"}],"author":[{"embeddable":true,"href":"https:\/\/franciscanos.org.br\/vidacrista\/wp-json\/wp\/v2\/users\/3"}],"replies":[{"embeddable":true,"href":"https:\/\/franciscanos.org.br\/vidacrista\/wp-json\/wp\/v2\/comments?post=188303"}],"version-history":[{"count":1,"href":"https:\/\/franciscanos.org.br\/vidacrista\/wp-json\/wp\/v2\/posts\/188303\/revisions"}],"predecessor-version":[{"id":188306,"href":"https:\/\/franciscanos.org.br\/vidacrista\/wp-json\/wp\/v2\/posts\/188303\/revisions\/188306"}],"wp:featuredmedia":[{"embeddable":true,"href":"https:\/\/franciscanos.org.br\/vidacrista\/wp-json\/wp\/v2\/media\/188304"}],"wp:attachment":[{"href":"https:\/\/franciscanos.org.br\/vidacrista\/wp-json\/wp\/v2\/media?parent=188303"}],"wp:term":[{"taxonomy":"category","embeddable":true,"href":"https:\/\/franciscanos.org.br\/vidacrista\/wp-json\/wp\/v2\/categories?post=188303"},{"taxonomy":"post_tag","embeddable":true,"href":"https:\/\/franciscanos.org.br\/vidacrista\/wp-json\/wp\/v2\/tags?post=188303"}],"curies":[{"name":"wp","href":"https:\/\/api.w.org\/{rel}","templated":true}]}}