{"id":188299,"date":"2020-10-30T06:36:32","date_gmt":"2020-10-30T09:36:32","guid":{"rendered":"https:\/\/franciscanos.org.br\/vidacrista\/?p=188299"},"modified":"2020-10-30T06:36:32","modified_gmt":"2020-10-30T09:36:32","slug":"a-morte-o-tempo-e-o-amor-a-triade-da-vida-na-inspiracao-de-sb-31-9","status":"publish","type":"post","link":"https:\/\/franciscanos.org.br\/vidacrista\/a-morte-o-tempo-e-o-amor-a-triade-da-vida-na-inspiracao-de-sb-31-9\/","title":{"rendered":"A morte, o tempo e o amor: a tr\u00edade da vida na inspira\u00e7\u00e3o de Sb 3,1-9"},"content":{"rendered":"<p><strong> <img decoding=\"async\" loading=\"lazy\" class=\"alignnone wp-image-188300 size-full\" src=\"https:\/\/franciscanos.org.br\/vidacrista\/wp-content\/uploads\/2020\/10\/finados_02.jpg\" alt=\"\" width=\"840\" height=\"450\" srcset=\"https:\/\/franciscanos.org.br\/vidacrista\/wp-content\/uploads\/2020\/10\/finados_02.jpg 840w, https:\/\/franciscanos.org.br\/vidacrista\/wp-content\/uploads\/2020\/10\/finados_02-450x241.jpg 450w, https:\/\/franciscanos.org.br\/vidacrista\/wp-content\/uploads\/2020\/10\/finados_02-768x411.jpg 768w, https:\/\/franciscanos.org.br\/vidacrista\/wp-content\/uploads\/2020\/10\/finados_02-150x80.jpg 150w\" sizes=\"(max-width: 840px) 100vw, 840px\" \/><\/strong><\/p>\n<p><em>Frei Jacir de Freitas Faria, OFM<\/em><a href=\"#_ftn1\" name=\"_ftnref1\">[1]<\/a><\/p>\n<p>Dia de Finados, tempo prop\u00edcio para pensar sobre a morte e os mortos. Em reflex\u00f5es anteriores, falei sobre o sentido do perd\u00e3o, do amor e do tempo. Tendo como ponto de partida a passagem b\u00edblica de Sb 3,1-9, quero acrescentar a essa tr\u00edade \u00e0 morte. Melhor ainda, formar uma nova tr\u00edade: o amor, o tempo e a morte. A morte faz parte de condi\u00e7\u00e3o humana e se entrela\u00e7a com o amor, o tempo e o perd\u00e3o. Come\u00e7o com duas perguntas:\u00a0 Qual \u00e9 o sentido da morte? O que acontece com quem morre e com quem continua a viagem da vida em dire\u00e7\u00e3o \u00e0 morte?<\/p>\n<p>O livro da Sabedoria situa a morte no tempo da passagem do Primeiro para o Segundo Testamento, quando os judeus acreditavam na Teologia da Retribui\u00e7\u00e3o. Eles pensavam assim: se sou justo, recebo a justi\u00e7a, a retribui\u00e7\u00e3o, no tempo presente. O contr\u00e1rio \u00e9 tamb\u00e9m retributivo. Da\u00ed o ditado popular: \u201cAqui se faz, aqui se paga\u201d. Contrariamente, a esse modo de ver a vida, muitos se perguntavam: como explicar o fato de algu\u00e9m ser injusto, malvado e receber coisas boas, e o justo viver sofrendo? O autor desse livro mudou essa concep\u00e7\u00e3o ao propor a retribui\u00e7\u00e3o do justo no tempo da sua p\u00f3s-morte, na condi\u00e7\u00e3o de imortalidade. Sb 3,9 diz: \u201cOs justos que confiam em Deus ficar\u00e3o junto dele para sempre, pois a gra\u00e7a e a miseric\u00f3rdia s\u00e3o para os seus eleitos. A vida dos justos est\u00e1 nas m\u00e3os de Deus, nenhum tormento os atingir\u00e1\u201d. Sobre a morte, ele afirma: \u201cN\u00e3o procureis a morte com vossa vida extraviada, n\u00e3o vos proporcioneis a ru\u00edna com as obras de vossas m\u00e3os. Pois Deus n\u00e3o fez a morte, nem tem o prazer de destruir os viventes\u201d (Sb 1,12-13). O autor do livro da Sabedoria fala de uma imortalidade beat\u00edfica. O cristianismo entendeu esse processo como ressurrei\u00e7\u00e3o. Tempo de vida e de amor eternos no tempo de Deus. Pena que a Igreja ensinou que devo sofrer para alcan\u00e7ar a vida eterna!<\/p>\n<p>Mas o que \u00e9 mesmo a morte? A morte faz parte da condi\u00e7\u00e3o humana, embora que, em tempos p\u00f3s-modernos, n\u00f3s a ignoramos, mesmo em tempo de Covid 19. No entanto, quando ela chega, os cora\u00e7\u00f5es dos vivos dilaceram numa dor que parece ser intermin\u00e1vel. Bate no peito, a cada segundo, o desejo incomensur\u00e1vel de ver o ser amado de novo, mesmo sabendo que no espa\u00e7o, no tempo f\u00edsico, na vida terrena, isso nunca mais ser\u00e1 poss\u00edvel.<\/p>\n<p>No jogo da vida, as cartas mudam de posi\u00e7\u00e3o. Os mortos, contemplando a Deus, nos veem de outra forma, em outro tempo, em outro modo de amar. Para os mortos, o nosso tempo deixa de existir. J\u00e1 o tempo dos vivos se resume em viver a dor do luto. Passar pelo luto para romper o tempo da morte. Fechar o luto com f\u00e9 na ressurrei\u00e7\u00e3o para se abrir ao amor de quem partiu, de modo que o amor dele permane\u00e7a unido a n\u00f3s como teias de fios que se entrela\u00e7am, invisivelmente, na eternidade do tempo; como uma borboleta que sai do casulo\/corpo, que nos unia fisicamente, para estar em todos os espa\u00e7os e tempo, espalhando o amor. O olhar de quem morre atravessa o tempo e o espa\u00e7o, pois eles pertencem ao tempo de Deus.<\/p>\n<p>Com o tempo, a pr\u00f3pria condi\u00e7\u00e3o humana se encarrega de amenizar a dor, mas libertar-se dela \u00e9 quase imposs\u00edvel.\u00a0 A dor transforma-se em saudade, em mem\u00f3rias de um bom tempo vivido. O ainda vivente parece conversar com o falecido, estreitar la\u00e7os que nunca foram alinhados. Lembran\u00e7as de um tempo que j\u00e1 passou e n\u00e3o volta mais. Lembran\u00e7as! Somente lembran\u00e7as! E nada mais! E um pouco mais!<\/p>\n<p>O amor e a mem\u00f3ria que devotamos aos nossos mortos fazem com que eles, ressuscitados, continuem em nosso meio. Isso \u00e9 retribui\u00e7\u00e3o! Isso \u00e9 ressurrei\u00e7\u00e3o! Isso \u00e9 comunh\u00e3o eterna no amor. Por isso, n\u00e3o h\u00e1 mais espa\u00e7o para o tempo passado, num choro intermin\u00e1vel, regado pela pergunta \u2018por que ele\/ela morreu? \u00c9 hora do tempo futuro, tempo de se perguntar \u2018para que ele\/ela morreu\u2019? \u00c9 hora de o falecido retribuir a Deus, devolvendo-O o dom da vida que dele recebeu. \u00c9 hora de seguirmos o caminho das flores que retribu\u00edmos aos nossos mortos. Flores de amor eterno que transformam nossas l\u00e1grimas em altares de morte\/vida\/ressurrei\u00e7\u00e3o na eternidade no tempo, no amor e no perd\u00e3o. Am\u00e9m.<\/p>\n<hr \/>\n<p><a href=\"#_ftnref1\" name=\"_ftn1\">[1]<\/a> Doutor em Teologia B\u00edblica pela FAJE-BH. Mestre em Ci\u00eancias B\u00edblicas (Exegese) pelo Pontif\u00edcio Instituto B\u00edblico de Roma. Professor de Exegese B\u00edblica no Instituto Santo Tom\u00e1s de Aquino (ISTA-BH). \u00c9 membro da Associa\u00e7\u00e3o Brasileira de Pesquisa B\u00edblica (ABIB).\u00a0 Autor de dez livros e coautor de quatorze. \u00a0Inscreva-se no nosso canal: <a href=\"https:\/\/www.youtube.com\/watch?v=z7mkHXtkWq0&amp;t=8s\">https:\/\/www.youtube.com\/watch?v=z7mkHXtkWq0&amp;t=8s<\/a><\/p>\n","protected":false},"excerpt":{"rendered":"<p>Artigo de Frei Jacir de Freitas Faria<\/p>\n","protected":false},"author":3,"featured_media":188301,"comment_status":"open","ping_status":"open","sticky":false,"template":"","format":"standard","meta":{"footnotes":""},"categories":[26],"tags":[43],"yoast_head":"<!-- This site is optimized with the Yoast SEO plugin v19.4 - https:\/\/yoast.com\/wordpress\/plugins\/seo\/ -->\n<title>A morte, o tempo e o amor: a tr\u00edade da vida na inspira\u00e7\u00e3o de Sb 3,1-9 - Vida Crist\u00e3 - Franciscanos<\/title>\n<meta name=\"robots\" content=\"index, follow, max-snippet:-1, max-image-preview:large, max-video-preview:-1\" \/>\n<link rel=\"canonical\" href=\"https:\/\/franciscanos.org.br\/vidacrista\/a-morte-o-tempo-e-o-amor-a-triade-da-vida-na-inspiracao-de-sb-31-9\/\" \/>\n<meta property=\"og:locale\" content=\"pt_BR\" \/>\n<meta property=\"og:type\" content=\"article\" \/>\n<meta property=\"og:title\" content=\"A morte, o tempo e o amor: a tr\u00edade da vida na inspira\u00e7\u00e3o de Sb 3,1-9 - Vida Crist\u00e3 - Franciscanos\" \/>\n<meta property=\"og:description\" content=\"Artigo de Frei Jacir de Freitas Faria\" \/>\n<meta property=\"og:url\" content=\"https:\/\/franciscanos.org.br\/vidacrista\/a-morte-o-tempo-e-o-amor-a-triade-da-vida-na-inspiracao-de-sb-31-9\/\" \/>\n<meta property=\"og:site_name\" content=\"Vida Crist\u00e3 - Franciscanos\" \/>\n<meta property=\"article:published_time\" content=\"2020-10-30T09:36:32+00:00\" \/>\n<meta property=\"og:image\" content=\"https:\/\/franciscanos.org.br\/vidacrista\/wp-content\/uploads\/2020\/10\/finados_02d.jpg\" \/>\n\t<meta property=\"og:image:width\" content=\"800\" \/>\n\t<meta property=\"og:image:height\" content=\"600\" \/>\n\t<meta property=\"og:image:type\" content=\"image\/jpeg\" \/>\n<meta name=\"author\" content=\"moacir\" \/>\n<meta name=\"twitter:card\" content=\"summary_large_image\" \/>\n<meta name=\"twitter:label1\" content=\"Escrito por\" \/>\n\t<meta name=\"twitter:data1\" content=\"moacir\" \/>\n\t<meta name=\"twitter:label2\" content=\"Est. tempo de leitura\" \/>\n\t<meta name=\"twitter:data2\" content=\"4 minutos\" \/>\n<script type=\"application\/ld+json\" class=\"yoast-schema-graph\">{\"@context\":\"https:\/\/schema.org\",\"@graph\":[{\"@type\":\"WebSite\",\"@id\":\"https:\/\/franciscanos.org.br\/vidacrista\/#website\",\"url\":\"https:\/\/franciscanos.org.br\/vidacrista\/\",\"name\":\"Vida Crist\u00e3 - Franciscanos\",\"description\":\"Prov\u00edncia Franciscana da Imaculada Concei\u00e7\u00e3o do Brasil - Ordem dos Frades Menores\",\"potentialAction\":[{\"@type\":\"SearchAction\",\"target\":{\"@type\":\"EntryPoint\",\"urlTemplate\":\"https:\/\/franciscanos.org.br\/vidacrista\/?s={search_term_string}\"},\"query-input\":\"required name=search_term_string\"}],\"inLanguage\":\"pt-BR\"},{\"@type\":\"WebPage\",\"@id\":\"https:\/\/franciscanos.org.br\/vidacrista\/a-morte-o-tempo-e-o-amor-a-triade-da-vida-na-inspiracao-de-sb-31-9\/\",\"url\":\"https:\/\/franciscanos.org.br\/vidacrista\/a-morte-o-tempo-e-o-amor-a-triade-da-vida-na-inspiracao-de-sb-31-9\/\",\"name\":\"A morte, o tempo e o amor: a tr\u00edade da vida na inspira\u00e7\u00e3o de Sb 3,1-9 - Vida Crist\u00e3 - Franciscanos\",\"isPartOf\":{\"@id\":\"https:\/\/franciscanos.org.br\/vidacrista\/#website\"},\"datePublished\":\"2020-10-30T09:36:32+00:00\",\"dateModified\":\"2020-10-30T09:36:32+00:00\",\"author\":{\"@id\":\"https:\/\/franciscanos.org.br\/vidacrista\/#\/schema\/person\/1880bdd2c350b735648725ef7614736a\"},\"breadcrumb\":{\"@id\":\"https:\/\/franciscanos.org.br\/vidacrista\/a-morte-o-tempo-e-o-amor-a-triade-da-vida-na-inspiracao-de-sb-31-9\/#breadcrumb\"},\"inLanguage\":\"pt-BR\",\"potentialAction\":[{\"@type\":\"ReadAction\",\"target\":[\"https:\/\/franciscanos.org.br\/vidacrista\/a-morte-o-tempo-e-o-amor-a-triade-da-vida-na-inspiracao-de-sb-31-9\/\"]}]},{\"@type\":\"BreadcrumbList\",\"@id\":\"https:\/\/franciscanos.org.br\/vidacrista\/a-morte-o-tempo-e-o-amor-a-triade-da-vida-na-inspiracao-de-sb-31-9\/#breadcrumb\",\"itemListElement\":[{\"@type\":\"ListItem\",\"position\":1,\"name\":\"Home\",\"item\":\"https:\/\/franciscanos.org.br\/vidacrista\/\"},{\"@type\":\"ListItem\",\"position\":2,\"name\":\"A morte, o tempo e o amor: a tr\u00edade da vida na inspira\u00e7\u00e3o de Sb 3,1-9\"}]},{\"@type\":\"Person\",\"@id\":\"https:\/\/franciscanos.org.br\/vidacrista\/#\/schema\/person\/1880bdd2c350b735648725ef7614736a\",\"name\":\"moacir\",\"image\":{\"@type\":\"ImageObject\",\"inLanguage\":\"pt-BR\",\"@id\":\"https:\/\/franciscanos.org.br\/vidacrista\/#\/schema\/person\/image\/\",\"url\":\"https:\/\/secure.gravatar.com\/avatar\/d08aa2ce4c8dd416d4479aa8536fcf64?s=96&d=mm&r=g\",\"contentUrl\":\"https:\/\/secure.gravatar.com\/avatar\/d08aa2ce4c8dd416d4479aa8536fcf64?s=96&d=mm&r=g\",\"caption\":\"moacir\"},\"url\":\"https:\/\/franciscanos.org.br\/vidacrista\/author\/moacir\/\"}]}<\/script>\n<!-- \/ Yoast SEO plugin. -->","yoast_head_json":{"title":"A morte, o tempo e o amor: a tr\u00edade da vida na inspira\u00e7\u00e3o de Sb 3,1-9 - Vida Crist\u00e3 - Franciscanos","robots":{"index":"index","follow":"follow","max-snippet":"max-snippet:-1","max-image-preview":"max-image-preview:large","max-video-preview":"max-video-preview:-1"},"canonical":"https:\/\/franciscanos.org.br\/vidacrista\/a-morte-o-tempo-e-o-amor-a-triade-da-vida-na-inspiracao-de-sb-31-9\/","og_locale":"pt_BR","og_type":"article","og_title":"A morte, o tempo e o amor: a tr\u00edade da vida na inspira\u00e7\u00e3o de Sb 3,1-9 - Vida Crist\u00e3 - Franciscanos","og_description":"Artigo de Frei Jacir de Freitas Faria","og_url":"https:\/\/franciscanos.org.br\/vidacrista\/a-morte-o-tempo-e-o-amor-a-triade-da-vida-na-inspiracao-de-sb-31-9\/","og_site_name":"Vida Crist\u00e3 - Franciscanos","article_published_time":"2020-10-30T09:36:32+00:00","og_image":[{"width":800,"height":600,"url":"https:\/\/franciscanos.org.br\/vidacrista\/wp-content\/uploads\/2020\/10\/finados_02d.jpg","type":"image\/jpeg"}],"author":"moacir","twitter_card":"summary_large_image","twitter_misc":{"Escrito por":"moacir","Est. tempo de leitura":"4 minutos"},"schema":{"@context":"https:\/\/schema.org","@graph":[{"@type":"WebSite","@id":"https:\/\/franciscanos.org.br\/vidacrista\/#website","url":"https:\/\/franciscanos.org.br\/vidacrista\/","name":"Vida Crist\u00e3 - Franciscanos","description":"Prov\u00edncia Franciscana da Imaculada Concei\u00e7\u00e3o do Brasil - Ordem dos Frades Menores","potentialAction":[{"@type":"SearchAction","target":{"@type":"EntryPoint","urlTemplate":"https:\/\/franciscanos.org.br\/vidacrista\/?s={search_term_string}"},"query-input":"required name=search_term_string"}],"inLanguage":"pt-BR"},{"@type":"WebPage","@id":"https:\/\/franciscanos.org.br\/vidacrista\/a-morte-o-tempo-e-o-amor-a-triade-da-vida-na-inspiracao-de-sb-31-9\/","url":"https:\/\/franciscanos.org.br\/vidacrista\/a-morte-o-tempo-e-o-amor-a-triade-da-vida-na-inspiracao-de-sb-31-9\/","name":"A morte, o tempo e o amor: a tr\u00edade da vida na inspira\u00e7\u00e3o de Sb 3,1-9 - Vida Crist\u00e3 - Franciscanos","isPartOf":{"@id":"https:\/\/franciscanos.org.br\/vidacrista\/#website"},"datePublished":"2020-10-30T09:36:32+00:00","dateModified":"2020-10-30T09:36:32+00:00","author":{"@id":"https:\/\/franciscanos.org.br\/vidacrista\/#\/schema\/person\/1880bdd2c350b735648725ef7614736a"},"breadcrumb":{"@id":"https:\/\/franciscanos.org.br\/vidacrista\/a-morte-o-tempo-e-o-amor-a-triade-da-vida-na-inspiracao-de-sb-31-9\/#breadcrumb"},"inLanguage":"pt-BR","potentialAction":[{"@type":"ReadAction","target":["https:\/\/franciscanos.org.br\/vidacrista\/a-morte-o-tempo-e-o-amor-a-triade-da-vida-na-inspiracao-de-sb-31-9\/"]}]},{"@type":"BreadcrumbList","@id":"https:\/\/franciscanos.org.br\/vidacrista\/a-morte-o-tempo-e-o-amor-a-triade-da-vida-na-inspiracao-de-sb-31-9\/#breadcrumb","itemListElement":[{"@type":"ListItem","position":1,"name":"Home","item":"https:\/\/franciscanos.org.br\/vidacrista\/"},{"@type":"ListItem","position":2,"name":"A morte, o tempo e o amor: a tr\u00edade da vida na inspira\u00e7\u00e3o de Sb 3,1-9"}]},{"@type":"Person","@id":"https:\/\/franciscanos.org.br\/vidacrista\/#\/schema\/person\/1880bdd2c350b735648725ef7614736a","name":"moacir","image":{"@type":"ImageObject","inLanguage":"pt-BR","@id":"https:\/\/franciscanos.org.br\/vidacrista\/#\/schema\/person\/image\/","url":"https:\/\/secure.gravatar.com\/avatar\/d08aa2ce4c8dd416d4479aa8536fcf64?s=96&d=mm&r=g","contentUrl":"https:\/\/secure.gravatar.com\/avatar\/d08aa2ce4c8dd416d4479aa8536fcf64?s=96&d=mm&r=g","caption":"moacir"},"url":"https:\/\/franciscanos.org.br\/vidacrista\/author\/moacir\/"}]}},"_links":{"self":[{"href":"https:\/\/franciscanos.org.br\/vidacrista\/wp-json\/wp\/v2\/posts\/188299"}],"collection":[{"href":"https:\/\/franciscanos.org.br\/vidacrista\/wp-json\/wp\/v2\/posts"}],"about":[{"href":"https:\/\/franciscanos.org.br\/vidacrista\/wp-json\/wp\/v2\/types\/post"}],"author":[{"embeddable":true,"href":"https:\/\/franciscanos.org.br\/vidacrista\/wp-json\/wp\/v2\/users\/3"}],"replies":[{"embeddable":true,"href":"https:\/\/franciscanos.org.br\/vidacrista\/wp-json\/wp\/v2\/comments?post=188299"}],"version-history":[{"count":1,"href":"https:\/\/franciscanos.org.br\/vidacrista\/wp-json\/wp\/v2\/posts\/188299\/revisions"}],"predecessor-version":[{"id":188302,"href":"https:\/\/franciscanos.org.br\/vidacrista\/wp-json\/wp\/v2\/posts\/188299\/revisions\/188302"}],"wp:featuredmedia":[{"embeddable":true,"href":"https:\/\/franciscanos.org.br\/vidacrista\/wp-json\/wp\/v2\/media\/188301"}],"wp:attachment":[{"href":"https:\/\/franciscanos.org.br\/vidacrista\/wp-json\/wp\/v2\/media?parent=188299"}],"wp:term":[{"taxonomy":"category","embeddable":true,"href":"https:\/\/franciscanos.org.br\/vidacrista\/wp-json\/wp\/v2\/categories?post=188299"},{"taxonomy":"post_tag","embeddable":true,"href":"https:\/\/franciscanos.org.br\/vidacrista\/wp-json\/wp\/v2\/tags?post=188299"}],"curies":[{"name":"wp","href":"https:\/\/api.w.org\/{rel}","templated":true}]}}