{"id":188294,"date":"2020-10-28T10:03:24","date_gmt":"2020-10-28T13:03:24","guid":{"rendered":"https:\/\/franciscanos.org.br\/vidacrista\/?p=188294"},"modified":"2020-10-28T10:04:05","modified_gmt":"2020-10-28T13:04:05","slug":"sao-judas-tadeu-e-sao-simao-eximios-missionarios-do-reino-de-deus-na-inspiracao-de-lc-612-19","status":"publish","type":"post","link":"https:\/\/franciscanos.org.br\/vidacrista\/sao-judas-tadeu-e-sao-simao-eximios-missionarios-do-reino-de-deus-na-inspiracao-de-lc-612-19\/","title":{"rendered":"S\u00e3o Judas Tadeu e S\u00e3o Sim\u00e3o: ex\u00edmios mission\u00e1rios do Reino de Deus, na inspira\u00e7\u00e3o de Lc 6,12-19"},"content":{"rendered":"<div id=\"attachment_188295\" style=\"width: 900px\" class=\"wp-caption alignnone\"><img aria-describedby=\"caption-attachment-188295\" decoding=\"async\" loading=\"lazy\" class=\"wp-image-188295 size-full\" src=\"https:\/\/franciscanos.org.br\/vidacrista\/wp-content\/uploads\/2020\/10\/judas_simao_2811.jpg\" alt=\"\" width=\"890\" height=\"491\" srcset=\"https:\/\/franciscanos.org.br\/vidacrista\/wp-content\/uploads\/2020\/10\/judas_simao_2811.jpg 890w, https:\/\/franciscanos.org.br\/vidacrista\/wp-content\/uploads\/2020\/10\/judas_simao_2811-450x248.jpg 450w, https:\/\/franciscanos.org.br\/vidacrista\/wp-content\/uploads\/2020\/10\/judas_simao_2811-768x424.jpg 768w, https:\/\/franciscanos.org.br\/vidacrista\/wp-content\/uploads\/2020\/10\/judas_simao_2811-150x83.jpg 150w\" sizes=\"(max-width: 890px) 100vw, 890px\" \/><p id=\"caption-attachment-188295\" class=\"wp-caption-text\"><em>\u00a0 \u00a0 \u00a0 \u00a0 \u00a0 \u00a0 \u00a0 \u00a0 \u00a0 \u00a0 \u00a0 \u00a0 \u00a0 \u00a0 \u00a0 \u00a0 \u00a0 \u00a0 \u00a0 \u00a0 \u00a0 \u00a0 \u00a0 \u00a0 \u00a0 \u00a0 \u00a0 \u00a0 \u00a0 \u00a0 \u00a0 \u00a0 Imagem: S\u00e3o Sim\u00e3o | Jusepe de Ribera \/ Imagem: S\u00e3o Judas | Georges de La Tour<\/em><\/p><\/div>\n<p><em>Frei Jacir de Freitas Faria, OFM<\/em><a href=\"#_ftn1\" name=\"_ftnref1\">[1]<\/a><\/p>\n<p>Hoje, 28 de outubro, fim do m\u00eas dedicado \u00e0 miss\u00e3o. Celebramos a mem\u00f3ria dos santos ap\u00f3stolos e mission\u00e1rios: S\u00e3o Judas Tadeu e S\u00e3o Sim\u00e3o. O evangelho que inspira a nossa reflex\u00e3o de hoje \u00e9 Lc 6,12-19. Trata-se da escolha que Jesus fez de doze homens para acompanh\u00e1-lo mais de perto na prega\u00e7\u00e3o do reino de Deus. Qual \u00e9 a import\u00e2ncia desses ap\u00f3stolos, sobretudo Judas Tadeu e Sim\u00e3o?<\/p>\n<p>Na passagem de Lc 6,12-19, dois locais t\u00eam destaque: a montanha e a plan\u00edcie. Jesus, como novo Mois\u00e9s, subiu a montanha, durante a noite, para rezar e discernir quais disc\u00edpulos ele escolheria. Na vis\u00e3o judaica, a montanha significa o contato direto com Deus. J\u00e1 a plan\u00edcie \u00e9 o lugar do in\u00edcio da miss\u00e3o. Escolhidos na montanha, os disc\u00edpulos passam a ser chamados de ap\u00f3stolos. S\u00e3o enviados em miss\u00e3o na plan\u00edcie, onde estavam os outros disc\u00edpulos e a multid\u00e3o, composta de gente de todos os lugares, da Palestina: Judeia e Jerusal\u00e9m; de territ\u00f3rios pag\u00e3os: Tiro e Sid\u00f4nia. Para Lucas, Jesus tem consci\u00eancia de que a multid\u00e3o \u00e9 um povo sem pastor, sem rumo e que precisa de cuidados. Por isso, Jesus os cura de doen\u00e7as, de esp\u00edritos impuros. De Jesus saia uma for\u00e7a que os curava. A miss\u00e3o que Jesus confere aos ap\u00f3stolos \u00e9 a de curar e expulsar dem\u00f4nios, segundo Mateus e Marcos (Mt 10,1; Mc 3,15-16).<\/p>\n<p><iframe loading=\"lazy\" title=\"Reflex\u00e3o b\u00edblica - Festa de S\u00e3o Sim\u00e3o e S\u00e3o Judas Tadeu (28\/10\/2020)\" width=\"500\" height=\"281\" src=\"https:\/\/www.youtube.com\/embed\/QDGhZpYHCL8?feature=oembed\" frameborder=\"0\" allow=\"accelerometer; autoplay; clipboard-write; encrypted-media; gyroscope; picture-in-picture\" allowfullscreen><\/iframe><\/p>\n<p>Por que a escolha de ap\u00f3stolos? O substantivo grego <em>ap\u00f3stolos<\/em>, que traduziu o aramaico <em>saliah, <\/em>significa enviado, mensageiro, aquele que evangeliza ou que propaga uma ideia ou doutrina. O apostolar \u00e9, pois, pregar como ap\u00f3stolo, evangelizar, exercer o minist\u00e9rio de ap\u00f3stolo. Disc\u00edpulo, do latim <em>discipulu, <\/em>significa aquele que recebe o ensinamento de algu\u00e9m. Desse modo, uns s\u00e3o constitu\u00eddos ap\u00f3stolos, os do c\u00edrculo restrito, e, outros, disc\u00edpulos. H\u00e1 uma tradi\u00e7\u00e3o que reconhece tamb\u00e9m Maria Madalena como ap\u00f3stola.<\/p>\n<p>Jesus escolhe doze ap\u00f3stolos, n\u00famero que relembra as doze tribos de Israel, passando a simbolizar o novo Israel, a igreja nascente. Dentre os escolhidos, destacam-se o primeiro da lista: Sim\u00e3o, o qual tem nome mudado para Pedro; o antepen\u00faltimo: Sim\u00e3o, chamado de Zelota; e o pen\u00faltimo: Judas, filho de Tiago, que em Mateus e Marcos \u00e9 chamado de Tadeu (Mt 10,3; Mc 3,18). O \u00faltimo \u00e9 Judas, o traidor, que ser\u00e1 substitu\u00eddo ap\u00f3s a ressurrei\u00e7\u00e3o. Tiago e Jo\u00e3o eram sobrinhos de Judas Tadeu.<\/p>\n<p>Judas Tadeu era primo-irm\u00e3o de Jesus. Seu pai, Alfeu ou Cleofas, o disc\u00edpulo, ao qual Jesus ressuscitado apareceu a caminho de Ema\u00fas, era irm\u00e3o de Jos\u00e9, o esposo de Maria. J\u00e1 a m\u00e3e de Tadeu, Maria de Cleofas, era prima de Maria, a m\u00e3e de Jesus. Por causa disso, Marcos fala que Judas Tadeu era irm\u00e3o de Jesus (Mc 6,3).<\/p>\n<p>Cumprindo a miss\u00e3o dada por Jesus, Judas Tadeu evangelizou a Mesopot\u00e2mia, a S\u00edria, Arm\u00e9nia e P\u00e9rsia, atual Ir\u00e3, onde teria se encontrado com Sim\u00e3o, que, antes, estava pregando no Egito. Juntos expulsaram dem\u00f4nios, curaram doentes, fundaram comunidades, consagraram Abdias como bispo etc. Os seus atos apost\u00f3licos se encontram registrados no ap\u00f3crifo Mem\u00f3rias apost\u00f3licas de Abdias ou Atos ap\u00f3crifos dos Ap\u00f3stolos, publicado em nosso livro: <em>Vida Secreta dos Ap\u00f3stolos e Ap\u00f3stolas \u00e0 luz dos Atos Ap\u00f3crifos <\/em>(Vozes). Segundo essa tradi\u00e7\u00e3o, Judas Tadeu e Sim\u00e3o foram martirizados a golpes de bast\u00f5es, machados e lan\u00e7as a mando de sacerdotes da religi\u00e3o persa. Isso ter\u00e1 ocorrido no dia 28 de outubro do ano 70. Foi Santa Br\u00edgida da Su\u00e9cia (1303-1373) que propagou a devo\u00e7\u00e3o a S\u00e3o Judas Tadeu como santo das causas perdidas, desesperadas e dif\u00edceis de serem resolvidas. Jesus lhe teria aparecido e aconselhado a invocar S\u00e3o Judas Tadeu para resolver os seus problemas. S\u00e3o Judas Tadeu \u00e9 tamb\u00e9m considerado padroeiro dos hospitais. Esses dois ap\u00f3stolos, Judas Tadeu e Sim\u00e3o, foram ex\u00edmios mission\u00e1rios do Reino de Deus. Que n\u00f3s, como disc\u00edpulos, possamos exercer tamb\u00e9m, com vigor prof\u00e9tico, a nossa miss\u00e3o evangelizadora.<\/p>\n<hr \/>\n<p>&nbsp;<\/p>\n<p><a href=\"#_ftnref1\" name=\"_ftn1\">[1]<\/a> Doutor em Teologia B\u00edblica pela FAJE-BH. Mestre em Ci\u00eancias B\u00edblicas (Exegese) pelo Pontif\u00edcio Instituto B\u00edblico de Roma. Professor de Exegese B\u00edblica no Instituto Santo Tom\u00e1s de Aquino (ISTA-BH). \u00c9 membro da Associa\u00e7\u00e3o Brasileira de Pesquisa B\u00edblica (ABIB). Sacerdote Franciscano. Autor de dez livros e coautor de quatorze.<\/p>\n<hr \/>\n<p>Convite: Inscreva-se no nosso canal: Frei Jacir \u2013 Biblia \u2013 Ap\u00f3crifos<br \/>\n<a href=\"https:\/\/www.youtube.com\/watch?v=z7mkHXtkWq0&amp;t=8s\">https:\/\/www.youtube.com\/watch?v=z7mkHXtkWq0&amp;t=8s<\/a> Nele voc\u00ea ter\u00e1 a oportunidade de acompanhar minicursos e aulas sobre os livros da B\u00edblia e os ap\u00f3crifos. Espero por voc\u00ea!<\/p>\n","protected":false},"excerpt":{"rendered":"<p>Artigo de Jacir de Freitas Faria<\/p>\n","protected":false},"author":3,"featured_media":188296,"comment_status":"open","ping_status":"open","sticky":false,"template":"","format":"standard","meta":{"footnotes":""},"categories":[26],"tags":[43],"yoast_head":"<!-- This site is optimized with the Yoast SEO plugin v19.4 - https:\/\/yoast.com\/wordpress\/plugins\/seo\/ -->\n<title>S\u00e3o Judas Tadeu e S\u00e3o Sim\u00e3o: ex\u00edmios mission\u00e1rios do Reino de Deus, na inspira\u00e7\u00e3o de Lc 6,12-19 - Vida Crist\u00e3 - Franciscanos<\/title>\n<meta name=\"robots\" content=\"index, follow, max-snippet:-1, max-image-preview:large, max-video-preview:-1\" \/>\n<link rel=\"canonical\" href=\"https:\/\/franciscanos.org.br\/vidacrista\/sao-judas-tadeu-e-sao-simao-eximios-missionarios-do-reino-de-deus-na-inspiracao-de-lc-612-19\/\" \/>\n<meta property=\"og:locale\" content=\"pt_BR\" \/>\n<meta property=\"og:type\" content=\"article\" \/>\n<meta property=\"og:title\" content=\"S\u00e3o Judas Tadeu e S\u00e3o Sim\u00e3o: ex\u00edmios mission\u00e1rios do Reino de Deus, na inspira\u00e7\u00e3o de Lc 6,12-19 - Vida Crist\u00e3 - Franciscanos\" \/>\n<meta property=\"og:description\" content=\"Artigo de Jacir de Freitas Faria\" \/>\n<meta property=\"og:url\" content=\"https:\/\/franciscanos.org.br\/vidacrista\/sao-judas-tadeu-e-sao-simao-eximios-missionarios-do-reino-de-deus-na-inspiracao-de-lc-612-19\/\" \/>\n<meta property=\"og:site_name\" content=\"Vida Crist\u00e3 - Franciscanos\" \/>\n<meta property=\"article:published_time\" content=\"2020-10-28T13:03:24+00:00\" \/>\n<meta property=\"article:modified_time\" content=\"2020-10-28T13:04:05+00:00\" \/>\n<meta property=\"og:image\" content=\"https:\/\/franciscanos.org.br\/vidacrista\/wp-content\/uploads\/2020\/10\/judas_simao_2811d.jpg\" \/>\n\t<meta property=\"og:image:width\" content=\"800\" \/>\n\t<meta property=\"og:image:height\" content=\"601\" \/>\n\t<meta property=\"og:image:type\" content=\"image\/jpeg\" \/>\n<meta name=\"author\" content=\"moacir\" \/>\n<meta name=\"twitter:card\" content=\"summary_large_image\" \/>\n<meta name=\"twitter:label1\" content=\"Escrito por\" \/>\n\t<meta name=\"twitter:data1\" content=\"moacir\" \/>\n\t<meta name=\"twitter:label2\" content=\"Est. tempo de leitura\" \/>\n\t<meta name=\"twitter:data2\" content=\"4 minutos\" \/>\n<script type=\"application\/ld+json\" class=\"yoast-schema-graph\">{\"@context\":\"https:\/\/schema.org\",\"@graph\":[{\"@type\":\"WebSite\",\"@id\":\"https:\/\/franciscanos.org.br\/vidacrista\/#website\",\"url\":\"https:\/\/franciscanos.org.br\/vidacrista\/\",\"name\":\"Vida Crist\u00e3 - Franciscanos\",\"description\":\"Prov\u00edncia Franciscana da Imaculada Concei\u00e7\u00e3o do Brasil - Ordem dos Frades Menores\",\"potentialAction\":[{\"@type\":\"SearchAction\",\"target\":{\"@type\":\"EntryPoint\",\"urlTemplate\":\"https:\/\/franciscanos.org.br\/vidacrista\/?s={search_term_string}\"},\"query-input\":\"required name=search_term_string\"}],\"inLanguage\":\"pt-BR\"},{\"@type\":\"WebPage\",\"@id\":\"https:\/\/franciscanos.org.br\/vidacrista\/sao-judas-tadeu-e-sao-simao-eximios-missionarios-do-reino-de-deus-na-inspiracao-de-lc-612-19\/\",\"url\":\"https:\/\/franciscanos.org.br\/vidacrista\/sao-judas-tadeu-e-sao-simao-eximios-missionarios-do-reino-de-deus-na-inspiracao-de-lc-612-19\/\",\"name\":\"S\u00e3o Judas Tadeu e S\u00e3o Sim\u00e3o: ex\u00edmios mission\u00e1rios do Reino de Deus, na inspira\u00e7\u00e3o de Lc 6,12-19 - Vida Crist\u00e3 - Franciscanos\",\"isPartOf\":{\"@id\":\"https:\/\/franciscanos.org.br\/vidacrista\/#website\"},\"datePublished\":\"2020-10-28T13:03:24+00:00\",\"dateModified\":\"2020-10-28T13:04:05+00:00\",\"author\":{\"@id\":\"https:\/\/franciscanos.org.br\/vidacrista\/#\/schema\/person\/1880bdd2c350b735648725ef7614736a\"},\"breadcrumb\":{\"@id\":\"https:\/\/franciscanos.org.br\/vidacrista\/sao-judas-tadeu-e-sao-simao-eximios-missionarios-do-reino-de-deus-na-inspiracao-de-lc-612-19\/#breadcrumb\"},\"inLanguage\":\"pt-BR\",\"potentialAction\":[{\"@type\":\"ReadAction\",\"target\":[\"https:\/\/franciscanos.org.br\/vidacrista\/sao-judas-tadeu-e-sao-simao-eximios-missionarios-do-reino-de-deus-na-inspiracao-de-lc-612-19\/\"]}]},{\"@type\":\"BreadcrumbList\",\"@id\":\"https:\/\/franciscanos.org.br\/vidacrista\/sao-judas-tadeu-e-sao-simao-eximios-missionarios-do-reino-de-deus-na-inspiracao-de-lc-612-19\/#breadcrumb\",\"itemListElement\":[{\"@type\":\"ListItem\",\"position\":1,\"name\":\"Home\",\"item\":\"https:\/\/franciscanos.org.br\/vidacrista\/\"},{\"@type\":\"ListItem\",\"position\":2,\"name\":\"S\u00e3o Judas Tadeu e S\u00e3o Sim\u00e3o: ex\u00edmios mission\u00e1rios do Reino de Deus, na inspira\u00e7\u00e3o de Lc 6,12-19\"}]},{\"@type\":\"Person\",\"@id\":\"https:\/\/franciscanos.org.br\/vidacrista\/#\/schema\/person\/1880bdd2c350b735648725ef7614736a\",\"name\":\"moacir\",\"image\":{\"@type\":\"ImageObject\",\"inLanguage\":\"pt-BR\",\"@id\":\"https:\/\/franciscanos.org.br\/vidacrista\/#\/schema\/person\/image\/\",\"url\":\"https:\/\/secure.gravatar.com\/avatar\/d08aa2ce4c8dd416d4479aa8536fcf64?s=96&d=mm&r=g\",\"contentUrl\":\"https:\/\/secure.gravatar.com\/avatar\/d08aa2ce4c8dd416d4479aa8536fcf64?s=96&d=mm&r=g\",\"caption\":\"moacir\"},\"url\":\"https:\/\/franciscanos.org.br\/vidacrista\/author\/moacir\/\"}]}<\/script>\n<!-- \/ Yoast SEO plugin. -->","yoast_head_json":{"title":"S\u00e3o Judas Tadeu e S\u00e3o Sim\u00e3o: ex\u00edmios mission\u00e1rios do Reino de Deus, na inspira\u00e7\u00e3o de Lc 6,12-19 - Vida Crist\u00e3 - Franciscanos","robots":{"index":"index","follow":"follow","max-snippet":"max-snippet:-1","max-image-preview":"max-image-preview:large","max-video-preview":"max-video-preview:-1"},"canonical":"https:\/\/franciscanos.org.br\/vidacrista\/sao-judas-tadeu-e-sao-simao-eximios-missionarios-do-reino-de-deus-na-inspiracao-de-lc-612-19\/","og_locale":"pt_BR","og_type":"article","og_title":"S\u00e3o Judas Tadeu e S\u00e3o Sim\u00e3o: ex\u00edmios mission\u00e1rios do Reino de Deus, na inspira\u00e7\u00e3o de Lc 6,12-19 - Vida Crist\u00e3 - Franciscanos","og_description":"Artigo de Jacir de Freitas Faria","og_url":"https:\/\/franciscanos.org.br\/vidacrista\/sao-judas-tadeu-e-sao-simao-eximios-missionarios-do-reino-de-deus-na-inspiracao-de-lc-612-19\/","og_site_name":"Vida Crist\u00e3 - Franciscanos","article_published_time":"2020-10-28T13:03:24+00:00","article_modified_time":"2020-10-28T13:04:05+00:00","og_image":[{"width":800,"height":601,"url":"https:\/\/franciscanos.org.br\/vidacrista\/wp-content\/uploads\/2020\/10\/judas_simao_2811d.jpg","type":"image\/jpeg"}],"author":"moacir","twitter_card":"summary_large_image","twitter_misc":{"Escrito por":"moacir","Est. tempo de leitura":"4 minutos"},"schema":{"@context":"https:\/\/schema.org","@graph":[{"@type":"WebSite","@id":"https:\/\/franciscanos.org.br\/vidacrista\/#website","url":"https:\/\/franciscanos.org.br\/vidacrista\/","name":"Vida Crist\u00e3 - Franciscanos","description":"Prov\u00edncia Franciscana da Imaculada Concei\u00e7\u00e3o do Brasil - Ordem dos Frades Menores","potentialAction":[{"@type":"SearchAction","target":{"@type":"EntryPoint","urlTemplate":"https:\/\/franciscanos.org.br\/vidacrista\/?s={search_term_string}"},"query-input":"required name=search_term_string"}],"inLanguage":"pt-BR"},{"@type":"WebPage","@id":"https:\/\/franciscanos.org.br\/vidacrista\/sao-judas-tadeu-e-sao-simao-eximios-missionarios-do-reino-de-deus-na-inspiracao-de-lc-612-19\/","url":"https:\/\/franciscanos.org.br\/vidacrista\/sao-judas-tadeu-e-sao-simao-eximios-missionarios-do-reino-de-deus-na-inspiracao-de-lc-612-19\/","name":"S\u00e3o Judas Tadeu e S\u00e3o Sim\u00e3o: ex\u00edmios mission\u00e1rios do Reino de Deus, na inspira\u00e7\u00e3o de Lc 6,12-19 - Vida Crist\u00e3 - Franciscanos","isPartOf":{"@id":"https:\/\/franciscanos.org.br\/vidacrista\/#website"},"datePublished":"2020-10-28T13:03:24+00:00","dateModified":"2020-10-28T13:04:05+00:00","author":{"@id":"https:\/\/franciscanos.org.br\/vidacrista\/#\/schema\/person\/1880bdd2c350b735648725ef7614736a"},"breadcrumb":{"@id":"https:\/\/franciscanos.org.br\/vidacrista\/sao-judas-tadeu-e-sao-simao-eximios-missionarios-do-reino-de-deus-na-inspiracao-de-lc-612-19\/#breadcrumb"},"inLanguage":"pt-BR","potentialAction":[{"@type":"ReadAction","target":["https:\/\/franciscanos.org.br\/vidacrista\/sao-judas-tadeu-e-sao-simao-eximios-missionarios-do-reino-de-deus-na-inspiracao-de-lc-612-19\/"]}]},{"@type":"BreadcrumbList","@id":"https:\/\/franciscanos.org.br\/vidacrista\/sao-judas-tadeu-e-sao-simao-eximios-missionarios-do-reino-de-deus-na-inspiracao-de-lc-612-19\/#breadcrumb","itemListElement":[{"@type":"ListItem","position":1,"name":"Home","item":"https:\/\/franciscanos.org.br\/vidacrista\/"},{"@type":"ListItem","position":2,"name":"S\u00e3o Judas Tadeu e S\u00e3o Sim\u00e3o: ex\u00edmios mission\u00e1rios do Reino de Deus, na inspira\u00e7\u00e3o de Lc 6,12-19"}]},{"@type":"Person","@id":"https:\/\/franciscanos.org.br\/vidacrista\/#\/schema\/person\/1880bdd2c350b735648725ef7614736a","name":"moacir","image":{"@type":"ImageObject","inLanguage":"pt-BR","@id":"https:\/\/franciscanos.org.br\/vidacrista\/#\/schema\/person\/image\/","url":"https:\/\/secure.gravatar.com\/avatar\/d08aa2ce4c8dd416d4479aa8536fcf64?s=96&d=mm&r=g","contentUrl":"https:\/\/secure.gravatar.com\/avatar\/d08aa2ce4c8dd416d4479aa8536fcf64?s=96&d=mm&r=g","caption":"moacir"},"url":"https:\/\/franciscanos.org.br\/vidacrista\/author\/moacir\/"}]}},"_links":{"self":[{"href":"https:\/\/franciscanos.org.br\/vidacrista\/wp-json\/wp\/v2\/posts\/188294"}],"collection":[{"href":"https:\/\/franciscanos.org.br\/vidacrista\/wp-json\/wp\/v2\/posts"}],"about":[{"href":"https:\/\/franciscanos.org.br\/vidacrista\/wp-json\/wp\/v2\/types\/post"}],"author":[{"embeddable":true,"href":"https:\/\/franciscanos.org.br\/vidacrista\/wp-json\/wp\/v2\/users\/3"}],"replies":[{"embeddable":true,"href":"https:\/\/franciscanos.org.br\/vidacrista\/wp-json\/wp\/v2\/comments?post=188294"}],"version-history":[{"count":2,"href":"https:\/\/franciscanos.org.br\/vidacrista\/wp-json\/wp\/v2\/posts\/188294\/revisions"}],"predecessor-version":[{"id":188298,"href":"https:\/\/franciscanos.org.br\/vidacrista\/wp-json\/wp\/v2\/posts\/188294\/revisions\/188298"}],"wp:featuredmedia":[{"embeddable":true,"href":"https:\/\/franciscanos.org.br\/vidacrista\/wp-json\/wp\/v2\/media\/188296"}],"wp:attachment":[{"href":"https:\/\/franciscanos.org.br\/vidacrista\/wp-json\/wp\/v2\/media?parent=188294"}],"wp:term":[{"taxonomy":"category","embeddable":true,"href":"https:\/\/franciscanos.org.br\/vidacrista\/wp-json\/wp\/v2\/categories?post=188294"},{"taxonomy":"post_tag","embeddable":true,"href":"https:\/\/franciscanos.org.br\/vidacrista\/wp-json\/wp\/v2\/tags?post=188294"}],"curies":[{"name":"wp","href":"https:\/\/api.w.org\/{rel}","templated":true}]}}