{"id":188290,"date":"2020-10-28T07:20:59","date_gmt":"2020-10-28T10:20:59","guid":{"rendered":"https:\/\/franciscanos.org.br\/vidacrista\/?p=188290"},"modified":"2020-10-28T07:20:59","modified_gmt":"2020-10-28T10:20:59","slug":"o-amor-ao-proximo-e-relacoes-humanas-fragilizadas-crise-etica-do-cuidado","status":"publish","type":"post","link":"https:\/\/franciscanos.org.br\/vidacrista\/o-amor-ao-proximo-e-relacoes-humanas-fragilizadas-crise-etica-do-cuidado\/","title":{"rendered":"O amor ao pr\u00f3ximo e rela\u00e7\u00f5es humanas fragilizadas: crise \u00e9tica do cuidado?"},"content":{"rendered":"<div id=\"attachment_188292\" style=\"width: 850px\" class=\"wp-caption alignnone\"><img aria-describedby=\"caption-attachment-188292\" decoding=\"async\" loading=\"lazy\" class=\"wp-image-188292 size-full\" src=\"https:\/\/franciscanos.org.br\/vidacrista\/wp-content\/uploads\/2020\/10\/artigo_2811.png\" alt=\"\" width=\"840\" height=\"450\" srcset=\"https:\/\/franciscanos.org.br\/vidacrista\/wp-content\/uploads\/2020\/10\/artigo_2811.png 840w, https:\/\/franciscanos.org.br\/vidacrista\/wp-content\/uploads\/2020\/10\/artigo_2811-450x241.png 450w, https:\/\/franciscanos.org.br\/vidacrista\/wp-content\/uploads\/2020\/10\/artigo_2811-768x411.png 768w, https:\/\/franciscanos.org.br\/vidacrista\/wp-content\/uploads\/2020\/10\/artigo_2811-150x80.png 150w\" sizes=\"(max-width: 840px) 100vw, 840px\" \/><p id=\"caption-attachment-188292\" class=\"wp-caption-text\">\u00a0 \u00a0 \u00a0 \u00a0 \u00a0 \u00a0 \u00a0 \u00a0 \u00a0 \u00a0 \u00a0 \u00a0 \u00a0 \u00a0 \u00a0 \u00a0 \u00a0 \u00a0 \u00a0 \u00a0 \u00a0 \u00a0 \u00a0 \u00a0 \u00a0 \u00a0 \u00a0 \u00a0 \u00a0 \u00a0 \u00a0 \u00a0 \u00a0 \u00a0 \u00a0 \u00a0 \u00a0 \u00a0 \u00a0 \u00a0 \u00a0 \u00a0 \u00a0 \u00a0 \u00a0 \u00a0 \u00a0 \u00a0 \u00a0 \u00a0 \u00a0 \u00a0 \u00a0 \u00a0 \u00a0 \u00a0 \u00a0 \u00a0 \u00a0 \u00a0 \u00a0 \u00a0 \u00a0 <em>\u00a0 \u00a0Imagem ilustrativa: (fonte: Canva)<\/em><\/p><\/div>\n<p><strong>Robson Ribeiro de Oliveira Castro<\/strong><\/p>\n<p>A pandemia da Covid-19, vivenciada pelo mundo inteiro, j\u00e1 fez milh\u00f5es de v\u00edtimas. Trata-se de uma realidade nunca antes concebida. Nem os melhores roteiristas de Hollywood poderiam imaginar que, na vida real, passar\u00edamos por uma amea\u00e7a invis\u00edvel de um v\u00edrus com tamanho poder de propaga\u00e7\u00e3o, que mata todos os dias.<\/p>\n<p>N\u00e3o podemos menosprezar o n\u00famero de mortos. S\u00e3o indiv\u00edduos, s\u00e3o vidas humanas abreviadas pela Covid-19. S\u00e3o pessoas que sofreram as consequ\u00eancias diretas dessa dif\u00edcil realidade. N\u00e3o s\u00e3o somente n\u00fameros, s\u00e3o vidas, s\u00e3o fam\u00edlias que se desfizeram com a morte de um ou mais membros. Essa realidade \u00e9, acima de tudo, um caminho de cuidado, de zelo \u00e9tico pelos afligidos pela contamina\u00e7\u00e3o e aten\u00e7\u00e3o aos que mais sofrem. O Papa Francisco, na nova enc\u00edclica lan\u00e7ada dia 3 de outubro passado, que tem por t\u00edtulo <em>Fratelli Tutti<\/em> (FT) sobre a fraternidade e a amizade social, nos alerta que: <strong><em>\u201c\u00c9 verdade que uma trag\u00e9dia global como a pandemia da Covid-19 despertou, por algum tempo, a consci\u00eancia de sermos uma comunidade mundial que viaja no mesmo barco, onde o mal de um prejudica a todos.\u201d<\/em><\/strong> (FT, n. 32)<\/p>\n<p>\u00c9 preciso nos apoiar na realidade, encarar o que estamos vivendo. N\u00e3o podemos deixar de lado a gravidade dos acontecimentos e muito menos nos aprisionar no reflexo das sombras dentro da caverna. Precisamos seguir em frente, mas n\u00e3o \u00e9 \u00e9tico ocultar ou virar \u00e0 realidade. \u00c9 preciso revelar, tirar o v\u00e9u, ou seja, tirar das sombras o que est\u00e1 oculto e encarar a realidade. \u00c9 preciso um agir \u00e9tico. Pensar em \u00e9tica \u00e9 pensar em condutas e valores que, honestamente, possam nortear nossas a\u00e7\u00f5es e decis\u00f5es.<\/p>\n<p>Um \u201cmundo novo\u201d s\u00f3 ser\u00e1 poss\u00edvel se formos construtores de uma mudan\u00e7a em n\u00f3s para olharmos a realidade que vivemos. Devemos observar e fazer valer a nossa ora\u00e7\u00e3o, o nosso pedido de aux\u00edlio a Deus que \u00e9 Pai todo misericordioso. Ele nos escuta e vem em socorro da nossa vida. A realidade atual vivenciada por n\u00f3s \u00e9 um convite a olhar para esta pandemia como desafio a ser superado. Como caminho para criar esperan\u00e7a e gestar uma realidade nova, novos projetos e outro jeito de viver, mais humano, mais \u00e9tico e solid\u00e1rio. Jesus, que foi o verdadeiro propagador da mudan\u00e7a de sua \u00e9poca, inspire-nos a continuar nesta caminhada.<\/p>\n<p>O Papa Francisco nos convoca a refletir nossa a\u00e7\u00e3o no mundo e nossa perten\u00e7a a uma sociedade que n\u00e3o sabe agir e viver em conjunto: <strong><em>\u201cFicou evidente a incapacidade de agir em conjunto. Apesar de estarmos superconectados, verificou-se uma fragmenta\u00e7\u00e3o que tornou mais dif\u00edcil resolver os problemas que nos afetam a todos.\u201d<\/em><\/strong> (FT, n. 7)<\/p>\n<p>Destarte \u00e9 necess\u00e1rio observar o que temos feito e como temos vivido nossa vida diante da rela\u00e7\u00e3o que temos com o outro e cuidado para com ele. Francisco \u00e9 categ\u00f3rico e afirma: <strong><em>\u201cDesejo ardentemente que, neste tempo que nos cabe viver, reconhecendo a dignidade de cada pessoa humana, possamos fazer renascer, entre todos, um anseio mundial de fraternidade.\u201d<\/em><\/strong> (FT, n. 8)<\/p>\n<p>Atentos a este clamor e impelidos pela realidade que se apresenta a nova Carta Enc\u00edclica do Papa Francisco, somos chamados \u00e0 convers\u00e3o e \u00e0 viv\u00eancia de uma amizade social. Que possamos observar nossa caminhada e pertencimento a uma condi\u00e7\u00e3o de filhos e filhas de Deus!<\/p>\n<hr \/>\n<p><strong>Robson Ribeiro de Oliveira Castro<\/strong>\u00a0\u00a0<em>\u00e9 leigo, casado. Mestre em Teologia pela Faculdade Jesu\u00edta de Filosofia e Teologia (FAJE). Atualmente leciona no Instituto Teol\u00f3gico Franciscano (ITF). E-mail: robsonrcastro@yahoo.com.br.<\/em><\/p>\n","protected":false},"excerpt":{"rendered":"<p>Artigo de Robson Ribeiro de Oliveira Castro<\/p>\n","protected":false},"author":3,"featured_media":188291,"comment_status":"open","ping_status":"open","sticky":false,"template":"","format":"standard","meta":{"footnotes":""},"categories":[26],"tags":[328],"yoast_head":"<!-- This site is optimized with the Yoast SEO plugin v19.4 - https:\/\/yoast.com\/wordpress\/plugins\/seo\/ -->\n<title>O amor ao pr\u00f3ximo e rela\u00e7\u00f5es humanas fragilizadas: crise \u00e9tica do cuidado? - Vida Crist\u00e3 - Franciscanos<\/title>\n<meta name=\"robots\" content=\"index, follow, max-snippet:-1, max-image-preview:large, max-video-preview:-1\" \/>\n<link rel=\"canonical\" href=\"https:\/\/franciscanos.org.br\/vidacrista\/o-amor-ao-proximo-e-relacoes-humanas-fragilizadas-crise-etica-do-cuidado\/\" \/>\n<meta property=\"og:locale\" content=\"pt_BR\" \/>\n<meta property=\"og:type\" content=\"article\" \/>\n<meta property=\"og:title\" content=\"O amor ao pr\u00f3ximo e rela\u00e7\u00f5es humanas fragilizadas: crise \u00e9tica do cuidado? - Vida Crist\u00e3 - Franciscanos\" \/>\n<meta property=\"og:description\" content=\"Artigo de Robson Ribeiro de Oliveira Castro\" \/>\n<meta property=\"og:url\" content=\"https:\/\/franciscanos.org.br\/vidacrista\/o-amor-ao-proximo-e-relacoes-humanas-fragilizadas-crise-etica-do-cuidado\/\" \/>\n<meta property=\"og:site_name\" content=\"Vida Crist\u00e3 - Franciscanos\" \/>\n<meta property=\"article:published_time\" content=\"2020-10-28T10:20:59+00:00\" \/>\n<meta property=\"og:image\" content=\"https:\/\/franciscanos.org.br\/vidacrista\/wp-content\/uploads\/2020\/10\/artigo_2811d.png\" \/>\n\t<meta property=\"og:image:width\" content=\"800\" \/>\n\t<meta property=\"og:image:height\" content=\"600\" \/>\n\t<meta property=\"og:image:type\" content=\"image\/png\" \/>\n<meta name=\"author\" content=\"moacir\" \/>\n<meta name=\"twitter:card\" content=\"summary_large_image\" \/>\n<meta name=\"twitter:label1\" content=\"Escrito por\" \/>\n\t<meta name=\"twitter:data1\" content=\"moacir\" \/>\n\t<meta name=\"twitter:label2\" content=\"Est. tempo de leitura\" \/>\n\t<meta name=\"twitter:data2\" content=\"3 minutos\" \/>\n<script type=\"application\/ld+json\" class=\"yoast-schema-graph\">{\"@context\":\"https:\/\/schema.org\",\"@graph\":[{\"@type\":\"WebSite\",\"@id\":\"https:\/\/franciscanos.org.br\/vidacrista\/#website\",\"url\":\"https:\/\/franciscanos.org.br\/vidacrista\/\",\"name\":\"Vida Crist\u00e3 - Franciscanos\",\"description\":\"Prov\u00edncia Franciscana da Imaculada Concei\u00e7\u00e3o do Brasil - Ordem dos Frades Menores\",\"potentialAction\":[{\"@type\":\"SearchAction\",\"target\":{\"@type\":\"EntryPoint\",\"urlTemplate\":\"https:\/\/franciscanos.org.br\/vidacrista\/?s={search_term_string}\"},\"query-input\":\"required name=search_term_string\"}],\"inLanguage\":\"pt-BR\"},{\"@type\":\"WebPage\",\"@id\":\"https:\/\/franciscanos.org.br\/vidacrista\/o-amor-ao-proximo-e-relacoes-humanas-fragilizadas-crise-etica-do-cuidado\/\",\"url\":\"https:\/\/franciscanos.org.br\/vidacrista\/o-amor-ao-proximo-e-relacoes-humanas-fragilizadas-crise-etica-do-cuidado\/\",\"name\":\"O amor ao pr\u00f3ximo e rela\u00e7\u00f5es humanas fragilizadas: crise \u00e9tica do cuidado? - Vida Crist\u00e3 - Franciscanos\",\"isPartOf\":{\"@id\":\"https:\/\/franciscanos.org.br\/vidacrista\/#website\"},\"datePublished\":\"2020-10-28T10:20:59+00:00\",\"dateModified\":\"2020-10-28T10:20:59+00:00\",\"author\":{\"@id\":\"https:\/\/franciscanos.org.br\/vidacrista\/#\/schema\/person\/1880bdd2c350b735648725ef7614736a\"},\"breadcrumb\":{\"@id\":\"https:\/\/franciscanos.org.br\/vidacrista\/o-amor-ao-proximo-e-relacoes-humanas-fragilizadas-crise-etica-do-cuidado\/#breadcrumb\"},\"inLanguage\":\"pt-BR\",\"potentialAction\":[{\"@type\":\"ReadAction\",\"target\":[\"https:\/\/franciscanos.org.br\/vidacrista\/o-amor-ao-proximo-e-relacoes-humanas-fragilizadas-crise-etica-do-cuidado\/\"]}]},{\"@type\":\"BreadcrumbList\",\"@id\":\"https:\/\/franciscanos.org.br\/vidacrista\/o-amor-ao-proximo-e-relacoes-humanas-fragilizadas-crise-etica-do-cuidado\/#breadcrumb\",\"itemListElement\":[{\"@type\":\"ListItem\",\"position\":1,\"name\":\"Home\",\"item\":\"https:\/\/franciscanos.org.br\/vidacrista\/\"},{\"@type\":\"ListItem\",\"position\":2,\"name\":\"O amor ao pr\u00f3ximo e rela\u00e7\u00f5es humanas fragilizadas: crise \u00e9tica do cuidado?\"}]},{\"@type\":\"Person\",\"@id\":\"https:\/\/franciscanos.org.br\/vidacrista\/#\/schema\/person\/1880bdd2c350b735648725ef7614736a\",\"name\":\"moacir\",\"image\":{\"@type\":\"ImageObject\",\"inLanguage\":\"pt-BR\",\"@id\":\"https:\/\/franciscanos.org.br\/vidacrista\/#\/schema\/person\/image\/\",\"url\":\"https:\/\/secure.gravatar.com\/avatar\/d08aa2ce4c8dd416d4479aa8536fcf64?s=96&d=mm&r=g\",\"contentUrl\":\"https:\/\/secure.gravatar.com\/avatar\/d08aa2ce4c8dd416d4479aa8536fcf64?s=96&d=mm&r=g\",\"caption\":\"moacir\"},\"url\":\"https:\/\/franciscanos.org.br\/vidacrista\/author\/moacir\/\"}]}<\/script>\n<!-- \/ Yoast SEO plugin. -->","yoast_head_json":{"title":"O amor ao pr\u00f3ximo e rela\u00e7\u00f5es humanas fragilizadas: crise \u00e9tica do cuidado? - Vida Crist\u00e3 - Franciscanos","robots":{"index":"index","follow":"follow","max-snippet":"max-snippet:-1","max-image-preview":"max-image-preview:large","max-video-preview":"max-video-preview:-1"},"canonical":"https:\/\/franciscanos.org.br\/vidacrista\/o-amor-ao-proximo-e-relacoes-humanas-fragilizadas-crise-etica-do-cuidado\/","og_locale":"pt_BR","og_type":"article","og_title":"O amor ao pr\u00f3ximo e rela\u00e7\u00f5es humanas fragilizadas: crise \u00e9tica do cuidado? - Vida Crist\u00e3 - Franciscanos","og_description":"Artigo de Robson Ribeiro de Oliveira Castro","og_url":"https:\/\/franciscanos.org.br\/vidacrista\/o-amor-ao-proximo-e-relacoes-humanas-fragilizadas-crise-etica-do-cuidado\/","og_site_name":"Vida Crist\u00e3 - Franciscanos","article_published_time":"2020-10-28T10:20:59+00:00","og_image":[{"width":800,"height":600,"url":"https:\/\/franciscanos.org.br\/vidacrista\/wp-content\/uploads\/2020\/10\/artigo_2811d.png","type":"image\/png"}],"author":"moacir","twitter_card":"summary_large_image","twitter_misc":{"Escrito por":"moacir","Est. tempo de leitura":"3 minutos"},"schema":{"@context":"https:\/\/schema.org","@graph":[{"@type":"WebSite","@id":"https:\/\/franciscanos.org.br\/vidacrista\/#website","url":"https:\/\/franciscanos.org.br\/vidacrista\/","name":"Vida Crist\u00e3 - Franciscanos","description":"Prov\u00edncia Franciscana da Imaculada Concei\u00e7\u00e3o do Brasil - Ordem dos Frades Menores","potentialAction":[{"@type":"SearchAction","target":{"@type":"EntryPoint","urlTemplate":"https:\/\/franciscanos.org.br\/vidacrista\/?s={search_term_string}"},"query-input":"required name=search_term_string"}],"inLanguage":"pt-BR"},{"@type":"WebPage","@id":"https:\/\/franciscanos.org.br\/vidacrista\/o-amor-ao-proximo-e-relacoes-humanas-fragilizadas-crise-etica-do-cuidado\/","url":"https:\/\/franciscanos.org.br\/vidacrista\/o-amor-ao-proximo-e-relacoes-humanas-fragilizadas-crise-etica-do-cuidado\/","name":"O amor ao pr\u00f3ximo e rela\u00e7\u00f5es humanas fragilizadas: crise \u00e9tica do cuidado? - Vida Crist\u00e3 - Franciscanos","isPartOf":{"@id":"https:\/\/franciscanos.org.br\/vidacrista\/#website"},"datePublished":"2020-10-28T10:20:59+00:00","dateModified":"2020-10-28T10:20:59+00:00","author":{"@id":"https:\/\/franciscanos.org.br\/vidacrista\/#\/schema\/person\/1880bdd2c350b735648725ef7614736a"},"breadcrumb":{"@id":"https:\/\/franciscanos.org.br\/vidacrista\/o-amor-ao-proximo-e-relacoes-humanas-fragilizadas-crise-etica-do-cuidado\/#breadcrumb"},"inLanguage":"pt-BR","potentialAction":[{"@type":"ReadAction","target":["https:\/\/franciscanos.org.br\/vidacrista\/o-amor-ao-proximo-e-relacoes-humanas-fragilizadas-crise-etica-do-cuidado\/"]}]},{"@type":"BreadcrumbList","@id":"https:\/\/franciscanos.org.br\/vidacrista\/o-amor-ao-proximo-e-relacoes-humanas-fragilizadas-crise-etica-do-cuidado\/#breadcrumb","itemListElement":[{"@type":"ListItem","position":1,"name":"Home","item":"https:\/\/franciscanos.org.br\/vidacrista\/"},{"@type":"ListItem","position":2,"name":"O amor ao pr\u00f3ximo e rela\u00e7\u00f5es humanas fragilizadas: crise \u00e9tica do cuidado?"}]},{"@type":"Person","@id":"https:\/\/franciscanos.org.br\/vidacrista\/#\/schema\/person\/1880bdd2c350b735648725ef7614736a","name":"moacir","image":{"@type":"ImageObject","inLanguage":"pt-BR","@id":"https:\/\/franciscanos.org.br\/vidacrista\/#\/schema\/person\/image\/","url":"https:\/\/secure.gravatar.com\/avatar\/d08aa2ce4c8dd416d4479aa8536fcf64?s=96&d=mm&r=g","contentUrl":"https:\/\/secure.gravatar.com\/avatar\/d08aa2ce4c8dd416d4479aa8536fcf64?s=96&d=mm&r=g","caption":"moacir"},"url":"https:\/\/franciscanos.org.br\/vidacrista\/author\/moacir\/"}]}},"_links":{"self":[{"href":"https:\/\/franciscanos.org.br\/vidacrista\/wp-json\/wp\/v2\/posts\/188290"}],"collection":[{"href":"https:\/\/franciscanos.org.br\/vidacrista\/wp-json\/wp\/v2\/posts"}],"about":[{"href":"https:\/\/franciscanos.org.br\/vidacrista\/wp-json\/wp\/v2\/types\/post"}],"author":[{"embeddable":true,"href":"https:\/\/franciscanos.org.br\/vidacrista\/wp-json\/wp\/v2\/users\/3"}],"replies":[{"embeddable":true,"href":"https:\/\/franciscanos.org.br\/vidacrista\/wp-json\/wp\/v2\/comments?post=188290"}],"version-history":[{"count":1,"href":"https:\/\/franciscanos.org.br\/vidacrista\/wp-json\/wp\/v2\/posts\/188290\/revisions"}],"predecessor-version":[{"id":188293,"href":"https:\/\/franciscanos.org.br\/vidacrista\/wp-json\/wp\/v2\/posts\/188290\/revisions\/188293"}],"wp:featuredmedia":[{"embeddable":true,"href":"https:\/\/franciscanos.org.br\/vidacrista\/wp-json\/wp\/v2\/media\/188291"}],"wp:attachment":[{"href":"https:\/\/franciscanos.org.br\/vidacrista\/wp-json\/wp\/v2\/media?parent=188290"}],"wp:term":[{"taxonomy":"category","embeddable":true,"href":"https:\/\/franciscanos.org.br\/vidacrista\/wp-json\/wp\/v2\/categories?post=188290"},{"taxonomy":"post_tag","embeddable":true,"href":"https:\/\/franciscanos.org.br\/vidacrista\/wp-json\/wp\/v2\/tags?post=188290"}],"curies":[{"name":"wp","href":"https:\/\/api.w.org\/{rel}","templated":true}]}}