{"id":188246,"date":"2020-10-20T07:04:39","date_gmt":"2020-10-20T10:04:39","guid":{"rendered":"https:\/\/franciscanos.org.br\/vidacrista\/?p=188246"},"modified":"2020-10-20T07:04:39","modified_gmt":"2020-10-20T10:04:39","slug":"a-porta-dos-feridos","status":"publish","type":"post","link":"https:\/\/franciscanos.org.br\/vidacrista\/a-porta-dos-feridos\/","title":{"rendered":"A porta dos feridos"},"content":{"rendered":"<div id=\"attachment_188247\" style=\"width: 850px\" class=\"wp-caption alignnone\"><img aria-describedby=\"caption-attachment-188247\" decoding=\"async\" loading=\"lazy\" class=\"wp-image-188247 size-full\" src=\"https:\/\/franciscanos.org.br\/vidacrista\/wp-content\/uploads\/2020\/10\/artigo_2020.jpg\" alt=\"\" width=\"840\" height=\"450\" srcset=\"https:\/\/franciscanos.org.br\/vidacrista\/wp-content\/uploads\/2020\/10\/artigo_2020.jpg 840w, https:\/\/franciscanos.org.br\/vidacrista\/wp-content\/uploads\/2020\/10\/artigo_2020-450x241.jpg 450w, https:\/\/franciscanos.org.br\/vidacrista\/wp-content\/uploads\/2020\/10\/artigo_2020-768x411.jpg 768w, https:\/\/franciscanos.org.br\/vidacrista\/wp-content\/uploads\/2020\/10\/artigo_2020-150x80.jpg 150w\" sizes=\"(max-width: 840px) 100vw, 840px\" \/><p id=\"caption-attachment-188247\" class=\"wp-caption-text\">\u00a0 \u00a0 \u00a0 \u00a0 \u00a0 \u00a0 \u00a0 \u00a0 \u00a0 \u00a0 \u00a0 \u00a0 \u00a0 \u00a0 \u00a0 \u00a0 \u00a0 \u00a0 \u00a0 \u00a0 \u00a0 \u00a0 \u00a0 \u00a0 \u00a0 \u00a0 \u00a0 \u00a0 \u00a0 \u00a0 \u00a0 \u00a0 \u00a0 \u00a0 \u00a0 \u00a0 \u00a0 \u00a0 \u00a0 \u00a0 \u00a0 \u00a0 \u00a0 \u00a0 \u00a0 \u00a0 \u00a0 \u00a0 \u00a0 \u00a0 \u00a0 <em>\u00a0 \u00a0 \u00a0Imagem de Dirk van Baburen (Dom\u00ednio p\u00fablico\/Wikimedia Commons)<\/em><\/p><\/div>\n<p><strong>Pe. Ademir Guedes Azevedo, cp<\/strong><\/p>\n<p>A prega\u00e7\u00e3o sobre Deus nunca perdeu seus aspectos de grandeza. Parece que sempre buscou-se garantir a transcend\u00eancia, mas divorciada da iman\u00eancia. A hist\u00f3ria tem nos mostrado as consequ\u00eancias deste tipo de teologia: guerras, preconceitos, intoler\u00e2ncia, autoritarismo, medo e, atualmente, a polariza\u00e7\u00e3o religiosa que gera os nacionalismos inf\u00e9rteis. Privatizar o discurso religioso, a partir de suas categorias de grandeza, \u00e9 negar o que tem de mais precioso na revela\u00e7\u00e3o crist\u00e3: aquela hist\u00f3ria de um Deus que se fez homem para nos ensinar a viver em plenitude.<\/p>\n<p>Entretanto, se consideramos a encarna\u00e7\u00e3o em perspectiva de <em>kenosis<\/em>, podemos refazer a nossa experi\u00eancia com o Deus encarnado, pois a <em>kenosis<\/em> retira de Deus a armadura dura e pesada que a religi\u00e3o colocou sobre Ele. S\u00f3 o Deus encarnado pode nos indicar outro caminho alternativo que nos faz mais semelhantes a Ele. Eu considero que tal caminho \u00e9 aquele percorrido pelos feridos. Estes representam toda a humanidade, em seu aspecto mais genu\u00edno.<\/p>\n<p>Os feridos abrem uma nova porta que nos p\u00f5e em sintonia com o Deus da revela\u00e7\u00e3o. Eles nos ensinam que o pr\u00f3prio Deus entra na hist\u00f3ria sem que dela saia ileso. \u00c9 isso que vemos em Jesus. J\u00e1 no ventre de uma mulher, ali j\u00e1 est\u00e1 ferido pela pobreza humana. Em seu nascimento, depara-se com outra ferida: aquela da persegui\u00e7\u00e3o dos poderosos. Em seu minist\u00e9rio n\u00e3o foi diferente, pois teve que assumir, como consequ\u00eancia de tudo o que disse e fez, a cruz mais cruel preparada por aqueles que controlavam o sistema religioso e pol\u00edtico. Jesus, sempre ferido, toca as nossas feridas para nos indicar o caminho mais feliz, a meta mais alta que compendia todo o desejo de Deus para cada um de n\u00f3s: a ressurrei\u00e7\u00e3o. Ele s\u00f3 realiza o projeto do Reino, em obedi\u00eancia ao Pai, porque uma vez ferido, sabe curar as nossas feridas: Ele cai, mas para nos levantar; Ele chora, mas para nos consolar; Ele sente sede e fome, mas para nos saciar. N\u00e3o \u00e9 poss\u00edvel cr\u00ea em Deus sem antes reivindicar suas feridas. S\u00f3 podemos segui-lo se Ele estiver ferido. Esta \u00e9 a prova de que n\u00e3o seremos jamais enganados. Fora desta condi\u00e7\u00e3o, corremos o risco de esvaziar o sentido maior da Cruz de Cristo.<\/p>\n<p>Tom\u00e1s Hal\u00edk em sua obra <em>Toque as feridas <\/em>(p. 13), insiste: \u201c<em>Para mim<\/em> n\u00e3o existe outro caminho, n\u00e3o existe outra porta sen\u00e3o aquela que \u00e9 aberta por uma m\u00e3o ferida e um cora\u00e7\u00e3o traspassado. N\u00e3o posso clamar \u201c<em>meu<\/em> Senhor e <em>meu<\/em> Deus\u201d sem ver a ferida que alcan\u00e7a o cora\u00e7\u00e3o. Se <em>credere<\/em> (crer) provier de <em>cor dare<\/em> (dar o cora\u00e7\u00e3o), ent\u00e3o preciso confessar que meu cora\u00e7\u00e3o e a minha f\u00e9 <em>s\u00f3<\/em> podem pertencer ao Deus <em>capaz de mostrar as suas feridas<\/em>.\u201d Hoje, num mundo marcado por tantas trag\u00e9dias e desconfortos, a humanidade, para atingir uma f\u00e9 adulta, dever\u00e1 aprender a passar pela porta dos feridos, pois l\u00e1 est\u00e1 um Deus que assume a nossa causa, que sente a nossa dor e, s\u00f3 por isso, sabe o rem\u00e9dio certo para nos libertar.<\/p>\n<p>No s\u00e9culo 18, em pleno iluminismo, onde a raz\u00e3o pretendia humilhar toda e qualquer experi\u00eancia de f\u00e9, surge na Igreja Paulo da Cruz propondo a ci\u00eancia da cruz como \u00fanica sabedoria capaz de dar um sentido maior a vida: \u201cNa Paix\u00e3o de Cristo n\u00e3o h\u00e1 engano, quem se aconselha com o Crucificado jamais erra\u201d, dizia ele. Paulo n\u00e3o se cansava de pregar: \u201cA Paix\u00e3o de Cristo \u00e9 o rem\u00e9dio mais eficaz para todos os males\u201d. Mais do que nunca continua sendo v\u00e1lido seu convite de olharmos sempre para o Crucificado, o Deus ferido que nos abre aquela porta pela qual somos convidados a atravessar para aprendermos a amar e a preencher os nossos vazios.<\/p>\n<p>(Camaragibe\/PE, 19 de outubro de 2020, Festa de S\u00e3o Paulo da Cruz)<\/p>\n<hr \/>\n<p><strong>Pe. Ademir Guedes Azevedo<\/strong>,\u00a0<em>cp, \u00e9 mission\u00e1rio passionista e mestre em Teologia Fundamental na Pontif\u00edcia Universidade Gregoriana. Atualmente reside em Camaragibe \u2013 PE, no Semin\u00e1rio para a etapa do Postulantado dos Passionistas.<\/em><\/p>\n","protected":false},"excerpt":{"rendered":"<p>Artigo de Pe. Ademir Guedes Azevedo, cp<\/p>\n","protected":false},"author":3,"featured_media":188248,"comment_status":"open","ping_status":"open","sticky":false,"template":"","format":"standard","meta":{"footnotes":""},"categories":[26],"tags":[188],"yoast_head":"<!-- This site is optimized with the Yoast SEO plugin v19.4 - https:\/\/yoast.com\/wordpress\/plugins\/seo\/ -->\n<title>A porta dos feridos - Vida Crist\u00e3 - Franciscanos<\/title>\n<meta name=\"robots\" content=\"index, follow, max-snippet:-1, max-image-preview:large, max-video-preview:-1\" \/>\n<link rel=\"canonical\" href=\"https:\/\/franciscanos.org.br\/vidacrista\/a-porta-dos-feridos\/\" \/>\n<meta property=\"og:locale\" content=\"pt_BR\" \/>\n<meta property=\"og:type\" content=\"article\" \/>\n<meta property=\"og:title\" content=\"A porta dos feridos - Vida Crist\u00e3 - Franciscanos\" \/>\n<meta property=\"og:description\" content=\"Artigo de Pe. Ademir Guedes Azevedo, cp\" \/>\n<meta property=\"og:url\" content=\"https:\/\/franciscanos.org.br\/vidacrista\/a-porta-dos-feridos\/\" \/>\n<meta property=\"og:site_name\" content=\"Vida Crist\u00e3 - Franciscanos\" \/>\n<meta property=\"article:published_time\" content=\"2020-10-20T10:04:39+00:00\" \/>\n<meta property=\"og:image\" content=\"https:\/\/franciscanos.org.br\/vidacrista\/wp-content\/uploads\/2020\/10\/artigo_2020d.jpg\" \/>\n\t<meta property=\"og:image:width\" content=\"800\" \/>\n\t<meta property=\"og:image:height\" content=\"600\" \/>\n\t<meta property=\"og:image:type\" content=\"image\/jpeg\" \/>\n<meta name=\"author\" content=\"moacir\" \/>\n<meta name=\"twitter:card\" content=\"summary_large_image\" \/>\n<meta name=\"twitter:label1\" content=\"Escrito por\" \/>\n\t<meta name=\"twitter:data1\" content=\"moacir\" \/>\n\t<meta name=\"twitter:label2\" content=\"Est. tempo de leitura\" \/>\n\t<meta name=\"twitter:data2\" content=\"4 minutos\" \/>\n<script type=\"application\/ld+json\" class=\"yoast-schema-graph\">{\"@context\":\"https:\/\/schema.org\",\"@graph\":[{\"@type\":\"WebSite\",\"@id\":\"https:\/\/franciscanos.org.br\/vidacrista\/#website\",\"url\":\"https:\/\/franciscanos.org.br\/vidacrista\/\",\"name\":\"Vida Crist\u00e3 - Franciscanos\",\"description\":\"Prov\u00edncia Franciscana da Imaculada Concei\u00e7\u00e3o do Brasil - Ordem dos Frades Menores\",\"potentialAction\":[{\"@type\":\"SearchAction\",\"target\":{\"@type\":\"EntryPoint\",\"urlTemplate\":\"https:\/\/franciscanos.org.br\/vidacrista\/?s={search_term_string}\"},\"query-input\":\"required name=search_term_string\"}],\"inLanguage\":\"pt-BR\"},{\"@type\":\"WebPage\",\"@id\":\"https:\/\/franciscanos.org.br\/vidacrista\/a-porta-dos-feridos\/\",\"url\":\"https:\/\/franciscanos.org.br\/vidacrista\/a-porta-dos-feridos\/\",\"name\":\"A porta dos feridos - Vida Crist\u00e3 - Franciscanos\",\"isPartOf\":{\"@id\":\"https:\/\/franciscanos.org.br\/vidacrista\/#website\"},\"datePublished\":\"2020-10-20T10:04:39+00:00\",\"dateModified\":\"2020-10-20T10:04:39+00:00\",\"author\":{\"@id\":\"https:\/\/franciscanos.org.br\/vidacrista\/#\/schema\/person\/1880bdd2c350b735648725ef7614736a\"},\"breadcrumb\":{\"@id\":\"https:\/\/franciscanos.org.br\/vidacrista\/a-porta-dos-feridos\/#breadcrumb\"},\"inLanguage\":\"pt-BR\",\"potentialAction\":[{\"@type\":\"ReadAction\",\"target\":[\"https:\/\/franciscanos.org.br\/vidacrista\/a-porta-dos-feridos\/\"]}]},{\"@type\":\"BreadcrumbList\",\"@id\":\"https:\/\/franciscanos.org.br\/vidacrista\/a-porta-dos-feridos\/#breadcrumb\",\"itemListElement\":[{\"@type\":\"ListItem\",\"position\":1,\"name\":\"Home\",\"item\":\"https:\/\/franciscanos.org.br\/vidacrista\/\"},{\"@type\":\"ListItem\",\"position\":2,\"name\":\"A porta dos feridos\"}]},{\"@type\":\"Person\",\"@id\":\"https:\/\/franciscanos.org.br\/vidacrista\/#\/schema\/person\/1880bdd2c350b735648725ef7614736a\",\"name\":\"moacir\",\"image\":{\"@type\":\"ImageObject\",\"inLanguage\":\"pt-BR\",\"@id\":\"https:\/\/franciscanos.org.br\/vidacrista\/#\/schema\/person\/image\/\",\"url\":\"https:\/\/secure.gravatar.com\/avatar\/d08aa2ce4c8dd416d4479aa8536fcf64?s=96&d=mm&r=g\",\"contentUrl\":\"https:\/\/secure.gravatar.com\/avatar\/d08aa2ce4c8dd416d4479aa8536fcf64?s=96&d=mm&r=g\",\"caption\":\"moacir\"},\"url\":\"https:\/\/franciscanos.org.br\/vidacrista\/author\/moacir\/\"}]}<\/script>\n<!-- \/ Yoast SEO plugin. -->","yoast_head_json":{"title":"A porta dos feridos - Vida Crist\u00e3 - Franciscanos","robots":{"index":"index","follow":"follow","max-snippet":"max-snippet:-1","max-image-preview":"max-image-preview:large","max-video-preview":"max-video-preview:-1"},"canonical":"https:\/\/franciscanos.org.br\/vidacrista\/a-porta-dos-feridos\/","og_locale":"pt_BR","og_type":"article","og_title":"A porta dos feridos - Vida Crist\u00e3 - Franciscanos","og_description":"Artigo de Pe. Ademir Guedes Azevedo, cp","og_url":"https:\/\/franciscanos.org.br\/vidacrista\/a-porta-dos-feridos\/","og_site_name":"Vida Crist\u00e3 - Franciscanos","article_published_time":"2020-10-20T10:04:39+00:00","og_image":[{"width":800,"height":600,"url":"https:\/\/franciscanos.org.br\/vidacrista\/wp-content\/uploads\/2020\/10\/artigo_2020d.jpg","type":"image\/jpeg"}],"author":"moacir","twitter_card":"summary_large_image","twitter_misc":{"Escrito por":"moacir","Est. tempo de leitura":"4 minutos"},"schema":{"@context":"https:\/\/schema.org","@graph":[{"@type":"WebSite","@id":"https:\/\/franciscanos.org.br\/vidacrista\/#website","url":"https:\/\/franciscanos.org.br\/vidacrista\/","name":"Vida Crist\u00e3 - Franciscanos","description":"Prov\u00edncia Franciscana da Imaculada Concei\u00e7\u00e3o do Brasil - Ordem dos Frades Menores","potentialAction":[{"@type":"SearchAction","target":{"@type":"EntryPoint","urlTemplate":"https:\/\/franciscanos.org.br\/vidacrista\/?s={search_term_string}"},"query-input":"required name=search_term_string"}],"inLanguage":"pt-BR"},{"@type":"WebPage","@id":"https:\/\/franciscanos.org.br\/vidacrista\/a-porta-dos-feridos\/","url":"https:\/\/franciscanos.org.br\/vidacrista\/a-porta-dos-feridos\/","name":"A porta dos feridos - Vida Crist\u00e3 - Franciscanos","isPartOf":{"@id":"https:\/\/franciscanos.org.br\/vidacrista\/#website"},"datePublished":"2020-10-20T10:04:39+00:00","dateModified":"2020-10-20T10:04:39+00:00","author":{"@id":"https:\/\/franciscanos.org.br\/vidacrista\/#\/schema\/person\/1880bdd2c350b735648725ef7614736a"},"breadcrumb":{"@id":"https:\/\/franciscanos.org.br\/vidacrista\/a-porta-dos-feridos\/#breadcrumb"},"inLanguage":"pt-BR","potentialAction":[{"@type":"ReadAction","target":["https:\/\/franciscanos.org.br\/vidacrista\/a-porta-dos-feridos\/"]}]},{"@type":"BreadcrumbList","@id":"https:\/\/franciscanos.org.br\/vidacrista\/a-porta-dos-feridos\/#breadcrumb","itemListElement":[{"@type":"ListItem","position":1,"name":"Home","item":"https:\/\/franciscanos.org.br\/vidacrista\/"},{"@type":"ListItem","position":2,"name":"A porta dos feridos"}]},{"@type":"Person","@id":"https:\/\/franciscanos.org.br\/vidacrista\/#\/schema\/person\/1880bdd2c350b735648725ef7614736a","name":"moacir","image":{"@type":"ImageObject","inLanguage":"pt-BR","@id":"https:\/\/franciscanos.org.br\/vidacrista\/#\/schema\/person\/image\/","url":"https:\/\/secure.gravatar.com\/avatar\/d08aa2ce4c8dd416d4479aa8536fcf64?s=96&d=mm&r=g","contentUrl":"https:\/\/secure.gravatar.com\/avatar\/d08aa2ce4c8dd416d4479aa8536fcf64?s=96&d=mm&r=g","caption":"moacir"},"url":"https:\/\/franciscanos.org.br\/vidacrista\/author\/moacir\/"}]}},"_links":{"self":[{"href":"https:\/\/franciscanos.org.br\/vidacrista\/wp-json\/wp\/v2\/posts\/188246"}],"collection":[{"href":"https:\/\/franciscanos.org.br\/vidacrista\/wp-json\/wp\/v2\/posts"}],"about":[{"href":"https:\/\/franciscanos.org.br\/vidacrista\/wp-json\/wp\/v2\/types\/post"}],"author":[{"embeddable":true,"href":"https:\/\/franciscanos.org.br\/vidacrista\/wp-json\/wp\/v2\/users\/3"}],"replies":[{"embeddable":true,"href":"https:\/\/franciscanos.org.br\/vidacrista\/wp-json\/wp\/v2\/comments?post=188246"}],"version-history":[{"count":1,"href":"https:\/\/franciscanos.org.br\/vidacrista\/wp-json\/wp\/v2\/posts\/188246\/revisions"}],"predecessor-version":[{"id":188249,"href":"https:\/\/franciscanos.org.br\/vidacrista\/wp-json\/wp\/v2\/posts\/188246\/revisions\/188249"}],"wp:featuredmedia":[{"embeddable":true,"href":"https:\/\/franciscanos.org.br\/vidacrista\/wp-json\/wp\/v2\/media\/188248"}],"wp:attachment":[{"href":"https:\/\/franciscanos.org.br\/vidacrista\/wp-json\/wp\/v2\/media?parent=188246"}],"wp:term":[{"taxonomy":"category","embeddable":true,"href":"https:\/\/franciscanos.org.br\/vidacrista\/wp-json\/wp\/v2\/categories?post=188246"},{"taxonomy":"post_tag","embeddable":true,"href":"https:\/\/franciscanos.org.br\/vidacrista\/wp-json\/wp\/v2\/tags?post=188246"}],"curies":[{"name":"wp","href":"https:\/\/api.w.org\/{rel}","templated":true}]}}