{"id":188140,"date":"2020-10-02T11:23:50","date_gmt":"2020-10-02T14:23:50","guid":{"rendered":"https:\/\/franciscanos.org.br\/vidacrista\/?p=188140"},"modified":"2020-10-02T13:46:50","modified_gmt":"2020-10-02T16:46:50","slug":"a-vinha-do-senhor-e-a-ecologia-dos-dois-franciscos-o-santo-e-o-papa-na-inspiracao-de-mt-2133-43","status":"publish","type":"post","link":"https:\/\/franciscanos.org.br\/vidacrista\/a-vinha-do-senhor-e-a-ecologia-dos-dois-franciscos-o-santo-e-o-papa-na-inspiracao-de-mt-2133-43\/","title":{"rendered":"A vinha do Senhor e a ecologia dos dois Franciscos, o Santo e o Papa, na inspira\u00e7\u00e3o de Mt 21,33-43"},"content":{"rendered":"<p><img decoding=\"async\" loading=\"lazy\" src=\"https:\/\/franciscanos.org.br\/vidacrista\/wp-content\/uploads\/2020\/10\/papa-e-SF-02-840x450-1.jpg\" alt=\"\" width=\"840\" height=\"450\" \/><\/p>\n<p><em>Frei Jacir de Freitas Faria <\/em><a href=\"#_ftn1\" name=\"_ftnref1\">[1]<\/a><\/p>\n<p>Quatro de outubro \u00e9 o dia de S\u00e3o Francisco! Para falar de S\u00e3o Francisco, quero partir uma passagem do evangelho de Mateus, mais precisamente Mt 21,33-43, a par\u00e1bola dos vinhateiros, cunhado erroneamente, por alguns tradutores da B\u00edblia, de homicidas, assassinos. A vinha da par\u00e1bola e a ecologia de S\u00e3o Francisco t\u00eam algo em comum com as queimadas no Pantanal e na Amaz\u00f4nia? O que Francisco, o papa, que escolheu esse nome para seu pontificado por causa do amor de S\u00e3o Francisco pelos pobres e pela natureza, tem a nos dizer? Vejamos! Comecemos pela par\u00e1bola.<\/p>\n<p>Permita-me fazer refer\u00eancia a essa par\u00e1bola do evangelho ap\u00f3crifo de Tom\u00e9.<a href=\"#_ftn2\" name=\"_ftnref2\">[2]<\/a> Nele, o leitor n\u00e3o \u00e9 induzido a interpretar a par\u00e1bola de forma cristol\u00f3gica, isto \u00e9, ter Cristo como o centro da narrativa. Isso fica claro com o acr\u00e9scimo que o evangelho de Mateus fez do Sl 118, que fala da pedra rejeitada. Ali\u00e1s, n\u00e3o \u00e9 assim a tradicional interpreta\u00e7\u00e3o desse evangelho? Jesus \u00e9 a pedra rejeitada pelos judeus; o Filho amado de Deus ser\u00e1 morto fora da vinha; os vinhateiros s\u00e3o os l\u00edderes judeus e os sacerdotes do templo que perseguem os crist\u00e3os. Pois bem, no evangelho de Tom\u00e9, a mem\u00f3ria mais antiga dessa par\u00e1bola, escrita por volta do ano 50, h\u00e1 um grupo de trabalhadores que, sentindo-se explorado pelos romanos que haviam tomado suas terras f\u00e9rteis da Galileia, age de forma violenta para n\u00e3o entregar o fruto de seu trabalho ao dono da vinha. A vinha, em Tom\u00e9, tem a fun\u00e7\u00e3o social da prega\u00e7\u00e3o do reino. Os vinhateiros n\u00e3o s\u00e3o homicidas, assassinos, mas agem em defesa da igualdade social.<\/p>\n<p>H\u00e1 ainda outra interpreta\u00e7\u00e3o cl\u00e1ssica dessa par\u00e1bola, a aleg\u00f3rica, isto \u00e9, a par\u00e1bola fala de alguma coisa para dizer outra. No caso, Jesus, ao contar essa par\u00e1bola, teria em mente uma s\u00edntese da hist\u00f3ria da salva\u00e7\u00e3o, da seguinte forma: o<em> Senhor da vinha: <\/em>\u00a0\u00e9 Deus que prop\u00f5e uma alian\u00e7a; a <em>vinha: <\/em>\u00e9 a alian\u00e7a que Deus fez com o seu povo; os<em> vinhateiros: <\/em>s\u00e3o os israelitas que formam o povo de Israel; os servos: <em>s\u00e3o <\/em>os profetas e os s\u00e1bios enviados por Deus para recolher os frutos;\u00a0 o <em>\u00a0filho amado <\/em>\u00e9 Jesus, que acabou sendo morto; o<em>s outros servos:<\/em> s\u00e3o a Igreja Cat\u00f3lica, \u00e0 qual Deus decide entregar a vinha. Interpreta\u00e7\u00e3o v\u00e1lida no seu tempo, mas prefiro a interpreta\u00e7\u00e3o mais contextualizada, que considera o social e sua rela\u00e7\u00e3o com o Sagrado.<\/p>\n<p>Para atualizar da par\u00e1bola dos vinhateiros, permita-me, como filho de S\u00e3o Francisco, apresentar-lhe a vis\u00e3o desse homem em rela\u00e7\u00e3o \u00e0 natureza. Ah! Faltou dizer que a vinha e o vinho eram important\u00edssimos para o judeu da \u00e9poca de Jesus. A vinha era s\u00edmbolo da <em>Tor\u00e1h<\/em>, a Lei de justi\u00e7a. A falta de vinho era sinal de que a <em>Tor\u00e1h<\/em> n\u00e3o estava sendo cumprida.<\/p>\n<p>Nascido no ano de 1182, na buc\u00f3lica Assis, na \u00fambria italiana, Francisco foi um homem que esteve al\u00e9m do seu tempo, ao cantar o amor pela natureza. Atribu\u00eddo a ele, \u00e9 conhecido o C\u00e2ntico do Irm\u00e3o Sol. Escolhido como patrono da It\u00e1lia e da Ecologia, por Jo\u00e3o Paulo II, em 1979, S\u00e3o Francisco \u00e9 lembrado como o homem da \u201cPaz e do Bem\u201d e por proclamar que a natureza \u00e9 a mais alta glorifica\u00e7\u00e3o do Criador, e que nela somos todos irm\u00e3os. O olhar de S\u00e3o Francisco \u00e9 ecol\u00f3gico e n\u00e3o romantizado, como querem alguns. Para ele, o ser humano n\u00e3o vale mais que os outros animais, as aves, os peixes e as flores. N\u00e3o somos superiores a eles. Veja que estupendo, um homem medieval intuir que a vida merece respeito na sua diversidade, que somos parte da cadeia evolutiva da vida e n\u00e3o somos os atores principais, no m\u00e1ximo regentes. E quando n\u00e3o agimos assim, a natureza d\u00e1 seu recado. Basta ver o grande ator do nosso tempo, um min\u00fasculo v\u00edrus, chamado de corona, que evidencia o desequil\u00edbrio ambiental, bem como a recente onda de gafanhotos. S\u00e3o Francisco foi um profeta ecol\u00f3gico.<\/p>\n<p>Para terminar a nossa reflex\u00e3o, quero retomar a intui\u00e7\u00e3o evangelizadora do Papa Francisco para a vinha e vinhateiros de nosso tempo, nos passos de S\u00e3o Francisco. O papa fala de convers\u00e3o ecol\u00f3gica. O que \u00e9 isso? Na verdade, estamos diante de duas crises, a socioambiental e a antropol\u00f3gica. Ser\u00e1 que, para ser feliz, o ser humano precisa ser um explorador, um tirano que queima, devasta o Pantanal, a Amaz\u00f4nia, que \u2018passa a boiada\u2019 revogando leis que protegem o manguezal e as restingas do litoral brasileiro, em nome do agroneg\u00f3cio ou do fren\u00e9tico lucro das mineradoras?<\/p>\n<p>A defesa da vinha do Senhor \u00e9 quest\u00e3o ecol\u00f3gica, de cidadania, econ\u00f4mica, pol\u00edtica e de f\u00e9. O lixo que jogo nas ruas cai no rio, o rio morre, e eu tamb\u00e9m. Trata-se, portanto, de uma rela\u00e7\u00e3o com o outro. Recentemente, na abertura da assembleia da ONU, o Papa Francisco afirmou: \u201cPenso na perigosa situa\u00e7\u00e3o da Amaz\u00f4nia e dos povos ind\u00edgenas que vivem l\u00e1. Isso nos lembra que a crise\u00a0ambiental\u00a0\u00e9 intimamente ligada \u00e0 crise social e que o cuidado com o ambiente exige uma abordagem abrangente para lidar com a pobreza e combater a exclus\u00e3o\u201d. Ele disse ainda: &#8220;A crise relacionada \u00e0 pandemia de Covid-19 nos mostrou que n\u00e3o podemos viver uns sem os outros\u201d.<\/p>\n<p>Portanto, partindo do simbolismo da vinha de Israel, da intui\u00e7\u00e3o de S\u00e3o Francisco e da f\u00e9 do Papa Francisco, esforcemo-nos para viver em fraternidade universal, no respeito \u00e0 diversidade das criaturas de Deus, denunciando, com uma f\u00e9 crist\u00e3 libertadora, n\u00e3o conservadora, os modelos econ\u00f4micos que degradam a natureza, sendo gratos a Deus que nela se manifesta. Com S\u00e3o Francisco digamos: \u201cLouvado sejas meu Senhor com todas as tuas criaturas\u201d&#8230; N\u00e3o percamos a esperan\u00e7a! Um mundo novo \u00e9 poss\u00edvel. Depende de mim, depende de voc\u00ea, depende de nossa convers\u00e3o ecol\u00f3gica. Assim seja!<\/p>\n<hr \/>\n<p><a href=\"#_ftnref1\" name=\"_ftn1\">[1]<\/a> Doutor em Teologia B\u00edblica pela Faje (BH). Mestre em Ci\u00eancias B\u00edblicas (Exegese) pelo Pontif\u00edcio Instituto B\u00edblico de Roma. Professor de Exegese B\u00edblica no Instituto Santo Tom\u00e1s de Aquino (ISTA-BH). \u00c9 membro da Associa\u00e7\u00e3o Brasileira de Pesquisa B\u00edblica (ABIB). Sacerdote Franciscano. Autor de dez livros e coautor de quatorze.<\/p>\n<hr \/>\n<p><a href=\"#_ftnref2\" name=\"_ftn2\">[2]<\/a> Para um estudo das par\u00e1bolas em Tom\u00e9, confira o nosso livro: FARIA, Jacir de Freitas. <strong>As origens ap\u00f3crifas do cristianismo<\/strong>: coment\u00e1rio aos evangelhos d e Maria Madalena e Tom\u00e9<em>. <\/em>2 ed., S\u00e3o Paulo: Paulinas, 2003. p. 98-118.<\/p>\n","protected":false},"excerpt":{"rendered":"<p>Artigo de Frei Jacir de Freitas Faria<\/p>\n","protected":false},"author":3,"featured_media":188142,"comment_status":"open","ping_status":"open","sticky":false,"template":"","format":"standard","meta":{"footnotes":""},"categories":[26],"tags":[43],"yoast_head":"<!-- This site is optimized with the Yoast SEO plugin v19.4 - https:\/\/yoast.com\/wordpress\/plugins\/seo\/ -->\n<title>A vinha do Senhor e a ecologia dos dois Franciscos, o Santo e o Papa, na inspira\u00e7\u00e3o de Mt 21,33-43 - Vida Crist\u00e3 - Franciscanos<\/title>\n<meta name=\"robots\" content=\"index, follow, max-snippet:-1, max-image-preview:large, max-video-preview:-1\" \/>\n<link rel=\"canonical\" href=\"https:\/\/franciscanos.org.br\/vidacrista\/a-vinha-do-senhor-e-a-ecologia-dos-dois-franciscos-o-santo-e-o-papa-na-inspiracao-de-mt-2133-43\/\" \/>\n<meta property=\"og:locale\" content=\"pt_BR\" \/>\n<meta property=\"og:type\" content=\"article\" \/>\n<meta property=\"og:title\" content=\"A vinha do Senhor e a ecologia dos dois Franciscos, o Santo e o Papa, na inspira\u00e7\u00e3o de Mt 21,33-43 - Vida Crist\u00e3 - Franciscanos\" \/>\n<meta property=\"og:description\" content=\"Artigo de Frei Jacir de Freitas Faria\" \/>\n<meta property=\"og:url\" content=\"https:\/\/franciscanos.org.br\/vidacrista\/a-vinha-do-senhor-e-a-ecologia-dos-dois-franciscos-o-santo-e-o-papa-na-inspiracao-de-mt-2133-43\/\" \/>\n<meta property=\"og:site_name\" content=\"Vida Crist\u00e3 - Franciscanos\" \/>\n<meta property=\"article:published_time\" content=\"2020-10-02T14:23:50+00:00\" \/>\n<meta property=\"article:modified_time\" content=\"2020-10-02T16:46:50+00:00\" \/>\n<meta property=\"og:image\" content=\"https:\/\/franciscanos.org.br\/vidacrista\/wp-content\/uploads\/2020\/10\/papa-e-SF-02-800x600-1.jpg\" \/>\n\t<meta property=\"og:image:width\" content=\"800\" \/>\n\t<meta property=\"og:image:height\" content=\"600\" \/>\n\t<meta property=\"og:image:type\" content=\"image\/jpeg\" \/>\n<meta name=\"author\" content=\"moacir\" \/>\n<meta name=\"twitter:card\" content=\"summary_large_image\" \/>\n<meta name=\"twitter:label1\" content=\"Escrito por\" \/>\n\t<meta name=\"twitter:data1\" content=\"moacir\" \/>\n\t<meta name=\"twitter:label2\" content=\"Est. tempo de leitura\" \/>\n\t<meta name=\"twitter:data2\" content=\"6 minutos\" \/>\n<script type=\"application\/ld+json\" class=\"yoast-schema-graph\">{\"@context\":\"https:\/\/schema.org\",\"@graph\":[{\"@type\":\"WebSite\",\"@id\":\"https:\/\/franciscanos.org.br\/vidacrista\/#website\",\"url\":\"https:\/\/franciscanos.org.br\/vidacrista\/\",\"name\":\"Vida Crist\u00e3 - Franciscanos\",\"description\":\"Prov\u00edncia Franciscana da Imaculada Concei\u00e7\u00e3o do Brasil - Ordem dos Frades Menores\",\"potentialAction\":[{\"@type\":\"SearchAction\",\"target\":{\"@type\":\"EntryPoint\",\"urlTemplate\":\"https:\/\/franciscanos.org.br\/vidacrista\/?s={search_term_string}\"},\"query-input\":\"required name=search_term_string\"}],\"inLanguage\":\"pt-BR\"},{\"@type\":\"WebPage\",\"@id\":\"https:\/\/franciscanos.org.br\/vidacrista\/a-vinha-do-senhor-e-a-ecologia-dos-dois-franciscos-o-santo-e-o-papa-na-inspiracao-de-mt-2133-43\/\",\"url\":\"https:\/\/franciscanos.org.br\/vidacrista\/a-vinha-do-senhor-e-a-ecologia-dos-dois-franciscos-o-santo-e-o-papa-na-inspiracao-de-mt-2133-43\/\",\"name\":\"A vinha do Senhor e a ecologia dos dois Franciscos, o Santo e o Papa, na inspira\u00e7\u00e3o de Mt 21,33-43 - Vida Crist\u00e3 - Franciscanos\",\"isPartOf\":{\"@id\":\"https:\/\/franciscanos.org.br\/vidacrista\/#website\"},\"datePublished\":\"2020-10-02T14:23:50+00:00\",\"dateModified\":\"2020-10-02T16:46:50+00:00\",\"author\":{\"@id\":\"https:\/\/franciscanos.org.br\/vidacrista\/#\/schema\/person\/1880bdd2c350b735648725ef7614736a\"},\"breadcrumb\":{\"@id\":\"https:\/\/franciscanos.org.br\/vidacrista\/a-vinha-do-senhor-e-a-ecologia-dos-dois-franciscos-o-santo-e-o-papa-na-inspiracao-de-mt-2133-43\/#breadcrumb\"},\"inLanguage\":\"pt-BR\",\"potentialAction\":[{\"@type\":\"ReadAction\",\"target\":[\"https:\/\/franciscanos.org.br\/vidacrista\/a-vinha-do-senhor-e-a-ecologia-dos-dois-franciscos-o-santo-e-o-papa-na-inspiracao-de-mt-2133-43\/\"]}]},{\"@type\":\"BreadcrumbList\",\"@id\":\"https:\/\/franciscanos.org.br\/vidacrista\/a-vinha-do-senhor-e-a-ecologia-dos-dois-franciscos-o-santo-e-o-papa-na-inspiracao-de-mt-2133-43\/#breadcrumb\",\"itemListElement\":[{\"@type\":\"ListItem\",\"position\":1,\"name\":\"Home\",\"item\":\"https:\/\/franciscanos.org.br\/vidacrista\/\"},{\"@type\":\"ListItem\",\"position\":2,\"name\":\"A vinha do Senhor e a ecologia dos dois Franciscos, o Santo e o Papa, na inspira\u00e7\u00e3o de Mt 21,33-43\"}]},{\"@type\":\"Person\",\"@id\":\"https:\/\/franciscanos.org.br\/vidacrista\/#\/schema\/person\/1880bdd2c350b735648725ef7614736a\",\"name\":\"moacir\",\"image\":{\"@type\":\"ImageObject\",\"inLanguage\":\"pt-BR\",\"@id\":\"https:\/\/franciscanos.org.br\/vidacrista\/#\/schema\/person\/image\/\",\"url\":\"https:\/\/secure.gravatar.com\/avatar\/d08aa2ce4c8dd416d4479aa8536fcf64?s=96&d=mm&r=g\",\"contentUrl\":\"https:\/\/secure.gravatar.com\/avatar\/d08aa2ce4c8dd416d4479aa8536fcf64?s=96&d=mm&r=g\",\"caption\":\"moacir\"},\"url\":\"https:\/\/franciscanos.org.br\/vidacrista\/author\/moacir\/\"}]}<\/script>\n<!-- \/ Yoast SEO plugin. -->","yoast_head_json":{"title":"A vinha do Senhor e a ecologia dos dois Franciscos, o Santo e o Papa, na inspira\u00e7\u00e3o de Mt 21,33-43 - Vida Crist\u00e3 - Franciscanos","robots":{"index":"index","follow":"follow","max-snippet":"max-snippet:-1","max-image-preview":"max-image-preview:large","max-video-preview":"max-video-preview:-1"},"canonical":"https:\/\/franciscanos.org.br\/vidacrista\/a-vinha-do-senhor-e-a-ecologia-dos-dois-franciscos-o-santo-e-o-papa-na-inspiracao-de-mt-2133-43\/","og_locale":"pt_BR","og_type":"article","og_title":"A vinha do Senhor e a ecologia dos dois Franciscos, o Santo e o Papa, na inspira\u00e7\u00e3o de Mt 21,33-43 - Vida Crist\u00e3 - Franciscanos","og_description":"Artigo de Frei Jacir de Freitas Faria","og_url":"https:\/\/franciscanos.org.br\/vidacrista\/a-vinha-do-senhor-e-a-ecologia-dos-dois-franciscos-o-santo-e-o-papa-na-inspiracao-de-mt-2133-43\/","og_site_name":"Vida Crist\u00e3 - Franciscanos","article_published_time":"2020-10-02T14:23:50+00:00","article_modified_time":"2020-10-02T16:46:50+00:00","og_image":[{"width":800,"height":600,"url":"https:\/\/franciscanos.org.br\/vidacrista\/wp-content\/uploads\/2020\/10\/papa-e-SF-02-800x600-1.jpg","type":"image\/jpeg"}],"author":"moacir","twitter_card":"summary_large_image","twitter_misc":{"Escrito por":"moacir","Est. tempo de leitura":"6 minutos"},"schema":{"@context":"https:\/\/schema.org","@graph":[{"@type":"WebSite","@id":"https:\/\/franciscanos.org.br\/vidacrista\/#website","url":"https:\/\/franciscanos.org.br\/vidacrista\/","name":"Vida Crist\u00e3 - Franciscanos","description":"Prov\u00edncia Franciscana da Imaculada Concei\u00e7\u00e3o do Brasil - Ordem dos Frades Menores","potentialAction":[{"@type":"SearchAction","target":{"@type":"EntryPoint","urlTemplate":"https:\/\/franciscanos.org.br\/vidacrista\/?s={search_term_string}"},"query-input":"required name=search_term_string"}],"inLanguage":"pt-BR"},{"@type":"WebPage","@id":"https:\/\/franciscanos.org.br\/vidacrista\/a-vinha-do-senhor-e-a-ecologia-dos-dois-franciscos-o-santo-e-o-papa-na-inspiracao-de-mt-2133-43\/","url":"https:\/\/franciscanos.org.br\/vidacrista\/a-vinha-do-senhor-e-a-ecologia-dos-dois-franciscos-o-santo-e-o-papa-na-inspiracao-de-mt-2133-43\/","name":"A vinha do Senhor e a ecologia dos dois Franciscos, o Santo e o Papa, na inspira\u00e7\u00e3o de Mt 21,33-43 - Vida Crist\u00e3 - Franciscanos","isPartOf":{"@id":"https:\/\/franciscanos.org.br\/vidacrista\/#website"},"datePublished":"2020-10-02T14:23:50+00:00","dateModified":"2020-10-02T16:46:50+00:00","author":{"@id":"https:\/\/franciscanos.org.br\/vidacrista\/#\/schema\/person\/1880bdd2c350b735648725ef7614736a"},"breadcrumb":{"@id":"https:\/\/franciscanos.org.br\/vidacrista\/a-vinha-do-senhor-e-a-ecologia-dos-dois-franciscos-o-santo-e-o-papa-na-inspiracao-de-mt-2133-43\/#breadcrumb"},"inLanguage":"pt-BR","potentialAction":[{"@type":"ReadAction","target":["https:\/\/franciscanos.org.br\/vidacrista\/a-vinha-do-senhor-e-a-ecologia-dos-dois-franciscos-o-santo-e-o-papa-na-inspiracao-de-mt-2133-43\/"]}]},{"@type":"BreadcrumbList","@id":"https:\/\/franciscanos.org.br\/vidacrista\/a-vinha-do-senhor-e-a-ecologia-dos-dois-franciscos-o-santo-e-o-papa-na-inspiracao-de-mt-2133-43\/#breadcrumb","itemListElement":[{"@type":"ListItem","position":1,"name":"Home","item":"https:\/\/franciscanos.org.br\/vidacrista\/"},{"@type":"ListItem","position":2,"name":"A vinha do Senhor e a ecologia dos dois Franciscos, o Santo e o Papa, na inspira\u00e7\u00e3o de Mt 21,33-43"}]},{"@type":"Person","@id":"https:\/\/franciscanos.org.br\/vidacrista\/#\/schema\/person\/1880bdd2c350b735648725ef7614736a","name":"moacir","image":{"@type":"ImageObject","inLanguage":"pt-BR","@id":"https:\/\/franciscanos.org.br\/vidacrista\/#\/schema\/person\/image\/","url":"https:\/\/secure.gravatar.com\/avatar\/d08aa2ce4c8dd416d4479aa8536fcf64?s=96&d=mm&r=g","contentUrl":"https:\/\/secure.gravatar.com\/avatar\/d08aa2ce4c8dd416d4479aa8536fcf64?s=96&d=mm&r=g","caption":"moacir"},"url":"https:\/\/franciscanos.org.br\/vidacrista\/author\/moacir\/"}]}},"_links":{"self":[{"href":"https:\/\/franciscanos.org.br\/vidacrista\/wp-json\/wp\/v2\/posts\/188140"}],"collection":[{"href":"https:\/\/franciscanos.org.br\/vidacrista\/wp-json\/wp\/v2\/posts"}],"about":[{"href":"https:\/\/franciscanos.org.br\/vidacrista\/wp-json\/wp\/v2\/types\/post"}],"author":[{"embeddable":true,"href":"https:\/\/franciscanos.org.br\/vidacrista\/wp-json\/wp\/v2\/users\/3"}],"replies":[{"embeddable":true,"href":"https:\/\/franciscanos.org.br\/vidacrista\/wp-json\/wp\/v2\/comments?post=188140"}],"version-history":[{"count":2,"href":"https:\/\/franciscanos.org.br\/vidacrista\/wp-json\/wp\/v2\/posts\/188140\/revisions"}],"predecessor-version":[{"id":188144,"href":"https:\/\/franciscanos.org.br\/vidacrista\/wp-json\/wp\/v2\/posts\/188140\/revisions\/188144"}],"wp:featuredmedia":[{"embeddable":true,"href":"https:\/\/franciscanos.org.br\/vidacrista\/wp-json\/wp\/v2\/media\/188142"}],"wp:attachment":[{"href":"https:\/\/franciscanos.org.br\/vidacrista\/wp-json\/wp\/v2\/media?parent=188140"}],"wp:term":[{"taxonomy":"category","embeddable":true,"href":"https:\/\/franciscanos.org.br\/vidacrista\/wp-json\/wp\/v2\/categories?post=188140"},{"taxonomy":"post_tag","embeddable":true,"href":"https:\/\/franciscanos.org.br\/vidacrista\/wp-json\/wp\/v2\/tags?post=188140"}],"curies":[{"name":"wp","href":"https:\/\/api.w.org\/{rel}","templated":true}]}}