{"id":188029,"date":"2020-09-25T13:00:16","date_gmt":"2020-09-25T16:00:16","guid":{"rendered":"https:\/\/franciscanos.org.br\/vidacrista\/?p=188029"},"modified":"2020-09-25T13:00:16","modified_gmt":"2020-09-25T16:00:16","slug":"vida-no-tempo-e-o-tempo-da-vida","status":"publish","type":"post","link":"https:\/\/franciscanos.org.br\/vidacrista\/vida-no-tempo-e-o-tempo-da-vida\/","title":{"rendered":"Vida no tempo e o tempo da vida!"},"content":{"rendered":"<div id=\"attachment_188031\" style=\"width: 850px\" class=\"wp-caption alignnone\"><img aria-describedby=\"caption-attachment-188031\" decoding=\"async\" loading=\"lazy\" class=\"wp-image-188031 size-full\" src=\"https:\/\/franciscanos.org.br\/vidacrista\/wp-content\/uploads\/2020\/09\/ARTIGO_JACIR.jpg\" alt=\"\" width=\"840\" height=\"450\" srcset=\"https:\/\/franciscanos.org.br\/vidacrista\/wp-content\/uploads\/2020\/09\/ARTIGO_JACIR.jpg 840w, https:\/\/franciscanos.org.br\/vidacrista\/wp-content\/uploads\/2020\/09\/ARTIGO_JACIR-450x241.jpg 450w, https:\/\/franciscanos.org.br\/vidacrista\/wp-content\/uploads\/2020\/09\/ARTIGO_JACIR-768x411.jpg 768w, https:\/\/franciscanos.org.br\/vidacrista\/wp-content\/uploads\/2020\/09\/ARTIGO_JACIR-150x80.jpg 150w\" sizes=\"(max-width: 840px) 100vw, 840px\" \/><p id=\"caption-attachment-188031\" class=\"wp-caption-text\">\u00a0 \u00a0 \u00a0 \u00a0 \u00a0 \u00a0 \u00a0 \u00a0 \u00a0 \u00a0 \u00a0 \u00a0 \u00a0 \u00a0 \u00a0 \u00a0 \u00a0 \u00a0 \u00a0 \u00a0 \u00a0 \u00a0 \u00a0 \u00a0 \u00a0 \u00a0 \u00a0 \u00a0 \u00a0 \u00a0 \u00a0 \u00a0 \u00a0 \u00a0 \u00a0 \u00a0 \u00a0 \u00a0 \u00a0 \u00a0 \u00a0 \u00a0 \u00a0 \u00a0 \u00a0 \u00a0 \u00a0 \u00a0 <em>\u00a0Imagem ilustrativa (fonte: Acervo Prov\u00edncia da Imaculada)<\/em><\/p><\/div>\n<p><strong>Na inspira\u00e7\u00e3o de Ecl 3,1-11<\/strong><\/p>\n<p><em>Jacir de Freitas Faria<\/em><a href=\"#_ftn1\" name=\"_ftnref1\">[1]<\/a> <em>\u00a0<\/em><\/p>\n<p>Dando continuidade \u00e0s nossas duas \u00faltimas reflex\u00f5es, uma sobre perd\u00e3o e outra sobre o amor, quero, hoje, completar a tr\u00edade, refletindo o tempo na inspira\u00e7\u00e3o do livro de Eclesiastes. Que \u00e9 isso: tempo? Passamos por ele ou ele passa por n\u00f3s? O tempo \u00e9 nosso ou de Deus? Por que, n\u00e3o doce ilus\u00e3o do viver, o tempo nos envelhece? O texto inspirador de hoje \u00e9 Ecl 3,1-11: \u201cNa vida, h\u00e1 um tempo para tudo, nascer, morrer, abra\u00e7ar, separar, plantar, colher\u201d&#8230; Eclesiastes \u00e9 uma obra-prima de rara beleza po\u00e9tica, divina. Um livro que inspirou poetas, cantores e escritores. O grande poeta Machado de Assis tinha o Ecl como livro de cabeceira. Almir Sater, Tit\u00e3s emprestam suas vozes para cantar Eclesiastes. Nunca leu o livro do Eclesiastes? N\u00e3o. Leia. Voc\u00ea vai se deleitar.<\/p>\n<p>O Eclesiastes reflete um pensar realista e n\u00e3o pessimista. Negativamente, ele \u00e9 identificado a partir do jarg\u00e3o, que abre e fecha o livro (1,2;12,8): \u201cVaidade das vaidades, tudo \u00e9 vaidade!\u201d. O seu autor trata a vida como ela \u00e9, e nos convoca a viv\u00ea-la com intensidade, pois o tempo, o dia da morte, chega para cada um de n\u00f3s. Para ele \u00e9 por causa da morte que somos chamados a rever nossas rela\u00e7\u00f5es familiares, sociais, econ\u00f4micas e religiosas, e a nos perguntar: Qual o sentido da vida? Qual o sentido de dedicar tanto tempo ao trabalho? Qual o sentido do ac\u00famulo de riquezas? Qual o sentido em viver se tenho que morrer?<\/p>\n<p>Em meio \u00e0s perguntas, o autor chega ao sentido mais profundo do viver: a felicidade. E, como a felicidade n\u00e3o existe para sempre, ela \u00e9 um momento que chega e vai, assim como o vento que sobra onde quer. Vaidade, em hebraico, <em>hebel<\/em>, em portugu\u00eas \u00e9 vento, n\u00e9voa, fuma\u00e7a, coisa passageira, mas tamb\u00e9m o nome do irm\u00e3o de Caim, Abel. O segredo da vida, a felicidade consiste em viver cada tempo com intensidade. Se for tempo de chorar, chore. Fa\u00e7a seu luto. Quantos sofrem uma vida inteira por n\u00e3o ter vivido o luto por algu\u00e9m que tanto amava. Se for tempo de rir, ria; de festejar, festeje. Fa\u00e7a festas, pois, de bons momentos \u00e9 que a vida \u00e9 feita. O resto \u00e9 pura ilus\u00e3o, vaidade. \u00c9 tempo de abra\u00e7ar, abrace, pois quando chega o tempo de despedir, algu\u00e9m haver\u00e1 de partir e nem poder\u00e1 voltar. A vida \u00e9 assim, um sempre \u201cTocar em Frente\u201d, m\u00fasica inspirada em Ecl 3,1-6, na voz dos cantores e compositores, Almir Sater e Renato Teixeira: \u201cUm dia a gente chega, e no outro, a gente vai embora\u201d. Portanto, na intensidade do fazer no tempo, eles acrescentam: \u201c\u00c9 preciso conhecer as manhas e as manh\u00e3s, o sabor das massas e das ma\u00e7\u00e3s. \u00c9 preciso amor pra poder pulsar. \u00c9 preciso paz pra poder sorrir. \u00c9 preciso a chuva para florir. Todo mundo ama um dia. Cada um de n\u00f3s comp\u00f5e a sua hist\u00f3ria. Cada ser em si carrega o dom de ser capaz de ser feliz\u201d.<\/p>\n<p>O tempo, o tempo n\u00e3o \u00e9 quest\u00e3o de cronologia. Nasci em 1962 e vou morrer em 2050, findou o meu tempo. Para o autor de Eclesiastes o tempo \u00e9 atemporal: \u201cO que foi, ser\u00e1, o que se fez, se tornar\u00e1 a fazer: nada de novo debaixo do c\u00e9u\u201d (Ecl 1,9). Viver \u00e9 conferir sentido \u00e0 vida. O dia \u00e9 sempre o mesmo. O sol sempre nasce o mesmo. A quest\u00e3o n\u00e3o \u00e9 o dia e nem o sol, mas como eu estou diante deles. Sou eu quem confiro sentido \u00e0 vida. Um dia nublado pode ser alegre para mim. E um dia de sol e praia pode ser o pior dos meus dias. A quest\u00e3o est\u00e1 no sentido que dou ao tempo. Estou vivendo intensamente cada tempo de minha vida, ainda que ele seja de dor? A vida d\u00e1, leva e se recomp\u00f5e num eterno rod\u00edzio. \u201cEm tempo de felicidade, s\u00ea feliz, e no dia da desgra\u00e7a reflete\u201d (7,14). Quando a felicidade bate \u00e0s nossas portas, \u00e9 arte tamb\u00e9m saber viv\u00ea-la intensamente. H\u00e1 pessoas que s\u00e3o t\u00e3o pessimistas que nem percebem que a felicidade chegou.<\/p>\n<p>A felicidade pode ser pequena, um gesto, um reencontro, uma viagem&#8230; O que vale \u00e9 viver intensamente. Por que n\u00e3o esquecemos o dia da morte de um ente querido? \u00c9 porque o vivemos intensamente. O mesmo ocorre com o tempo da inf\u00e2ncia de nossa vida. Tudo o que \u00e9 vivido com intensidade, a mem\u00f3ria n\u00e3o apaga, eterniza-o, escreveu a poeta Ad\u00e9lia Prado: \u201cO que a mem\u00f3ria ama fica eterno\u201d. Na poesia da mineira, de Divin\u00f3polis: \u201cDiante do tempo envelhecemos, nossos filhos crescem, muita gente se despede. Por\u00e9m, para a mem\u00f3ria ainda somos jovens, atletas, amantes insaci\u00e1veis. Nossos filhos s\u00e3o nossas crian\u00e7as, os amigos est\u00e3o por perto, nossos pais ainda s\u00e3o nossos her\u00f3is.\u201d<\/p>\n<p>Pois bem, para finalizar, deixo uma \u00faltima ideia, antes que o tempo acabe: \u201cVivamos intensamente o tempo de nossas vidas, aproveitando cada momento com responsabilidade, muito amor e perd\u00e3o. Viver \u00e9 a arte de viver intensamente no amor! Morrer \u00e9 arte, desde que se tenha vivido com intensidade. Viver e morrer se entrela\u00e7am numa \u00fanica irmandade. Bom, mas sobre o tempo da morte, falaremos numa pr\u00f3xima reflex\u00e3o. At\u00e9 l\u00e1! Paz e bem!<\/p>\n<p><iframe loading=\"lazy\" title=\"Reflex\u00e3o b\u00edblica - Sexta-feira da 25\u00aa Semana do Tempo Comum (25\/09\/2020)\" width=\"500\" height=\"281\" src=\"https:\/\/www.youtube.com\/embed\/uQF1fPMp63w?feature=oembed\" frameborder=\"0\" allow=\"accelerometer; autoplay; clipboard-write; encrypted-media; gyroscope; picture-in-picture\" allowfullscreen><\/iframe><\/p>\n<hr \/>\n<p><a href=\"#_ftnref1\" name=\"_ftn1\">[1]<\/a> Doutor em Teologia B\u00edblica pela Faje (BH). Mestre em Ci\u00eancias B\u00edblicas (Exegese) pelo Pontif\u00edcio Instituto B\u00edblico de Roma. Professor de Exegese B\u00edblica no Instituto Santo Tom\u00e1s de Aquino (ISTA-BH). \u00c9 membro da Associa\u00e7\u00e3o Brasileira de Pesquisa B\u00edblica (ABIB). Sacerdote Franciscano. Autor de dez livros e coautor de treze. \u00daltimo livro: <strong>O Medo do Inferno e arte de bem morrer<\/strong>: da devo\u00e7\u00e3o ap\u00f3crifa \u00e0 Dormi\u00e7\u00e3o de Maria \u00e0s irmandades de Nossa Senhora da Boa Morte (Vozes, 2019).<\/p>\n<p>&nbsp;<\/p>\n","protected":false},"excerpt":{"rendered":"<p>Artigo de Frei Jacir de Freitas Faria<\/p>\n","protected":false},"author":3,"featured_media":188032,"comment_status":"open","ping_status":"open","sticky":false,"template":"","format":"standard","meta":{"footnotes":""},"categories":[26],"tags":[43],"yoast_head":"<!-- This site is optimized with the Yoast SEO plugin v19.4 - https:\/\/yoast.com\/wordpress\/plugins\/seo\/ -->\n<title>Vida no tempo e o tempo da vida! - Vida Crist\u00e3 - Franciscanos<\/title>\n<meta name=\"robots\" content=\"index, follow, max-snippet:-1, max-image-preview:large, max-video-preview:-1\" \/>\n<link rel=\"canonical\" href=\"https:\/\/franciscanos.org.br\/vidacrista\/vida-no-tempo-e-o-tempo-da-vida\/\" \/>\n<meta property=\"og:locale\" content=\"pt_BR\" \/>\n<meta property=\"og:type\" content=\"article\" \/>\n<meta property=\"og:title\" content=\"Vida no tempo e o tempo da vida! - Vida Crist\u00e3 - Franciscanos\" \/>\n<meta property=\"og:description\" content=\"Artigo de Frei Jacir de Freitas Faria\" \/>\n<meta property=\"og:url\" content=\"https:\/\/franciscanos.org.br\/vidacrista\/vida-no-tempo-e-o-tempo-da-vida\/\" \/>\n<meta property=\"og:site_name\" content=\"Vida Crist\u00e3 - Franciscanos\" \/>\n<meta property=\"article:published_time\" content=\"2020-09-25T16:00:16+00:00\" \/>\n<meta property=\"og:image\" content=\"https:\/\/franciscanos.org.br\/vidacrista\/wp-content\/uploads\/2020\/09\/ARTIGO_JACIRd.jpg\" \/>\n\t<meta property=\"og:image:width\" content=\"800\" \/>\n\t<meta property=\"og:image:height\" content=\"600\" \/>\n\t<meta property=\"og:image:type\" content=\"image\/jpeg\" \/>\n<meta name=\"author\" content=\"moacir\" \/>\n<meta name=\"twitter:card\" content=\"summary_large_image\" \/>\n<meta name=\"twitter:label1\" content=\"Escrito por\" \/>\n\t<meta name=\"twitter:data1\" content=\"moacir\" \/>\n\t<meta name=\"twitter:label2\" content=\"Est. tempo de leitura\" \/>\n\t<meta name=\"twitter:data2\" content=\"5 minutos\" \/>\n<script type=\"application\/ld+json\" class=\"yoast-schema-graph\">{\"@context\":\"https:\/\/schema.org\",\"@graph\":[{\"@type\":\"WebSite\",\"@id\":\"https:\/\/franciscanos.org.br\/vidacrista\/#website\",\"url\":\"https:\/\/franciscanos.org.br\/vidacrista\/\",\"name\":\"Vida Crist\u00e3 - Franciscanos\",\"description\":\"Prov\u00edncia Franciscana da Imaculada Concei\u00e7\u00e3o do Brasil - Ordem dos Frades Menores\",\"potentialAction\":[{\"@type\":\"SearchAction\",\"target\":{\"@type\":\"EntryPoint\",\"urlTemplate\":\"https:\/\/franciscanos.org.br\/vidacrista\/?s={search_term_string}\"},\"query-input\":\"required name=search_term_string\"}],\"inLanguage\":\"pt-BR\"},{\"@type\":\"WebPage\",\"@id\":\"https:\/\/franciscanos.org.br\/vidacrista\/vida-no-tempo-e-o-tempo-da-vida\/\",\"url\":\"https:\/\/franciscanos.org.br\/vidacrista\/vida-no-tempo-e-o-tempo-da-vida\/\",\"name\":\"Vida no tempo e o tempo da vida! - Vida Crist\u00e3 - Franciscanos\",\"isPartOf\":{\"@id\":\"https:\/\/franciscanos.org.br\/vidacrista\/#website\"},\"datePublished\":\"2020-09-25T16:00:16+00:00\",\"dateModified\":\"2020-09-25T16:00:16+00:00\",\"author\":{\"@id\":\"https:\/\/franciscanos.org.br\/vidacrista\/#\/schema\/person\/1880bdd2c350b735648725ef7614736a\"},\"breadcrumb\":{\"@id\":\"https:\/\/franciscanos.org.br\/vidacrista\/vida-no-tempo-e-o-tempo-da-vida\/#breadcrumb\"},\"inLanguage\":\"pt-BR\",\"potentialAction\":[{\"@type\":\"ReadAction\",\"target\":[\"https:\/\/franciscanos.org.br\/vidacrista\/vida-no-tempo-e-o-tempo-da-vida\/\"]}]},{\"@type\":\"BreadcrumbList\",\"@id\":\"https:\/\/franciscanos.org.br\/vidacrista\/vida-no-tempo-e-o-tempo-da-vida\/#breadcrumb\",\"itemListElement\":[{\"@type\":\"ListItem\",\"position\":1,\"name\":\"Home\",\"item\":\"https:\/\/franciscanos.org.br\/vidacrista\/\"},{\"@type\":\"ListItem\",\"position\":2,\"name\":\"Vida no tempo e o tempo da vida!\"}]},{\"@type\":\"Person\",\"@id\":\"https:\/\/franciscanos.org.br\/vidacrista\/#\/schema\/person\/1880bdd2c350b735648725ef7614736a\",\"name\":\"moacir\",\"image\":{\"@type\":\"ImageObject\",\"inLanguage\":\"pt-BR\",\"@id\":\"https:\/\/franciscanos.org.br\/vidacrista\/#\/schema\/person\/image\/\",\"url\":\"https:\/\/secure.gravatar.com\/avatar\/d08aa2ce4c8dd416d4479aa8536fcf64?s=96&d=mm&r=g\",\"contentUrl\":\"https:\/\/secure.gravatar.com\/avatar\/d08aa2ce4c8dd416d4479aa8536fcf64?s=96&d=mm&r=g\",\"caption\":\"moacir\"},\"url\":\"https:\/\/franciscanos.org.br\/vidacrista\/author\/moacir\/\"}]}<\/script>\n<!-- \/ Yoast SEO plugin. -->","yoast_head_json":{"title":"Vida no tempo e o tempo da vida! - Vida Crist\u00e3 - Franciscanos","robots":{"index":"index","follow":"follow","max-snippet":"max-snippet:-1","max-image-preview":"max-image-preview:large","max-video-preview":"max-video-preview:-1"},"canonical":"https:\/\/franciscanos.org.br\/vidacrista\/vida-no-tempo-e-o-tempo-da-vida\/","og_locale":"pt_BR","og_type":"article","og_title":"Vida no tempo e o tempo da vida! - Vida Crist\u00e3 - Franciscanos","og_description":"Artigo de Frei Jacir de Freitas Faria","og_url":"https:\/\/franciscanos.org.br\/vidacrista\/vida-no-tempo-e-o-tempo-da-vida\/","og_site_name":"Vida Crist\u00e3 - Franciscanos","article_published_time":"2020-09-25T16:00:16+00:00","og_image":[{"width":800,"height":600,"url":"https:\/\/franciscanos.org.br\/vidacrista\/wp-content\/uploads\/2020\/09\/ARTIGO_JACIRd.jpg","type":"image\/jpeg"}],"author":"moacir","twitter_card":"summary_large_image","twitter_misc":{"Escrito por":"moacir","Est. tempo de leitura":"5 minutos"},"schema":{"@context":"https:\/\/schema.org","@graph":[{"@type":"WebSite","@id":"https:\/\/franciscanos.org.br\/vidacrista\/#website","url":"https:\/\/franciscanos.org.br\/vidacrista\/","name":"Vida Crist\u00e3 - Franciscanos","description":"Prov\u00edncia Franciscana da Imaculada Concei\u00e7\u00e3o do Brasil - Ordem dos Frades Menores","potentialAction":[{"@type":"SearchAction","target":{"@type":"EntryPoint","urlTemplate":"https:\/\/franciscanos.org.br\/vidacrista\/?s={search_term_string}"},"query-input":"required name=search_term_string"}],"inLanguage":"pt-BR"},{"@type":"WebPage","@id":"https:\/\/franciscanos.org.br\/vidacrista\/vida-no-tempo-e-o-tempo-da-vida\/","url":"https:\/\/franciscanos.org.br\/vidacrista\/vida-no-tempo-e-o-tempo-da-vida\/","name":"Vida no tempo e o tempo da vida! - Vida Crist\u00e3 - Franciscanos","isPartOf":{"@id":"https:\/\/franciscanos.org.br\/vidacrista\/#website"},"datePublished":"2020-09-25T16:00:16+00:00","dateModified":"2020-09-25T16:00:16+00:00","author":{"@id":"https:\/\/franciscanos.org.br\/vidacrista\/#\/schema\/person\/1880bdd2c350b735648725ef7614736a"},"breadcrumb":{"@id":"https:\/\/franciscanos.org.br\/vidacrista\/vida-no-tempo-e-o-tempo-da-vida\/#breadcrumb"},"inLanguage":"pt-BR","potentialAction":[{"@type":"ReadAction","target":["https:\/\/franciscanos.org.br\/vidacrista\/vida-no-tempo-e-o-tempo-da-vida\/"]}]},{"@type":"BreadcrumbList","@id":"https:\/\/franciscanos.org.br\/vidacrista\/vida-no-tempo-e-o-tempo-da-vida\/#breadcrumb","itemListElement":[{"@type":"ListItem","position":1,"name":"Home","item":"https:\/\/franciscanos.org.br\/vidacrista\/"},{"@type":"ListItem","position":2,"name":"Vida no tempo e o tempo da vida!"}]},{"@type":"Person","@id":"https:\/\/franciscanos.org.br\/vidacrista\/#\/schema\/person\/1880bdd2c350b735648725ef7614736a","name":"moacir","image":{"@type":"ImageObject","inLanguage":"pt-BR","@id":"https:\/\/franciscanos.org.br\/vidacrista\/#\/schema\/person\/image\/","url":"https:\/\/secure.gravatar.com\/avatar\/d08aa2ce4c8dd416d4479aa8536fcf64?s=96&d=mm&r=g","contentUrl":"https:\/\/secure.gravatar.com\/avatar\/d08aa2ce4c8dd416d4479aa8536fcf64?s=96&d=mm&r=g","caption":"moacir"},"url":"https:\/\/franciscanos.org.br\/vidacrista\/author\/moacir\/"}]}},"_links":{"self":[{"href":"https:\/\/franciscanos.org.br\/vidacrista\/wp-json\/wp\/v2\/posts\/188029"}],"collection":[{"href":"https:\/\/franciscanos.org.br\/vidacrista\/wp-json\/wp\/v2\/posts"}],"about":[{"href":"https:\/\/franciscanos.org.br\/vidacrista\/wp-json\/wp\/v2\/types\/post"}],"author":[{"embeddable":true,"href":"https:\/\/franciscanos.org.br\/vidacrista\/wp-json\/wp\/v2\/users\/3"}],"replies":[{"embeddable":true,"href":"https:\/\/franciscanos.org.br\/vidacrista\/wp-json\/wp\/v2\/comments?post=188029"}],"version-history":[{"count":1,"href":"https:\/\/franciscanos.org.br\/vidacrista\/wp-json\/wp\/v2\/posts\/188029\/revisions"}],"predecessor-version":[{"id":188033,"href":"https:\/\/franciscanos.org.br\/vidacrista\/wp-json\/wp\/v2\/posts\/188029\/revisions\/188033"}],"wp:featuredmedia":[{"embeddable":true,"href":"https:\/\/franciscanos.org.br\/vidacrista\/wp-json\/wp\/v2\/media\/188032"}],"wp:attachment":[{"href":"https:\/\/franciscanos.org.br\/vidacrista\/wp-json\/wp\/v2\/media?parent=188029"}],"wp:term":[{"taxonomy":"category","embeddable":true,"href":"https:\/\/franciscanos.org.br\/vidacrista\/wp-json\/wp\/v2\/categories?post=188029"},{"taxonomy":"post_tag","embeddable":true,"href":"https:\/\/franciscanos.org.br\/vidacrista\/wp-json\/wp\/v2\/tags?post=188029"}],"curies":[{"name":"wp","href":"https:\/\/api.w.org\/{rel}","templated":true}]}}