{"id":187918,"date":"2020-09-15T13:22:22","date_gmt":"2020-09-15T16:22:22","guid":{"rendered":"https:\/\/franciscanos.org.br\/vidacrista\/?p=187918"},"modified":"2020-09-15T13:22:22","modified_gmt":"2020-09-15T16:22:22","slug":"irmaos-como-dom-a-experiencia-de-francisco-de-assis","status":"publish","type":"post","link":"https:\/\/franciscanos.org.br\/vidacrista\/irmaos-como-dom-a-experiencia-de-francisco-de-assis\/","title":{"rendered":"Irm\u00e3os como dom, a experi\u00eancia de Francisco de Assis"},"content":{"rendered":"<div class=\"article__text\">\n<p><img decoding=\"async\" loading=\"lazy\" class=\"alignnone wp-image-187919 size-full\" src=\"https:\/\/franciscanos.org.br\/vidacrista\/wp-content\/uploads\/2020\/09\/francisco_1509.jpg\" alt=\"\" width=\"840\" height=\"450\" srcset=\"https:\/\/franciscanos.org.br\/vidacrista\/wp-content\/uploads\/2020\/09\/francisco_1509.jpg 840w, https:\/\/franciscanos.org.br\/vidacrista\/wp-content\/uploads\/2020\/09\/francisco_1509-450x241.jpg 450w, https:\/\/franciscanos.org.br\/vidacrista\/wp-content\/uploads\/2020\/09\/francisco_1509-768x411.jpg 768w, https:\/\/franciscanos.org.br\/vidacrista\/wp-content\/uploads\/2020\/09\/francisco_1509-150x80.jpg 150w\" sizes=\"(max-width: 840px) 100vw, 840px\" \/><\/p>\n<p>Francisco de Assis volta a inspirar o Papa, o primeiro na hist\u00f3ria a tomar o seu nome. Cinco anos atr\u00e1s, foi o louvor a Deus pela Cria\u00e7\u00e3o, o C\u00e2ntico das Criaturas, a dar uma alma \u00e0 Enc\u00edclica<i>\u00a0Laudato si\u2019<\/i>, desta vez o foco de aten\u00e7\u00e3o do novo documento magisterial \u00e9 a fraternidade (e a amizade social) que ser\u00e1 assinado na terra natal de S\u00e3o Francisco no pr\u00f3ximo dia 3 de outubro. Mas o que s\u00e3o, ou melhor, quem s\u00e3o os &#8220;irm\u00e3os&#8221; de S\u00e3o Francisco? Uma resposta \u00edntima e reveladora \u00e9 encontrada no in\u00edcio de seu\u00a0<i>Testamento<\/i>, onde, ap\u00f3s narrar o encontro com os leprosos \u2013 aos quais Cristo o conduziu, porque tinha avers\u00e3o a eles &#8211;\u00a0 afirma: &#8220;E depois que o Senhor me deu os\u00a0<i>frades<\/i>, ningu\u00e9m me mostrava o que deveria fazer, mas o pr\u00f3prio Alt\u00edssimo me revelou que eu deveria viver de acordo com a forma do Santo Evangelho&#8221;.<\/p>\n<div>\n<div class=\"article__embed article__embed--unwrap article__embed--dark\">\n<div class=\"article__innerTitle\">Os <i>frades<\/i>, os irm\u00e3os, portanto, se apresentam a Francisco, antes de tudo, como um presente de Deus. Um presente inesperado e, para dizer a verdade, n\u00e3o indolor porque traz uma nova situa\u00e7\u00e3o que o &#8220;for\u00e7a&#8221; a pedir ajuda ao Senhor, porque ningu\u00e9m sabe lhe dizer o que fazer. Os irm\u00e3os n\u00e3o s\u00e3o nossa &#8220;conquista&#8221;, nem s\u00e3o como desejar\u00edamos que fossem. S\u00e3o o trabalho vivo do Criador oferecido gratuitamente a cada um de n\u00f3s. S\u00e3o doados, por isso n\u00e3o podemos escolh\u00ea-los ou possu\u00ed-los, mas apenas acolh\u00ea-los e am\u00e1-los assim como s\u00e3o, com suas fraquezas e diferen\u00e7as. Diferen\u00e7as (\u00e0s vezes dissonantes) que no final s\u00f3 o Senhor pode recompor porque, como diria o Papa, a harmonia n\u00e3o \u00e9 feita por n\u00f3s, mas pelo Esp\u00edrito Santo.<\/div>\n<\/div>\n<\/div>\n<p>O que emerge claramente em Francisco de Assis, e que encontra confirma\u00e7\u00e3o neste escrito fundamental na par\u00e1bola conclusiva de sua vida terrena, \u00e9 que para ele a fraternidade n\u00e3o \u00e9 uma ideia, uma teoria abstrata, mas um fato concreto, uma experi\u00eancia que muda a vida. Al\u00e9m deste fato da realidade, e ainda mais relevante porque \u00e9 a fonte, descobrimos que para Francisco n\u00e3o h\u00e1 fraternidade se n\u00e3o reconhecermos (e n\u00e3o aceitarmos) a filia\u00e7\u00e3o comum do Pai celeste. Somos\u00a0<i>todos<\/i>\u00a0irm\u00e3os porque somos\u00a0<i>todos<\/i>\u00a0filhos do mesmo Pai. Portanto, ningu\u00e9m \u00e9 mais estrangeiro do que o outro.\u00a0\u00a0Uma revolu\u00e7\u00e3o de perspectiva que, na vida de Francisco, levar\u00e1 a escolhas surpreendentes recapituladas na famosa visita ao Sult\u00e3o do Egito. Aqui est\u00e1 o n\u00facleo da convers\u00e3o do Santo de Assis e com ele podemos dizer de cada mulher e homem que autenticamente encontrou Jesus Cristo. Pois se n\u00e3o reconhecermos o plano comum de amor do Pai por n\u00f3s, n\u00e3o ser\u00e1 suficiente sermos irm\u00e3s ou irm\u00e3os. Nem mesmo biologicamente. De fato, \u00e9 um irm\u00e3o de sangue que mata Abel. E o mata porque o \u00f3dio fechou os olhos de Caim que, n\u00e3o vendo mais o amor do Pai, n\u00e3o reconhece nem mesmo seu irm\u00e3o como tal.<\/p>\n<p>Por\u00e9m, para Francisco de Assis a fraternidade n\u00e3o \u00e9 um presente &#8220;est\u00e1tico&#8221;, um fim em si mesmo. Ela se alimenta e cresce nutrindo-se da caridade. E isso sempre traz a paz. A rela\u00e7\u00e3o com os irm\u00e3os tra\u00e7a um caminho, inicia um processo que se desenvolve em uma dimens\u00e3o comunit\u00e1ria. \u00c9 depois do encontro com seus\u00a0<i>frades<\/i>, de fato, que o Senhor lhe revela que deve viver o Evangelho\u00a0<i>sine glossa<\/i>, e diz ainda: que se deve conformar a este, tomar a pr\u00f3pria forma do &#8220;santo Evangelho&#8221;. Por\u00e9m, fazer isso de forma radical, &#8220;sem calmantes&#8221; para retomar uma imagem eficaz do Papa Francisco.<\/p>\n<p>Para o Padroeiro da It\u00e1lia, cuidar dos outros como a si mesmo torna-se o caminho e o espa\u00e7o privilegiado para a evangeliza\u00e7\u00e3o. Portanto, n\u00e3o pode existir um\u00a0<i>frade<\/i>\u00a0que se retira em condi\u00e7\u00e3o de isolamento. Seria um contrassenso, um testemunho contr\u00e1rio. Para o santo, de fato, o amor ao Pai cresce tanto quanto o amor ao irm\u00e3o em cujo rosto se encontram as caracter\u00edsticas do Criador. Um amor que em Francisco se expande at\u00e9 se tornar c\u00f3smico porque a fraternidade se torna um abra\u00e7o para cada criatura: at\u00e9 mesmo o Sol \u00e9 chamado de irm\u00e3o e a irm\u00e3 de Lua.<\/p>\n<p>Oito s\u00e9culos depois, apesar do crescimento dos ego\u00edsmos e do surgimento de barreiras de todos os tipos, o mundo ainda tem sede de fraternidade e de paternidade. Est\u00e1 constantemente em busca dela. O testemunho do Pobrezinho de Assis, que se torna &#8220;irm\u00e3o de todos os homens&#8221;, \u00e9 mais do nunca atual e nos exorta, junto com outro Francisco, a trilhar o caminho da fraternidade.<\/p>\n<hr \/>\n<p><b>Alessandro Gisotti (Vatican News)<\/b><\/p>\n<\/div>\n","protected":false},"excerpt":{"rendered":"<p>A fraternidade (e a amizade social) \u00e9 o tema da nova Enc\u00edclica do Papa Francisco<\/p>\n","protected":false},"author":3,"featured_media":187920,"comment_status":"open","ping_status":"open","sticky":false,"template":"","format":"standard","meta":{"footnotes":""},"categories":[26],"tags":[65,331],"yoast_head":"<!-- This site is optimized with the Yoast SEO plugin v19.4 - https:\/\/yoast.com\/wordpress\/plugins\/seo\/ -->\n<title>Irm\u00e3os como dom, a experi\u00eancia de Francisco de Assis - Vida Crist\u00e3 - Franciscanos<\/title>\n<meta name=\"robots\" content=\"index, follow, max-snippet:-1, max-image-preview:large, max-video-preview:-1\" \/>\n<link rel=\"canonical\" href=\"https:\/\/franciscanos.org.br\/vidacrista\/irmaos-como-dom-a-experiencia-de-francisco-de-assis\/\" \/>\n<meta property=\"og:locale\" content=\"pt_BR\" \/>\n<meta property=\"og:type\" content=\"article\" \/>\n<meta property=\"og:title\" content=\"Irm\u00e3os como dom, a experi\u00eancia de Francisco de Assis - Vida Crist\u00e3 - Franciscanos\" \/>\n<meta property=\"og:description\" content=\"A fraternidade (e a amizade social) \u00e9 o tema da nova Enc\u00edclica do Papa Francisco\" \/>\n<meta property=\"og:url\" content=\"https:\/\/franciscanos.org.br\/vidacrista\/irmaos-como-dom-a-experiencia-de-francisco-de-assis\/\" \/>\n<meta property=\"og:site_name\" content=\"Vida Crist\u00e3 - Franciscanos\" \/>\n<meta property=\"article:published_time\" content=\"2020-09-15T16:22:22+00:00\" \/>\n<meta property=\"og:image\" content=\"https:\/\/franciscanos.org.br\/vidacrista\/wp-content\/uploads\/2020\/09\/francisco_1509d.jpg\" \/>\n\t<meta property=\"og:image:width\" content=\"800\" \/>\n\t<meta property=\"og:image:height\" content=\"600\" \/>\n\t<meta property=\"og:image:type\" content=\"image\/jpeg\" \/>\n<meta name=\"author\" content=\"moacir\" \/>\n<meta name=\"twitter:card\" content=\"summary_large_image\" \/>\n<meta name=\"twitter:label1\" content=\"Escrito por\" \/>\n\t<meta name=\"twitter:data1\" content=\"moacir\" \/>\n\t<meta name=\"twitter:label2\" content=\"Est. tempo de leitura\" \/>\n\t<meta name=\"twitter:data2\" content=\"4 minutos\" \/>\n<script type=\"application\/ld+json\" class=\"yoast-schema-graph\">{\"@context\":\"https:\/\/schema.org\",\"@graph\":[{\"@type\":\"WebSite\",\"@id\":\"https:\/\/franciscanos.org.br\/vidacrista\/#website\",\"url\":\"https:\/\/franciscanos.org.br\/vidacrista\/\",\"name\":\"Vida Crist\u00e3 - Franciscanos\",\"description\":\"Prov\u00edncia Franciscana da Imaculada Concei\u00e7\u00e3o do Brasil - Ordem dos Frades Menores\",\"potentialAction\":[{\"@type\":\"SearchAction\",\"target\":{\"@type\":\"EntryPoint\",\"urlTemplate\":\"https:\/\/franciscanos.org.br\/vidacrista\/?s={search_term_string}\"},\"query-input\":\"required name=search_term_string\"}],\"inLanguage\":\"pt-BR\"},{\"@type\":\"WebPage\",\"@id\":\"https:\/\/franciscanos.org.br\/vidacrista\/irmaos-como-dom-a-experiencia-de-francisco-de-assis\/\",\"url\":\"https:\/\/franciscanos.org.br\/vidacrista\/irmaos-como-dom-a-experiencia-de-francisco-de-assis\/\",\"name\":\"Irm\u00e3os como dom, a experi\u00eancia de Francisco de Assis - Vida Crist\u00e3 - Franciscanos\",\"isPartOf\":{\"@id\":\"https:\/\/franciscanos.org.br\/vidacrista\/#website\"},\"datePublished\":\"2020-09-15T16:22:22+00:00\",\"dateModified\":\"2020-09-15T16:22:22+00:00\",\"author\":{\"@id\":\"https:\/\/franciscanos.org.br\/vidacrista\/#\/schema\/person\/1880bdd2c350b735648725ef7614736a\"},\"breadcrumb\":{\"@id\":\"https:\/\/franciscanos.org.br\/vidacrista\/irmaos-como-dom-a-experiencia-de-francisco-de-assis\/#breadcrumb\"},\"inLanguage\":\"pt-BR\",\"potentialAction\":[{\"@type\":\"ReadAction\",\"target\":[\"https:\/\/franciscanos.org.br\/vidacrista\/irmaos-como-dom-a-experiencia-de-francisco-de-assis\/\"]}]},{\"@type\":\"BreadcrumbList\",\"@id\":\"https:\/\/franciscanos.org.br\/vidacrista\/irmaos-como-dom-a-experiencia-de-francisco-de-assis\/#breadcrumb\",\"itemListElement\":[{\"@type\":\"ListItem\",\"position\":1,\"name\":\"Home\",\"item\":\"https:\/\/franciscanos.org.br\/vidacrista\/\"},{\"@type\":\"ListItem\",\"position\":2,\"name\":\"Irm\u00e3os como dom, a experi\u00eancia de Francisco de Assis\"}]},{\"@type\":\"Person\",\"@id\":\"https:\/\/franciscanos.org.br\/vidacrista\/#\/schema\/person\/1880bdd2c350b735648725ef7614736a\",\"name\":\"moacir\",\"image\":{\"@type\":\"ImageObject\",\"inLanguage\":\"pt-BR\",\"@id\":\"https:\/\/franciscanos.org.br\/vidacrista\/#\/schema\/person\/image\/\",\"url\":\"https:\/\/secure.gravatar.com\/avatar\/d08aa2ce4c8dd416d4479aa8536fcf64?s=96&d=mm&r=g\",\"contentUrl\":\"https:\/\/secure.gravatar.com\/avatar\/d08aa2ce4c8dd416d4479aa8536fcf64?s=96&d=mm&r=g\",\"caption\":\"moacir\"},\"url\":\"https:\/\/franciscanos.org.br\/vidacrista\/author\/moacir\/\"}]}<\/script>\n<!-- \/ Yoast SEO plugin. -->","yoast_head_json":{"title":"Irm\u00e3os como dom, a experi\u00eancia de Francisco de Assis - Vida Crist\u00e3 - Franciscanos","robots":{"index":"index","follow":"follow","max-snippet":"max-snippet:-1","max-image-preview":"max-image-preview:large","max-video-preview":"max-video-preview:-1"},"canonical":"https:\/\/franciscanos.org.br\/vidacrista\/irmaos-como-dom-a-experiencia-de-francisco-de-assis\/","og_locale":"pt_BR","og_type":"article","og_title":"Irm\u00e3os como dom, a experi\u00eancia de Francisco de Assis - Vida Crist\u00e3 - Franciscanos","og_description":"A fraternidade (e a amizade social) \u00e9 o tema da nova Enc\u00edclica do Papa Francisco","og_url":"https:\/\/franciscanos.org.br\/vidacrista\/irmaos-como-dom-a-experiencia-de-francisco-de-assis\/","og_site_name":"Vida Crist\u00e3 - Franciscanos","article_published_time":"2020-09-15T16:22:22+00:00","og_image":[{"width":800,"height":600,"url":"https:\/\/franciscanos.org.br\/vidacrista\/wp-content\/uploads\/2020\/09\/francisco_1509d.jpg","type":"image\/jpeg"}],"author":"moacir","twitter_card":"summary_large_image","twitter_misc":{"Escrito por":"moacir","Est. tempo de leitura":"4 minutos"},"schema":{"@context":"https:\/\/schema.org","@graph":[{"@type":"WebSite","@id":"https:\/\/franciscanos.org.br\/vidacrista\/#website","url":"https:\/\/franciscanos.org.br\/vidacrista\/","name":"Vida Crist\u00e3 - Franciscanos","description":"Prov\u00edncia Franciscana da Imaculada Concei\u00e7\u00e3o do Brasil - Ordem dos Frades Menores","potentialAction":[{"@type":"SearchAction","target":{"@type":"EntryPoint","urlTemplate":"https:\/\/franciscanos.org.br\/vidacrista\/?s={search_term_string}"},"query-input":"required name=search_term_string"}],"inLanguage":"pt-BR"},{"@type":"WebPage","@id":"https:\/\/franciscanos.org.br\/vidacrista\/irmaos-como-dom-a-experiencia-de-francisco-de-assis\/","url":"https:\/\/franciscanos.org.br\/vidacrista\/irmaos-como-dom-a-experiencia-de-francisco-de-assis\/","name":"Irm\u00e3os como dom, a experi\u00eancia de Francisco de Assis - Vida Crist\u00e3 - Franciscanos","isPartOf":{"@id":"https:\/\/franciscanos.org.br\/vidacrista\/#website"},"datePublished":"2020-09-15T16:22:22+00:00","dateModified":"2020-09-15T16:22:22+00:00","author":{"@id":"https:\/\/franciscanos.org.br\/vidacrista\/#\/schema\/person\/1880bdd2c350b735648725ef7614736a"},"breadcrumb":{"@id":"https:\/\/franciscanos.org.br\/vidacrista\/irmaos-como-dom-a-experiencia-de-francisco-de-assis\/#breadcrumb"},"inLanguage":"pt-BR","potentialAction":[{"@type":"ReadAction","target":["https:\/\/franciscanos.org.br\/vidacrista\/irmaos-como-dom-a-experiencia-de-francisco-de-assis\/"]}]},{"@type":"BreadcrumbList","@id":"https:\/\/franciscanos.org.br\/vidacrista\/irmaos-como-dom-a-experiencia-de-francisco-de-assis\/#breadcrumb","itemListElement":[{"@type":"ListItem","position":1,"name":"Home","item":"https:\/\/franciscanos.org.br\/vidacrista\/"},{"@type":"ListItem","position":2,"name":"Irm\u00e3os como dom, a experi\u00eancia de Francisco de Assis"}]},{"@type":"Person","@id":"https:\/\/franciscanos.org.br\/vidacrista\/#\/schema\/person\/1880bdd2c350b735648725ef7614736a","name":"moacir","image":{"@type":"ImageObject","inLanguage":"pt-BR","@id":"https:\/\/franciscanos.org.br\/vidacrista\/#\/schema\/person\/image\/","url":"https:\/\/secure.gravatar.com\/avatar\/d08aa2ce4c8dd416d4479aa8536fcf64?s=96&d=mm&r=g","contentUrl":"https:\/\/secure.gravatar.com\/avatar\/d08aa2ce4c8dd416d4479aa8536fcf64?s=96&d=mm&r=g","caption":"moacir"},"url":"https:\/\/franciscanos.org.br\/vidacrista\/author\/moacir\/"}]}},"_links":{"self":[{"href":"https:\/\/franciscanos.org.br\/vidacrista\/wp-json\/wp\/v2\/posts\/187918"}],"collection":[{"href":"https:\/\/franciscanos.org.br\/vidacrista\/wp-json\/wp\/v2\/posts"}],"about":[{"href":"https:\/\/franciscanos.org.br\/vidacrista\/wp-json\/wp\/v2\/types\/post"}],"author":[{"embeddable":true,"href":"https:\/\/franciscanos.org.br\/vidacrista\/wp-json\/wp\/v2\/users\/3"}],"replies":[{"embeddable":true,"href":"https:\/\/franciscanos.org.br\/vidacrista\/wp-json\/wp\/v2\/comments?post=187918"}],"version-history":[{"count":1,"href":"https:\/\/franciscanos.org.br\/vidacrista\/wp-json\/wp\/v2\/posts\/187918\/revisions"}],"predecessor-version":[{"id":187921,"href":"https:\/\/franciscanos.org.br\/vidacrista\/wp-json\/wp\/v2\/posts\/187918\/revisions\/187921"}],"wp:featuredmedia":[{"embeddable":true,"href":"https:\/\/franciscanos.org.br\/vidacrista\/wp-json\/wp\/v2\/media\/187920"}],"wp:attachment":[{"href":"https:\/\/franciscanos.org.br\/vidacrista\/wp-json\/wp\/v2\/media?parent=187918"}],"wp:term":[{"taxonomy":"category","embeddable":true,"href":"https:\/\/franciscanos.org.br\/vidacrista\/wp-json\/wp\/v2\/categories?post=187918"},{"taxonomy":"post_tag","embeddable":true,"href":"https:\/\/franciscanos.org.br\/vidacrista\/wp-json\/wp\/v2\/tags?post=187918"}],"curies":[{"name":"wp","href":"https:\/\/api.w.org\/{rel}","templated":true}]}}