{"id":187818,"date":"2020-09-03T15:47:01","date_gmt":"2020-09-03T18:47:01","guid":{"rendered":"https:\/\/franciscanos.org.br\/vidacrista\/?p=187818"},"modified":"2020-09-03T15:47:01","modified_gmt":"2020-09-03T18:47:01","slug":"perdao-nao-existe-escandalo-na-igreja-que-prega-o-perdao","status":"publish","type":"post","link":"https:\/\/franciscanos.org.br\/vidacrista\/perdao-nao-existe-escandalo-na-igreja-que-prega-o-perdao\/","title":{"rendered":"Perd\u00e3o n\u00e3o existe!?  Esc\u00e2ndalo na Igreja que prega o perd\u00e3o"},"content":{"rendered":"<p><img decoding=\"async\" loading=\"lazy\" class=\"alignnone wp-image-187819 size-full\" src=\"https:\/\/franciscanos.org.br\/vidacrista\/wp-content\/uploads\/2020\/09\/artigo_0309.png\" alt=\"\" width=\"840\" height=\"450\" srcset=\"https:\/\/franciscanos.org.br\/vidacrista\/wp-content\/uploads\/2020\/09\/artigo_0309.png 840w, https:\/\/franciscanos.org.br\/vidacrista\/wp-content\/uploads\/2020\/09\/artigo_0309-450x241.png 450w, https:\/\/franciscanos.org.br\/vidacrista\/wp-content\/uploads\/2020\/09\/artigo_0309-768x411.png 768w, https:\/\/franciscanos.org.br\/vidacrista\/wp-content\/uploads\/2020\/09\/artigo_0309-150x80.png 150w\" sizes=\"(max-width: 840px) 100vw, 840px\" \/><\/p>\n<h3><strong>Uma reflex\u00e3o a partir de Mt 18,15-20<\/strong><\/h3>\n<p><em>Frei Jacir de Freitas Faria <\/em><a href=\"#_ftn1\" name=\"_ftnref1\">[1]<\/a> <em>\u00a0<\/em><\/p>\n<p><em>A cada ano, celebramos, entre as aspas, no m\u00eas de setembro, a independ\u00eancia do Brasil. Ela foi precedida pela c\u00e9lebre frase: \u201c<\/em>Se \u00e9 para o bem de todos e felicidade geral da Na\u00e7\u00e3o, <em>diga ao povo que fico!\u201d, proclamada por Dom Pedro I, nos idos de 22 de janeiro de 1822. Essa sua decis\u00e3o culminou no grito de Independ\u00eancia, \u00e0s margens do Ipiranga, no dia 7 de setembro do mesmo ano. O Brasil estava liberto de Portugal. Ledo engano. A depend\u00eancia continua, somente um acordo entre dominador e dominado foi rompido. <\/em><\/p>\n<p><em>Que rela\u00e7\u00e3o tem isso com o evangelho de Mt 18,15-20, no qual Jesus fala de pecado, de perd\u00e3o, de corre\u00e7\u00e3o, de pecador p\u00fablico, de ligar a terra com o c\u00e9u, de um estar de acordo e, por fim, de formar igreja\/comunidade com Ele? Deixo outra inquieta\u00e7\u00e3o: em que essa fala de Jesus tem a ver com o Deuteron\u00f4mio? Livro que a Igreja nos prop\u00f5e como reflex\u00e3o nesse m\u00eas de setembro, considerado o m\u00eas da B\u00edblia, por ser nele celebrada, no dia 30, a mem\u00f3ria de S\u00e3o Jer\u00f4nimo, o patrono dos biblistas.<\/em><\/p>\n<p><em>Comecemos por essa \u00faltima indaga\u00e7\u00e3o. O Dt \u00e9 um livro de leis, por isso \u00e9 pouco conhecido. Lei \u00e9 coisa chata. Quem j\u00e1 leu o C\u00f3digo Penal Brasileiro ou o C\u00f3digo de Direito Can\u00f4nico da Igreja? Poucos. Bom, eu s\u00f3 queria registrar aqui uma ideia sobre esse livro. Como o Dt est\u00e1 na B\u00edblia, na sua reda\u00e7\u00e3o final, muitas leis prof\u00e9ticas de amor e cuidado com o pobre, o \u00f3rf\u00e3o e a vi\u00fava perderam sua import\u00e2ncia por causa de leis terr\u00edveis, e at\u00e9 a de um Deus vingativo, que os sacerdotes do juda\u00edsmo e reis, muitos s\u00e9culos antes de Jesus, colocaram no livro. <\/em><\/p>\n<p><em>O nosso desafio \u00e9 ler o Dt na perspectiva prof\u00e9tica, sem esses acr\u00e9scimos. Jesus fez isso, como nos mostra o evangelho de Mt 18,15-20. Vou explicar melhor. H\u00e1 uma lei em Dt 19,21, chamada de Lei do Tali\u00e3o, que diz: \u201cVida por vida, olho por olho, dente por dente, m\u00e3o por m\u00e3o, p\u00e9 por p\u00e9\u201d. O pano de fundo dessa lei, inspirada em c\u00f3digos antigos, como o de Hamurabi, era que se teu irm\u00e3o fizesse uma coisa com voc\u00ea, voc\u00ea deveria fazer o mesmo com ele, pagar na mesma moeda, sem piedade, sem perd\u00e3o.\u00a0 <\/em><\/p>\n<p><em>Jesus, sabendo disso, e querendo resgatar os ensinamentos dos profetas, prop\u00f4s o perd\u00e3o, a reconcilia\u00e7\u00e3o e o entendimento a partir da linguagem do amor. Jesus sabia que a coisa mais dif\u00edcil para o ser humano \u00e9 perdoar. N\u00e3o fomos feitos para o perd\u00e3o. \u201cO homem \u00e9 lobo do homem\u201d, afirmou o dramaturgo romano Plauto, morto no ano 184 a.C. E \u00e9 nessa perspectiva que a afirmativa \u201co perd\u00e3o n\u00e3o existe\u201d ganha corpo. Entre os traficantes, quem erra, quem delata algu\u00e9m, morre como queima de arquivo. Um juiz n\u00e3o perdoa, ele declara culpado e n\u00e3o culpado, pune com uma senten\u00e7a, e basta. <\/em><\/p>\n<p><em>Perd\u00e3o \u00e9 uma cria\u00e7\u00e3o das religi\u00f5es. \u00c9 um aprendizado que somente humanos podem atingir. O perd\u00e3o s\u00f3 \u00e9 poss\u00edvel em pessoas que amam ou que foram amadas por meio de sacrif\u00edcios, assim como o amor de m\u00e3e e filho. \u00a0<\/em><\/p>\n<p><em>Muitas vezes, j\u00e1 me perguntei o porqu\u00ea da penit\u00eancia que muitos padres ainda imp\u00f5em aos fi\u00e9is depois de uma confiss\u00e3o. Trata-se de castigo pelo pecado? N\u00e3o, n\u00e3o pode ser! A penit\u00eancia \u00e9 simplesmente para nos lembrar que devemos perdoar sempre. Para Jesus, quem consegue perdoar liga a terra com o c\u00e9u, eternizando-se, pois n\u00f3s seremos aquilo que fomos em vida.\u00a0 E Jesus ainda disse que o que ligamos na terra est\u00e1 ligado. Isto quer dizer que, na liberdade sagrada que recebemos, somos capazes de criar v\u00ednculos, relacionamentos. Como isso \u00e9 bonito, maravilhoso! S\u00f3 n\u00f3s, os humanos, somos capazes disso. Coisas n\u00e3o criam la\u00e7os afetivos. Temos a responsabilidade de criar la\u00e7os, desatando os n\u00f3s da depress\u00e3o, do sofrimento, que est\u00e3o em n\u00f3s e nos outros. Para que isso aconte\u00e7a, s\u00f3 existe um rem\u00e9dio: o perd\u00e3o, seguido da penit\u00eancia do amor. O perd\u00e3o nos torna infinitos como Deus. Quem perdoa n\u00e3o perde, mas ganha o amor, uma nova rela\u00e7\u00e3o na finitude do ser humano que sonha ser perfeito, semelhante a Deus. <\/em><\/p>\n<p><em>Com o perd\u00e3o, Deus, o Pai Eterno, em Jesus, faz sua morada definitiva no meio de n\u00f3s. Nem \u00e9 preciso construir outra morada vultosa para ele, como outrora, o templo de Jerusal\u00e9m, lugar de doutores e sacerdotes que desvirtuaram o verdadeiro sentido da lei que cuida dos pobres. Infelizmente, isso ficou evidente na not\u00edcia que causou muita tristeza no Brasil. A den\u00fancia contra o Padre Robson sobre o desvio de dinheiro, que era destinado para a constru\u00e7\u00e3o de um templo para o Pai Eterno. \u201cPequeninos\u201d que enviaram rios de dinheiro, em nome da f\u00e9, para a obra em Trindade (GO) est\u00e3o escandalizados! Deus n\u00e3o quer e n\u00e3o precisa de um sino de seis milh\u00f5es para anunciar a sua presen\u00e7a. Isso \u00e9 uma afronta aos pobres. \u00c9 hora de a Igreja pedir perd\u00e3o. \u00c9 hora de seus l\u00edderes retomarem o caminho da profecia do Dt. Voltar \u00e0s origens. Ensinar e criar la\u00e7os de vida e n\u00e3o da morte de Deus.\u00a0 \u00a0\u00a0\u00a0\u00a0\u00a0<\/em><\/p>\n<p><em>Bom, para terminar, preciso retornar ao come\u00e7o. Dom Pedro I, com o seu sim, ficou no Brasil para formar comunidade com os que estavam no pa\u00eds gigante pela pr\u00f3pria natureza. Quisera sim, que se transformasse, em dias atuais, em perd\u00e3o, em rela\u00e7\u00f5es justas e fraternas entre n\u00f3s brasileiros, em todos os seus n\u00edveis: religioso, cultural, econ\u00f4mico, pol\u00edtico etc. E que a penit\u00eancia imposta fosse o fim do racismo, das desigualdades sociais, da corrup\u00e7\u00e3o pol\u00edtica e de tantos outros sofrimentos que assolam o nosso pa\u00eds. Am\u00e9m! \u00a0\u00a0\u00a0<\/em><\/p>\n<hr \/>\n<p><a href=\"#_ftnref1\" name=\"_ftn1\">[1]<\/a> <em>Doutor em Teologia B\u00edblica pela Faje (BH). Mestre em Ci\u00eancias B\u00edblicas (Exegese) pelo Pontif\u00edcio Instituto B\u00edblico de Roma. Professor de Exegese B\u00edblica no Instituto Santo Tom\u00e1s de Aquino (ISTA-BH). \u00c9 membro da Associa\u00e7\u00e3o Brasileira de Pesquisa B\u00edblica (ABIB). Sacerdote Franciscano. Autor de dez livros e coautor de treze. \u00daltimo livro: <strong>O Medo do Inferno e a arte de bem morrer<\/strong>: da devo\u00e7\u00e3o ap\u00f3crifa \u00e0 Dormi\u00e7\u00e3o de Maria \u00e0s irmandades de Nossa Senhora da Boa Morte (Vozes, 2019).<\/em><\/p>\n<p>&nbsp;<\/p>\n","protected":false},"excerpt":{"rendered":"<p>Artigo de Frei Jacir de Freitas Faria<\/p>\n","protected":false},"author":3,"featured_media":187820,"comment_status":"open","ping_status":"open","sticky":false,"template":"","format":"standard","meta":{"footnotes":""},"categories":[26],"tags":[43],"yoast_head":"<!-- This site is optimized with the Yoast SEO plugin v19.4 - https:\/\/yoast.com\/wordpress\/plugins\/seo\/ -->\n<title>Perd\u00e3o n\u00e3o existe!? Esc\u00e2ndalo na Igreja que prega o perd\u00e3o - Vida Crist\u00e3 - Franciscanos<\/title>\n<meta name=\"robots\" content=\"index, follow, max-snippet:-1, max-image-preview:large, max-video-preview:-1\" \/>\n<link rel=\"canonical\" href=\"https:\/\/franciscanos.org.br\/vidacrista\/perdao-nao-existe-escandalo-na-igreja-que-prega-o-perdao\/\" \/>\n<meta property=\"og:locale\" content=\"pt_BR\" \/>\n<meta property=\"og:type\" content=\"article\" \/>\n<meta property=\"og:title\" content=\"Perd\u00e3o n\u00e3o existe!? Esc\u00e2ndalo na Igreja que prega o perd\u00e3o - Vida Crist\u00e3 - Franciscanos\" \/>\n<meta property=\"og:description\" content=\"Artigo de Frei Jacir de Freitas Faria\" \/>\n<meta property=\"og:url\" content=\"https:\/\/franciscanos.org.br\/vidacrista\/perdao-nao-existe-escandalo-na-igreja-que-prega-o-perdao\/\" \/>\n<meta property=\"og:site_name\" content=\"Vida Crist\u00e3 - Franciscanos\" \/>\n<meta property=\"article:published_time\" content=\"2020-09-03T18:47:01+00:00\" \/>\n<meta property=\"og:image\" content=\"https:\/\/franciscanos.org.br\/vidacrista\/wp-content\/uploads\/2020\/09\/artigo_0309d.png\" \/>\n\t<meta property=\"og:image:width\" content=\"800\" \/>\n\t<meta property=\"og:image:height\" content=\"600\" \/>\n\t<meta property=\"og:image:type\" content=\"image\/png\" \/>\n<meta name=\"author\" content=\"moacir\" \/>\n<meta name=\"twitter:card\" content=\"summary_large_image\" \/>\n<meta name=\"twitter:label1\" content=\"Escrito por\" \/>\n\t<meta name=\"twitter:data1\" content=\"moacir\" \/>\n\t<meta name=\"twitter:label2\" content=\"Est. tempo de leitura\" \/>\n\t<meta name=\"twitter:data2\" content=\"6 minutos\" \/>\n<script type=\"application\/ld+json\" class=\"yoast-schema-graph\">{\"@context\":\"https:\/\/schema.org\",\"@graph\":[{\"@type\":\"WebSite\",\"@id\":\"https:\/\/franciscanos.org.br\/vidacrista\/#website\",\"url\":\"https:\/\/franciscanos.org.br\/vidacrista\/\",\"name\":\"Vida Crist\u00e3 - Franciscanos\",\"description\":\"Prov\u00edncia Franciscana da Imaculada Concei\u00e7\u00e3o do Brasil - Ordem dos Frades Menores\",\"potentialAction\":[{\"@type\":\"SearchAction\",\"target\":{\"@type\":\"EntryPoint\",\"urlTemplate\":\"https:\/\/franciscanos.org.br\/vidacrista\/?s={search_term_string}\"},\"query-input\":\"required name=search_term_string\"}],\"inLanguage\":\"pt-BR\"},{\"@type\":\"WebPage\",\"@id\":\"https:\/\/franciscanos.org.br\/vidacrista\/perdao-nao-existe-escandalo-na-igreja-que-prega-o-perdao\/\",\"url\":\"https:\/\/franciscanos.org.br\/vidacrista\/perdao-nao-existe-escandalo-na-igreja-que-prega-o-perdao\/\",\"name\":\"Perd\u00e3o n\u00e3o existe!? Esc\u00e2ndalo na Igreja que prega o perd\u00e3o - Vida Crist\u00e3 - Franciscanos\",\"isPartOf\":{\"@id\":\"https:\/\/franciscanos.org.br\/vidacrista\/#website\"},\"datePublished\":\"2020-09-03T18:47:01+00:00\",\"dateModified\":\"2020-09-03T18:47:01+00:00\",\"author\":{\"@id\":\"https:\/\/franciscanos.org.br\/vidacrista\/#\/schema\/person\/1880bdd2c350b735648725ef7614736a\"},\"breadcrumb\":{\"@id\":\"https:\/\/franciscanos.org.br\/vidacrista\/perdao-nao-existe-escandalo-na-igreja-que-prega-o-perdao\/#breadcrumb\"},\"inLanguage\":\"pt-BR\",\"potentialAction\":[{\"@type\":\"ReadAction\",\"target\":[\"https:\/\/franciscanos.org.br\/vidacrista\/perdao-nao-existe-escandalo-na-igreja-que-prega-o-perdao\/\"]}]},{\"@type\":\"BreadcrumbList\",\"@id\":\"https:\/\/franciscanos.org.br\/vidacrista\/perdao-nao-existe-escandalo-na-igreja-que-prega-o-perdao\/#breadcrumb\",\"itemListElement\":[{\"@type\":\"ListItem\",\"position\":1,\"name\":\"Home\",\"item\":\"https:\/\/franciscanos.org.br\/vidacrista\/\"},{\"@type\":\"ListItem\",\"position\":2,\"name\":\"Perd\u00e3o n\u00e3o existe!? Esc\u00e2ndalo na Igreja que prega o perd\u00e3o\"}]},{\"@type\":\"Person\",\"@id\":\"https:\/\/franciscanos.org.br\/vidacrista\/#\/schema\/person\/1880bdd2c350b735648725ef7614736a\",\"name\":\"moacir\",\"image\":{\"@type\":\"ImageObject\",\"inLanguage\":\"pt-BR\",\"@id\":\"https:\/\/franciscanos.org.br\/vidacrista\/#\/schema\/person\/image\/\",\"url\":\"https:\/\/secure.gravatar.com\/avatar\/d08aa2ce4c8dd416d4479aa8536fcf64?s=96&d=mm&r=g\",\"contentUrl\":\"https:\/\/secure.gravatar.com\/avatar\/d08aa2ce4c8dd416d4479aa8536fcf64?s=96&d=mm&r=g\",\"caption\":\"moacir\"},\"url\":\"https:\/\/franciscanos.org.br\/vidacrista\/author\/moacir\/\"}]}<\/script>\n<!-- \/ Yoast SEO plugin. -->","yoast_head_json":{"title":"Perd\u00e3o n\u00e3o existe!? Esc\u00e2ndalo na Igreja que prega o perd\u00e3o - Vida Crist\u00e3 - Franciscanos","robots":{"index":"index","follow":"follow","max-snippet":"max-snippet:-1","max-image-preview":"max-image-preview:large","max-video-preview":"max-video-preview:-1"},"canonical":"https:\/\/franciscanos.org.br\/vidacrista\/perdao-nao-existe-escandalo-na-igreja-que-prega-o-perdao\/","og_locale":"pt_BR","og_type":"article","og_title":"Perd\u00e3o n\u00e3o existe!? Esc\u00e2ndalo na Igreja que prega o perd\u00e3o - Vida Crist\u00e3 - Franciscanos","og_description":"Artigo de Frei Jacir de Freitas Faria","og_url":"https:\/\/franciscanos.org.br\/vidacrista\/perdao-nao-existe-escandalo-na-igreja-que-prega-o-perdao\/","og_site_name":"Vida Crist\u00e3 - Franciscanos","article_published_time":"2020-09-03T18:47:01+00:00","og_image":[{"width":800,"height":600,"url":"https:\/\/franciscanos.org.br\/vidacrista\/wp-content\/uploads\/2020\/09\/artigo_0309d.png","type":"image\/png"}],"author":"moacir","twitter_card":"summary_large_image","twitter_misc":{"Escrito por":"moacir","Est. tempo de leitura":"6 minutos"},"schema":{"@context":"https:\/\/schema.org","@graph":[{"@type":"WebSite","@id":"https:\/\/franciscanos.org.br\/vidacrista\/#website","url":"https:\/\/franciscanos.org.br\/vidacrista\/","name":"Vida Crist\u00e3 - Franciscanos","description":"Prov\u00edncia Franciscana da Imaculada Concei\u00e7\u00e3o do Brasil - Ordem dos Frades Menores","potentialAction":[{"@type":"SearchAction","target":{"@type":"EntryPoint","urlTemplate":"https:\/\/franciscanos.org.br\/vidacrista\/?s={search_term_string}"},"query-input":"required name=search_term_string"}],"inLanguage":"pt-BR"},{"@type":"WebPage","@id":"https:\/\/franciscanos.org.br\/vidacrista\/perdao-nao-existe-escandalo-na-igreja-que-prega-o-perdao\/","url":"https:\/\/franciscanos.org.br\/vidacrista\/perdao-nao-existe-escandalo-na-igreja-que-prega-o-perdao\/","name":"Perd\u00e3o n\u00e3o existe!? Esc\u00e2ndalo na Igreja que prega o perd\u00e3o - Vida Crist\u00e3 - Franciscanos","isPartOf":{"@id":"https:\/\/franciscanos.org.br\/vidacrista\/#website"},"datePublished":"2020-09-03T18:47:01+00:00","dateModified":"2020-09-03T18:47:01+00:00","author":{"@id":"https:\/\/franciscanos.org.br\/vidacrista\/#\/schema\/person\/1880bdd2c350b735648725ef7614736a"},"breadcrumb":{"@id":"https:\/\/franciscanos.org.br\/vidacrista\/perdao-nao-existe-escandalo-na-igreja-que-prega-o-perdao\/#breadcrumb"},"inLanguage":"pt-BR","potentialAction":[{"@type":"ReadAction","target":["https:\/\/franciscanos.org.br\/vidacrista\/perdao-nao-existe-escandalo-na-igreja-que-prega-o-perdao\/"]}]},{"@type":"BreadcrumbList","@id":"https:\/\/franciscanos.org.br\/vidacrista\/perdao-nao-existe-escandalo-na-igreja-que-prega-o-perdao\/#breadcrumb","itemListElement":[{"@type":"ListItem","position":1,"name":"Home","item":"https:\/\/franciscanos.org.br\/vidacrista\/"},{"@type":"ListItem","position":2,"name":"Perd\u00e3o n\u00e3o existe!? Esc\u00e2ndalo na Igreja que prega o perd\u00e3o"}]},{"@type":"Person","@id":"https:\/\/franciscanos.org.br\/vidacrista\/#\/schema\/person\/1880bdd2c350b735648725ef7614736a","name":"moacir","image":{"@type":"ImageObject","inLanguage":"pt-BR","@id":"https:\/\/franciscanos.org.br\/vidacrista\/#\/schema\/person\/image\/","url":"https:\/\/secure.gravatar.com\/avatar\/d08aa2ce4c8dd416d4479aa8536fcf64?s=96&d=mm&r=g","contentUrl":"https:\/\/secure.gravatar.com\/avatar\/d08aa2ce4c8dd416d4479aa8536fcf64?s=96&d=mm&r=g","caption":"moacir"},"url":"https:\/\/franciscanos.org.br\/vidacrista\/author\/moacir\/"}]}},"_links":{"self":[{"href":"https:\/\/franciscanos.org.br\/vidacrista\/wp-json\/wp\/v2\/posts\/187818"}],"collection":[{"href":"https:\/\/franciscanos.org.br\/vidacrista\/wp-json\/wp\/v2\/posts"}],"about":[{"href":"https:\/\/franciscanos.org.br\/vidacrista\/wp-json\/wp\/v2\/types\/post"}],"author":[{"embeddable":true,"href":"https:\/\/franciscanos.org.br\/vidacrista\/wp-json\/wp\/v2\/users\/3"}],"replies":[{"embeddable":true,"href":"https:\/\/franciscanos.org.br\/vidacrista\/wp-json\/wp\/v2\/comments?post=187818"}],"version-history":[{"count":1,"href":"https:\/\/franciscanos.org.br\/vidacrista\/wp-json\/wp\/v2\/posts\/187818\/revisions"}],"predecessor-version":[{"id":187821,"href":"https:\/\/franciscanos.org.br\/vidacrista\/wp-json\/wp\/v2\/posts\/187818\/revisions\/187821"}],"wp:featuredmedia":[{"embeddable":true,"href":"https:\/\/franciscanos.org.br\/vidacrista\/wp-json\/wp\/v2\/media\/187820"}],"wp:attachment":[{"href":"https:\/\/franciscanos.org.br\/vidacrista\/wp-json\/wp\/v2\/media?parent=187818"}],"wp:term":[{"taxonomy":"category","embeddable":true,"href":"https:\/\/franciscanos.org.br\/vidacrista\/wp-json\/wp\/v2\/categories?post=187818"},{"taxonomy":"post_tag","embeddable":true,"href":"https:\/\/franciscanos.org.br\/vidacrista\/wp-json\/wp\/v2\/tags?post=187818"}],"curies":[{"name":"wp","href":"https:\/\/api.w.org\/{rel}","templated":true}]}}