{"id":187815,"date":"2017-06-23T00:57:19","date_gmt":"2017-06-23T03:57:19","guid":{"rendered":"https:\/\/franciscanos.org.br\/vidacrista\/?p=187815"},"modified":"2020-09-03T14:57:44","modified_gmt":"2020-09-03T17:57:44","slug":"sangue-e-agua-misterio-de-morte-e-vida","status":"publish","type":"post","link":"https:\/\/franciscanos.org.br\/vidacrista\/sangue-e-agua-misterio-de-morte-e-vida\/","title":{"rendered":"Sangue e \u00e1gua: Mist\u00e9rio de morte e vida"},"content":{"rendered":"<p><img decoding=\"async\" loading=\"lazy\" src=\"http:\/\/franciscanos.org.br\/wp-content\/uploads\/2017\/06\/sagrado_200617.jpg\" alt=\"sagrado_200617\" width=\"820\" height=\"515\" \/><\/p>\n<blockquote><p>Dizer cora\u00e7\u00e3o \u00e9 dizer amor, o amor inating\u00edvel e desinteressado, o amor que vence pela inutilidade, que triunfa pela fraqueza, que morto d\u00e1 a vida, o amor que \u00e9 Deus.<br \/>\nKarl Ranher<\/p><\/blockquote>\n<p><strong>Frontisp\u00edcio<\/strong><\/p>\n<p><strong>Ningu\u00e9m se afaste do amor <\/strong><br \/>\n<strong>do vosso bom Cora\u00e7\u00e3o. <\/strong><br \/>\n<strong>Buscai, na\u00e7\u00f5es, nessa fonte <\/strong><br \/>\n<strong>as gra\u00e7as da remiss\u00e3o.<\/strong><\/p>\n<p><strong>Aberto foi pela lan\u00e7a <\/strong><br \/>\n<strong>e, na paix\u00e3o transpassado <\/strong><br \/>\n<strong>deixou jorrar \u00e1gua e sangue <\/strong><br \/>\n<strong>lavando nosso pecado<\/strong><\/p>\n<p><strong>Hino das I V\u00e9speras da Solenidade<\/strong><\/p>\n<p style=\"padding-left: 30px;\"><em>Por ocasi\u00e3o da celebra\u00e7\u00e3o da solenidade do Cora\u00e7\u00e3o do Redentor fixemos nossa aten\u00e7\u00e3o no mist\u00e9rio pascal que se concretiza no dom da vida do Senhor e em seu peito aberto. Sangue e \u00e1gua, morte e vida. Dor e amor. Dor e abandono fecundos. Todos podemos beber, com perene alegria, nas fonte salvador.<\/em><\/p>\n<p><strong>1.<\/strong> O cora\u00e7\u00e3o \u00e9 espa\u00e7o do homem que \u00e9 s\u00edntese de sua pessoa. O cora\u00e7\u00e3o \u00e9 a parte central do homem. \u00c9 l\u00e1 que todo o seu ser toma consist\u00eancia e consci\u00eancia de sua unidade. A partir deste n\u00f3 primordial \u00e9 que o ser humano se desenvolve, se desdobra, ele que \u00e9 alma corpo e esp\u00edrito. \u00c9 ali que tudo se liga e se consolida, para l\u00e1 tudo converge. De l\u00e1 partem todas as correntes vitais do homem, todos os caminhos de sua vida pessoal. Toda palavra, decis\u00e3o ou a\u00e7\u00e3o que reflete a integralidade e a autenticidade da pessoa s\u00e3o oriundas desse centro dela que \u00e9 o cora\u00e7\u00e3o, \u00fanico ponto onde se concentra a totalidade do ser humano. Tudo o mais \u00e9 sem conte\u00fado e consist\u00eancia; todo o resto, no plano da pessoa, nada mais \u00e9 do que realidade informe. E o homem pode amar de todo o cora\u00e7\u00e3o. Quer dizer com sua ess\u00eancia. O cora\u00e7\u00e3o de carne \u00e9 s\u00edmbolo dessa unidade interna, desse cora\u00e7\u00e3o de l\u00e1 dentro. Jesus tem o cora\u00e7\u00e3o aberto. Esvaziou-se e deu tudo. Amou at\u00e9 o fim.<\/p>\n<p><strong>2.<\/strong> Duas realidades dever\u00e3o ser levadas em considera\u00e7\u00e3o na transfix\u00e3o do cora\u00e7\u00e3o. \u201cSobre a cruz contemplamos um cora\u00e7\u00e3o morto e ferido pela morte; mas \u00e9 um cora\u00e7\u00e3o que do mais profundo dessa morte, no instante mesmo em que \u00e9 aniquilado, deixa prorromper a fonte da vida, a \u00e1gua e o sangue, sinais da ressurrei\u00e7\u00e3o. Como diz Or\u00edgenes, o novo Ad\u00e3o adormecido na cruz n\u00e3o foi como os outros mortos. Do mais profundo da morte deu mostras de vida na \u00e1gua e no sangue e foi por assim dizer um morto novo. Necess\u00e1rio captar bem a novidade radical do evento que se realiza em refer\u00eancia ao antigo sono (de Ad\u00e3o). Este constitui um daqueles sinais gloriosos de que se compraz o evangelista Jo\u00e3o na descri\u00e7\u00e3o do relato da Paix\u00e3o. Aquele cad\u00e1ver suspenso no pat\u00edbulo maldito j\u00e1 \u00e9 o corpo do Ressuscitado\u201d (\u00c9douard Glotin). Ao morrer, ao realizar tudo o que era poss\u00edvel realizar, j\u00e1 inaugurava a ressurrei\u00e7\u00e3o.<\/p>\n<p><strong>3.<\/strong> A efus\u00e3o de sangue e de \u00e1gua recordava a fragilidade da natureza humana de Cristo sujeita \u00e0 paix\u00e3o e \u00e0 morte, a \u00e1gua que brota manifesta j\u00e1 a ressurrei\u00e7\u00e3o e a vida no Esp\u00edrito. Para Jo\u00e3o, esse mist\u00e9rio da paix\u00e3o-morte-ressurrei\u00e7\u00e3o se realiza no momento querido pelo Pai, aquela hora pela qual Cristo havia tanto suspirado. Tudo isso brota do cora\u00e7\u00e3o de Cristo, ou seja, da totalidade dele mesmo.<\/p>\n<p><strong>4.<\/strong> E agora S\u00e3o Boaventura: \u201cConsidera, \u00f3 homem redimido, quem \u00e9 aquele que por tua causa est\u00e1 pregado na cruz, qual \u00e9 a sua dignidade e grandeza. A sua morte d\u00e1 vida aos mortos, por sua morte choram o c\u00e9u e a terra, e fendem-se as pedras mais duras. Para que do lado de Cristo, morto na cruz, se formasse a Igreja e se cumprisse a Escritura que diz: Olhar\u00e3o para aquele que transpassaram (Jo 19,37), a divina Provid\u00eancia permitiu que um dos soldados lhe abrisse com a lan\u00e7a o sagrado lado, de onde jorraram sangue e \u00e1gua. Este \u00e9 o pre\u00e7o da nossa salva\u00e7\u00e3o. Sa\u00eddo daquela fonte divina, isto \u00e9, do \u00edntimo de seu cora\u00e7\u00e3o, iria dar aos sacramentos da Igreja o poder de conferir a vida da gra\u00e7a, tornando-se para os que j\u00e1 vivem em Cristo bebida da fonte viva que jorra para a vida eterna\u201d (Liturgia das Horas III, p. 571).<\/p>\n<p><strong>5<\/strong>. Agora, a vez de Jo\u00e3o Cris\u00f3stomo: \u201cDe seu lado saiu sangue e \u00e1gua (Jo 19,4). N\u00e3o quero, querido ouvinte, que trates com superficialidade o segredo de t\u00e3o grande mist\u00e9rio. Falta-me ainda explicar-te outro significado m\u00edstico e profundo. Disse que esta \u00e1gua e este sangue s\u00e3o s\u00edmbolos do batismo e da eucaristia. Foi desses sacramentos que nasceu a santa Igreja, pelo banho da regenera\u00e7\u00e3o e pela renova\u00e7\u00e3o do Esp\u00edrito Santo, isto \u00e9, pelo batismo e pela eucaristia que brotaram do lado de Cristo. Pois Cristo formou a Igreja de seu lado traspassado, assim como do lado de Ad\u00e3o foi formada Eva, sua esposa (Liturgia das Horas II, p. 416).<\/p>\n<p><strong>6. E uma prece para concluir:<\/strong><\/p>\n<p style=\"padding-left: 30px;\">Nas chagas gloriosas do Senhor<br \/>\nSenhor Jesus, contemplo teu Cora\u00e7\u00e3o dilacerado,<br \/>\ncoloco-me diante desta porta aberta,<br \/>\ndesse abrigo seguro,<br \/>\ndesse ninho acolhedor e protetor.<br \/>\nVou caminhando pelas trilhas da vida:<br \/>\nhoje encontro amigos e del\u00edcias na conviv\u00eancia,<br \/>\namanh\u00e3 defronto-me com a solid\u00e3o e experimento<br \/>\no gosto amargo de tantas decep\u00e7\u00f5es, rivalidades, conflitos.<br \/>\nCheio de \u00e2nsias de amar e ser amado,<br \/>\nSenhor Jesus, trope\u00e7o em ilus\u00f5es,<br \/>\nchoco-me com fantasias ego\u00edstas,<br \/>\ncambaleio de fraqueza.<br \/>\nSou um ser de contradi\u00e7\u00f5es e paradoxos.<br \/>\nCanso-me correndo atr\u00e1s de quimeras.<br \/>\nExtenuado, deito \u00e0s margens dos caminhos da vida<br \/>\ne agora posto-me diante de teu cora\u00e7\u00e3o aberto.<br \/>\nDeixa, Senhor, que eu descanse em teu cora\u00e7\u00e3o,<br \/>\nque eu entre nessa intimidade vigorosa e quente.<br \/>\nAguardo a for\u00e7a do teu amor que jorra desse<br \/>\nCora\u00e7\u00e3o dilacerado, dessa fenda aberta de teu lado.<\/p>\n<p><strong>\u2003Frei Almir Guimar\u00e3es<\/strong><\/p>\n","protected":false},"excerpt":{"rendered":"<p>Solenidade do Sagrado Cora\u00e7\u00e3o de Jesus<\/p>\n","protected":false},"author":3,"featured_media":0,"comment_status":"open","ping_status":"open","sticky":false,"template":"","format":"standard","meta":{"footnotes":""},"categories":[105],"tags":[112],"yoast_head":"<!-- This site is optimized with the Yoast SEO plugin v19.4 - https:\/\/yoast.com\/wordpress\/plugins\/seo\/ -->\n<title>Sangue e \u00e1gua: Mist\u00e9rio de morte e vida - Vida Crist\u00e3 - Franciscanos<\/title>\n<meta name=\"robots\" content=\"index, follow, max-snippet:-1, max-image-preview:large, max-video-preview:-1\" \/>\n<link rel=\"canonical\" href=\"https:\/\/franciscanos.org.br\/vidacrista\/sangue-e-agua-misterio-de-morte-e-vida\/\" \/>\n<meta property=\"og:locale\" content=\"pt_BR\" \/>\n<meta property=\"og:type\" content=\"article\" \/>\n<meta property=\"og:title\" content=\"Sangue e \u00e1gua: Mist\u00e9rio de morte e vida - Vida Crist\u00e3 - Franciscanos\" \/>\n<meta property=\"og:description\" content=\"Solenidade do Sagrado Cora\u00e7\u00e3o de Jesus\" \/>\n<meta property=\"og:url\" content=\"https:\/\/franciscanos.org.br\/vidacrista\/sangue-e-agua-misterio-de-morte-e-vida\/\" \/>\n<meta property=\"og:site_name\" content=\"Vida Crist\u00e3 - Franciscanos\" \/>\n<meta property=\"article:published_time\" content=\"2017-06-23T03:57:19+00:00\" \/>\n<meta property=\"article:modified_time\" content=\"2020-09-03T17:57:44+00:00\" \/>\n<meta property=\"og:image\" content=\"http:\/\/franciscanos.org.br\/wp-content\/uploads\/2017\/06\/sagrado_200617.jpg\" \/>\n<meta name=\"author\" content=\"moacir\" \/>\n<meta name=\"twitter:card\" content=\"summary_large_image\" \/>\n<meta name=\"twitter:label1\" content=\"Escrito por\" \/>\n\t<meta name=\"twitter:data1\" content=\"moacir\" \/>\n\t<meta name=\"twitter:label2\" content=\"Est. tempo de leitura\" \/>\n\t<meta name=\"twitter:data2\" content=\"5 minutos\" \/>\n<script type=\"application\/ld+json\" class=\"yoast-schema-graph\">{\"@context\":\"https:\/\/schema.org\",\"@graph\":[{\"@type\":\"WebSite\",\"@id\":\"https:\/\/franciscanos.org.br\/vidacrista\/#website\",\"url\":\"https:\/\/franciscanos.org.br\/vidacrista\/\",\"name\":\"Vida Crist\u00e3 - Franciscanos\",\"description\":\"Prov\u00edncia Franciscana da Imaculada Concei\u00e7\u00e3o do Brasil - Ordem dos Frades Menores\",\"potentialAction\":[{\"@type\":\"SearchAction\",\"target\":{\"@type\":\"EntryPoint\",\"urlTemplate\":\"https:\/\/franciscanos.org.br\/vidacrista\/?s={search_term_string}\"},\"query-input\":\"required name=search_term_string\"}],\"inLanguage\":\"pt-BR\"},{\"@type\":\"WebPage\",\"@id\":\"https:\/\/franciscanos.org.br\/vidacrista\/sangue-e-agua-misterio-de-morte-e-vida\/\",\"url\":\"https:\/\/franciscanos.org.br\/vidacrista\/sangue-e-agua-misterio-de-morte-e-vida\/\",\"name\":\"Sangue e \u00e1gua: Mist\u00e9rio de morte e vida - Vida Crist\u00e3 - Franciscanos\",\"isPartOf\":{\"@id\":\"https:\/\/franciscanos.org.br\/vidacrista\/#website\"},\"datePublished\":\"2017-06-23T03:57:19+00:00\",\"dateModified\":\"2020-09-03T17:57:44+00:00\",\"author\":{\"@id\":\"https:\/\/franciscanos.org.br\/vidacrista\/#\/schema\/person\/1880bdd2c350b735648725ef7614736a\"},\"breadcrumb\":{\"@id\":\"https:\/\/franciscanos.org.br\/vidacrista\/sangue-e-agua-misterio-de-morte-e-vida\/#breadcrumb\"},\"inLanguage\":\"pt-BR\",\"potentialAction\":[{\"@type\":\"ReadAction\",\"target\":[\"https:\/\/franciscanos.org.br\/vidacrista\/sangue-e-agua-misterio-de-morte-e-vida\/\"]}]},{\"@type\":\"BreadcrumbList\",\"@id\":\"https:\/\/franciscanos.org.br\/vidacrista\/sangue-e-agua-misterio-de-morte-e-vida\/#breadcrumb\",\"itemListElement\":[{\"@type\":\"ListItem\",\"position\":1,\"name\":\"Home\",\"item\":\"https:\/\/franciscanos.org.br\/vidacrista\/\"},{\"@type\":\"ListItem\",\"position\":2,\"name\":\"Sangue e \u00e1gua: Mist\u00e9rio de morte e vida\"}]},{\"@type\":\"Person\",\"@id\":\"https:\/\/franciscanos.org.br\/vidacrista\/#\/schema\/person\/1880bdd2c350b735648725ef7614736a\",\"name\":\"moacir\",\"image\":{\"@type\":\"ImageObject\",\"inLanguage\":\"pt-BR\",\"@id\":\"https:\/\/franciscanos.org.br\/vidacrista\/#\/schema\/person\/image\/\",\"url\":\"https:\/\/secure.gravatar.com\/avatar\/d08aa2ce4c8dd416d4479aa8536fcf64?s=96&d=mm&r=g\",\"contentUrl\":\"https:\/\/secure.gravatar.com\/avatar\/d08aa2ce4c8dd416d4479aa8536fcf64?s=96&d=mm&r=g\",\"caption\":\"moacir\"},\"url\":\"https:\/\/franciscanos.org.br\/vidacrista\/author\/moacir\/\"}]}<\/script>\n<!-- \/ Yoast SEO plugin. -->","yoast_head_json":{"title":"Sangue e \u00e1gua: Mist\u00e9rio de morte e vida - Vida Crist\u00e3 - Franciscanos","robots":{"index":"index","follow":"follow","max-snippet":"max-snippet:-1","max-image-preview":"max-image-preview:large","max-video-preview":"max-video-preview:-1"},"canonical":"https:\/\/franciscanos.org.br\/vidacrista\/sangue-e-agua-misterio-de-morte-e-vida\/","og_locale":"pt_BR","og_type":"article","og_title":"Sangue e \u00e1gua: Mist\u00e9rio de morte e vida - Vida Crist\u00e3 - Franciscanos","og_description":"Solenidade do Sagrado Cora\u00e7\u00e3o de Jesus","og_url":"https:\/\/franciscanos.org.br\/vidacrista\/sangue-e-agua-misterio-de-morte-e-vida\/","og_site_name":"Vida Crist\u00e3 - Franciscanos","article_published_time":"2017-06-23T03:57:19+00:00","article_modified_time":"2020-09-03T17:57:44+00:00","og_image":[{"url":"http:\/\/franciscanos.org.br\/wp-content\/uploads\/2017\/06\/sagrado_200617.jpg"}],"author":"moacir","twitter_card":"summary_large_image","twitter_misc":{"Escrito por":"moacir","Est. tempo de leitura":"5 minutos"},"schema":{"@context":"https:\/\/schema.org","@graph":[{"@type":"WebSite","@id":"https:\/\/franciscanos.org.br\/vidacrista\/#website","url":"https:\/\/franciscanos.org.br\/vidacrista\/","name":"Vida Crist\u00e3 - Franciscanos","description":"Prov\u00edncia Franciscana da Imaculada Concei\u00e7\u00e3o do Brasil - Ordem dos Frades Menores","potentialAction":[{"@type":"SearchAction","target":{"@type":"EntryPoint","urlTemplate":"https:\/\/franciscanos.org.br\/vidacrista\/?s={search_term_string}"},"query-input":"required name=search_term_string"}],"inLanguage":"pt-BR"},{"@type":"WebPage","@id":"https:\/\/franciscanos.org.br\/vidacrista\/sangue-e-agua-misterio-de-morte-e-vida\/","url":"https:\/\/franciscanos.org.br\/vidacrista\/sangue-e-agua-misterio-de-morte-e-vida\/","name":"Sangue e \u00e1gua: Mist\u00e9rio de morte e vida - Vida Crist\u00e3 - Franciscanos","isPartOf":{"@id":"https:\/\/franciscanos.org.br\/vidacrista\/#website"},"datePublished":"2017-06-23T03:57:19+00:00","dateModified":"2020-09-03T17:57:44+00:00","author":{"@id":"https:\/\/franciscanos.org.br\/vidacrista\/#\/schema\/person\/1880bdd2c350b735648725ef7614736a"},"breadcrumb":{"@id":"https:\/\/franciscanos.org.br\/vidacrista\/sangue-e-agua-misterio-de-morte-e-vida\/#breadcrumb"},"inLanguage":"pt-BR","potentialAction":[{"@type":"ReadAction","target":["https:\/\/franciscanos.org.br\/vidacrista\/sangue-e-agua-misterio-de-morte-e-vida\/"]}]},{"@type":"BreadcrumbList","@id":"https:\/\/franciscanos.org.br\/vidacrista\/sangue-e-agua-misterio-de-morte-e-vida\/#breadcrumb","itemListElement":[{"@type":"ListItem","position":1,"name":"Home","item":"https:\/\/franciscanos.org.br\/vidacrista\/"},{"@type":"ListItem","position":2,"name":"Sangue e \u00e1gua: Mist\u00e9rio de morte e vida"}]},{"@type":"Person","@id":"https:\/\/franciscanos.org.br\/vidacrista\/#\/schema\/person\/1880bdd2c350b735648725ef7614736a","name":"moacir","image":{"@type":"ImageObject","inLanguage":"pt-BR","@id":"https:\/\/franciscanos.org.br\/vidacrista\/#\/schema\/person\/image\/","url":"https:\/\/secure.gravatar.com\/avatar\/d08aa2ce4c8dd416d4479aa8536fcf64?s=96&d=mm&r=g","contentUrl":"https:\/\/secure.gravatar.com\/avatar\/d08aa2ce4c8dd416d4479aa8536fcf64?s=96&d=mm&r=g","caption":"moacir"},"url":"https:\/\/franciscanos.org.br\/vidacrista\/author\/moacir\/"}]}},"_links":{"self":[{"href":"https:\/\/franciscanos.org.br\/vidacrista\/wp-json\/wp\/v2\/posts\/187815"}],"collection":[{"href":"https:\/\/franciscanos.org.br\/vidacrista\/wp-json\/wp\/v2\/posts"}],"about":[{"href":"https:\/\/franciscanos.org.br\/vidacrista\/wp-json\/wp\/v2\/types\/post"}],"author":[{"embeddable":true,"href":"https:\/\/franciscanos.org.br\/vidacrista\/wp-json\/wp\/v2\/users\/3"}],"replies":[{"embeddable":true,"href":"https:\/\/franciscanos.org.br\/vidacrista\/wp-json\/wp\/v2\/comments?post=187815"}],"version-history":[{"count":1,"href":"https:\/\/franciscanos.org.br\/vidacrista\/wp-json\/wp\/v2\/posts\/187815\/revisions"}],"predecessor-version":[{"id":187816,"href":"https:\/\/franciscanos.org.br\/vidacrista\/wp-json\/wp\/v2\/posts\/187815\/revisions\/187816"}],"wp:attachment":[{"href":"https:\/\/franciscanos.org.br\/vidacrista\/wp-json\/wp\/v2\/media?parent=187815"}],"wp:term":[{"taxonomy":"category","embeddable":true,"href":"https:\/\/franciscanos.org.br\/vidacrista\/wp-json\/wp\/v2\/categories?post=187815"},{"taxonomy":"post_tag","embeddable":true,"href":"https:\/\/franciscanos.org.br\/vidacrista\/wp-json\/wp\/v2\/tags?post=187815"}],"curies":[{"name":"wp","href":"https:\/\/api.w.org\/{rel}","templated":true}]}}