{"id":187789,"date":"2020-09-02T08:39:48","date_gmt":"2020-09-02T11:39:48","guid":{"rendered":"https:\/\/franciscanos.org.br\/vidacrista\/?p=187789"},"modified":"2020-09-02T08:39:48","modified_gmt":"2020-09-02T11:39:48","slug":"o-caminho-etico-do-cuidado-com-o-outro-em-tempos-de-pandemia","status":"publish","type":"post","link":"https:\/\/franciscanos.org.br\/vidacrista\/o-caminho-etico-do-cuidado-com-o-outro-em-tempos-de-pandemia\/","title":{"rendered":"O caminho \u00e9tico do cuidado com o outro em tempos de pandemia"},"content":{"rendered":"<div id=\"attachment_187790\" style=\"width: 850px\" class=\"wp-caption alignnone\"><img aria-describedby=\"caption-attachment-187790\" decoding=\"async\" loading=\"lazy\" class=\"wp-image-187790 size-full\" src=\"https:\/\/franciscanos.org.br\/vidacrista\/wp-content\/uploads\/2020\/09\/artigo_0209.png\" alt=\"\" width=\"840\" height=\"450\" srcset=\"https:\/\/franciscanos.org.br\/vidacrista\/wp-content\/uploads\/2020\/09\/artigo_0209.png 840w, https:\/\/franciscanos.org.br\/vidacrista\/wp-content\/uploads\/2020\/09\/artigo_0209-450x241.png 450w, https:\/\/franciscanos.org.br\/vidacrista\/wp-content\/uploads\/2020\/09\/artigo_0209-768x411.png 768w, https:\/\/franciscanos.org.br\/vidacrista\/wp-content\/uploads\/2020\/09\/artigo_0209-150x80.png 150w\" sizes=\"(max-width: 840px) 100vw, 840px\" \/><p id=\"caption-attachment-187790\" class=\"wp-caption-text\">\u00a0 \u00a0 \u00a0 \u00a0 \u00a0 \u00a0 \u00a0 \u00a0 \u00a0 \u00a0 \u00a0 \u00a0 \u00a0 \u00a0 \u00a0 \u00a0 \u00a0 \u00a0 \u00a0 \u00a0 \u00a0 \u00a0 \u00a0 \u00a0 \u00a0 \u00a0 \u00a0 \u00a0 \u00a0 \u00a0 \u00a0 \u00a0 \u00a0 \u00a0 \u00a0 \u00a0 \u00a0 \u00a0 \u00a0 \u00a0 \u00a0 \u00a0 \u00a0 \u00a0 \u00a0 \u00a0 \u00a0 \u00a0 \u00a0 \u00a0 \u00a0 \u00a0 \u00a0 \u00a0 \u00a0 \u00a0 \u00a0 \u00a0 \u00a0 \u00a0 \u00a0 \u00a0 \u00a0 \u00a0 \u00a0 \u00a0 \u00a0<em> \u00a0Imagem ilustrativa: (fonte: Canva)<\/em><\/p><\/div>\n<p><strong>Robson Ribeiro de Oliveira Castro<\/strong><\/p>\n<p>A pandemia da Covid-19, vivenciada pelo mundo inteiro, j\u00e1 fez milhares de v\u00edtimas. Trata-se de uma realidade nunca antes concebida. Nem os melhores roteiristas de Hollywood poderiam imaginar que, na vida real, passar\u00edamos por uma amea\u00e7a invis\u00edvel de um v\u00edrus com tamanho poder de propaga\u00e7\u00e3o, que mata todos os dias.<\/p>\n<p>\u00c9 preciso uni\u00e3o para encarar a realidade que estamos vivendo. N\u00e3o podemos deixar de lado a gravidade dos acontecimentos e muito menos nos aprisionar no reflexo das sombras dentro da caverna (como no mito da Caverna de Plat\u00e3o). Precisamos seguir em frente, mas n\u00e3o \u00e9 \u00e9tico ocultar ou virar as costas \u00e0 realidade. Pensar em \u00e9tica \u00e9 pensar em condutas e valores que, honestamente, possam nortear nossas a\u00e7\u00f5es e decis\u00f5es. A situa\u00e7\u00e3o da pandemia que vivemos \u00e9 um momento de refletir sobre a nossa realidade, mas sem perder a esperan\u00e7a.<\/p>\n<p>Segundo Paulo Freire, educador brasileiro, <em>\u201c\u00e9 preciso ter esperan\u00e7a, mas ter esperan\u00e7a do verbo esperan\u00e7ar; (&#8230;) Esperan\u00e7ar \u00e9 se levantar, esperan\u00e7ar \u00e9 ir atr\u00e1s, esperan\u00e7ar \u00e9 construir, esperan\u00e7ar \u00e9 n\u00e3o desistir! Esperan\u00e7ar \u00e9 levar adiante, esperan\u00e7ar \u00e9 juntar-se com outros para fazer de outro modo\u2026\u201d.<\/em> Em s\u00edntese, esperan\u00e7ar \u00e9 ter f\u00e9 na vida.<\/p>\n<p>Devemos ter cuidado com a vida, respeitar o pr\u00f3ximo e, principalmente, as gera\u00e7\u00f5es. Uma conduta moral duvidosa, sem apre\u00e7o \u00e0 vida, nos leva a deixar de vivenciar os melhores momentos. Por isso, esperan\u00e7ar \u00e9 ter iniciativa, \u00e9 ir ao encontro, \u00e9 socorrer os necessitados, os fragilizados, \u00e9 buscar e fazer acontecer. Com cautela, mas de frente para a realidade, cientes das dificuldades que devemos encontrar.<\/p>\n<p>Com isso, devemos fazer algo diferente, devemos ser respons\u00e1veis e \u00edntegros em nossas escolhas. N\u00e3o podemos menosprezar o n\u00famero de mortos; s\u00e3o vidas humanas abreviadas pela Covid-19. S\u00e3o pessoas que sofreram as consequ\u00eancias diretas dessa dif\u00edcil realidade. N\u00e3o s\u00e3o somente n\u00fameros, s\u00e3o hist\u00f3rias, s\u00e3o fam\u00edlias que se desfizeram. Essa realidade \u00e9, acima de tudo, um caminho de cuidado, de zelo \u00e9tico pelos que mais sofrem.<\/p>\n<p>Diante dos desafios, somos chamados a nos colocar no processo de reinven\u00e7\u00e3o do cotidiano. Um mundo realmente novo s\u00f3 ser\u00e1 poss\u00edvel sob a condi\u00e7\u00e3o de sermos respons\u00e1veis por ajudar a construir essa mudan\u00e7a que esperamos. A realidade atual, vivenciada por n\u00f3s, \u00e9 um convite a olhar para o nosso caminho e gestar uma realidade nova, com novos projetos e outro jeito de viver: mais humano, mais \u00e9tico e solid\u00e1rio. Que Jesus nos guie nesta caminhada!<\/p>\n<hr \/>\n<p><strong>Robson Ribeiro de Oliveira Castro<\/strong>\u00a0\u00a0<em>\u00e9 leigo, casado, pai da Em\u00edlia e do Francisco. Mestre em Teologia pela Faculdade Jesu\u00edta de Filosofia e Teologia (FAJE). Atualmente leciona no Instituto Teol\u00f3gico Franciscano (ITF). E-mail: robsonrcastro@yahoo.com.br.<\/em><\/p>\n","protected":false},"excerpt":{"rendered":"<p>Artigo de Robson Ribeiro de Oliveira Castro<\/p>\n","protected":false},"author":3,"featured_media":187791,"comment_status":"open","ping_status":"open","sticky":false,"template":"","format":"standard","meta":{"footnotes":""},"categories":[26],"tags":[328],"yoast_head":"<!-- This site is optimized with the Yoast SEO plugin v19.4 - https:\/\/yoast.com\/wordpress\/plugins\/seo\/ -->\n<title>O caminho \u00e9tico do cuidado com o outro em tempos de pandemia - Vida Crist\u00e3 - Franciscanos<\/title>\n<meta name=\"robots\" content=\"index, follow, max-snippet:-1, max-image-preview:large, max-video-preview:-1\" \/>\n<link rel=\"canonical\" href=\"https:\/\/franciscanos.org.br\/vidacrista\/o-caminho-etico-do-cuidado-com-o-outro-em-tempos-de-pandemia\/\" \/>\n<meta property=\"og:locale\" content=\"pt_BR\" \/>\n<meta property=\"og:type\" content=\"article\" \/>\n<meta property=\"og:title\" content=\"O caminho \u00e9tico do cuidado com o outro em tempos de pandemia - Vida Crist\u00e3 - Franciscanos\" \/>\n<meta property=\"og:description\" content=\"Artigo de Robson Ribeiro de Oliveira Castro\" \/>\n<meta property=\"og:url\" content=\"https:\/\/franciscanos.org.br\/vidacrista\/o-caminho-etico-do-cuidado-com-o-outro-em-tempos-de-pandemia\/\" \/>\n<meta property=\"og:site_name\" content=\"Vida Crist\u00e3 - Franciscanos\" \/>\n<meta property=\"article:published_time\" content=\"2020-09-02T11:39:48+00:00\" \/>\n<meta property=\"og:image\" content=\"https:\/\/franciscanos.org.br\/vidacrista\/wp-content\/uploads\/2020\/09\/artigo_0209d.png\" \/>\n\t<meta property=\"og:image:width\" content=\"800\" \/>\n\t<meta property=\"og:image:height\" content=\"600\" \/>\n\t<meta property=\"og:image:type\" content=\"image\/png\" \/>\n<meta name=\"author\" content=\"moacir\" \/>\n<meta name=\"twitter:card\" content=\"summary_large_image\" \/>\n<meta name=\"twitter:label1\" content=\"Escrito por\" \/>\n\t<meta name=\"twitter:data1\" content=\"moacir\" \/>\n\t<meta name=\"twitter:label2\" content=\"Est. tempo de leitura\" \/>\n\t<meta name=\"twitter:data2\" content=\"2 minutos\" \/>\n<script type=\"application\/ld+json\" class=\"yoast-schema-graph\">{\"@context\":\"https:\/\/schema.org\",\"@graph\":[{\"@type\":\"WebSite\",\"@id\":\"https:\/\/franciscanos.org.br\/vidacrista\/#website\",\"url\":\"https:\/\/franciscanos.org.br\/vidacrista\/\",\"name\":\"Vida Crist\u00e3 - Franciscanos\",\"description\":\"Prov\u00edncia Franciscana da Imaculada Concei\u00e7\u00e3o do Brasil - Ordem dos Frades Menores\",\"potentialAction\":[{\"@type\":\"SearchAction\",\"target\":{\"@type\":\"EntryPoint\",\"urlTemplate\":\"https:\/\/franciscanos.org.br\/vidacrista\/?s={search_term_string}\"},\"query-input\":\"required name=search_term_string\"}],\"inLanguage\":\"pt-BR\"},{\"@type\":\"WebPage\",\"@id\":\"https:\/\/franciscanos.org.br\/vidacrista\/o-caminho-etico-do-cuidado-com-o-outro-em-tempos-de-pandemia\/\",\"url\":\"https:\/\/franciscanos.org.br\/vidacrista\/o-caminho-etico-do-cuidado-com-o-outro-em-tempos-de-pandemia\/\",\"name\":\"O caminho \u00e9tico do cuidado com o outro em tempos de pandemia - Vida Crist\u00e3 - Franciscanos\",\"isPartOf\":{\"@id\":\"https:\/\/franciscanos.org.br\/vidacrista\/#website\"},\"datePublished\":\"2020-09-02T11:39:48+00:00\",\"dateModified\":\"2020-09-02T11:39:48+00:00\",\"author\":{\"@id\":\"https:\/\/franciscanos.org.br\/vidacrista\/#\/schema\/person\/1880bdd2c350b735648725ef7614736a\"},\"breadcrumb\":{\"@id\":\"https:\/\/franciscanos.org.br\/vidacrista\/o-caminho-etico-do-cuidado-com-o-outro-em-tempos-de-pandemia\/#breadcrumb\"},\"inLanguage\":\"pt-BR\",\"potentialAction\":[{\"@type\":\"ReadAction\",\"target\":[\"https:\/\/franciscanos.org.br\/vidacrista\/o-caminho-etico-do-cuidado-com-o-outro-em-tempos-de-pandemia\/\"]}]},{\"@type\":\"BreadcrumbList\",\"@id\":\"https:\/\/franciscanos.org.br\/vidacrista\/o-caminho-etico-do-cuidado-com-o-outro-em-tempos-de-pandemia\/#breadcrumb\",\"itemListElement\":[{\"@type\":\"ListItem\",\"position\":1,\"name\":\"Home\",\"item\":\"https:\/\/franciscanos.org.br\/vidacrista\/\"},{\"@type\":\"ListItem\",\"position\":2,\"name\":\"O caminho \u00e9tico do cuidado com o outro em tempos de pandemia\"}]},{\"@type\":\"Person\",\"@id\":\"https:\/\/franciscanos.org.br\/vidacrista\/#\/schema\/person\/1880bdd2c350b735648725ef7614736a\",\"name\":\"moacir\",\"image\":{\"@type\":\"ImageObject\",\"inLanguage\":\"pt-BR\",\"@id\":\"https:\/\/franciscanos.org.br\/vidacrista\/#\/schema\/person\/image\/\",\"url\":\"https:\/\/secure.gravatar.com\/avatar\/d08aa2ce4c8dd416d4479aa8536fcf64?s=96&d=mm&r=g\",\"contentUrl\":\"https:\/\/secure.gravatar.com\/avatar\/d08aa2ce4c8dd416d4479aa8536fcf64?s=96&d=mm&r=g\",\"caption\":\"moacir\"},\"url\":\"https:\/\/franciscanos.org.br\/vidacrista\/author\/moacir\/\"}]}<\/script>\n<!-- \/ Yoast SEO plugin. -->","yoast_head_json":{"title":"O caminho \u00e9tico do cuidado com o outro em tempos de pandemia - Vida Crist\u00e3 - Franciscanos","robots":{"index":"index","follow":"follow","max-snippet":"max-snippet:-1","max-image-preview":"max-image-preview:large","max-video-preview":"max-video-preview:-1"},"canonical":"https:\/\/franciscanos.org.br\/vidacrista\/o-caminho-etico-do-cuidado-com-o-outro-em-tempos-de-pandemia\/","og_locale":"pt_BR","og_type":"article","og_title":"O caminho \u00e9tico do cuidado com o outro em tempos de pandemia - Vida Crist\u00e3 - Franciscanos","og_description":"Artigo de Robson Ribeiro de Oliveira Castro","og_url":"https:\/\/franciscanos.org.br\/vidacrista\/o-caminho-etico-do-cuidado-com-o-outro-em-tempos-de-pandemia\/","og_site_name":"Vida Crist\u00e3 - Franciscanos","article_published_time":"2020-09-02T11:39:48+00:00","og_image":[{"width":800,"height":600,"url":"https:\/\/franciscanos.org.br\/vidacrista\/wp-content\/uploads\/2020\/09\/artigo_0209d.png","type":"image\/png"}],"author":"moacir","twitter_card":"summary_large_image","twitter_misc":{"Escrito por":"moacir","Est. tempo de leitura":"2 minutos"},"schema":{"@context":"https:\/\/schema.org","@graph":[{"@type":"WebSite","@id":"https:\/\/franciscanos.org.br\/vidacrista\/#website","url":"https:\/\/franciscanos.org.br\/vidacrista\/","name":"Vida Crist\u00e3 - Franciscanos","description":"Prov\u00edncia Franciscana da Imaculada Concei\u00e7\u00e3o do Brasil - Ordem dos Frades Menores","potentialAction":[{"@type":"SearchAction","target":{"@type":"EntryPoint","urlTemplate":"https:\/\/franciscanos.org.br\/vidacrista\/?s={search_term_string}"},"query-input":"required name=search_term_string"}],"inLanguage":"pt-BR"},{"@type":"WebPage","@id":"https:\/\/franciscanos.org.br\/vidacrista\/o-caminho-etico-do-cuidado-com-o-outro-em-tempos-de-pandemia\/","url":"https:\/\/franciscanos.org.br\/vidacrista\/o-caminho-etico-do-cuidado-com-o-outro-em-tempos-de-pandemia\/","name":"O caminho \u00e9tico do cuidado com o outro em tempos de pandemia - Vida Crist\u00e3 - Franciscanos","isPartOf":{"@id":"https:\/\/franciscanos.org.br\/vidacrista\/#website"},"datePublished":"2020-09-02T11:39:48+00:00","dateModified":"2020-09-02T11:39:48+00:00","author":{"@id":"https:\/\/franciscanos.org.br\/vidacrista\/#\/schema\/person\/1880bdd2c350b735648725ef7614736a"},"breadcrumb":{"@id":"https:\/\/franciscanos.org.br\/vidacrista\/o-caminho-etico-do-cuidado-com-o-outro-em-tempos-de-pandemia\/#breadcrumb"},"inLanguage":"pt-BR","potentialAction":[{"@type":"ReadAction","target":["https:\/\/franciscanos.org.br\/vidacrista\/o-caminho-etico-do-cuidado-com-o-outro-em-tempos-de-pandemia\/"]}]},{"@type":"BreadcrumbList","@id":"https:\/\/franciscanos.org.br\/vidacrista\/o-caminho-etico-do-cuidado-com-o-outro-em-tempos-de-pandemia\/#breadcrumb","itemListElement":[{"@type":"ListItem","position":1,"name":"Home","item":"https:\/\/franciscanos.org.br\/vidacrista\/"},{"@type":"ListItem","position":2,"name":"O caminho \u00e9tico do cuidado com o outro em tempos de pandemia"}]},{"@type":"Person","@id":"https:\/\/franciscanos.org.br\/vidacrista\/#\/schema\/person\/1880bdd2c350b735648725ef7614736a","name":"moacir","image":{"@type":"ImageObject","inLanguage":"pt-BR","@id":"https:\/\/franciscanos.org.br\/vidacrista\/#\/schema\/person\/image\/","url":"https:\/\/secure.gravatar.com\/avatar\/d08aa2ce4c8dd416d4479aa8536fcf64?s=96&d=mm&r=g","contentUrl":"https:\/\/secure.gravatar.com\/avatar\/d08aa2ce4c8dd416d4479aa8536fcf64?s=96&d=mm&r=g","caption":"moacir"},"url":"https:\/\/franciscanos.org.br\/vidacrista\/author\/moacir\/"}]}},"_links":{"self":[{"href":"https:\/\/franciscanos.org.br\/vidacrista\/wp-json\/wp\/v2\/posts\/187789"}],"collection":[{"href":"https:\/\/franciscanos.org.br\/vidacrista\/wp-json\/wp\/v2\/posts"}],"about":[{"href":"https:\/\/franciscanos.org.br\/vidacrista\/wp-json\/wp\/v2\/types\/post"}],"author":[{"embeddable":true,"href":"https:\/\/franciscanos.org.br\/vidacrista\/wp-json\/wp\/v2\/users\/3"}],"replies":[{"embeddable":true,"href":"https:\/\/franciscanos.org.br\/vidacrista\/wp-json\/wp\/v2\/comments?post=187789"}],"version-history":[{"count":1,"href":"https:\/\/franciscanos.org.br\/vidacrista\/wp-json\/wp\/v2\/posts\/187789\/revisions"}],"predecessor-version":[{"id":187792,"href":"https:\/\/franciscanos.org.br\/vidacrista\/wp-json\/wp\/v2\/posts\/187789\/revisions\/187792"}],"wp:featuredmedia":[{"embeddable":true,"href":"https:\/\/franciscanos.org.br\/vidacrista\/wp-json\/wp\/v2\/media\/187791"}],"wp:attachment":[{"href":"https:\/\/franciscanos.org.br\/vidacrista\/wp-json\/wp\/v2\/media?parent=187789"}],"wp:term":[{"taxonomy":"category","embeddable":true,"href":"https:\/\/franciscanos.org.br\/vidacrista\/wp-json\/wp\/v2\/categories?post=187789"},{"taxonomy":"post_tag","embeddable":true,"href":"https:\/\/franciscanos.org.br\/vidacrista\/wp-json\/wp\/v2\/tags?post=187789"}],"curies":[{"name":"wp","href":"https:\/\/api.w.org\/{rel}","templated":true}]}}