{"id":187662,"date":"2020-08-18T08:51:11","date_gmt":"2020-08-18T11:51:11","guid":{"rendered":"https:\/\/franciscanos.org.br\/vidacrista\/?p=187662"},"modified":"2020-08-18T08:51:11","modified_gmt":"2020-08-18T11:51:11","slug":"o-desprezo-ao-ser-humano-e-os-riscos-de-uma-sociedade-doente","status":"publish","type":"post","link":"https:\/\/franciscanos.org.br\/vidacrista\/o-desprezo-ao-ser-humano-e-os-riscos-de-uma-sociedade-doente\/","title":{"rendered":"O desprezo ao ser humano e os riscos de uma sociedade doente"},"content":{"rendered":"<div id=\"attachment_187663\" style=\"width: 850px\" class=\"wp-caption alignnone\"><img aria-describedby=\"caption-attachment-187663\" decoding=\"async\" loading=\"lazy\" class=\"wp-image-187663 size-full\" src=\"https:\/\/franciscanos.org.br\/vidacrista\/wp-content\/uploads\/2020\/08\/artigo_1808.png\" alt=\"\" width=\"840\" height=\"450\" srcset=\"https:\/\/franciscanos.org.br\/vidacrista\/wp-content\/uploads\/2020\/08\/artigo_1808.png 840w, https:\/\/franciscanos.org.br\/vidacrista\/wp-content\/uploads\/2020\/08\/artigo_1808-450x241.png 450w, https:\/\/franciscanos.org.br\/vidacrista\/wp-content\/uploads\/2020\/08\/artigo_1808-768x411.png 768w, https:\/\/franciscanos.org.br\/vidacrista\/wp-content\/uploads\/2020\/08\/artigo_1808-150x80.png 150w\" sizes=\"(max-width: 840px) 100vw, 840px\" \/><p id=\"caption-attachment-187663\" class=\"wp-caption-text\">\u00a0 \u00a0 \u00a0 \u00a0 \u00a0 \u00a0 \u00a0 \u00a0 \u00a0 \u00a0 \u00a0 \u00a0 \u00a0 \u00a0 \u00a0 \u00a0 \u00a0 \u00a0 \u00a0 \u00a0 \u00a0 \u00a0 \u00a0 \u00a0 \u00a0 \u00a0 \u00a0 \u00a0 \u00a0 \u00a0 \u00a0 \u00a0 \u00a0 \u00a0 \u00a0 \u00a0 \u00a0 \u00a0 \u00a0 \u00a0 \u00a0 \u00a0 \u00a0 \u00a0 \u00a0 \u00a0 \u00a0 \u00a0 \u00a0 \u00a0 \u00a0 \u00a0 \u00a0 \u00a0 \u00a0 \u00a0 \u00a0 \u00a0 \u00a0 \u00a0 \u00a0<em> \u00a0Imagem ilustrativa (fonte: Canva)<\/em><\/p><\/div>\n<p><strong>Robson Ribeiro de Oliveira Castro<\/strong><\/p>\n<p>N\u00e3o \u00e9 novidade que o desrespeito ao semelhante tem se tornado algo corriqueiro em nossos dias. Nunca antes vimos tantas realidades de injusti\u00e7a e abusos de autoridade como agora. Talvez isso se deva pelo acesso \u00e0s informa\u00e7\u00f5es e por estarmos, ou dever\u00edamos estar, em isolamento social decorrente da pandemia da Covid-19. Algumas not\u00edcias nos assustam diante de um cen\u00e1rio de desprezo e falta de \u00e9tica, entretanto nos chama a aten\u00e7\u00e3o devido \u00e0 forma que o ser humano tem sido tratado e trata o seu pr\u00f3ximo.<\/p>\n<p>Diante disso gostaria de chamar a aten\u00e7\u00e3o para uma frase: <strong><em>\u201cVoc\u00ea sabe com quem voc\u00ea est\u00e1 falando?\u201d<\/em><\/strong> Neste pequeno texto apresentarei quatro desdobramentos desta frase em realidades distintas, que nos descortinam uma sociedade doente e a falta de carinho e empatia para com o pr\u00f3ximo.<\/p>\n<p>A primeira delas \u00e9 de um empres\u00e1rio que aparece discutindo com um Policial Militar que atendeu \u00e0 den\u00fancia de sua esposa sobre o estado de descontrole e agressividade do marido ap\u00f3s ter ingerir bebida alco\u00f3lica. A frase, que \u00e9 bem mais ampla, termina com a seguinte afirma\u00e7\u00e3o<strong><em>: \u201cVoc\u00ea (policial)&#8230; \u00c9 um merda de um PM que ganha R$ 1 mil por m\u00eas, eu ganho R$ 300 mil por m\u00eas. (&#8230;) Aqui \u00e9 Alphaville, mano.\u201d. <\/em><\/strong>A afirma\u00e7\u00e3o \u00e9 desumana e d\u00e1 a entender que no condom\u00ednio, de grandes e luxuosas casas, a pol\u00edcia n\u00e3o teria poder. Seria mesmo a condi\u00e7\u00e3o \u00fanica o poder econ\u00f4mico \u00a0o divisor de \u00e1guas da sociedade?<\/p>\n<p>A segunda frase vem do Rio de Janeiro, onde um casal discutiu com um fiscal da Vigil\u00e2ncia Sanit\u00e1ria que, no exerc\u00edcio da sua fun\u00e7\u00e3o, fazendo cumprir o decreto de distanciamento ap\u00f3s a abertura dos bares e restaurantes, al\u00e9m de desacat\u00e1-lo e menosprez\u00e1-lo, o desrespeitou ao afirmar que: <strong><em>\u201cA gente paga voc\u00ea, filho. O seu sal\u00e1rio sai do meu bolso\u201d.<\/em><\/strong> O funcion\u00e1rio de fiscaliza\u00e7\u00e3o pede ao casal que observem a situa\u00e7\u00e3o e, de forma respeitosa, chama o homem que est\u00e1 gravando a opera\u00e7\u00e3o de \u201ccidad\u00e3o\u201d, no mesmo instante \u00e9 interrompido pela mulher que retruca: <strong><em>\u201cCidad\u00e3o, n\u00e3o. Engenheiro civil, formado. Melhor do que voc\u00ea\u201d.<\/em><\/strong> Infelizmente, a falta de cuidado para com o pr\u00f3ximo no exerc\u00edcio do seu trabalho, al\u00e9m se colocar em risco por causa da pandemia, deixa claro a arrog\u00e2ncia do ser humano. A t\u00edtulo de curiosidade, o fiscal da Vigil\u00e2ncia Sanit\u00e1ria \u00e9 extremamente qualificado para o cargo que ocupa sendo Doutor em Ci\u00eancias Veterin\u00e1rias pela Universidade Federal Rural do Rio de Janeiro (UFRRJ), o que n\u00e3o justificaria, mesmo este n\u00e3o tendo uma titula\u00e7\u00e3o, em momento algum a falta de cuidado com o pr\u00f3ximo e o desrespeito.<\/p>\n<p>A terceira frase \u00e9 a do desembargador Eduardo Siqueira, que foi abordado pela Guarda Civil na orla da praia de Santos, n\u00e3o acatando o pedido para que colocasse a m\u00e1scara, desobedecendo a um decreto sobre a utiliza\u00e7\u00e3o da m\u00e1scara. Al\u00e9m disso, humilhou o agente ao fazer uma liga\u00e7\u00e3o para o Secret\u00e1rio de Seguran\u00e7a do munic\u00edpio, afirmando: <strong><em>&#8220;Estou aqui com um analfabeto que quer me obrigar a usar a m\u00e1scara na rua\u201d<\/em><\/strong>. No final, ainda rasga a multa que lhe foi aplicada, jogando-a em via p\u00fablica. Qual seria o motivo da raiva em cada um dos casos: a Lei!<\/p>\n<p>A mais recente \u00e9 de um morador de um condom\u00ednio de luxo que destratou e menosprezou um trabalhador de entrega de comida por aplicativo: <strong><em>\u201cMoleque, escuta aqui, voc\u00ea tem inveja dessas fam\u00edlias aqui, voc\u00ea tem inveja disso aqui [aponta para a cor da pele]. (&#8230;) Seu lixo, quanto deve ganhar por m\u00eas, hein? Dois mil reais? N\u00e3o deve ter nem onde morar\u201d. <\/em><\/strong>Atitudes assim nos mostram o desprezo do ser humano pelo pr\u00f3ximo e o desrespeito por aquele que se arrisca ao sair para trabalhar todos os dias. Felizmente n\u00e3o podemos generalizar, mas a forma como a elite se comporta diante da lei e da necessidade de cumpri-la nos surpreende e nos leva a refletir: Ser\u00e1 que estamos atentos ao clamor do pr\u00f3ximo e \u00e0 real necessidade de atentar aos seus pedidos e anseios?<\/p>\n<p>Em todos os casos, a frase poderia ser antecedida por uma simples senten\u00e7a: <strong><em>\u201cVoc\u00ea sabe com quem voc\u00ea est\u00e1 falando?\u201d<\/em><\/strong> Esta frase perpassa diversos cen\u00e1rios, mas que nos apresenta uma competi\u00e7\u00e3o desenfreada e anti\u00e9tica. Independente de quem falou e com quem falou, demonstra que a sociedade est\u00e1 fadada ao fracasso nas rela\u00e7\u00f5es humanasse se n\u00e3o houver uma preocupa\u00e7\u00e3o urgente em se fazer o bem a todos e, acima de tudo, o respeito pelo lugar do pr\u00f3ximo, al\u00e9m de uma total falta de bom senso e respeito para os servidores que atuam na linha de frente.<\/p>\n<p>Esta realidade, infelizmente, est\u00e1 mais pr\u00f3xima do que imaginamos e casos semelhantes a esses s\u00e3o corriqueiros e mostram que o indiv\u00edduo tem o potencial de fazer o bem e o mal. Em \u00e9poca de pandemia e de isolamento social, os casos apresentados nos descortinam situa\u00e7\u00f5es ligadas diretamente \u00e0 realidade vivida por muitos funcion\u00e1rios que necessitam trabalhar para que seja mantida a ordem. Diante do isolamento social, atitudes como essas n\u00e3o colaboram em nada para que possamos viver em uma sociedade mais igualit\u00e1ria, com respeito, amor e principalmente comprometimento com o pr\u00f3ximo.<\/p>\n<p>Infelizmente, as pessoas n\u00e3o entenderam o que \u00e9 ter uma posi\u00e7\u00e3o social ou ter um poder econ\u00f4mico. O exemplo de Jesus \u00e9 sempre recorrente ao nos apresentar a sua humanidade. Ele mesmo disse que <strong><em>\u201cO que fizeste ao menor dos meus irm\u00e3os, \u00e9 a mim que o fizestes\u201d<\/em><\/strong> (cf. Mt 25,40). A forma como ele tratou seus semelhantes, viveu ao lado de cobradores de impostos e de uma classe social que era desprovida de bens e cargos, mostra que n\u00e3o era um Rei de Pal\u00e1cios, mas queria estar nas casas, com o seu povo, vivendo com ele, comendo com ele e escutando suas realidades.<\/p>\n<p>O te\u00f3logo basco Jos\u00e9 Antonio Pagola, em seu artigo \u201cA vida \u00e9 mais do que o que se v\u00ea\u201d nos fala que: \u201cJesus teve que ensinar a seus disc\u00edpulos a captar a presen\u00e7a salvadora de Deus (&#8230;). Ele revelou a eles sua grande convic\u00e7\u00e3o: a vida \u00e9 mais do que se v\u00ea. Enquanto vivemos de maneira distra\u00edda, sem captar nada de especial, algo misterioso est\u00e1 acontecendo no profundo da vida em segredo\u201d.<\/p>\n<p>Desta forma, aos que compactuam com determinadas formas de tratar o pr\u00f3ximo como nos cen\u00e1rios descritos, devemos observar que: humilhar, desprezar, desdenhar, menosprezar, depreciar o pr\u00f3ximo s\u00f3 corrobora para um caminho de atitudes vis do ser humano, tornando-o o pior dos animais.<\/p>\n<p>Ter um cargo, ocupar um status social, ou ser algum representante legal da sociedade ou do poder judici\u00e1rio, s\u00f3 faz sentido se eu fizer o poss\u00edvel para o bem do pr\u00f3ximo e n\u00e3o o meu pr\u00f3prio.<\/p>\n<p>\u00c9 a partir desta concep\u00e7\u00e3o que devemos observar \u00a0o que temos de bom e como tratar o outro, como ser amigo e acolhedor em momentos e dor e perda como o que vivemos agora com a pandemia da Covid-19 que, no Brasil, j\u00e1 passou dos 107.000 mortos.<\/p>\n<p>Jesus deve ser nosso exemplo a ser seguido pela sua \u00e9tica, termo deriva do grego <em>ethos<\/em> que significa comportamento, costumes, h\u00e1bito, car\u00e1ter, modo de ser de uma pessoa. Jesus assumiu seu modo de ser mesmo em uma sociedade contr\u00e1ria a tudo que ele pregava. Ele veio transformar o mundo na sociedade de sua \u00e9poca, desejava faz\u00ea-la refletir sobre uma conduta nova e mudar seu posicionamento frente ao legalismo exacerbado. Assim, tratar o pr\u00f3ximo com respeito \u00e9 fazer valer os mandamentos de Deus frente \u00e0 realidade vivida.<\/p>\n<p>Destarte, \u00e9 preciso cultivar o caminho \u00e9tico e que a nossa conduta moral seja pautada pelas regras aplicadas no cotidiano e que devem ser respeitadas por cada um, principalmente, neste per\u00edodo de distanciamento e isolamento social.<\/p>\n<p>Jesus n\u00e3o usou a frase: <strong><em>\u201cVoc\u00ea sabe com quem esta falando\u201d<\/em><\/strong>, pois ele sabia que, diante do que via e vivia, \u00a0deveria prevalecer o amor para com o pr\u00f3ximo, a chave para uma sociedade mais justa e atenta ao calor dos mais fragilizados e necessitados.<\/p>\n<hr \/>\n<p><strong>Robson Ribeiro de Oliveira Castro<\/strong>\u00a0\u00a0<em>\u00e9 leigo, casado, pai da Em\u00edlia e do Francisco. Mestre em Teologia pela Faculdade Jesu\u00edta de Filosofia e Teologia (FAJE). Atualmente leciona no Instituto Teol\u00f3gico Franciscano (ITF). E-mail: robsonrcastro@yahoo.com.br.<\/em><\/p>\n","protected":false},"excerpt":{"rendered":"<p>Artigo de Robson Ribeiro de Oliveira Castro<\/p>\n","protected":false},"author":3,"featured_media":187664,"comment_status":"open","ping_status":"open","sticky":false,"template":"","format":"standard","meta":{"footnotes":""},"categories":[26],"tags":[328],"yoast_head":"<!-- This site is optimized with the Yoast SEO plugin v19.4 - https:\/\/yoast.com\/wordpress\/plugins\/seo\/ -->\n<title>O desprezo ao ser humano e os riscos de uma sociedade doente - Vida Crist\u00e3 - Franciscanos<\/title>\n<meta name=\"robots\" content=\"index, follow, max-snippet:-1, max-image-preview:large, max-video-preview:-1\" \/>\n<link rel=\"canonical\" href=\"https:\/\/franciscanos.org.br\/vidacrista\/o-desprezo-ao-ser-humano-e-os-riscos-de-uma-sociedade-doente\/\" \/>\n<meta property=\"og:locale\" content=\"pt_BR\" \/>\n<meta property=\"og:type\" content=\"article\" \/>\n<meta property=\"og:title\" content=\"O desprezo ao ser humano e os riscos de uma sociedade doente - Vida Crist\u00e3 - Franciscanos\" \/>\n<meta property=\"og:description\" content=\"Artigo de Robson Ribeiro de Oliveira Castro\" \/>\n<meta property=\"og:url\" content=\"https:\/\/franciscanos.org.br\/vidacrista\/o-desprezo-ao-ser-humano-e-os-riscos-de-uma-sociedade-doente\/\" \/>\n<meta property=\"og:site_name\" content=\"Vida Crist\u00e3 - Franciscanos\" \/>\n<meta property=\"article:published_time\" content=\"2020-08-18T11:51:11+00:00\" \/>\n<meta property=\"og:image\" content=\"https:\/\/franciscanos.org.br\/vidacrista\/wp-content\/uploads\/2020\/08\/artigo_1808d.png\" \/>\n\t<meta property=\"og:image:width\" content=\"800\" \/>\n\t<meta property=\"og:image:height\" content=\"601\" \/>\n\t<meta property=\"og:image:type\" content=\"image\/png\" \/>\n<meta name=\"author\" content=\"moacir\" \/>\n<meta name=\"twitter:card\" content=\"summary_large_image\" \/>\n<meta name=\"twitter:label1\" content=\"Escrito por\" \/>\n\t<meta name=\"twitter:data1\" content=\"moacir\" \/>\n\t<meta name=\"twitter:label2\" content=\"Est. tempo de leitura\" \/>\n\t<meta name=\"twitter:data2\" content=\"7 minutos\" \/>\n<script type=\"application\/ld+json\" class=\"yoast-schema-graph\">{\"@context\":\"https:\/\/schema.org\",\"@graph\":[{\"@type\":\"WebSite\",\"@id\":\"https:\/\/franciscanos.org.br\/vidacrista\/#website\",\"url\":\"https:\/\/franciscanos.org.br\/vidacrista\/\",\"name\":\"Vida Crist\u00e3 - Franciscanos\",\"description\":\"Prov\u00edncia Franciscana da Imaculada Concei\u00e7\u00e3o do Brasil - Ordem dos Frades Menores\",\"potentialAction\":[{\"@type\":\"SearchAction\",\"target\":{\"@type\":\"EntryPoint\",\"urlTemplate\":\"https:\/\/franciscanos.org.br\/vidacrista\/?s={search_term_string}\"},\"query-input\":\"required name=search_term_string\"}],\"inLanguage\":\"pt-BR\"},{\"@type\":\"WebPage\",\"@id\":\"https:\/\/franciscanos.org.br\/vidacrista\/o-desprezo-ao-ser-humano-e-os-riscos-de-uma-sociedade-doente\/\",\"url\":\"https:\/\/franciscanos.org.br\/vidacrista\/o-desprezo-ao-ser-humano-e-os-riscos-de-uma-sociedade-doente\/\",\"name\":\"O desprezo ao ser humano e os riscos de uma sociedade doente - Vida Crist\u00e3 - Franciscanos\",\"isPartOf\":{\"@id\":\"https:\/\/franciscanos.org.br\/vidacrista\/#website\"},\"datePublished\":\"2020-08-18T11:51:11+00:00\",\"dateModified\":\"2020-08-18T11:51:11+00:00\",\"author\":{\"@id\":\"https:\/\/franciscanos.org.br\/vidacrista\/#\/schema\/person\/1880bdd2c350b735648725ef7614736a\"},\"breadcrumb\":{\"@id\":\"https:\/\/franciscanos.org.br\/vidacrista\/o-desprezo-ao-ser-humano-e-os-riscos-de-uma-sociedade-doente\/#breadcrumb\"},\"inLanguage\":\"pt-BR\",\"potentialAction\":[{\"@type\":\"ReadAction\",\"target\":[\"https:\/\/franciscanos.org.br\/vidacrista\/o-desprezo-ao-ser-humano-e-os-riscos-de-uma-sociedade-doente\/\"]}]},{\"@type\":\"BreadcrumbList\",\"@id\":\"https:\/\/franciscanos.org.br\/vidacrista\/o-desprezo-ao-ser-humano-e-os-riscos-de-uma-sociedade-doente\/#breadcrumb\",\"itemListElement\":[{\"@type\":\"ListItem\",\"position\":1,\"name\":\"Home\",\"item\":\"https:\/\/franciscanos.org.br\/vidacrista\/\"},{\"@type\":\"ListItem\",\"position\":2,\"name\":\"O desprezo ao ser humano e os riscos de uma sociedade doente\"}]},{\"@type\":\"Person\",\"@id\":\"https:\/\/franciscanos.org.br\/vidacrista\/#\/schema\/person\/1880bdd2c350b735648725ef7614736a\",\"name\":\"moacir\",\"image\":{\"@type\":\"ImageObject\",\"inLanguage\":\"pt-BR\",\"@id\":\"https:\/\/franciscanos.org.br\/vidacrista\/#\/schema\/person\/image\/\",\"url\":\"https:\/\/secure.gravatar.com\/avatar\/d08aa2ce4c8dd416d4479aa8536fcf64?s=96&d=mm&r=g\",\"contentUrl\":\"https:\/\/secure.gravatar.com\/avatar\/d08aa2ce4c8dd416d4479aa8536fcf64?s=96&d=mm&r=g\",\"caption\":\"moacir\"},\"url\":\"https:\/\/franciscanos.org.br\/vidacrista\/author\/moacir\/\"}]}<\/script>\n<!-- \/ Yoast SEO plugin. -->","yoast_head_json":{"title":"O desprezo ao ser humano e os riscos de uma sociedade doente - Vida Crist\u00e3 - Franciscanos","robots":{"index":"index","follow":"follow","max-snippet":"max-snippet:-1","max-image-preview":"max-image-preview:large","max-video-preview":"max-video-preview:-1"},"canonical":"https:\/\/franciscanos.org.br\/vidacrista\/o-desprezo-ao-ser-humano-e-os-riscos-de-uma-sociedade-doente\/","og_locale":"pt_BR","og_type":"article","og_title":"O desprezo ao ser humano e os riscos de uma sociedade doente - Vida Crist\u00e3 - Franciscanos","og_description":"Artigo de Robson Ribeiro de Oliveira Castro","og_url":"https:\/\/franciscanos.org.br\/vidacrista\/o-desprezo-ao-ser-humano-e-os-riscos-de-uma-sociedade-doente\/","og_site_name":"Vida Crist\u00e3 - Franciscanos","article_published_time":"2020-08-18T11:51:11+00:00","og_image":[{"width":800,"height":601,"url":"https:\/\/franciscanos.org.br\/vidacrista\/wp-content\/uploads\/2020\/08\/artigo_1808d.png","type":"image\/png"}],"author":"moacir","twitter_card":"summary_large_image","twitter_misc":{"Escrito por":"moacir","Est. tempo de leitura":"7 minutos"},"schema":{"@context":"https:\/\/schema.org","@graph":[{"@type":"WebSite","@id":"https:\/\/franciscanos.org.br\/vidacrista\/#website","url":"https:\/\/franciscanos.org.br\/vidacrista\/","name":"Vida Crist\u00e3 - Franciscanos","description":"Prov\u00edncia Franciscana da Imaculada Concei\u00e7\u00e3o do Brasil - Ordem dos Frades Menores","potentialAction":[{"@type":"SearchAction","target":{"@type":"EntryPoint","urlTemplate":"https:\/\/franciscanos.org.br\/vidacrista\/?s={search_term_string}"},"query-input":"required name=search_term_string"}],"inLanguage":"pt-BR"},{"@type":"WebPage","@id":"https:\/\/franciscanos.org.br\/vidacrista\/o-desprezo-ao-ser-humano-e-os-riscos-de-uma-sociedade-doente\/","url":"https:\/\/franciscanos.org.br\/vidacrista\/o-desprezo-ao-ser-humano-e-os-riscos-de-uma-sociedade-doente\/","name":"O desprezo ao ser humano e os riscos de uma sociedade doente - Vida Crist\u00e3 - Franciscanos","isPartOf":{"@id":"https:\/\/franciscanos.org.br\/vidacrista\/#website"},"datePublished":"2020-08-18T11:51:11+00:00","dateModified":"2020-08-18T11:51:11+00:00","author":{"@id":"https:\/\/franciscanos.org.br\/vidacrista\/#\/schema\/person\/1880bdd2c350b735648725ef7614736a"},"breadcrumb":{"@id":"https:\/\/franciscanos.org.br\/vidacrista\/o-desprezo-ao-ser-humano-e-os-riscos-de-uma-sociedade-doente\/#breadcrumb"},"inLanguage":"pt-BR","potentialAction":[{"@type":"ReadAction","target":["https:\/\/franciscanos.org.br\/vidacrista\/o-desprezo-ao-ser-humano-e-os-riscos-de-uma-sociedade-doente\/"]}]},{"@type":"BreadcrumbList","@id":"https:\/\/franciscanos.org.br\/vidacrista\/o-desprezo-ao-ser-humano-e-os-riscos-de-uma-sociedade-doente\/#breadcrumb","itemListElement":[{"@type":"ListItem","position":1,"name":"Home","item":"https:\/\/franciscanos.org.br\/vidacrista\/"},{"@type":"ListItem","position":2,"name":"O desprezo ao ser humano e os riscos de uma sociedade doente"}]},{"@type":"Person","@id":"https:\/\/franciscanos.org.br\/vidacrista\/#\/schema\/person\/1880bdd2c350b735648725ef7614736a","name":"moacir","image":{"@type":"ImageObject","inLanguage":"pt-BR","@id":"https:\/\/franciscanos.org.br\/vidacrista\/#\/schema\/person\/image\/","url":"https:\/\/secure.gravatar.com\/avatar\/d08aa2ce4c8dd416d4479aa8536fcf64?s=96&d=mm&r=g","contentUrl":"https:\/\/secure.gravatar.com\/avatar\/d08aa2ce4c8dd416d4479aa8536fcf64?s=96&d=mm&r=g","caption":"moacir"},"url":"https:\/\/franciscanos.org.br\/vidacrista\/author\/moacir\/"}]}},"_links":{"self":[{"href":"https:\/\/franciscanos.org.br\/vidacrista\/wp-json\/wp\/v2\/posts\/187662"}],"collection":[{"href":"https:\/\/franciscanos.org.br\/vidacrista\/wp-json\/wp\/v2\/posts"}],"about":[{"href":"https:\/\/franciscanos.org.br\/vidacrista\/wp-json\/wp\/v2\/types\/post"}],"author":[{"embeddable":true,"href":"https:\/\/franciscanos.org.br\/vidacrista\/wp-json\/wp\/v2\/users\/3"}],"replies":[{"embeddable":true,"href":"https:\/\/franciscanos.org.br\/vidacrista\/wp-json\/wp\/v2\/comments?post=187662"}],"version-history":[{"count":1,"href":"https:\/\/franciscanos.org.br\/vidacrista\/wp-json\/wp\/v2\/posts\/187662\/revisions"}],"predecessor-version":[{"id":187665,"href":"https:\/\/franciscanos.org.br\/vidacrista\/wp-json\/wp\/v2\/posts\/187662\/revisions\/187665"}],"wp:featuredmedia":[{"embeddable":true,"href":"https:\/\/franciscanos.org.br\/vidacrista\/wp-json\/wp\/v2\/media\/187664"}],"wp:attachment":[{"href":"https:\/\/franciscanos.org.br\/vidacrista\/wp-json\/wp\/v2\/media?parent=187662"}],"wp:term":[{"taxonomy":"category","embeddable":true,"href":"https:\/\/franciscanos.org.br\/vidacrista\/wp-json\/wp\/v2\/categories?post=187662"},{"taxonomy":"post_tag","embeddable":true,"href":"https:\/\/franciscanos.org.br\/vidacrista\/wp-json\/wp\/v2\/tags?post=187662"}],"curies":[{"name":"wp","href":"https:\/\/api.w.org\/{rel}","templated":true}]}}