{"id":187633,"date":"2020-08-13T07:56:44","date_gmt":"2020-08-13T10:56:44","guid":{"rendered":"https:\/\/franciscanos.org.br\/vidacrista\/?p=187633"},"modified":"2020-08-13T07:56:44","modified_gmt":"2020-08-13T10:56:44","slug":"viver-e-mais-do-que-sonhar","status":"publish","type":"post","link":"https:\/\/franciscanos.org.br\/vidacrista\/viver-e-mais-do-que-sonhar\/","title":{"rendered":"Viver \u00e9 mais do que sonhar"},"content":{"rendered":"<div id=\"attachment_187634\" style=\"width: 850px\" class=\"wp-caption alignnone\"><img aria-describedby=\"caption-attachment-187634\" decoding=\"async\" loading=\"lazy\" class=\"wp-image-187634 size-full\" src=\"https:\/\/franciscanos.org.br\/vidacrista\/wp-content\/uploads\/2020\/08\/artigo_1308.png\" alt=\"\" width=\"840\" height=\"450\" srcset=\"https:\/\/franciscanos.org.br\/vidacrista\/wp-content\/uploads\/2020\/08\/artigo_1308.png 840w, https:\/\/franciscanos.org.br\/vidacrista\/wp-content\/uploads\/2020\/08\/artigo_1308-450x241.png 450w, https:\/\/franciscanos.org.br\/vidacrista\/wp-content\/uploads\/2020\/08\/artigo_1308-768x411.png 768w, https:\/\/franciscanos.org.br\/vidacrista\/wp-content\/uploads\/2020\/08\/artigo_1308-150x80.png 150w\" sizes=\"(max-width: 840px) 100vw, 840px\" \/><p id=\"caption-attachment-187634\" class=\"wp-caption-text\">\u00a0 \u00a0 \u00a0 \u00a0 \u00a0 \u00a0 \u00a0 \u00a0 \u00a0 \u00a0 \u00a0 \u00a0 \u00a0 \u00a0 \u00a0 \u00a0 \u00a0 \u00a0 \u00a0 \u00a0 \u00a0 \u00a0 \u00a0 \u00a0 \u00a0 \u00a0 \u00a0 \u00a0 \u00a0 \u00a0 \u00a0 \u00a0 \u00a0 \u00a0 \u00a0 \u00a0 \u00a0 \u00a0 \u00a0 \u00a0 \u00a0 \u00a0 \u00a0 \u00a0 \u00a0 \u00a0 \u00a0 \u00a0 \u00a0 \u00a0 \u00a0 \u00a0 \u00a0 \u00a0 \u00a0 \u00a0 \u00a0 \u00a0 \u00a0 \u00a0 \u00a0 \u00a0 \u00a0 \u00a0 \u00a0 \u00a0 \u00a0 \u00a0 \u00a0<em> \u00a0 Imagem ilustrativa (fonte: Canva)<\/em><\/p><\/div>\n<p><strong>Pe. Ademir Guedes Azevedo, cp<\/strong><\/p>\n<p>N\u00e3o estamos dizendo que sonhar n\u00e3o seja importante. \u00c9 bom projetar metas e alimentar utopias, sobretudo quando a realidade torna-se pesada. Viver, contudo, \u00e9 o desafio maior, pois exige \u00e9tica, atitude, decis\u00e3o, compromisso, inaugurar processos, arrega\u00e7ar as mangas. O viver nos p\u00f5e diante do apelo maior do ser, ou seja, faz-nos existir de modo concreto.<\/p>\n<p>Um passo importante da vida \u00e9 a maturidade, o qual descortina um realismo sereno e ao mesmo tempo inquietante. As nossas ilus\u00f5es, que acreditamos ser verdadeiras, v\u00e3o cedendo lugar ao esp\u00edrito cr\u00edtico, o qual nos p\u00f5e em contato com os dramas mais profundos, como o amor, o cuidado com os mais fr\u00e1geis e consigo pr\u00f3prio, a fam\u00edlia, os amigos, tudo aquilo que pertence \u00e0 esfera das rela\u00e7\u00f5es. O risco \u00e9 criar um mundo paralelo como fuga e esquecer-se do essencial: viver, apesar de tudo.<\/p>\n<p>Em se tratando do cristianismo, o Evangelho \u00e9 a chave de maior lucidez para vivermos intensamente. Nele, encontra-se a nossa m\u00e1xima humaniza\u00e7\u00e3o, a forma da felicidade, o sentido maior da vida, a motiva\u00e7\u00e3o para n\u00e3o desistirmos. O Evangelho \u00e9 o ponto vital para toda exist\u00eancia. No entanto, a sua ontologiza\u00e7\u00e3o, realizada pela filosofia grega, o arrancou de um terreno concreto (do viver) para uma dimens\u00e3o abstrata. Em outras palavras, se o Evangelho apresenta um Deus presente no concreto de nossas vidas, experimentando os nossos dramas, a filosofia por sua vez, insiste numa ideia de Deus distante, sem rela\u00e7\u00e3o, pura ontologia. Enxergo nesta mudan\u00e7a de eixo a principal causa das confus\u00f5es religiosas de nossa vida crist\u00e3, hoje.<\/p>\n<p>O te\u00f3logo Von Harnak, em seu <em>Manual da hist\u00f3ria do dogma<\/em>, faz uma afirma\u00e7\u00e3o avassaladora: \u201cA primeira ortodoxia virou heresia\u201d. Consideremos o Evangelho a primeira ortodoxia. Quando \u00e9, ent\u00e3o, que o mesmo torna-se heresia? Quando vem julgado pelo tribunal da reflex\u00e3o abstrata que o preenche de proposi\u00e7\u00f5es distantes, ilus\u00f3rias que o transforma em mera erudi\u00e7\u00e3o. E assim a raz\u00e3o fria e calculista passa a ser a nova ortodoxia; e o Evangelho, que era a norma de vida por excel\u00eancia dos primeiros crist\u00e3os, torna-se algo her\u00e9tico, carente de argumenta\u00e7\u00e3o intelectual. Este modo de pensar levou a vida crist\u00e3 a assumir uma linguagem mais dogm\u00e1tica que b\u00edblica, mais voltada para o ideal que o real; mais sonho que realidade (vida).<\/p>\n<p>Temos que retornar \u00e0s implica\u00e7\u00f5es de uma linguagem b\u00edblica. Jesus falou da vida de modo concreto, usando par\u00e1bolas, todas com elementos do cotidiano. Ele n\u00e3o fugiu da realidade, foi concreto e n\u00e3o idealizou situa\u00e7\u00f5es. Com sua linguagem real, n\u00e3o desperdi\u00e7ou nenhuma oportunidade de relacionar-se com rostos e vidas, sejam elas quais forem. Por outro lado, a vida crist\u00e3, com sua linguagem ontol\u00f3gica, muitas vezes prefere apenas sonhar, investir tempo em projetos de futuro, por\u00e9m se esquece que o melhor est\u00e1 ficando para tr\u00e1s: as rela\u00e7\u00f5es, as pequenas oportunidades de encontro, de celebrar momentos, de fazer acontecer a justi\u00e7a, paz e fraternidade.<\/p>\n<p>Oxal\u00e1 nossos sonhos dogm\u00e1ticos, cedam lugar ao viver concreto. Oxal\u00e1 o Evangelho volte a ser a norma suprema da vida crist\u00e3. Se voc\u00ea \u00e9 um desses que gasta seus dias com sonhos, deixando para depois as rela\u00e7\u00f5es, lembre-se: Jesus optou pela vida no seu aspecto mais concreto, pois Ele foi a carne do Deus vivo que veio a este mundo para encontrar-se conosco, sempre no agora! Coragem, apenas viva!<\/p>\n<hr \/>\n<p><strong>Pe. Ademir Guedes Azevedo<\/strong>,\u00a0<em>cp, \u00e9 mission\u00e1rio passionista e mestre em Teologia Fundamental na Pontif\u00edcia Universidade Gregoriana. Atualmente reside em Camaragibe \u2013 PE, no Semin\u00e1rio para a etapa do Postulantado dos Passionistas.<\/em><\/p>\n","protected":false},"excerpt":{"rendered":"<p>Artigo de  Ademir Guedes Azevedo, cp<\/p>\n","protected":false},"author":3,"featured_media":187635,"comment_status":"open","ping_status":"open","sticky":false,"template":"","format":"standard","meta":{"footnotes":""},"categories":[26],"tags":[188],"yoast_head":"<!-- This site is optimized with the Yoast SEO plugin v19.4 - https:\/\/yoast.com\/wordpress\/plugins\/seo\/ -->\n<title>Viver \u00e9 mais do que sonhar - Vida Crist\u00e3 - Franciscanos<\/title>\n<meta name=\"robots\" content=\"index, follow, max-snippet:-1, max-image-preview:large, max-video-preview:-1\" \/>\n<link rel=\"canonical\" href=\"https:\/\/franciscanos.org.br\/vidacrista\/viver-e-mais-do-que-sonhar\/\" \/>\n<meta property=\"og:locale\" content=\"pt_BR\" \/>\n<meta property=\"og:type\" content=\"article\" \/>\n<meta property=\"og:title\" content=\"Viver \u00e9 mais do que sonhar - Vida Crist\u00e3 - Franciscanos\" \/>\n<meta property=\"og:description\" content=\"Artigo de Ademir Guedes Azevedo, cp\" \/>\n<meta property=\"og:url\" content=\"https:\/\/franciscanos.org.br\/vidacrista\/viver-e-mais-do-que-sonhar\/\" \/>\n<meta property=\"og:site_name\" content=\"Vida Crist\u00e3 - Franciscanos\" \/>\n<meta property=\"article:published_time\" content=\"2020-08-13T10:56:44+00:00\" \/>\n<meta property=\"og:image\" content=\"https:\/\/franciscanos.org.br\/vidacrista\/wp-content\/uploads\/2020\/08\/artigo_1308d.png\" \/>\n\t<meta property=\"og:image:width\" content=\"800\" \/>\n\t<meta property=\"og:image:height\" content=\"600\" \/>\n\t<meta property=\"og:image:type\" content=\"image\/png\" \/>\n<meta name=\"author\" content=\"moacir\" \/>\n<meta name=\"twitter:card\" content=\"summary_large_image\" \/>\n<meta name=\"twitter:label1\" content=\"Escrito por\" \/>\n\t<meta name=\"twitter:data1\" content=\"moacir\" \/>\n\t<meta name=\"twitter:label2\" content=\"Est. tempo de leitura\" \/>\n\t<meta name=\"twitter:data2\" content=\"3 minutos\" \/>\n<script type=\"application\/ld+json\" class=\"yoast-schema-graph\">{\"@context\":\"https:\/\/schema.org\",\"@graph\":[{\"@type\":\"WebSite\",\"@id\":\"https:\/\/franciscanos.org.br\/vidacrista\/#website\",\"url\":\"https:\/\/franciscanos.org.br\/vidacrista\/\",\"name\":\"Vida Crist\u00e3 - Franciscanos\",\"description\":\"Prov\u00edncia Franciscana da Imaculada Concei\u00e7\u00e3o do Brasil - Ordem dos Frades Menores\",\"potentialAction\":[{\"@type\":\"SearchAction\",\"target\":{\"@type\":\"EntryPoint\",\"urlTemplate\":\"https:\/\/franciscanos.org.br\/vidacrista\/?s={search_term_string}\"},\"query-input\":\"required name=search_term_string\"}],\"inLanguage\":\"pt-BR\"},{\"@type\":\"WebPage\",\"@id\":\"https:\/\/franciscanos.org.br\/vidacrista\/viver-e-mais-do-que-sonhar\/\",\"url\":\"https:\/\/franciscanos.org.br\/vidacrista\/viver-e-mais-do-que-sonhar\/\",\"name\":\"Viver \u00e9 mais do que sonhar - Vida Crist\u00e3 - Franciscanos\",\"isPartOf\":{\"@id\":\"https:\/\/franciscanos.org.br\/vidacrista\/#website\"},\"datePublished\":\"2020-08-13T10:56:44+00:00\",\"dateModified\":\"2020-08-13T10:56:44+00:00\",\"author\":{\"@id\":\"https:\/\/franciscanos.org.br\/vidacrista\/#\/schema\/person\/1880bdd2c350b735648725ef7614736a\"},\"breadcrumb\":{\"@id\":\"https:\/\/franciscanos.org.br\/vidacrista\/viver-e-mais-do-que-sonhar\/#breadcrumb\"},\"inLanguage\":\"pt-BR\",\"potentialAction\":[{\"@type\":\"ReadAction\",\"target\":[\"https:\/\/franciscanos.org.br\/vidacrista\/viver-e-mais-do-que-sonhar\/\"]}]},{\"@type\":\"BreadcrumbList\",\"@id\":\"https:\/\/franciscanos.org.br\/vidacrista\/viver-e-mais-do-que-sonhar\/#breadcrumb\",\"itemListElement\":[{\"@type\":\"ListItem\",\"position\":1,\"name\":\"Home\",\"item\":\"https:\/\/franciscanos.org.br\/vidacrista\/\"},{\"@type\":\"ListItem\",\"position\":2,\"name\":\"Viver \u00e9 mais do que sonhar\"}]},{\"@type\":\"Person\",\"@id\":\"https:\/\/franciscanos.org.br\/vidacrista\/#\/schema\/person\/1880bdd2c350b735648725ef7614736a\",\"name\":\"moacir\",\"image\":{\"@type\":\"ImageObject\",\"inLanguage\":\"pt-BR\",\"@id\":\"https:\/\/franciscanos.org.br\/vidacrista\/#\/schema\/person\/image\/\",\"url\":\"https:\/\/secure.gravatar.com\/avatar\/d08aa2ce4c8dd416d4479aa8536fcf64?s=96&d=mm&r=g\",\"contentUrl\":\"https:\/\/secure.gravatar.com\/avatar\/d08aa2ce4c8dd416d4479aa8536fcf64?s=96&d=mm&r=g\",\"caption\":\"moacir\"},\"url\":\"https:\/\/franciscanos.org.br\/vidacrista\/author\/moacir\/\"}]}<\/script>\n<!-- \/ Yoast SEO plugin. -->","yoast_head_json":{"title":"Viver \u00e9 mais do que sonhar - Vida Crist\u00e3 - Franciscanos","robots":{"index":"index","follow":"follow","max-snippet":"max-snippet:-1","max-image-preview":"max-image-preview:large","max-video-preview":"max-video-preview:-1"},"canonical":"https:\/\/franciscanos.org.br\/vidacrista\/viver-e-mais-do-que-sonhar\/","og_locale":"pt_BR","og_type":"article","og_title":"Viver \u00e9 mais do que sonhar - Vida Crist\u00e3 - Franciscanos","og_description":"Artigo de Ademir Guedes Azevedo, cp","og_url":"https:\/\/franciscanos.org.br\/vidacrista\/viver-e-mais-do-que-sonhar\/","og_site_name":"Vida Crist\u00e3 - Franciscanos","article_published_time":"2020-08-13T10:56:44+00:00","og_image":[{"width":800,"height":600,"url":"https:\/\/franciscanos.org.br\/vidacrista\/wp-content\/uploads\/2020\/08\/artigo_1308d.png","type":"image\/png"}],"author":"moacir","twitter_card":"summary_large_image","twitter_misc":{"Escrito por":"moacir","Est. tempo de leitura":"3 minutos"},"schema":{"@context":"https:\/\/schema.org","@graph":[{"@type":"WebSite","@id":"https:\/\/franciscanos.org.br\/vidacrista\/#website","url":"https:\/\/franciscanos.org.br\/vidacrista\/","name":"Vida Crist\u00e3 - Franciscanos","description":"Prov\u00edncia Franciscana da Imaculada Concei\u00e7\u00e3o do Brasil - Ordem dos Frades Menores","potentialAction":[{"@type":"SearchAction","target":{"@type":"EntryPoint","urlTemplate":"https:\/\/franciscanos.org.br\/vidacrista\/?s={search_term_string}"},"query-input":"required name=search_term_string"}],"inLanguage":"pt-BR"},{"@type":"WebPage","@id":"https:\/\/franciscanos.org.br\/vidacrista\/viver-e-mais-do-que-sonhar\/","url":"https:\/\/franciscanos.org.br\/vidacrista\/viver-e-mais-do-que-sonhar\/","name":"Viver \u00e9 mais do que sonhar - Vida Crist\u00e3 - Franciscanos","isPartOf":{"@id":"https:\/\/franciscanos.org.br\/vidacrista\/#website"},"datePublished":"2020-08-13T10:56:44+00:00","dateModified":"2020-08-13T10:56:44+00:00","author":{"@id":"https:\/\/franciscanos.org.br\/vidacrista\/#\/schema\/person\/1880bdd2c350b735648725ef7614736a"},"breadcrumb":{"@id":"https:\/\/franciscanos.org.br\/vidacrista\/viver-e-mais-do-que-sonhar\/#breadcrumb"},"inLanguage":"pt-BR","potentialAction":[{"@type":"ReadAction","target":["https:\/\/franciscanos.org.br\/vidacrista\/viver-e-mais-do-que-sonhar\/"]}]},{"@type":"BreadcrumbList","@id":"https:\/\/franciscanos.org.br\/vidacrista\/viver-e-mais-do-que-sonhar\/#breadcrumb","itemListElement":[{"@type":"ListItem","position":1,"name":"Home","item":"https:\/\/franciscanos.org.br\/vidacrista\/"},{"@type":"ListItem","position":2,"name":"Viver \u00e9 mais do que sonhar"}]},{"@type":"Person","@id":"https:\/\/franciscanos.org.br\/vidacrista\/#\/schema\/person\/1880bdd2c350b735648725ef7614736a","name":"moacir","image":{"@type":"ImageObject","inLanguage":"pt-BR","@id":"https:\/\/franciscanos.org.br\/vidacrista\/#\/schema\/person\/image\/","url":"https:\/\/secure.gravatar.com\/avatar\/d08aa2ce4c8dd416d4479aa8536fcf64?s=96&d=mm&r=g","contentUrl":"https:\/\/secure.gravatar.com\/avatar\/d08aa2ce4c8dd416d4479aa8536fcf64?s=96&d=mm&r=g","caption":"moacir"},"url":"https:\/\/franciscanos.org.br\/vidacrista\/author\/moacir\/"}]}},"_links":{"self":[{"href":"https:\/\/franciscanos.org.br\/vidacrista\/wp-json\/wp\/v2\/posts\/187633"}],"collection":[{"href":"https:\/\/franciscanos.org.br\/vidacrista\/wp-json\/wp\/v2\/posts"}],"about":[{"href":"https:\/\/franciscanos.org.br\/vidacrista\/wp-json\/wp\/v2\/types\/post"}],"author":[{"embeddable":true,"href":"https:\/\/franciscanos.org.br\/vidacrista\/wp-json\/wp\/v2\/users\/3"}],"replies":[{"embeddable":true,"href":"https:\/\/franciscanos.org.br\/vidacrista\/wp-json\/wp\/v2\/comments?post=187633"}],"version-history":[{"count":1,"href":"https:\/\/franciscanos.org.br\/vidacrista\/wp-json\/wp\/v2\/posts\/187633\/revisions"}],"predecessor-version":[{"id":187636,"href":"https:\/\/franciscanos.org.br\/vidacrista\/wp-json\/wp\/v2\/posts\/187633\/revisions\/187636"}],"wp:featuredmedia":[{"embeddable":true,"href":"https:\/\/franciscanos.org.br\/vidacrista\/wp-json\/wp\/v2\/media\/187635"}],"wp:attachment":[{"href":"https:\/\/franciscanos.org.br\/vidacrista\/wp-json\/wp\/v2\/media?parent=187633"}],"wp:term":[{"taxonomy":"category","embeddable":true,"href":"https:\/\/franciscanos.org.br\/vidacrista\/wp-json\/wp\/v2\/categories?post=187633"},{"taxonomy":"post_tag","embeddable":true,"href":"https:\/\/franciscanos.org.br\/vidacrista\/wp-json\/wp\/v2\/tags?post=187633"}],"curies":[{"name":"wp","href":"https:\/\/api.w.org\/{rel}","templated":true}]}}