{"id":187586,"date":"2018-06-08T00:52:21","date_gmt":"2018-06-08T03:52:21","guid":{"rendered":"https:\/\/franciscanos.org.br\/vidacrista\/?p=187586"},"modified":"2020-08-10T14:53:34","modified_gmt":"2020-08-10T17:53:34","slug":"o-infinito-horizonte-do-amor-de-deus","status":"publish","type":"post","link":"https:\/\/franciscanos.org.br\/vidacrista\/o-infinito-horizonte-do-amor-de-deus\/","title":{"rendered":"O infinito horizonte do amor de Deus"},"content":{"rendered":"<p><img decoding=\"async\" loading=\"lazy\" src=\"http:\/\/franciscanos.org.br\/wp-content\/uploads\/2018\/06\/sagrado_0606181.png\" alt=\"sagrado_060618\" width=\"820\" height=\"328\" \/><\/p>\n<h2><strong>8 DE\u00a0JUNHO &#8211; SOLENIDADE DO SAGRADO CORA\u00c7\u00c3O DE JEUS<\/strong><\/h2>\n<p>Tudo termina no alto da cruz. Termina ou come\u00e7a? O cora\u00e7\u00e3o de carne fissurado! Fonte de gra\u00e7as, \u00e1gua, sangue, vida, amor. Deus morre no alto da cruz e de seu peito faz jorrar vida. Abriram o lado Senhor!<\/p>\n<table border=\"0\" width=\"450\" cellspacing=\"3\" cellpadding=\"3\" align=\"right\">\n<tbody>\n<tr>\n<td bgcolor=\"#CCCCCC\">\n<h4>Hino das V\u00e9speras da Solenidade<\/h4>\n<p>Ningu\u00e9m se afaste do amor<br \/>\ndo vosso bom Cora\u00e7\u00e3o.<br \/>\nBuscai, na\u00e7\u00f5es, nessa fonte<br \/>\nas gra\u00e7as da remiss\u00e3o<\/p>\n<p>Aberto foi pela lan\u00e7a<br \/>\ne, na paix\u00e3o transpassado<br \/>\ndeixou jorrar \u00e1gua e sangue<br \/>\nlavando nosso pecado.<\/td>\n<\/tr>\n<\/tbody>\n<\/table>\n<p>\u201cA devo\u00e7\u00e3o ao Sagrado Cora\u00e7\u00e3o, como foi vivenciada a partir do s\u00e9culo XVII, representou a redescoberta da corporeidade do homem Jesus e da humanidade de Deus em Jesus Cristo. Tal vem bem indicado pela palavra \u201ccora\u00e7\u00e3o\u201d que n\u00e3o se trata apenas um s\u00edmbolo, mas deseja exprimir o enraizamento do esp\u00edrito na realidade do corpo. A partir do infinito horizonte de seu amor, Deus quis entrar nos limites da hist\u00f3ria e da condi\u00e7\u00e3o humana assumindo um corpo e um cora\u00e7\u00e3o. Desta forma podemos contemplar e encontrar o infinito no finito, o Mist\u00e9rio invis\u00edvel e inef\u00e1vel no Cora\u00e7\u00e3o humano de Jesus.<\/p>\n<p>De outro lado, a \u201celasticidade\u201d do s\u00edmbolo nos permite perceber a indissociabilidade entre transcend\u00eancia e presen\u00e7a, transcend\u00eancia e disponibilidade, ocultamento e revela\u00e7\u00e3o. Esta perspectiva simb\u00f3lica preserva a devo\u00e7\u00e3o de toda deriva\u00e7\u00e3o fisicista: partindo da espessura material efetiva do cora\u00e7\u00e3o ela aponta para o mist\u00e9rio de Cristo.<\/p>\n<p>Na antropologia b\u00edblica, o cora\u00e7\u00e3o \u00e9 que define o homem: o \u00e2mago, a unidade profunda, consciencializa\u00e7\u00e3o, a fonte do humano. Quando definimos a realidade, o mist\u00e9rio do Filho do homem em termos de \u201ccora\u00e7\u00e3o\u201d, est\u00e3o implicadas sua liberdade, unidade interior, as coordenadas que d\u00e3o sentido ao falar, ao perceber, ao reagir, ao julgar, ao dar, ao dar-se, ao partilhar. Querendo exprimir sinteticamente o modo verdadeiro e singular de ser homem da parte de Jesus \u00e9 legitimo falar dele como \u201ccora\u00e7\u00e3o\u201d, assumindo a categoria neotestament\u00e1ria do \u00e1gape, sinalizando a realidade de Jesus como cora\u00e7\u00e3o. Cristo \u00e9 cora\u00e7\u00e3o, um tipo de cora\u00e7\u00e3o, cora\u00e7\u00e3o singular que \u00e9 a verdade do cora\u00e7\u00e3o do homem perfeitamente realizado. Simultaneamente \u00e9 um remeter \u00e0 verdade do cora\u00e7\u00e3o de Deus, \u00e0 verdade de Deus como cora\u00e7\u00e3o, ou seja, para a profundidade e interioridade de Deus, precisamente como aquilo que o constitui Deus,<\/p>\n<p>O cora\u00e7\u00e3o n\u00e3o \u00e9 um \u00f3rg\u00e3o, nem parte do todo, mas o centro origin\u00e1rio que d\u00e1 unidade \u00e0 totalidade. N\u00e3o se trata de uma devo\u00e7\u00e3o a uma parte do corpo de Jesus, mas \u00e0 maneira de s\u00edntese devo\u00e7\u00e3o a Jesus Cristo. O cora\u00e7\u00e3o transforma-se no nome total de Cristo. Por exemplo, a invoca\u00e7\u00e3o \u201cCora\u00e7\u00e3o de Jesus, tende piedade de n\u00f3s\u201d, n\u00e3o deve ser entendida como \u201c\u00d3 cora\u00e7\u00e3o, que sois uma coisa de Jesus\u201d, mas \u201c\u00d3 Jesus, que sois cora\u00e7\u00e3o, tende piedade de n\u00f3s\u201d. A invoca\u00e7\u00e3o do cora\u00e7\u00e3o implica o envolvimento de todo o sujeito e de toda sua vida. Falar em cora\u00e7\u00e3o \u00e9 dizer do empenho do inteiro, pelo inteiro. A devo\u00e7\u00e3o ao Cora\u00e7\u00e3o de Jesus salvou a dimens\u00e3o corporal e afetiva da f\u00e9, durante um per\u00edodo em que a f\u00e9 corria o risco de buscar express\u00f5es marcadamente intelectuais e formas pr\u00e1ticas irracionais. No esquecimento da devo\u00e7\u00e3o ao Sagrado Cora\u00e7\u00e3o reflete-se uma indiferen\u00e7a da cristologia para com as dimens\u00f5es da afetividade e da corporeidade que, na realidade da Encarna\u00e7\u00e3o, pertencem aos mais elementares fundamentos do evento Cristo\u201d.<\/p>\n<p><em><strong>Ezio Bolis<\/strong>,<\/em> <em>&#8220;Al cuore dela fede, Spunti per uma teologia del Sacro Cuore&#8221;, La Rivista del Clero Italiano, Gennaio 2013, p. 47-48<\/em><\/p>\n","protected":false},"excerpt":{"rendered":"<p>Solenidade do Sagrado Cora\u00e7\u00e3o de Jesus<\/p>\n","protected":false},"author":3,"featured_media":0,"comment_status":"open","ping_status":"open","sticky":false,"template":"","format":"standard","meta":{"footnotes":""},"categories":[105],"tags":[112],"yoast_head":"<!-- This site is optimized with the Yoast SEO plugin v19.4 - https:\/\/yoast.com\/wordpress\/plugins\/seo\/ -->\n<title>O infinito horizonte do amor de Deus - Vida Crist\u00e3 - Franciscanos<\/title>\n<meta name=\"robots\" content=\"index, follow, max-snippet:-1, max-image-preview:large, max-video-preview:-1\" \/>\n<link rel=\"canonical\" href=\"https:\/\/franciscanos.org.br\/vidacrista\/o-infinito-horizonte-do-amor-de-deus\/\" \/>\n<meta property=\"og:locale\" content=\"pt_BR\" \/>\n<meta property=\"og:type\" content=\"article\" \/>\n<meta property=\"og:title\" content=\"O infinito horizonte do amor de Deus - Vida Crist\u00e3 - Franciscanos\" \/>\n<meta property=\"og:description\" content=\"Solenidade do Sagrado Cora\u00e7\u00e3o de Jesus\" \/>\n<meta property=\"og:url\" content=\"https:\/\/franciscanos.org.br\/vidacrista\/o-infinito-horizonte-do-amor-de-deus\/\" \/>\n<meta property=\"og:site_name\" content=\"Vida Crist\u00e3 - Franciscanos\" \/>\n<meta property=\"article:published_time\" content=\"2018-06-08T03:52:21+00:00\" \/>\n<meta property=\"article:modified_time\" content=\"2020-08-10T17:53:34+00:00\" \/>\n<meta property=\"og:image\" content=\"http:\/\/franciscanos.org.br\/wp-content\/uploads\/2018\/06\/sagrado_0606181.png\" \/>\n<meta name=\"author\" content=\"moacir\" \/>\n<meta name=\"twitter:card\" content=\"summary_large_image\" \/>\n<meta name=\"twitter:label1\" content=\"Escrito por\" \/>\n\t<meta name=\"twitter:data1\" content=\"moacir\" \/>\n\t<meta name=\"twitter:label2\" content=\"Est. tempo de leitura\" \/>\n\t<meta name=\"twitter:data2\" content=\"3 minutos\" \/>\n<script type=\"application\/ld+json\" class=\"yoast-schema-graph\">{\"@context\":\"https:\/\/schema.org\",\"@graph\":[{\"@type\":\"WebSite\",\"@id\":\"https:\/\/franciscanos.org.br\/vidacrista\/#website\",\"url\":\"https:\/\/franciscanos.org.br\/vidacrista\/\",\"name\":\"Vida Crist\u00e3 - Franciscanos\",\"description\":\"Prov\u00edncia Franciscana da Imaculada Concei\u00e7\u00e3o do Brasil - Ordem dos Frades Menores\",\"potentialAction\":[{\"@type\":\"SearchAction\",\"target\":{\"@type\":\"EntryPoint\",\"urlTemplate\":\"https:\/\/franciscanos.org.br\/vidacrista\/?s={search_term_string}\"},\"query-input\":\"required name=search_term_string\"}],\"inLanguage\":\"pt-BR\"},{\"@type\":\"WebPage\",\"@id\":\"https:\/\/franciscanos.org.br\/vidacrista\/o-infinito-horizonte-do-amor-de-deus\/\",\"url\":\"https:\/\/franciscanos.org.br\/vidacrista\/o-infinito-horizonte-do-amor-de-deus\/\",\"name\":\"O infinito horizonte do amor de Deus - Vida Crist\u00e3 - Franciscanos\",\"isPartOf\":{\"@id\":\"https:\/\/franciscanos.org.br\/vidacrista\/#website\"},\"datePublished\":\"2018-06-08T03:52:21+00:00\",\"dateModified\":\"2020-08-10T17:53:34+00:00\",\"author\":{\"@id\":\"https:\/\/franciscanos.org.br\/vidacrista\/#\/schema\/person\/1880bdd2c350b735648725ef7614736a\"},\"breadcrumb\":{\"@id\":\"https:\/\/franciscanos.org.br\/vidacrista\/o-infinito-horizonte-do-amor-de-deus\/#breadcrumb\"},\"inLanguage\":\"pt-BR\",\"potentialAction\":[{\"@type\":\"ReadAction\",\"target\":[\"https:\/\/franciscanos.org.br\/vidacrista\/o-infinito-horizonte-do-amor-de-deus\/\"]}]},{\"@type\":\"BreadcrumbList\",\"@id\":\"https:\/\/franciscanos.org.br\/vidacrista\/o-infinito-horizonte-do-amor-de-deus\/#breadcrumb\",\"itemListElement\":[{\"@type\":\"ListItem\",\"position\":1,\"name\":\"Home\",\"item\":\"https:\/\/franciscanos.org.br\/vidacrista\/\"},{\"@type\":\"ListItem\",\"position\":2,\"name\":\"O infinito horizonte do amor de Deus\"}]},{\"@type\":\"Person\",\"@id\":\"https:\/\/franciscanos.org.br\/vidacrista\/#\/schema\/person\/1880bdd2c350b735648725ef7614736a\",\"name\":\"moacir\",\"image\":{\"@type\":\"ImageObject\",\"inLanguage\":\"pt-BR\",\"@id\":\"https:\/\/franciscanos.org.br\/vidacrista\/#\/schema\/person\/image\/\",\"url\":\"https:\/\/secure.gravatar.com\/avatar\/d08aa2ce4c8dd416d4479aa8536fcf64?s=96&d=mm&r=g\",\"contentUrl\":\"https:\/\/secure.gravatar.com\/avatar\/d08aa2ce4c8dd416d4479aa8536fcf64?s=96&d=mm&r=g\",\"caption\":\"moacir\"},\"url\":\"https:\/\/franciscanos.org.br\/vidacrista\/author\/moacir\/\"}]}<\/script>\n<!-- \/ Yoast SEO plugin. -->","yoast_head_json":{"title":"O infinito horizonte do amor de Deus - Vida Crist\u00e3 - Franciscanos","robots":{"index":"index","follow":"follow","max-snippet":"max-snippet:-1","max-image-preview":"max-image-preview:large","max-video-preview":"max-video-preview:-1"},"canonical":"https:\/\/franciscanos.org.br\/vidacrista\/o-infinito-horizonte-do-amor-de-deus\/","og_locale":"pt_BR","og_type":"article","og_title":"O infinito horizonte do amor de Deus - Vida Crist\u00e3 - Franciscanos","og_description":"Solenidade do Sagrado Cora\u00e7\u00e3o de Jesus","og_url":"https:\/\/franciscanos.org.br\/vidacrista\/o-infinito-horizonte-do-amor-de-deus\/","og_site_name":"Vida Crist\u00e3 - Franciscanos","article_published_time":"2018-06-08T03:52:21+00:00","article_modified_time":"2020-08-10T17:53:34+00:00","og_image":[{"url":"http:\/\/franciscanos.org.br\/wp-content\/uploads\/2018\/06\/sagrado_0606181.png"}],"author":"moacir","twitter_card":"summary_large_image","twitter_misc":{"Escrito por":"moacir","Est. tempo de leitura":"3 minutos"},"schema":{"@context":"https:\/\/schema.org","@graph":[{"@type":"WebSite","@id":"https:\/\/franciscanos.org.br\/vidacrista\/#website","url":"https:\/\/franciscanos.org.br\/vidacrista\/","name":"Vida Crist\u00e3 - Franciscanos","description":"Prov\u00edncia Franciscana da Imaculada Concei\u00e7\u00e3o do Brasil - Ordem dos Frades Menores","potentialAction":[{"@type":"SearchAction","target":{"@type":"EntryPoint","urlTemplate":"https:\/\/franciscanos.org.br\/vidacrista\/?s={search_term_string}"},"query-input":"required name=search_term_string"}],"inLanguage":"pt-BR"},{"@type":"WebPage","@id":"https:\/\/franciscanos.org.br\/vidacrista\/o-infinito-horizonte-do-amor-de-deus\/","url":"https:\/\/franciscanos.org.br\/vidacrista\/o-infinito-horizonte-do-amor-de-deus\/","name":"O infinito horizonte do amor de Deus - Vida Crist\u00e3 - Franciscanos","isPartOf":{"@id":"https:\/\/franciscanos.org.br\/vidacrista\/#website"},"datePublished":"2018-06-08T03:52:21+00:00","dateModified":"2020-08-10T17:53:34+00:00","author":{"@id":"https:\/\/franciscanos.org.br\/vidacrista\/#\/schema\/person\/1880bdd2c350b735648725ef7614736a"},"breadcrumb":{"@id":"https:\/\/franciscanos.org.br\/vidacrista\/o-infinito-horizonte-do-amor-de-deus\/#breadcrumb"},"inLanguage":"pt-BR","potentialAction":[{"@type":"ReadAction","target":["https:\/\/franciscanos.org.br\/vidacrista\/o-infinito-horizonte-do-amor-de-deus\/"]}]},{"@type":"BreadcrumbList","@id":"https:\/\/franciscanos.org.br\/vidacrista\/o-infinito-horizonte-do-amor-de-deus\/#breadcrumb","itemListElement":[{"@type":"ListItem","position":1,"name":"Home","item":"https:\/\/franciscanos.org.br\/vidacrista\/"},{"@type":"ListItem","position":2,"name":"O infinito horizonte do amor de Deus"}]},{"@type":"Person","@id":"https:\/\/franciscanos.org.br\/vidacrista\/#\/schema\/person\/1880bdd2c350b735648725ef7614736a","name":"moacir","image":{"@type":"ImageObject","inLanguage":"pt-BR","@id":"https:\/\/franciscanos.org.br\/vidacrista\/#\/schema\/person\/image\/","url":"https:\/\/secure.gravatar.com\/avatar\/d08aa2ce4c8dd416d4479aa8536fcf64?s=96&d=mm&r=g","contentUrl":"https:\/\/secure.gravatar.com\/avatar\/d08aa2ce4c8dd416d4479aa8536fcf64?s=96&d=mm&r=g","caption":"moacir"},"url":"https:\/\/franciscanos.org.br\/vidacrista\/author\/moacir\/"}]}},"_links":{"self":[{"href":"https:\/\/franciscanos.org.br\/vidacrista\/wp-json\/wp\/v2\/posts\/187586"}],"collection":[{"href":"https:\/\/franciscanos.org.br\/vidacrista\/wp-json\/wp\/v2\/posts"}],"about":[{"href":"https:\/\/franciscanos.org.br\/vidacrista\/wp-json\/wp\/v2\/types\/post"}],"author":[{"embeddable":true,"href":"https:\/\/franciscanos.org.br\/vidacrista\/wp-json\/wp\/v2\/users\/3"}],"replies":[{"embeddable":true,"href":"https:\/\/franciscanos.org.br\/vidacrista\/wp-json\/wp\/v2\/comments?post=187586"}],"version-history":[{"count":1,"href":"https:\/\/franciscanos.org.br\/vidacrista\/wp-json\/wp\/v2\/posts\/187586\/revisions"}],"predecessor-version":[{"id":187587,"href":"https:\/\/franciscanos.org.br\/vidacrista\/wp-json\/wp\/v2\/posts\/187586\/revisions\/187587"}],"wp:attachment":[{"href":"https:\/\/franciscanos.org.br\/vidacrista\/wp-json\/wp\/v2\/media?parent=187586"}],"wp:term":[{"taxonomy":"category","embeddable":true,"href":"https:\/\/franciscanos.org.br\/vidacrista\/wp-json\/wp\/v2\/categories?post=187586"},{"taxonomy":"post_tag","embeddable":true,"href":"https:\/\/franciscanos.org.br\/vidacrista\/wp-json\/wp\/v2\/tags?post=187586"}],"curies":[{"name":"wp","href":"https:\/\/api.w.org\/{rel}","templated":true}]}}