{"id":187539,"date":"2020-08-07T07:19:38","date_gmt":"2020-08-07T10:19:38","guid":{"rendered":"https:\/\/franciscanos.org.br\/vidacrista\/?p=187539"},"modified":"2020-08-07T07:19:38","modified_gmt":"2020-08-07T10:19:38","slug":"quando-o-amor-vai-ate-o-fim","status":"publish","type":"post","link":"https:\/\/franciscanos.org.br\/vidacrista\/quando-o-amor-vai-ate-o-fim\/","title":{"rendered":"Quando o amor vai at\u00e9 o fim"},"content":{"rendered":"<div id=\"attachment_187540\" style=\"width: 850px\" class=\"wp-caption alignnone\"><img aria-describedby=\"caption-attachment-187540\" decoding=\"async\" loading=\"lazy\" class=\"wp-image-187540 size-full\" src=\"https:\/\/franciscanos.org.br\/vidacrista\/wp-content\/uploads\/2020\/08\/primeirasexta_0708.jpg\" alt=\"\" width=\"840\" height=\"450\" srcset=\"https:\/\/franciscanos.org.br\/vidacrista\/wp-content\/uploads\/2020\/08\/primeirasexta_0708.jpg 840w, https:\/\/franciscanos.org.br\/vidacrista\/wp-content\/uploads\/2020\/08\/primeirasexta_0708-450x241.jpg 450w, https:\/\/franciscanos.org.br\/vidacrista\/wp-content\/uploads\/2020\/08\/primeirasexta_0708-768x411.jpg 768w, https:\/\/franciscanos.org.br\/vidacrista\/wp-content\/uploads\/2020\/08\/primeirasexta_0708-150x80.jpg 150w\" sizes=\"(max-width: 840px) 100vw, 840px\" \/><p id=\"caption-attachment-187540\" class=\"wp-caption-text\">\u00a0 \u00a0 \u00a0 \u00a0 \u00a0 \u00a0 \u00a0 \u00a0 \u00a0 \u00a0 \u00a0 \u00a0 \u00a0 \u00a0 \u00a0 \u00a0 \u00a0 \u00a0 \u00a0 \u00a0 \u00a0 \u00a0 \u00a0 \u00a0 \u00a0 \u00a0 \u00a0 \u00a0 \u00a0 \u00a0 \u00a0 \u00a0 \u00a0 \u00a0 \u00a0 \u00a0 \u00a0 \u00a0 \u00a0 \u00a0 \u00a0 \u00a0 \u00a0 \u00a0 \u00a0 \u00a0 \u00a0 \u00a0 \u00a0 \u00a0<em> \u00a0 \u00a0 \u00a0 Imagem ilustrativa: Zurbar\u00e1n (1627), dom\u00ednio p\u00fablico<\/em><\/p><\/div>\n<p><strong>Frei Almir Ribeiro Guimar\u00e3es, OFM<\/strong><\/p>\n<p>\u2666 Cristo Jesus, ontem, hoje e sempre. Um nome a venerar, uma vida a copiar, um amor a amar, uma \u00e1gua a beber, um caminho a percorrer. Sempre est\u00e1 ele diante de nossos olhos. Por vezes, \u00e9 verdade, andamos meio distra\u00eddos. Fazemos as coisas por fazer. Rezamos as rezas por rezar. Vivemos a vida por viver. Repetimos o seu nome como pronunciamos as outras palavras. Por isso, bom quando chega a primeira sexta-feira que evoca o amor de Deus manifestado no peito aberto de seu Filho, Jesus.<\/p>\n<p>\u2666 Pedro Cris\u00f3logo foi bispo de Ravena a partir de 433. \u00c9 conhecido pela beleza de seus serm\u00f5es e, por isso, cognominado de \u201cboca de ouro\u201d. Quero agora transcrever par\u00e1grafo de um de seus serm\u00f5es.<\/p>\n<p>Atrav\u00e9s da pena do autor, Cristo Jesus nos fala.<\/p>\n<p style=\"padding-left: 40px;\"><em>Talvez vos perturbe a enormidade de meus sofrimentos causados por v\u00f3s. N\u00e3o tenhais medo. Esta cruz n\u00e3o me feriu a mim, mas feriu a morte. Estes cravos n\u00e3o me provocam dor, mas cravam mais profundamente em mim o amor por v\u00f3s. Estas chagas n\u00e3o me fazem soltar gemidos, mas vos introduzem mais em meu cora\u00e7\u00e3o. O meu corpo ao ser estirado na cruz, n\u00e3o aumenta o meu sofrimento, mas dilatam os espa\u00e7os do cora\u00e7\u00e3o para vos acolher. Meu sangue n\u00e3o \u00e9 uma perda para mim, mas \u00e9 o pre\u00e7o do vosso resgate (Liturgia das Horas II, p. 595).<\/em><\/p>\n<p>\u2666 Que dizer mais, depois desta luminosa reflex\u00e3o? Reconhecemos que o mais belo de todos os filhos dos homens, o filho de Maria de Nazar\u00e9, nos impressionou ao longo de toda sua trajet\u00f3ria humana. Do nascimento \u00e0 morte. Escutamos hoje suas palavras e par\u00e1bolas. Elas ressoam como novas aos nossos ouvidos. Procuramos entrar na sala de Sim\u00e3o onde uma pecadora lavou os p\u00e9s de Jesus e enxugou-os com seus cabelos. A olhar pela janela a refei\u00e7\u00e3o de Jesus com Zaqueu. Escutando Pedro dizer: \u201cA quem iremos, Senhor, s\u00f3 tu tens palavras de vida eterna!\u201d<\/p>\n<p>\u2666 Mas, o final da vida de Jesus e essa cruz, esse lado aberto no peito, esses cravos, esse grito final \u201cPai em tuas m\u00e3os entrego o meu esp\u00edrito\u201d, sempre nos deixam perplexos. Essa conversa inventada pelo brilhante Pedro Crisologo pode ser uma declara\u00e7\u00e3o de amor do Senhor, a \u00faltima quando as cortinas estavam para ser fechadas. Tudo, tudo mesmo que viveu Jesus serviu para \u201cdilatar os espa\u00e7os do cora\u00e7\u00e3o para nos acolher\u201d. Diante da cruz s\u00f3 cabe repetir o lamento choroso de Francisco de Assis pelas ruas: \u201cO amor n\u00e3o \u00e9 amado\u201d.<\/p>\n<p>\u2666 Terminamos ainda com Pedro Cris\u00f3logo:<\/p>\n<p style=\"padding-left: 40px;\"><em>\u201cVinde, pois, convertei-vos e pelo menos assim, experimentareis a bondade do Pai, que paga os males com o bem, as inj\u00farias com amor, t\u00e3o grandes chagas com tamanha caridade\u201d (p. 695).<\/em><\/p>\n","protected":false},"excerpt":{"rendered":"<p>Reflex\u00e3o de Frei Almir Guimar\u00e3es<\/p>\n","protected":false},"author":3,"featured_media":187541,"comment_status":"open","ping_status":"open","sticky":false,"template":"","format":"standard","meta":{"footnotes":""},"categories":[105],"tags":[106],"yoast_head":"<!-- This site is optimized with the Yoast SEO plugin v19.4 - https:\/\/yoast.com\/wordpress\/plugins\/seo\/ -->\n<title>Quando o amor vai at\u00e9 o fim - Vida Crist\u00e3 - Franciscanos<\/title>\n<meta name=\"robots\" content=\"index, follow, max-snippet:-1, max-image-preview:large, max-video-preview:-1\" \/>\n<link rel=\"canonical\" href=\"https:\/\/franciscanos.org.br\/vidacrista\/quando-o-amor-vai-ate-o-fim\/\" \/>\n<meta property=\"og:locale\" content=\"pt_BR\" \/>\n<meta property=\"og:type\" content=\"article\" \/>\n<meta property=\"og:title\" content=\"Quando o amor vai at\u00e9 o fim - Vida Crist\u00e3 - Franciscanos\" \/>\n<meta property=\"og:description\" content=\"Reflex\u00e3o de Frei Almir Guimar\u00e3es\" \/>\n<meta property=\"og:url\" content=\"https:\/\/franciscanos.org.br\/vidacrista\/quando-o-amor-vai-ate-o-fim\/\" \/>\n<meta property=\"og:site_name\" content=\"Vida Crist\u00e3 - Franciscanos\" \/>\n<meta property=\"article:published_time\" content=\"2020-08-07T10:19:38+00:00\" \/>\n<meta property=\"og:image\" content=\"https:\/\/franciscanos.org.br\/vidacrista\/wp-content\/uploads\/2020\/08\/primeirasexta_0708d.jpg\" \/>\n\t<meta property=\"og:image:width\" content=\"800\" \/>\n\t<meta property=\"og:image:height\" content=\"600\" \/>\n\t<meta property=\"og:image:type\" content=\"image\/jpeg\" \/>\n<meta name=\"author\" content=\"moacir\" \/>\n<meta name=\"twitter:card\" content=\"summary_large_image\" \/>\n<meta name=\"twitter:label1\" content=\"Escrito por\" \/>\n\t<meta name=\"twitter:data1\" content=\"moacir\" \/>\n\t<meta name=\"twitter:label2\" content=\"Est. tempo de leitura\" \/>\n\t<meta name=\"twitter:data2\" content=\"2 minutos\" \/>\n<script type=\"application\/ld+json\" class=\"yoast-schema-graph\">{\"@context\":\"https:\/\/schema.org\",\"@graph\":[{\"@type\":\"WebSite\",\"@id\":\"https:\/\/franciscanos.org.br\/vidacrista\/#website\",\"url\":\"https:\/\/franciscanos.org.br\/vidacrista\/\",\"name\":\"Vida Crist\u00e3 - Franciscanos\",\"description\":\"Prov\u00edncia Franciscana da Imaculada Concei\u00e7\u00e3o do Brasil - Ordem dos Frades Menores\",\"potentialAction\":[{\"@type\":\"SearchAction\",\"target\":{\"@type\":\"EntryPoint\",\"urlTemplate\":\"https:\/\/franciscanos.org.br\/vidacrista\/?s={search_term_string}\"},\"query-input\":\"required name=search_term_string\"}],\"inLanguage\":\"pt-BR\"},{\"@type\":\"WebPage\",\"@id\":\"https:\/\/franciscanos.org.br\/vidacrista\/quando-o-amor-vai-ate-o-fim\/\",\"url\":\"https:\/\/franciscanos.org.br\/vidacrista\/quando-o-amor-vai-ate-o-fim\/\",\"name\":\"Quando o amor vai at\u00e9 o fim - Vida Crist\u00e3 - Franciscanos\",\"isPartOf\":{\"@id\":\"https:\/\/franciscanos.org.br\/vidacrista\/#website\"},\"datePublished\":\"2020-08-07T10:19:38+00:00\",\"dateModified\":\"2020-08-07T10:19:38+00:00\",\"author\":{\"@id\":\"https:\/\/franciscanos.org.br\/vidacrista\/#\/schema\/person\/1880bdd2c350b735648725ef7614736a\"},\"breadcrumb\":{\"@id\":\"https:\/\/franciscanos.org.br\/vidacrista\/quando-o-amor-vai-ate-o-fim\/#breadcrumb\"},\"inLanguage\":\"pt-BR\",\"potentialAction\":[{\"@type\":\"ReadAction\",\"target\":[\"https:\/\/franciscanos.org.br\/vidacrista\/quando-o-amor-vai-ate-o-fim\/\"]}]},{\"@type\":\"BreadcrumbList\",\"@id\":\"https:\/\/franciscanos.org.br\/vidacrista\/quando-o-amor-vai-ate-o-fim\/#breadcrumb\",\"itemListElement\":[{\"@type\":\"ListItem\",\"position\":1,\"name\":\"Home\",\"item\":\"https:\/\/franciscanos.org.br\/vidacrista\/\"},{\"@type\":\"ListItem\",\"position\":2,\"name\":\"Quando o amor vai at\u00e9 o fim\"}]},{\"@type\":\"Person\",\"@id\":\"https:\/\/franciscanos.org.br\/vidacrista\/#\/schema\/person\/1880bdd2c350b735648725ef7614736a\",\"name\":\"moacir\",\"image\":{\"@type\":\"ImageObject\",\"inLanguage\":\"pt-BR\",\"@id\":\"https:\/\/franciscanos.org.br\/vidacrista\/#\/schema\/person\/image\/\",\"url\":\"https:\/\/secure.gravatar.com\/avatar\/d08aa2ce4c8dd416d4479aa8536fcf64?s=96&d=mm&r=g\",\"contentUrl\":\"https:\/\/secure.gravatar.com\/avatar\/d08aa2ce4c8dd416d4479aa8536fcf64?s=96&d=mm&r=g\",\"caption\":\"moacir\"},\"url\":\"https:\/\/franciscanos.org.br\/vidacrista\/author\/moacir\/\"}]}<\/script>\n<!-- \/ Yoast SEO plugin. -->","yoast_head_json":{"title":"Quando o amor vai at\u00e9 o fim - Vida Crist\u00e3 - Franciscanos","robots":{"index":"index","follow":"follow","max-snippet":"max-snippet:-1","max-image-preview":"max-image-preview:large","max-video-preview":"max-video-preview:-1"},"canonical":"https:\/\/franciscanos.org.br\/vidacrista\/quando-o-amor-vai-ate-o-fim\/","og_locale":"pt_BR","og_type":"article","og_title":"Quando o amor vai at\u00e9 o fim - Vida Crist\u00e3 - Franciscanos","og_description":"Reflex\u00e3o de Frei Almir Guimar\u00e3es","og_url":"https:\/\/franciscanos.org.br\/vidacrista\/quando-o-amor-vai-ate-o-fim\/","og_site_name":"Vida Crist\u00e3 - Franciscanos","article_published_time":"2020-08-07T10:19:38+00:00","og_image":[{"width":800,"height":600,"url":"https:\/\/franciscanos.org.br\/vidacrista\/wp-content\/uploads\/2020\/08\/primeirasexta_0708d.jpg","type":"image\/jpeg"}],"author":"moacir","twitter_card":"summary_large_image","twitter_misc":{"Escrito por":"moacir","Est. tempo de leitura":"2 minutos"},"schema":{"@context":"https:\/\/schema.org","@graph":[{"@type":"WebSite","@id":"https:\/\/franciscanos.org.br\/vidacrista\/#website","url":"https:\/\/franciscanos.org.br\/vidacrista\/","name":"Vida Crist\u00e3 - Franciscanos","description":"Prov\u00edncia Franciscana da Imaculada Concei\u00e7\u00e3o do Brasil - Ordem dos Frades Menores","potentialAction":[{"@type":"SearchAction","target":{"@type":"EntryPoint","urlTemplate":"https:\/\/franciscanos.org.br\/vidacrista\/?s={search_term_string}"},"query-input":"required name=search_term_string"}],"inLanguage":"pt-BR"},{"@type":"WebPage","@id":"https:\/\/franciscanos.org.br\/vidacrista\/quando-o-amor-vai-ate-o-fim\/","url":"https:\/\/franciscanos.org.br\/vidacrista\/quando-o-amor-vai-ate-o-fim\/","name":"Quando o amor vai at\u00e9 o fim - Vida Crist\u00e3 - Franciscanos","isPartOf":{"@id":"https:\/\/franciscanos.org.br\/vidacrista\/#website"},"datePublished":"2020-08-07T10:19:38+00:00","dateModified":"2020-08-07T10:19:38+00:00","author":{"@id":"https:\/\/franciscanos.org.br\/vidacrista\/#\/schema\/person\/1880bdd2c350b735648725ef7614736a"},"breadcrumb":{"@id":"https:\/\/franciscanos.org.br\/vidacrista\/quando-o-amor-vai-ate-o-fim\/#breadcrumb"},"inLanguage":"pt-BR","potentialAction":[{"@type":"ReadAction","target":["https:\/\/franciscanos.org.br\/vidacrista\/quando-o-amor-vai-ate-o-fim\/"]}]},{"@type":"BreadcrumbList","@id":"https:\/\/franciscanos.org.br\/vidacrista\/quando-o-amor-vai-ate-o-fim\/#breadcrumb","itemListElement":[{"@type":"ListItem","position":1,"name":"Home","item":"https:\/\/franciscanos.org.br\/vidacrista\/"},{"@type":"ListItem","position":2,"name":"Quando o amor vai at\u00e9 o fim"}]},{"@type":"Person","@id":"https:\/\/franciscanos.org.br\/vidacrista\/#\/schema\/person\/1880bdd2c350b735648725ef7614736a","name":"moacir","image":{"@type":"ImageObject","inLanguage":"pt-BR","@id":"https:\/\/franciscanos.org.br\/vidacrista\/#\/schema\/person\/image\/","url":"https:\/\/secure.gravatar.com\/avatar\/d08aa2ce4c8dd416d4479aa8536fcf64?s=96&d=mm&r=g","contentUrl":"https:\/\/secure.gravatar.com\/avatar\/d08aa2ce4c8dd416d4479aa8536fcf64?s=96&d=mm&r=g","caption":"moacir"},"url":"https:\/\/franciscanos.org.br\/vidacrista\/author\/moacir\/"}]}},"_links":{"self":[{"href":"https:\/\/franciscanos.org.br\/vidacrista\/wp-json\/wp\/v2\/posts\/187539"}],"collection":[{"href":"https:\/\/franciscanos.org.br\/vidacrista\/wp-json\/wp\/v2\/posts"}],"about":[{"href":"https:\/\/franciscanos.org.br\/vidacrista\/wp-json\/wp\/v2\/types\/post"}],"author":[{"embeddable":true,"href":"https:\/\/franciscanos.org.br\/vidacrista\/wp-json\/wp\/v2\/users\/3"}],"replies":[{"embeddable":true,"href":"https:\/\/franciscanos.org.br\/vidacrista\/wp-json\/wp\/v2\/comments?post=187539"}],"version-history":[{"count":1,"href":"https:\/\/franciscanos.org.br\/vidacrista\/wp-json\/wp\/v2\/posts\/187539\/revisions"}],"predecessor-version":[{"id":187542,"href":"https:\/\/franciscanos.org.br\/vidacrista\/wp-json\/wp\/v2\/posts\/187539\/revisions\/187542"}],"wp:featuredmedia":[{"embeddable":true,"href":"https:\/\/franciscanos.org.br\/vidacrista\/wp-json\/wp\/v2\/media\/187541"}],"wp:attachment":[{"href":"https:\/\/franciscanos.org.br\/vidacrista\/wp-json\/wp\/v2\/media?parent=187539"}],"wp:term":[{"taxonomy":"category","embeddable":true,"href":"https:\/\/franciscanos.org.br\/vidacrista\/wp-json\/wp\/v2\/categories?post=187539"},{"taxonomy":"post_tag","embeddable":true,"href":"https:\/\/franciscanos.org.br\/vidacrista\/wp-json\/wp\/v2\/tags?post=187539"}],"curies":[{"name":"wp","href":"https:\/\/api.w.org\/{rel}","templated":true}]}}