{"id":187536,"date":"2018-07-17T17:00:11","date_gmt":"2018-07-17T20:00:11","guid":{"rendered":"https:\/\/franciscanos.org.br\/vidacrista\/?p=187536"},"modified":"2021-09-03T15:39:37","modified_gmt":"2021-09-03T18:39:37","slug":"amizade-e-antes-de-tudo-experiencia-de-encontro","status":"publish","type":"post","link":"https:\/\/franciscanos.org.br\/vidacrista\/amizade-e-antes-de-tudo-experiencia-de-encontro\/","title":{"rendered":"&#8220;Amizade \u00e9, antes de tudo, experi\u00eancia de encontro&#8221;"},"content":{"rendered":"<p>&nbsp;<\/p>\n<div id=\"attachment_190488\" style=\"width: 850px\" class=\"wp-caption alignnone\"><img aria-describedby=\"caption-attachment-190488\" decoding=\"async\" loading=\"lazy\" class=\"wp-image-190488 size-full\" src=\"https:\/\/franciscanos.org.br\/vidacrista\/wp-content\/uploads\/2018\/07\/artigo_almir_amizade030921.png\" alt=\"\" width=\"840\" height=\"450\" srcset=\"https:\/\/franciscanos.org.br\/vidacrista\/wp-content\/uploads\/2018\/07\/artigo_almir_amizade030921.png 840w, https:\/\/franciscanos.org.br\/vidacrista\/wp-content\/uploads\/2018\/07\/artigo_almir_amizade030921-450x241.png 450w, https:\/\/franciscanos.org.br\/vidacrista\/wp-content\/uploads\/2018\/07\/artigo_almir_amizade030921-768x411.png 768w, https:\/\/franciscanos.org.br\/vidacrista\/wp-content\/uploads\/2018\/07\/artigo_almir_amizade030921-150x80.png 150w\" sizes=\"(max-width: 840px) 100vw, 840px\" \/><p id=\"caption-attachment-190488\" class=\"wp-caption-text\">\u00a0 \u00a0 \u00a0 \u00a0 \u00a0 \u00a0 \u00a0 \u00a0 \u00a0 \u00a0 \u00a0 \u00a0 \u00a0 \u00a0 \u00a0 \u00a0 \u00a0 \u00a0 \u00a0 \u00a0 \u00a0 \u00a0 \u00a0 \u00a0 \u00a0 \u00a0<em> \u00a0 Imagem ilustrativa: Canva (<a href=\"http:\/\/(www.canva.com\/pt_br\/modelos)\">www.canva.com\/pt_br\/modelos<\/a>)<\/em><\/p><\/div>\n<h3>20 de julho, o Dia Internacional da Amizade.<\/h3>\n<p style=\"padding-left: 30px;\">\u00a0Vamos conversar sobre um tema belo e delicado: amigos, amizade. \u201cH\u00e1 palavras que fazem viver\u201d, diz o poeta Paul Eluard. A palavra amizade \u00e9 precisamente uma delas. Ela n\u00e3o se confunde com a camaradagem que une os companheiros de trabalho. Verdade, que pode come\u00e7ar por a\u00ed. \u00c9 diferente dos la\u00e7os amorosos que unem um homem e uma mulher no estreitamente dos corpos e dos cora\u00e7\u00f5es. Isto n\u00e3o quer dizer que os casados n\u00e3o possam usufruir das benesses da amizade. Andr\u00e9 Comte-Sponville diz lembrar-se com emo\u00e7\u00e3o da afirma\u00e7\u00e3o de uma mulher referindo-se ao marido ao dizer: \u2018\u00c9 meu melhor amigo\u201d.<\/p>\n<p>\u2666 Dif\u00edcil discorrer sobre a amizade: \u201cDif\u00edcil falar de amizade sem cair na banalidade, ser taxado de idealismo ou quem ignora seus desvios. A amizade, como a m\u00fasica, \u00e9 quest\u00e3o de justeza, de precis\u00e3o; a amizade n\u00e3o tolera notas falsas; uma execu\u00e7\u00e3o desequilibrada quebra a harmonia. N\u00e3o \u00e9 como uma troca de ideias agrad\u00e1vel e mundana entre pessoas frequentando boa companhia, n\u00e3o se confunde com a experi\u00eancia de camaradagem que une companheiros de trabalho ou de esporte, nem com a paix\u00e3o amorosa. H\u00e1 mil matizes na amizade, segundo as esta\u00e7\u00f5es da vida mas sempre um \u201cn\u00e3o sei o que\u201d a caracteriza, um sabor \u00fanico ao cora\u00e7\u00e3o e que o cora\u00e7\u00e3o reconhece\u201d (Marie-Th\u00e9r\u00e8se Abgrall, <em>Saveurs d\u2019amiti\u00e9, Christu<\/em>s 209, p.8).<\/p>\n<p><em>\u2666<\/em>\u00a0Tentemos ir adiante. H\u00e1 tantas amizades: aquela que vivem os colegas da escola ou de um clube esportivo; os que viveram juntos a experi\u00eancia de excurs\u00f5es; os homens e mulheres maduros que gostam de se encontrar simplesmente pela alegria do encontro, em torno de um copo. Camaradagem? Amizade?<\/p>\n<p>\u2666 Triste ouvir algu\u00e9m dizer: \u201cN\u00e3o tenho mais amigos. Todos me abandonaram\u201d. Uma tal constata\u00e7\u00e3o pode levar algu\u00e9m ao mais profundo abismo, acelerar a destrui\u00e7\u00e3o de um ser diante dos fracassos amorosos e profissionais ou simplesmente existenciais. Somente um amigo verdadeiro pode ser buscado para curar as feridas sem machucar mais ainda.<\/p>\n<p>\u2666 O amigo n\u00e3o faz discursos, n\u00e3o precisa se preocupar com demonstra\u00e7\u00f5es, isto \u00e9, provas de amizade. A amizade \u00e9 fortemente ancorada pela confian\u00e7a colocada em algu\u00e9m. Os dois caminham juntos, mas abertos. Os que se estimam como amigos evitam de manchar o relacionamento com qualquer sorte de paix\u00e3o e pretens\u00e3o de posse ego\u00edsta.<\/p>\n<p>\u2666 No come\u00e7o, sim, pode existir uma camaradagem. As crian\u00e7as, os que frequentam jogos, os trabalhadores de uma f\u00e1brica s\u00e3o colegas e camaradas. Para que da\u00ed brote a amizade ser\u00e1 preciso fazer vibrar uma outra corda, descobrir outra dimens\u00e3o, ou seja, da interioridade. O momento em que costumam nascer amizades \u00e9 no tempo da adolesc\u00eancia. Come\u00e7a-se a estimar pessoas que est\u00e3o fora do circuito familiar. H\u00e1 um jogo de profunda estima entre dois que at\u00e9 ent\u00e3o nada mais eram do que dois.<\/p>\n<p>\u2666 A amizade \u00e9, antes de tudo, experi\u00eancia de encontro, presen\u00e7a de um na vida do outro, um reconhece o outro com seu mist\u00e9rio e sua riqueza. No come\u00e7o tudo parece depender uma \u201cqu\u00edmica\u201d. No nascedouro da amizade h\u00e1 alegria de se reencontrar, prazer de estarem juntos, facilidade de comunica\u00e7\u00e3o. Os amigos se sentem bem um perto do outro, n\u00e3o somente pelo interesse da conversa nem por participarem de atividades em comum. H\u00e1 uma esp\u00e9cie de acordo de fundo que se traduz por certos \u00edndices: uma claridade no semblante, olhares que se cruzam com certa coniv\u00eancia ou cumplicidade, vivacidade, gestos de cordialidade.<\/p>\n<p>\u2666 Mais do que prazer, a amizade faz nascer alegria nos amigos, quer dizer um sentimento de crescimento da vida. Spinoza diz que na amizade vive-se a passagem para uma maior perfei\u00e7\u00e3o. Diante do amigo com ele descubro-me mais rico interiormente do que pensava. Parece que o amigo faz brotar o melhor de mim mesmo, sempre sem desejo de posse. Que riqueza!<\/p>\n<p>\u2666 A amizade \u00e9 a experi\u00eancia de um acordo, de uma conc\u00f3rdia, de uma paz mais do que uma semelhan\u00e7a. Os amigos podem discordar um do outro, sem que nada se perca do acordo essencial entre os dois.<\/p>\n<p>\u2666 Os amigos conversam, se comunicam. Mas as palavras n\u00e3o constituem o todo. Um dos charmes da amizade vem de uma \u201cliga\u201d, de uma feliz altern\u00e2ncia entre sil\u00eancio e palavra. Se a palavra \u00e9 essencial, ela n\u00e3o \u00e9 indispens\u00e1vel Um relacionamento se torna efetivamente amistoso quando suporta o sil\u00eancio.<\/p>\n<p>\u2666 H\u00e1 muitas e belas p\u00e1ginas escritas sobre a caminhada e a amizade. Quantas amizades n\u00e3o foram nutridas ou alimentadas por longas horas ou dias de caminhada, passeio, competi\u00e7\u00f5es, caminhadas em que se est\u00e1 lado a lado, pr\u00f3ximos um do outro, mas levados pelo movimento e pelo ritmo. Cada caminhando com seu pr\u00f3prio passo, mas no mesmo ritmo. N\u00e3o \u00e9 o face a face. O olhar dos dois se dirige para o horizonte que \u00e9 comum e livremente percorrido por um e pelo outro. Fala e sil\u00eancio, conversa e momentos sem fala. Estar perto, mas tamb\u00e9m viver em sil\u00eancio e separados. A amizade \u00e9 como uma caminhada comum com pausas, retomadas. A conc\u00f3rdia interior sup\u00f5e ou exige uma abertura a uma maior. A amizade \u00e9 insepar\u00e1vel de uma busca, de um ideal, de uma comum aspira\u00e7\u00e3o.<\/p>\n<p>\u2666 A amizade come\u00e7a com a experi\u00eancia de um encontro. Esse encontro, por\u00e9m, s\u00f3 se tornar\u00e1 amizade se confirmado por um segundo, terceiro, e depois, por uma s\u00e9rie de encontros. Se depois do segundo e em seguida acontecer decep\u00e7\u00e3o e vazio, o el\u00e3 do come\u00e7o nada mais ter\u00e1 sido que uma simpatia que costumamos conhecer em nossa vida. A amizade nasce e se alimenta de muitos encontros.<\/p>\n<hr \/>\n<p>&nbsp;<\/p>\n<h3>EM TORNO DA AMIZADE<\/h3>\n<blockquote><p><strong>Textos antigos<\/strong><\/p><\/blockquote>\n<p><strong>Teofraste ( 379-287 a.C.)<\/strong><\/p>\n<p>\u2666 Quando se dizia: \u201cEle \u00e9 amigo deste homem\u201d. Teofraste observava: \u201cEnt\u00e3o, por que ele \u00e9 pobre e o outro rico? Quem n\u00e3o partilha os bens n\u00e3o pode ser chamado de amigo!\u201d.<\/p>\n<p>\u2666 Quando lhe perguntavam: \u201cQuem s\u00e3o teus amigos?\u201d Teofraste respondia: \u201cComo \u00e9 que vou saber? Sou rico, quer dizer, tenho muito dinheiro e poucos amigos\u201d.<\/p>\n<p><strong>Epicuro (341-270 a.C.)<\/strong><\/p>\n<p>\u2666 A amizade dever\u00e1 sempre procurada por ela mesma, embora tenha sua origem numa necessidade de ajuda.<\/p>\n<p>\u2666 O que vale na amizade n\u00e3o \u00e9 tanto a ajuda que os amigos podem nos dar mas nossa confian\u00e7a em tal ajuda.<\/p>\n<p><strong>C\u00edcero (106-43 a.C.)<\/strong><\/p>\n<p>\u2666 Que existe de mais delicioso do que ter algu\u00e9m a quem nos dirigirmos como se fosse a n\u00f3s mesmos? Que adiantaria a riqueza nos sorrir se n\u00e3o tiv\u00e9ssemos com quem partilhar e usufruir dela como n\u00f3s? Ou ent\u00e3o, quando miser\u00e1veis e pobres, que dor n\u00e3o ter algu\u00e9m que se sinta tocado por nossa desventura?<\/p>\n<p>\u2666 De todos os bens que recebi por sorte ou pela natureza n\u00e3o h\u00e1 nenhum que possa comparar-se \u00e0 amizade com Cipi\u00e3o. Concord\u00e2ncia de pensamento em termos de pol\u00edtica, s\u00e1bios conselhos a respeito de neg\u00f3cios particulares, momentos de descanso charmosos&#8230; essa amizade tinha tudo isso. N\u00e3o tenho nenhuma ideia de um dia ter ferido Cipi\u00e3o fosse com que fosse. Nunca ouvi dele uma palavra que me desse tristeza. Sua casa era minha, nosso modo de viver o mesmo, tudo era comum entre n\u00f3s, n\u00e3o somente servimos \u00e0s armas juntos, como viajamos juntos e juntos passamos um tempo no campo. Que direi de nosso gosto comum pelo estudo e da vontade comum de crescer no saber?<\/p>\n<p><strong>Um eco do Novo Testamento<\/strong><\/p>\n<p>Na cristologia contempor\u00e2nea percebe-se hoje um deslocamento para dois t\u00edtulos, ambos de origem neotestament\u00e1ria e que, talvez, respondam melhor \u00e0 experi\u00eancia atual: Cristo Amigo e Mestre. O t\u00edtulo de \u201cAmigo\u201d aparece no Evangelho de Jo\u00e3o e sublinha a rela\u00e7\u00e3o amistosa e confiante que Jesus estabelece com os crentes: \u201cJ\u00e1 n\u00e3o vos chamo servos, porque o servo n\u00e3o sabe o que faz seu senhor; chamo-vos amigos, porque tudo o que ouvi de meu Pai vos dei a conhecer (Jo 15,15). Cristo n\u00e3o \u00e9 s\u00f3 Senhor que salva, mas o Amigo pr\u00f3ximo que compreende e acompanha. A teologia atual sublinha a import\u00e2ncia de um Cristo amigo numa \u00e9poca em que n\u00e3o poucos experimentam a solid\u00e3o existencial.<br \/>\n<em>Jos\u00e9 Antonio Pagola, &#8220;O caminho aberto por Jesus &#8211; Mateus&#8221;, p. 160<\/em><\/p>\n<p><strong>Dois amigos<\/strong><\/p>\n<p>Encontr\u00e1vamo-nos em Atenas. Como o curso de um rio, que partindo de uma \u00fanica fonte se divide em muitos bra\u00e7os, Bas\u00edlio e eu nos t\u00ednhamos separado para buscar a sabedoria em diferentes regi\u00f5es. Mas voltamos a nos reunir como se tiv\u00e9ssemos posto de acordo, sem d\u00favida porque Deus assim quis.<br \/>\nNessa ocasi\u00e3o, eu n\u00e3o apenas admirava meu grande amigo Bas\u00edlio vendo-lhe a seriedade dos costumes e a maturidade e prud\u00eancia de suas palavras, mas ainda tratava de persuadir os outros que n\u00e3o o conheciam t\u00e3o bem a fazerem o mesmo. Logo come\u00e7ou a ser considerado por muitos que j\u00e1 conheciam sua reputa\u00e7\u00e3o.<br \/>\nQue aconteceu ent\u00e3o? Ele foi quase que o \u00fanico entre todos os que iam estudar em Atenas a ser dispensado da lei comum; e parecia ter alcan\u00e7ado maior estima do que comportava sua condi\u00e7\u00e3o de novato. Este foi o prel\u00fadio da nossa amizade, a centelha que fez surgir nossa intimidade; assim fomos tocados pelo amor m\u00fatuo.<br \/>\nCom o passar do tempo, confessamos um ao outro nosso desejo: a filosofia era o que almej\u00e1vamos. Desde ent\u00e3o \u00e9ramos tudo um para o outro; mor\u00e1vamos juntos, faz\u00edamos as refei\u00e7\u00f5es \u00e0 mesma mesa, est\u00e1vamos sempre de acordo aspirando os mesmos ideais e cultivando cada vez mais estreita e firmemente nossa amizade.<br \/>\n<em>Greg\u00f3rio de Nazianzeno e Bas\u00edlio Magno, Liturgia das Horas I, p. 1111-1112<\/em><\/p>\n<p><strong>Frei Almir Guimar\u00e3es<\/strong><\/p>\n","protected":false},"excerpt":{"rendered":"<p>Artigo de Frei Almir Guimar\u00e3es<\/p>\n","protected":false},"author":3,"featured_media":190488,"comment_status":"open","ping_status":"open","sticky":false,"template":"","format":"standard","meta":{"footnotes":""},"categories":[26],"tags":[30],"yoast_head":"<!-- This site is optimized with the Yoast SEO plugin v19.4 - https:\/\/yoast.com\/wordpress\/plugins\/seo\/ -->\n<title>&quot;Amizade \u00e9, antes de tudo, experi\u00eancia de encontro&quot; - Vida Crist\u00e3 - Franciscanos<\/title>\n<meta name=\"robots\" content=\"index, follow, max-snippet:-1, max-image-preview:large, max-video-preview:-1\" \/>\n<link rel=\"canonical\" href=\"https:\/\/franciscanos.org.br\/vidacrista\/amizade-e-antes-de-tudo-experiencia-de-encontro\/\" \/>\n<meta property=\"og:locale\" content=\"pt_BR\" \/>\n<meta property=\"og:type\" content=\"article\" \/>\n<meta property=\"og:title\" content=\"&quot;Amizade \u00e9, antes de tudo, experi\u00eancia de encontro&quot; - Vida Crist\u00e3 - Franciscanos\" \/>\n<meta property=\"og:description\" content=\"Artigo de Frei Almir Guimar\u00e3es\" \/>\n<meta property=\"og:url\" content=\"https:\/\/franciscanos.org.br\/vidacrista\/amizade-e-antes-de-tudo-experiencia-de-encontro\/\" \/>\n<meta property=\"og:site_name\" content=\"Vida Crist\u00e3 - Franciscanos\" \/>\n<meta property=\"article:published_time\" content=\"2018-07-17T20:00:11+00:00\" \/>\n<meta property=\"article:modified_time\" content=\"2021-09-03T18:39:37+00:00\" \/>\n<meta property=\"og:image\" content=\"https:\/\/franciscanos.org.br\/vidacrista\/wp-content\/uploads\/2018\/07\/artigo_almir_amizade030921.png\" \/>\n\t<meta property=\"og:image:width\" content=\"840\" \/>\n\t<meta property=\"og:image:height\" content=\"450\" \/>\n\t<meta property=\"og:image:type\" content=\"image\/png\" \/>\n<meta name=\"author\" content=\"moacir\" \/>\n<meta name=\"twitter:card\" content=\"summary_large_image\" \/>\n<meta name=\"twitter:label1\" content=\"Escrito por\" \/>\n\t<meta name=\"twitter:data1\" content=\"moacir\" \/>\n\t<meta name=\"twitter:label2\" content=\"Est. tempo de leitura\" \/>\n\t<meta name=\"twitter:data2\" content=\"8 minutos\" \/>\n<script type=\"application\/ld+json\" class=\"yoast-schema-graph\">{\"@context\":\"https:\/\/schema.org\",\"@graph\":[{\"@type\":\"WebSite\",\"@id\":\"https:\/\/franciscanos.org.br\/vidacrista\/#website\",\"url\":\"https:\/\/franciscanos.org.br\/vidacrista\/\",\"name\":\"Vida Crist\u00e3 - Franciscanos\",\"description\":\"Prov\u00edncia Franciscana da Imaculada Concei\u00e7\u00e3o do Brasil - Ordem dos Frades Menores\",\"potentialAction\":[{\"@type\":\"SearchAction\",\"target\":{\"@type\":\"EntryPoint\",\"urlTemplate\":\"https:\/\/franciscanos.org.br\/vidacrista\/?s={search_term_string}\"},\"query-input\":\"required name=search_term_string\"}],\"inLanguage\":\"pt-BR\"},{\"@type\":\"WebPage\",\"@id\":\"https:\/\/franciscanos.org.br\/vidacrista\/amizade-e-antes-de-tudo-experiencia-de-encontro\/\",\"url\":\"https:\/\/franciscanos.org.br\/vidacrista\/amizade-e-antes-de-tudo-experiencia-de-encontro\/\",\"name\":\"\\\"Amizade \u00e9, antes de tudo, experi\u00eancia de encontro\\\" - Vida Crist\u00e3 - Franciscanos\",\"isPartOf\":{\"@id\":\"https:\/\/franciscanos.org.br\/vidacrista\/#website\"},\"datePublished\":\"2018-07-17T20:00:11+00:00\",\"dateModified\":\"2021-09-03T18:39:37+00:00\",\"author\":{\"@id\":\"https:\/\/franciscanos.org.br\/vidacrista\/#\/schema\/person\/1880bdd2c350b735648725ef7614736a\"},\"breadcrumb\":{\"@id\":\"https:\/\/franciscanos.org.br\/vidacrista\/amizade-e-antes-de-tudo-experiencia-de-encontro\/#breadcrumb\"},\"inLanguage\":\"pt-BR\",\"potentialAction\":[{\"@type\":\"ReadAction\",\"target\":[\"https:\/\/franciscanos.org.br\/vidacrista\/amizade-e-antes-de-tudo-experiencia-de-encontro\/\"]}]},{\"@type\":\"BreadcrumbList\",\"@id\":\"https:\/\/franciscanos.org.br\/vidacrista\/amizade-e-antes-de-tudo-experiencia-de-encontro\/#breadcrumb\",\"itemListElement\":[{\"@type\":\"ListItem\",\"position\":1,\"name\":\"Home\",\"item\":\"https:\/\/franciscanos.org.br\/vidacrista\/\"},{\"@type\":\"ListItem\",\"position\":2,\"name\":\"&#8220;Amizade \u00e9, antes de tudo, experi\u00eancia de encontro&#8221;\"}]},{\"@type\":\"Person\",\"@id\":\"https:\/\/franciscanos.org.br\/vidacrista\/#\/schema\/person\/1880bdd2c350b735648725ef7614736a\",\"name\":\"moacir\",\"image\":{\"@type\":\"ImageObject\",\"inLanguage\":\"pt-BR\",\"@id\":\"https:\/\/franciscanos.org.br\/vidacrista\/#\/schema\/person\/image\/\",\"url\":\"https:\/\/secure.gravatar.com\/avatar\/d08aa2ce4c8dd416d4479aa8536fcf64?s=96&d=mm&r=g\",\"contentUrl\":\"https:\/\/secure.gravatar.com\/avatar\/d08aa2ce4c8dd416d4479aa8536fcf64?s=96&d=mm&r=g\",\"caption\":\"moacir\"},\"url\":\"https:\/\/franciscanos.org.br\/vidacrista\/author\/moacir\/\"}]}<\/script>\n<!-- \/ Yoast SEO plugin. -->","yoast_head_json":{"title":"\"Amizade \u00e9, antes de tudo, experi\u00eancia de encontro\" - Vida Crist\u00e3 - Franciscanos","robots":{"index":"index","follow":"follow","max-snippet":"max-snippet:-1","max-image-preview":"max-image-preview:large","max-video-preview":"max-video-preview:-1"},"canonical":"https:\/\/franciscanos.org.br\/vidacrista\/amizade-e-antes-de-tudo-experiencia-de-encontro\/","og_locale":"pt_BR","og_type":"article","og_title":"\"Amizade \u00e9, antes de tudo, experi\u00eancia de encontro\" - Vida Crist\u00e3 - Franciscanos","og_description":"Artigo de Frei Almir Guimar\u00e3es","og_url":"https:\/\/franciscanos.org.br\/vidacrista\/amizade-e-antes-de-tudo-experiencia-de-encontro\/","og_site_name":"Vida Crist\u00e3 - Franciscanos","article_published_time":"2018-07-17T20:00:11+00:00","article_modified_time":"2021-09-03T18:39:37+00:00","og_image":[{"width":840,"height":450,"url":"https:\/\/franciscanos.org.br\/vidacrista\/wp-content\/uploads\/2018\/07\/artigo_almir_amizade030921.png","type":"image\/png"}],"author":"moacir","twitter_card":"summary_large_image","twitter_misc":{"Escrito por":"moacir","Est. tempo de leitura":"8 minutos"},"schema":{"@context":"https:\/\/schema.org","@graph":[{"@type":"WebSite","@id":"https:\/\/franciscanos.org.br\/vidacrista\/#website","url":"https:\/\/franciscanos.org.br\/vidacrista\/","name":"Vida Crist\u00e3 - Franciscanos","description":"Prov\u00edncia Franciscana da Imaculada Concei\u00e7\u00e3o do Brasil - Ordem dos Frades Menores","potentialAction":[{"@type":"SearchAction","target":{"@type":"EntryPoint","urlTemplate":"https:\/\/franciscanos.org.br\/vidacrista\/?s={search_term_string}"},"query-input":"required name=search_term_string"}],"inLanguage":"pt-BR"},{"@type":"WebPage","@id":"https:\/\/franciscanos.org.br\/vidacrista\/amizade-e-antes-de-tudo-experiencia-de-encontro\/","url":"https:\/\/franciscanos.org.br\/vidacrista\/amizade-e-antes-de-tudo-experiencia-de-encontro\/","name":"\"Amizade \u00e9, antes de tudo, experi\u00eancia de encontro\" - Vida Crist\u00e3 - Franciscanos","isPartOf":{"@id":"https:\/\/franciscanos.org.br\/vidacrista\/#website"},"datePublished":"2018-07-17T20:00:11+00:00","dateModified":"2021-09-03T18:39:37+00:00","author":{"@id":"https:\/\/franciscanos.org.br\/vidacrista\/#\/schema\/person\/1880bdd2c350b735648725ef7614736a"},"breadcrumb":{"@id":"https:\/\/franciscanos.org.br\/vidacrista\/amizade-e-antes-de-tudo-experiencia-de-encontro\/#breadcrumb"},"inLanguage":"pt-BR","potentialAction":[{"@type":"ReadAction","target":["https:\/\/franciscanos.org.br\/vidacrista\/amizade-e-antes-de-tudo-experiencia-de-encontro\/"]}]},{"@type":"BreadcrumbList","@id":"https:\/\/franciscanos.org.br\/vidacrista\/amizade-e-antes-de-tudo-experiencia-de-encontro\/#breadcrumb","itemListElement":[{"@type":"ListItem","position":1,"name":"Home","item":"https:\/\/franciscanos.org.br\/vidacrista\/"},{"@type":"ListItem","position":2,"name":"&#8220;Amizade \u00e9, antes de tudo, experi\u00eancia de encontro&#8221;"}]},{"@type":"Person","@id":"https:\/\/franciscanos.org.br\/vidacrista\/#\/schema\/person\/1880bdd2c350b735648725ef7614736a","name":"moacir","image":{"@type":"ImageObject","inLanguage":"pt-BR","@id":"https:\/\/franciscanos.org.br\/vidacrista\/#\/schema\/person\/image\/","url":"https:\/\/secure.gravatar.com\/avatar\/d08aa2ce4c8dd416d4479aa8536fcf64?s=96&d=mm&r=g","contentUrl":"https:\/\/secure.gravatar.com\/avatar\/d08aa2ce4c8dd416d4479aa8536fcf64?s=96&d=mm&r=g","caption":"moacir"},"url":"https:\/\/franciscanos.org.br\/vidacrista\/author\/moacir\/"}]}},"_links":{"self":[{"href":"https:\/\/franciscanos.org.br\/vidacrista\/wp-json\/wp\/v2\/posts\/187536"}],"collection":[{"href":"https:\/\/franciscanos.org.br\/vidacrista\/wp-json\/wp\/v2\/posts"}],"about":[{"href":"https:\/\/franciscanos.org.br\/vidacrista\/wp-json\/wp\/v2\/types\/post"}],"author":[{"embeddable":true,"href":"https:\/\/franciscanos.org.br\/vidacrista\/wp-json\/wp\/v2\/users\/3"}],"replies":[{"embeddable":true,"href":"https:\/\/franciscanos.org.br\/vidacrista\/wp-json\/wp\/v2\/comments?post=187536"}],"version-history":[{"count":3,"href":"https:\/\/franciscanos.org.br\/vidacrista\/wp-json\/wp\/v2\/posts\/187536\/revisions"}],"predecessor-version":[{"id":190489,"href":"https:\/\/franciscanos.org.br\/vidacrista\/wp-json\/wp\/v2\/posts\/187536\/revisions\/190489"}],"wp:featuredmedia":[{"embeddable":true,"href":"https:\/\/franciscanos.org.br\/vidacrista\/wp-json\/wp\/v2\/media\/190488"}],"wp:attachment":[{"href":"https:\/\/franciscanos.org.br\/vidacrista\/wp-json\/wp\/v2\/media?parent=187536"}],"wp:term":[{"taxonomy":"category","embeddable":true,"href":"https:\/\/franciscanos.org.br\/vidacrista\/wp-json\/wp\/v2\/categories?post=187536"},{"taxonomy":"post_tag","embeddable":true,"href":"https:\/\/franciscanos.org.br\/vidacrista\/wp-json\/wp\/v2\/tags?post=187536"}],"curies":[{"name":"wp","href":"https:\/\/api.w.org\/{rel}","templated":true}]}}