{"id":187482,"date":"2017-05-05T11:21:01","date_gmt":"2017-05-05T14:21:01","guid":{"rendered":"https:\/\/franciscanos.org.br\/vidacrista\/?p=187482"},"modified":"2021-09-02T09:22:22","modified_gmt":"2021-09-02T12:22:22","slug":"54o-dia-mundial-de-oracao-pelas-vocacoes","status":"publish","type":"post","link":"https:\/\/franciscanos.org.br\/vidacrista\/54o-dia-mundial-de-oracao-pelas-vocacoes\/","title":{"rendered":"54\u00ba Dia Mundial de Ora\u00e7\u00e3o pelas Voca\u00e7\u00f5es"},"content":{"rendered":"<div style=\"width: 840px\" class=\"wp-caption alignleft\"><img decoding=\"async\" loading=\"lazy\" src=\"http:\/\/franciscanos.org.br\/wp-content\/uploads\/2016\/12\/missoesG_061216.jpg\" alt=\"missoesG_061216\" width=\"830\" height=\"340\" \/><p class=\"wp-caption-text\">\u00a0 \u00a0 \u00a0 \u00a0 \u00a0 \u00a0 \u00a0 \u00a0 \u00a0 \u00a0 \u00a0 \u00a0 \u00a0 \u00a0 \u00a0 \u00a0 \u00a0 \u00a0 \u00a0 \u00a0 \u00a0 \u00a0 \u00a0 \u00a0 \u00a0 \u00a0 \u00a0 \u00a0 \u00a0 \u00a0 \u00a0 \u00a0 \u00a0 \u00a0 \u00a0 \u00a0 \u00a0 \u00a0 \u00a0 \u00a0 \u00a0 \u00a0 \u00a0 \u00a0 \u00a0 \u00a0 <em>\u00a0 \u00a0 \u00a0 \u00a0 Imagem: Acervo Prov\u00edncia<\/em><\/p><\/div>\n<p>A mensagem do Papa Francisco para o<strong> 54\u00ba Dia Mundial de Ora\u00e7\u00e3o pelas Voca\u00e7\u00f5es<\/strong>, a ser celebrado no dia 7 de maio de 2017.<\/p>\n<p><em>O tema deste ano \u00e9: <strong>&#8220;Impelidos pelo Esp\u00edrito para a miss\u00e3o&#8221;<\/strong>, e aborda a dimens\u00e3o mission\u00e1ria da voca\u00e7\u00e3o crist\u00e3.\u00a0Na mensagem ele destaca: &#8220;o compromisso mission\u00e1rio n\u00e3o \u00e9 algo que vem acrescentar-se \u00e0 vida crist\u00e3 como se fosse um ornamento, mas, pelo contr\u00e1rio, situa-se no \u00e2mago da pr\u00f3pria f\u00e9: a rela\u00e7\u00e3o com o Senhor implica ser enviados ao mundo como profetas da sua palavra e testemunhas do seu amor.&#8221;<\/em><\/p>\n<p><em>Leia na \u00edntegra:<\/em><\/p>\n<p><strong>Mensagem do Papa Francisco para o 54\u00ba Dia Mundial de Ora\u00e7\u00e3o pelas Voca\u00e7\u00f5es<\/strong><br \/>\n<strong>(7 de maio de 2017 &#8211; IV Domingo da P\u00e1scoa)<\/strong><br \/>\n<strong> Tema: \u00abImpelidos pelo Esp\u00edrito para a miss\u00e3o\u00bb<\/strong><\/p>\n<p>Amados irm\u00e3os e irm\u00e3s!<\/p>\n<p>Nos anos passados, tivemos ocasi\u00e3o de refletir sobre dois aspetos que dizem respeito \u00e0 voca\u00e7\u00e3o crist\u00e3: o convite a \u00absair de si mesmo\u00bb para p\u00f4r-se \u00e0 escuta da voz do Senhor e a import\u00e2ncia da comunidade eclesial como lugar privilegiado onde nasce, alimenta e se exprime a chamada de Deus.<\/p>\n<p>Agora, no 54\u00ba Dia Mundial de Ora\u00e7\u00e3o pelas Voca\u00e7\u00f5es, gostaria de me deter na dimens\u00e3o mission\u00e1ria da voca\u00e7\u00e3o crist\u00e3. Quem se deixou atrair pela voz de Deus e come\u00e7ou a seguir Jesus, rapidamente descobre dentro de si mesmo o desejo irreprim\u00edvel de levar a Boa Nova aos irm\u00e3os, atrav\u00e9s da evangeliza\u00e7\u00e3o e do servi\u00e7o na caridade. Todos os crist\u00e3os s\u00e3o constitu\u00eddos mission\u00e1rios do Evangelho. Com efeito, o disc\u00edpulo n\u00e3o recebe o dom do amor de Deus para sua consola\u00e7\u00e3o privada; n\u00e3o \u00e9 chamado a ocupar-se de si mesmo nem a cuidar dos interesses duma empresa; simplesmente \u00e9 tocado e transformado pela alegria de se sentir amado por Deus e n\u00e3o pode guardar esta experi\u00eancia apenas para si mesmo: \u00aba alegria do Evangelho, que enche a vida da comunidade dos disc\u00edpulos, \u00e9 uma alegria mission\u00e1ria\u00bb (Francisco, Exort. ap. Evangelii gaudium, 21).<\/p>\n<p>Por isso, o compromisso mission\u00e1rio n\u00e3o \u00e9 algo que vem acrescentar-se \u00e0 vida crist\u00e3 como se fosse um ornamento, mas, pelo contr\u00e1rio, situa-se no \u00e2mago da pr\u00f3pria f\u00e9: a rela\u00e7\u00e3o com o Senhor implica ser enviados ao mundo como profetas da sua palavra e testemunhas do seu amor.<\/p>\n<p>Se experimentamos em n\u00f3s muita fragilidade e \u00e0s vezes podemos sentir-nos desanimados, devemos levantar a cabe\u00e7a para Deus, sem nos fazermos esmagar pelo sentimento de inaptid\u00e3o nem cedermos ao pessimismo, que nos torna espetadores passivos duma vida cansada e rotineira. N\u00e3o h\u00e1 lugar para o temor: o pr\u00f3prio Deus vem purificar os nossos \u00abl\u00e1bios impuros\u00bb, tornando-nos aptos para a miss\u00e3o. \u00ab\u201cFoi afastada a tua culpa e apagado o teu pecado!\u201d Ent\u00e3o, ouvi a voz do Senhor que dizia: \u201cQuem enviarei? Quem ser\u00e1 o nosso mensageiro?\u201d Ent\u00e3o eu disse: \u201cEis-me aqui, envia-me\u201d\u00bb (Is 6, 7-8).<\/p>\n<p>Cada disc\u00edpulo mission\u00e1rio sente, no seu cora\u00e7\u00e3o, esta voz divina que o convida a \u00abandar de lugar em lugar\u00bb no meio do povo, como Jesus, \u00abfazendo o bem e curando\u00bb a todos (cf. At 10, 38). Com efeito, j\u00e1 tive ocasi\u00e3o de lembrar que, em virtude do Batismo, cada crist\u00e3o \u00e9 um \u00abcrist\u00f3foro\u00bb ou seja, \u00abum que leva Cristo\u00bb aos irm\u00e3os (cf. Francisco, Catequese, 30 de janeiro de 2016). Isto vale de forma particular para as pessoas que s\u00e3o chamadas a uma vida de especial consagra\u00e7\u00e3o e tamb\u00e9m para os sacerdotes, que generosamente responderam \u00abeis-me aqui, envia-me\u00bb. Com renovado entusiasmo mission\u00e1rio, s\u00e3o chamados a sair dos recintos sagrados do templo, para consentir \u00e0 ternura de Deus de transbordar a favor dos homens (cf. Francisco, Homilia na Missa Crismal, 24 de mar\u00e7o de 2016). A Igreja precisa de sacerdotes assim: confiantes e serenos porque descobriram o verdadeiro tesouro, ansiosos por irem faz\u00ea-lo conhecer jubilosamente a todos (cf. Mt 13,44).<\/p>\n<p>Com certeza n\u00e3o faltam as interroga\u00e7\u00f5es ao falarmos da miss\u00e3o crist\u00e3: Que significa ser mission\u00e1rio do Evangelho? Quem nos d\u00e1 a for\u00e7a e a coragem do an\u00fancio? Qual \u00e9 a l\u00f3gica evang\u00e9lica em que se inspira a miss\u00e3o? Podemos dar resposta a estas quest\u00f5es, contemplando tr\u00eas cenas evang\u00e9licas: o in\u00edcio da miss\u00e3o de Jesus na sinagoga de Nazar\u00e9 (cf. Lc 4, 16-30); o caminho que Ele, Ressuscitado, fez com os disc\u00edpulos de Ema\u00fas (cf. Lc 24, 13-35); e, por \u00faltimo, a par\u00e1bola da semente (cf. Mc 4, 26-27).<\/p>\n<p>Jesus \u00e9 ungido pelo Esp\u00edrito e enviado. Ser disc\u00edpulo mission\u00e1rio significa participar ativamente na miss\u00e3o de Cristo, que Ele pr\u00f3prio descreve na sinagoga de Nazar\u00e9: \u00abO Esp\u00edrito do Senhor est\u00e1 sobre Mim, porque Me ungiu para anunciar a Boa-Nova aos pobres; enviou-Me a proclamar a liberta\u00e7\u00e3o aos cativos e, aos cegos, a recupera\u00e7\u00e3o da vista; a mandar em liberdade os oprimidos, a proclamar um ano favor\u00e1vel da parte do Senhor\u00bb (Lc 4, 18-19). Esta \u00e9 tamb\u00e9m a nossa miss\u00e3o: ser ungidos pelo Esp\u00edrito e ir ter com os irm\u00e3os para lhes anunciar a Palavra, tornando-nos um instrumento de salva\u00e7\u00e3o para eles.<\/p>\n<p>Jesus vem colocar-Se ao nosso lado no caminho. Perante as interroga\u00e7\u00f5es que surgem do cora\u00e7\u00e3o humano e os desafios que se levantam da realidade, podemos sentir-nos perdidos e notar um d\u00e9fice de energia e esperan\u00e7a. H\u00e1 o risco de que a miss\u00e3o crist\u00e3 apare\u00e7a como uma mera utopia irrealiz\u00e1vel ou, em todo o caso, uma realidade que supera as nossas for\u00e7as. Mas, se contemplarmos Jesus Ressuscitado, que caminha ao lado dos disc\u00edpulos de Ema\u00fas (cf. Lc 24, 13-15), \u00e9 poss\u00edvel reavivar a nossa confian\u00e7a; nesta cena evang\u00e9lica, temos uma aut\u00eantica e real \u00abliturgia da estrada\u00bb, que precede a da Palavra e da fra\u00e7\u00e3o do P\u00e3o e nos faz saber que, em cada passo nosso, Jesus est\u00e1 junto de n\u00f3s. Os dois disc\u00edpulos, feridos pelo esc\u00e2ndalo da cruz, est\u00e3o de regresso a casa percorrendo o caminho da derrota: levam no cora\u00e7\u00e3o uma esperan\u00e7a despeda\u00e7ada e um sonho que n\u00e3o se realizou. Neles, a tristeza tomou o lugar da alegria do Evangelho. Que faz Jesus? N\u00e3o os julga, percorre a pr\u00f3pria estrada deles e, em vez de erguer um muro, abre uma nova brecha. Pouco a pouco transforma o seu des\u00e2nimo, inflama o seu cora\u00e7\u00e3o e abre os seus olhos, anunciando a Palavra e partindo o P\u00e3o. Da mesma forma, o crist\u00e3o n\u00e3o carrega sozinho o encargo da miss\u00e3o, mas experimenta \u2013 mesmo nas fadigas e incompreens\u00f5es \u2013 que \u00abJesus caminha com ele, fala com ele, respira com ele, trabalha com ele. Sente Jesus vivo com ele, no meio da tarefa mission\u00e1ria\u00bb (Francisco, Exort. ap. Evangelii gaudium, 266).<\/p>\n<p>Jesus faz germinar a semente. Por fim, \u00e9 importante aprender do Evangelho o estilo de an\u00fancio. Na verdade, acontece n\u00e3o raro, mesmo com a melhor das inten\u00e7\u00f5es, deixar-se levar por um certo frenesim de poder, pelo proselitismo ou o fanatismo intolerante. O Evangelho, pelo contr\u00e1rio, convida-nos a rejeitar a idolatria do sucesso e do poder, a preocupa\u00e7\u00e3o excessiva pelas estruturas e uma certa \u00e2nsia que obedece mais a um esp\u00edrito de conquista que de servi\u00e7o. A semente do Reino, embora pequena, invis\u00edvel e \u00e0s vezes insignificante, cresce silenciosamente gra\u00e7as \u00e0 a\u00e7\u00e3o incessante de Deus: \u00abO Reino de Deus \u00e9 como um homem que lan\u00e7ou a semente \u00e0 terra. Quer esteja a dormir, quer se levante, de noite e de dia, a semente germina e cresce, sem ele saber como\u00bb (Mc 4, 26-27). A nossa confian\u00e7a primeira est\u00e1 aqui: Deus supera as nossas expetativas e surpreende-nos com a sua generosidade, fazendo germinar os frutos do nosso trabalho para al\u00e9m dos c\u00e1lculos da efici\u00eancia humana.<\/p>\n<p>Com esta confian\u00e7a evang\u00e9lica abrimo-nos \u00e0 a\u00e7\u00e3o silenciosa do Esp\u00edrito, que \u00e9 o fundamento da miss\u00e3o. N\u00e3o poder\u00e1 jamais haver pastoral vocacional nem miss\u00e3o crist\u00e3, sem a ora\u00e7\u00e3o ass\u00eddua e contemplativa. Neste sentido, \u00e9 preciso alimentar a vida crist\u00e3 com a escuta da Palavra de Deus e sobretudo cuidar da rela\u00e7\u00e3o pessoal com o Senhor na adora\u00e7\u00e3o eucar\u00edstica, \u00ablugar\u00bb privilegiado do encontro com Deus.<\/p>\n<p>\u00c9 esta amizade \u00edntima com o Senhor que desejo vivamente encorajar, sobretudo para implorar do Alto novas voca\u00e7\u00f5es ao sacerd\u00f3cio e \u00e0 vida consagrada. O povo de Deus precisa de ser guiado por pastores que gastam a sua vida ao servi\u00e7o do Evangelho. Por isso, pe\u00e7o \u00e0s comunidades paroquiais, \u00e0s associa\u00e7\u00f5es e aos numerosos grupos de ora\u00e7\u00e3o presentes na Igreja: sem ceder \u00e0 tenta\u00e7\u00e3o do des\u00e2nimo, continuai a pedir ao Senhor que mande oper\u00e1rios para a sua messe e nos d\u00ea sacerdotes enamorados do Evangelho, capazes de se aproximar dos irm\u00e3os, tornando-se assim sinal vivo do amor misericordioso de Deus.<\/p>\n<p>Amados irm\u00e3os e irm\u00e3s, \u00e9 poss\u00edvel ainda hoje voltar a encontrar o ardor do an\u00fancio e propor, sobretudo aos jovens, o seguimento de Cristo. Face \u00e0 generalizada sensa\u00e7\u00e3o duma f\u00e9 cansada ou reduzida a meros \u00abdeveres a cumprir\u00bb, os nossos jovens t\u00eam o desejo de descobrir o fasc\u00ednio sempre atual da figura de Jesus, de deixar-se interpelar e provocar pelas suas palavras e gestos e, enfim, sonhar \u2013 gra\u00e7as a Ele \u2013 com uma vida plenamente humana, feliz de gastar-se no amor.<\/p>\n<p>Maria Sant\u00edssima, M\u00e3e do nosso Salvador, teve a coragem de abra\u00e7ar este sonho de Deus, pondo a sua juventude e o seu entusiasmo nas m\u00e3os d\u2019Ele. Que a sua intercess\u00e3o nos obtenha a mesma abertura de cora\u00e7\u00e3o, a prontid\u00e3o em dizer o nosso \u00abEis-me aqui\u00bb \u00e0 chamada do Senhor e a alegria de nos pormos a caminho, como Ela (cf. Lc 1, 39), para O anunciar ao mundo inteiro.<\/p>\n<p>Cidade do Vaticano, 27 de novembro \u2013 I Domingo do Advento \u2013 de 2016.<\/p>\n","protected":false},"excerpt":{"rendered":"<p>54\u00ba Dia Mundial de Ora\u00e7\u00e3o pelas Voca\u00e7\u00f5es<\/p>\n","protected":false},"author":3,"featured_media":0,"comment_status":"open","ping_status":"open","sticky":false,"template":"","format":"standard","meta":{"footnotes":""},"categories":[22],"tags":[321],"yoast_head":"<!-- This site is optimized with the Yoast SEO plugin v19.4 - https:\/\/yoast.com\/wordpress\/plugins\/seo\/ -->\n<title>54\u00ba Dia Mundial de Ora\u00e7\u00e3o pelas Voca\u00e7\u00f5es - Vida Crist\u00e3 - Franciscanos<\/title>\n<meta name=\"robots\" content=\"index, follow, max-snippet:-1, max-image-preview:large, max-video-preview:-1\" \/>\n<link rel=\"canonical\" href=\"https:\/\/franciscanos.org.br\/vidacrista\/54o-dia-mundial-de-oracao-pelas-vocacoes\/\" \/>\n<meta property=\"og:locale\" content=\"pt_BR\" \/>\n<meta property=\"og:type\" content=\"article\" \/>\n<meta property=\"og:title\" content=\"54\u00ba Dia Mundial de Ora\u00e7\u00e3o pelas Voca\u00e7\u00f5es - Vida Crist\u00e3 - Franciscanos\" \/>\n<meta property=\"og:description\" content=\"54\u00ba Dia Mundial de Ora\u00e7\u00e3o pelas Voca\u00e7\u00f5es\" \/>\n<meta property=\"og:url\" content=\"https:\/\/franciscanos.org.br\/vidacrista\/54o-dia-mundial-de-oracao-pelas-vocacoes\/\" \/>\n<meta property=\"og:site_name\" content=\"Vida Crist\u00e3 - Franciscanos\" \/>\n<meta property=\"article:published_time\" content=\"2017-05-05T14:21:01+00:00\" \/>\n<meta property=\"article:modified_time\" content=\"2021-09-02T12:22:22+00:00\" \/>\n<meta property=\"og:image\" content=\"http:\/\/franciscanos.org.br\/wp-content\/uploads\/2016\/12\/missoesG_061216.jpg\" \/>\n<meta name=\"author\" content=\"moacir\" \/>\n<meta name=\"twitter:card\" content=\"summary_large_image\" \/>\n<meta name=\"twitter:label1\" content=\"Escrito por\" \/>\n\t<meta name=\"twitter:data1\" content=\"moacir\" \/>\n\t<meta name=\"twitter:label2\" content=\"Est. tempo de leitura\" \/>\n\t<meta name=\"twitter:data2\" content=\"8 minutos\" \/>\n<script type=\"application\/ld+json\" class=\"yoast-schema-graph\">{\"@context\":\"https:\/\/schema.org\",\"@graph\":[{\"@type\":\"WebSite\",\"@id\":\"https:\/\/franciscanos.org.br\/vidacrista\/#website\",\"url\":\"https:\/\/franciscanos.org.br\/vidacrista\/\",\"name\":\"Vida Crist\u00e3 - Franciscanos\",\"description\":\"Prov\u00edncia Franciscana da Imaculada Concei\u00e7\u00e3o do Brasil - Ordem dos Frades Menores\",\"potentialAction\":[{\"@type\":\"SearchAction\",\"target\":{\"@type\":\"EntryPoint\",\"urlTemplate\":\"https:\/\/franciscanos.org.br\/vidacrista\/?s={search_term_string}\"},\"query-input\":\"required name=search_term_string\"}],\"inLanguage\":\"pt-BR\"},{\"@type\":\"WebPage\",\"@id\":\"https:\/\/franciscanos.org.br\/vidacrista\/54o-dia-mundial-de-oracao-pelas-vocacoes\/\",\"url\":\"https:\/\/franciscanos.org.br\/vidacrista\/54o-dia-mundial-de-oracao-pelas-vocacoes\/\",\"name\":\"54\u00ba Dia Mundial de Ora\u00e7\u00e3o pelas Voca\u00e7\u00f5es - Vida Crist\u00e3 - Franciscanos\",\"isPartOf\":{\"@id\":\"https:\/\/franciscanos.org.br\/vidacrista\/#website\"},\"datePublished\":\"2017-05-05T14:21:01+00:00\",\"dateModified\":\"2021-09-02T12:22:22+00:00\",\"author\":{\"@id\":\"https:\/\/franciscanos.org.br\/vidacrista\/#\/schema\/person\/1880bdd2c350b735648725ef7614736a\"},\"breadcrumb\":{\"@id\":\"https:\/\/franciscanos.org.br\/vidacrista\/54o-dia-mundial-de-oracao-pelas-vocacoes\/#breadcrumb\"},\"inLanguage\":\"pt-BR\",\"potentialAction\":[{\"@type\":\"ReadAction\",\"target\":[\"https:\/\/franciscanos.org.br\/vidacrista\/54o-dia-mundial-de-oracao-pelas-vocacoes\/\"]}]},{\"@type\":\"BreadcrumbList\",\"@id\":\"https:\/\/franciscanos.org.br\/vidacrista\/54o-dia-mundial-de-oracao-pelas-vocacoes\/#breadcrumb\",\"itemListElement\":[{\"@type\":\"ListItem\",\"position\":1,\"name\":\"Home\",\"item\":\"https:\/\/franciscanos.org.br\/vidacrista\/\"},{\"@type\":\"ListItem\",\"position\":2,\"name\":\"54\u00ba Dia Mundial de Ora\u00e7\u00e3o pelas Voca\u00e7\u00f5es\"}]},{\"@type\":\"Person\",\"@id\":\"https:\/\/franciscanos.org.br\/vidacrista\/#\/schema\/person\/1880bdd2c350b735648725ef7614736a\",\"name\":\"moacir\",\"image\":{\"@type\":\"ImageObject\",\"inLanguage\":\"pt-BR\",\"@id\":\"https:\/\/franciscanos.org.br\/vidacrista\/#\/schema\/person\/image\/\",\"url\":\"https:\/\/secure.gravatar.com\/avatar\/d08aa2ce4c8dd416d4479aa8536fcf64?s=96&d=mm&r=g\",\"contentUrl\":\"https:\/\/secure.gravatar.com\/avatar\/d08aa2ce4c8dd416d4479aa8536fcf64?s=96&d=mm&r=g\",\"caption\":\"moacir\"},\"url\":\"https:\/\/franciscanos.org.br\/vidacrista\/author\/moacir\/\"}]}<\/script>\n<!-- \/ Yoast SEO plugin. -->","yoast_head_json":{"title":"54\u00ba Dia Mundial de Ora\u00e7\u00e3o pelas Voca\u00e7\u00f5es - Vida Crist\u00e3 - Franciscanos","robots":{"index":"index","follow":"follow","max-snippet":"max-snippet:-1","max-image-preview":"max-image-preview:large","max-video-preview":"max-video-preview:-1"},"canonical":"https:\/\/franciscanos.org.br\/vidacrista\/54o-dia-mundial-de-oracao-pelas-vocacoes\/","og_locale":"pt_BR","og_type":"article","og_title":"54\u00ba Dia Mundial de Ora\u00e7\u00e3o pelas Voca\u00e7\u00f5es - Vida Crist\u00e3 - Franciscanos","og_description":"54\u00ba Dia Mundial de Ora\u00e7\u00e3o pelas Voca\u00e7\u00f5es","og_url":"https:\/\/franciscanos.org.br\/vidacrista\/54o-dia-mundial-de-oracao-pelas-vocacoes\/","og_site_name":"Vida Crist\u00e3 - Franciscanos","article_published_time":"2017-05-05T14:21:01+00:00","article_modified_time":"2021-09-02T12:22:22+00:00","og_image":[{"url":"http:\/\/franciscanos.org.br\/wp-content\/uploads\/2016\/12\/missoesG_061216.jpg"}],"author":"moacir","twitter_card":"summary_large_image","twitter_misc":{"Escrito por":"moacir","Est. tempo de leitura":"8 minutos"},"schema":{"@context":"https:\/\/schema.org","@graph":[{"@type":"WebSite","@id":"https:\/\/franciscanos.org.br\/vidacrista\/#website","url":"https:\/\/franciscanos.org.br\/vidacrista\/","name":"Vida Crist\u00e3 - Franciscanos","description":"Prov\u00edncia Franciscana da Imaculada Concei\u00e7\u00e3o do Brasil - Ordem dos Frades Menores","potentialAction":[{"@type":"SearchAction","target":{"@type":"EntryPoint","urlTemplate":"https:\/\/franciscanos.org.br\/vidacrista\/?s={search_term_string}"},"query-input":"required name=search_term_string"}],"inLanguage":"pt-BR"},{"@type":"WebPage","@id":"https:\/\/franciscanos.org.br\/vidacrista\/54o-dia-mundial-de-oracao-pelas-vocacoes\/","url":"https:\/\/franciscanos.org.br\/vidacrista\/54o-dia-mundial-de-oracao-pelas-vocacoes\/","name":"54\u00ba Dia Mundial de Ora\u00e7\u00e3o pelas Voca\u00e7\u00f5es - Vida Crist\u00e3 - Franciscanos","isPartOf":{"@id":"https:\/\/franciscanos.org.br\/vidacrista\/#website"},"datePublished":"2017-05-05T14:21:01+00:00","dateModified":"2021-09-02T12:22:22+00:00","author":{"@id":"https:\/\/franciscanos.org.br\/vidacrista\/#\/schema\/person\/1880bdd2c350b735648725ef7614736a"},"breadcrumb":{"@id":"https:\/\/franciscanos.org.br\/vidacrista\/54o-dia-mundial-de-oracao-pelas-vocacoes\/#breadcrumb"},"inLanguage":"pt-BR","potentialAction":[{"@type":"ReadAction","target":["https:\/\/franciscanos.org.br\/vidacrista\/54o-dia-mundial-de-oracao-pelas-vocacoes\/"]}]},{"@type":"BreadcrumbList","@id":"https:\/\/franciscanos.org.br\/vidacrista\/54o-dia-mundial-de-oracao-pelas-vocacoes\/#breadcrumb","itemListElement":[{"@type":"ListItem","position":1,"name":"Home","item":"https:\/\/franciscanos.org.br\/vidacrista\/"},{"@type":"ListItem","position":2,"name":"54\u00ba Dia Mundial de Ora\u00e7\u00e3o pelas Voca\u00e7\u00f5es"}]},{"@type":"Person","@id":"https:\/\/franciscanos.org.br\/vidacrista\/#\/schema\/person\/1880bdd2c350b735648725ef7614736a","name":"moacir","image":{"@type":"ImageObject","inLanguage":"pt-BR","@id":"https:\/\/franciscanos.org.br\/vidacrista\/#\/schema\/person\/image\/","url":"https:\/\/secure.gravatar.com\/avatar\/d08aa2ce4c8dd416d4479aa8536fcf64?s=96&d=mm&r=g","contentUrl":"https:\/\/secure.gravatar.com\/avatar\/d08aa2ce4c8dd416d4479aa8536fcf64?s=96&d=mm&r=g","caption":"moacir"},"url":"https:\/\/franciscanos.org.br\/vidacrista\/author\/moacir\/"}]}},"_links":{"self":[{"href":"https:\/\/franciscanos.org.br\/vidacrista\/wp-json\/wp\/v2\/posts\/187482"}],"collection":[{"href":"https:\/\/franciscanos.org.br\/vidacrista\/wp-json\/wp\/v2\/posts"}],"about":[{"href":"https:\/\/franciscanos.org.br\/vidacrista\/wp-json\/wp\/v2\/types\/post"}],"author":[{"embeddable":true,"href":"https:\/\/franciscanos.org.br\/vidacrista\/wp-json\/wp\/v2\/users\/3"}],"replies":[{"embeddable":true,"href":"https:\/\/franciscanos.org.br\/vidacrista\/wp-json\/wp\/v2\/comments?post=187482"}],"version-history":[{"count":3,"href":"https:\/\/franciscanos.org.br\/vidacrista\/wp-json\/wp\/v2\/posts\/187482\/revisions"}],"predecessor-version":[{"id":190417,"href":"https:\/\/franciscanos.org.br\/vidacrista\/wp-json\/wp\/v2\/posts\/187482\/revisions\/190417"}],"wp:attachment":[{"href":"https:\/\/franciscanos.org.br\/vidacrista\/wp-json\/wp\/v2\/media?parent=187482"}],"wp:term":[{"taxonomy":"category","embeddable":true,"href":"https:\/\/franciscanos.org.br\/vidacrista\/wp-json\/wp\/v2\/categories?post=187482"},{"taxonomy":"post_tag","embeddable":true,"href":"https:\/\/franciscanos.org.br\/vidacrista\/wp-json\/wp\/v2\/tags?post=187482"}],"curies":[{"name":"wp","href":"https:\/\/api.w.org\/{rel}","templated":true}]}}