{"id":187373,"date":"2020-08-03T07:52:10","date_gmt":"2020-08-03T10:52:10","guid":{"rendered":"https:\/\/franciscanos.org.br\/vidacrista\/?p=187373"},"modified":"2020-08-03T07:52:10","modified_gmt":"2020-08-03T10:52:10","slug":"a-realidade-da-pandemia-e-a-desvalorizacao-da-vida","status":"publish","type":"post","link":"https:\/\/franciscanos.org.br\/vidacrista\/a-realidade-da-pandemia-e-a-desvalorizacao-da-vida\/","title":{"rendered":"A realidade da pandemia e a desvaloriza\u00e7\u00e3o da vida"},"content":{"rendered":"<div id=\"attachment_187374\" style=\"width: 850px\" class=\"wp-caption alignnone\"><img aria-describedby=\"caption-attachment-187374\" decoding=\"async\" loading=\"lazy\" class=\"wp-image-187374 size-full\" src=\"https:\/\/franciscanos.org.br\/vidacrista\/wp-content\/uploads\/2020\/08\/artigo_0308.png\" alt=\"\" width=\"840\" height=\"449\" srcset=\"https:\/\/franciscanos.org.br\/vidacrista\/wp-content\/uploads\/2020\/08\/artigo_0308.png 840w, https:\/\/franciscanos.org.br\/vidacrista\/wp-content\/uploads\/2020\/08\/artigo_0308-450x241.png 450w, https:\/\/franciscanos.org.br\/vidacrista\/wp-content\/uploads\/2020\/08\/artigo_0308-768x411.png 768w, https:\/\/franciscanos.org.br\/vidacrista\/wp-content\/uploads\/2020\/08\/artigo_0308-150x80.png 150w\" sizes=\"(max-width: 840px) 100vw, 840px\" \/><p id=\"caption-attachment-187374\" class=\"wp-caption-text\">\u00a0 \u00a0 \u00a0 \u00a0 \u00a0 \u00a0 \u00a0 \u00a0 \u00a0 \u00a0 \u00a0 \u00a0 \u00a0 \u00a0 \u00a0 \u00a0 \u00a0 \u00a0 \u00a0 \u00a0 \u00a0 \u00a0 \u00a0 \u00a0 \u00a0 \u00a0 \u00a0 \u00a0 \u00a0 \u00a0 \u00a0 \u00a0 \u00a0 \u00a0 \u00a0 \u00a0 \u00a0 \u00a0 \u00a0 \u00a0 \u00a0 \u00a0 \u00a0 \u00a0 \u00a0 \u00a0 \u00a0 \u00a0 \u00a0 \u00a0 \u00a0 \u00a0 \u00a0 \u00a0 \u00a0 \u00a0 \u00a0 \u00a0 \u00a0 \u00a0 \u00a0 \u00a0 \u00a0 \u00a0 \u00a0 \u00a0 \u00a0 \u00a0 \u00a0 \u00a0 \u00a0 \u00a0 <em>\u00a0Imagem ilustrativa: (fonte: Canva)<\/em><\/p><\/div>\n<p><strong>Robson Ribeiro de Oliveira Castro<\/strong><\/p>\n<p>A cada dia cresce o n\u00famero de mortos pelo novo coronav\u00edrus. O Brasil tem mais de 1.000 mortos por dia. No dia 30 de julho de 2020, a Covid-19 bateu recorde no Brasil: chegamos \u00e0 marca de 1.664 mortos em apenas um dia, tendo no total mais de 90.000 mortes e mais de 2.500.000 casos confirmados. Os dados assustam devido \u00e0 situa\u00e7\u00e3o fora de controle.<\/p>\n<p>O ser humano \u00e9 fruto da sua realidade e do seu ambiente e est\u00e1 \u00e0 merc\u00ea das lideran\u00e7as, sejam elas pol\u00edticas, religiosas, econ\u00f4micas. Os n\u00fameros de mortos denunciam a fragilidade do ser humano. A condi\u00e7\u00e3o em que o Brasil se encontra, sendo o segundo no ranking de casos e mortes, assusta e n\u00e3o corrobora para o sentimento evang\u00e9lico do cuidado para com o pr\u00f3ximo. Neste contexto, \u00e9 imposs\u00edvel ignorar a realidade e, de forma concreta, n\u00e3o procurar uma conduta moral para nossa proposta de vida.<\/p>\n<p>Por isso, diante dos n\u00fameros crescentes de mortos e da desvaloriza\u00e7\u00e3o da vida, inclusive dos profissionais de sa\u00fade, devemos observar a caminhada e a responsabilidade diante das atrocidades e mortes di\u00e1rias. O ser humano \u2013 livre e consciente \u2013 busca o poder e a realiza\u00e7\u00e3o, independente da sua condi\u00e7\u00e3o. Hannah Arendt, em seu livro \u201cA condi\u00e7\u00e3o humana\u201d, afirma que \u201co fato de o homem ser capaz de agir significa que se pode esperar dele o inesperado, que ele \u00e9 capaz de realizar o infinitamente improv\u00e1vel\u201d. (<em>Arendt. A Condi\u00e7\u00e3o Humana<\/em>, 2002, p. 191).<\/p>\n<p>Essa realidade nos convida a um debate sobre a nossa condi\u00e7\u00e3o humana e a nossa conduta \u00e9tico-moral. Aqui, fa\u00e7o um paralelo para refletir o termo \u201cbanalidade do mal\u201d, cunhado pela Hannah Arendt, fil\u00f3sofa pol\u00edtica que nos convoca a refletir e compreender o que acontece com a nossa sociedade.<\/p>\n<p>Na atual pandemia, primeiramente, \u00e9 imprescind\u00edvel salientar, para al\u00e9m dos n\u00fameros, que s\u00e3o vidas humanas e hist\u00f3rias que se perderam. Por isso, analisar a pandemia da Covid-19 se torna urgente, pois devemos voltar nossa preocupa\u00e7\u00e3o para com o pr\u00f3ximo e acolh\u00ea-lo na sua dor.<\/p>\n<p>O Brasil, carente de lideran\u00e7a, principalmente voltada para a sa\u00fade, tem se mostrado despreparado para enfrentar a pandemia. Mediante os constantes esfor\u00e7os, muitas vezes solit\u00e1rios dos profissionais da sa\u00fade, vemos um descr\u00e9dito dos l\u00edderes e a das autoridades p\u00fablicas. A leitura de Hannah Arendt nos ajuda a refletir sobre as dificuldades que enfrentamos e a desvaloriza\u00e7\u00e3o da vida humana.<\/p>\n<p>Assim, n\u00e3o podemos passar os dias sem nos questionar: at\u00e9 quando iremos encarar os n\u00fameros alarmantes, e em constante crescimento, dos mortos pela Covid-19? A resposta aparenta ser simples, mas n\u00e3o \u00e9 bem assim, a forma anti\u00e9tica que lidamos com a dor do outro s\u00f3 refor\u00e7a que acostumamos com as mortes e ignoramos as v\u00edtimas desta pandemia. As dores dos que perderam algum membro da fam\u00edlia na atual pandemia e as injusti\u00e7as corroboram para um aumento da agonia. Por isso, \u00e9 importante observar que \u201co coronav\u00edrus \u00e9, certamente, n\u00e3o s\u00f3 a maior epidemia, mas tamb\u00e9m a maior crise social em tempos de paz\u201d, como afirma o virologista Peter Piot em entrevista ao site \u201cEl Pais\u201d.<\/p>\n<p>N\u00e3o podemos negar os fatos e \u00e9 preciso ter presente a dignidade da vida humana: as vidas importam. Hoje, diante dessa pandemia, temos de lutar pela vida. Ela est\u00e1 sendo desprezada diante do descaso a que est\u00e1 sendo submetida. Ela n\u00e3o pode ser tratada como uma mercadoria, como algo descart\u00e1vel diante da l\u00f3gica capitalista. A vida \u00e9 o dom mais precioso que nos foi dado e n\u00e3o pode ser reduzida a uma moeda de troca.<\/p>\n<p>Vivemos um per\u00edodo de grande incerteza e inseguran\u00e7a, entretanto \u00e9 necess\u00e1rio se apegar \u00e0 esperan\u00e7a de um mundo melhor e, acima de tudo, uma nova forma de viver: mais aut\u00eantica e humana. Que possamos ser anunciadores da Justi\u00e7a e da Paz e n\u00e3o propagadores de discursos vazios ou como sepulcros caiados, como Jesus criticava os fariseus: <em>\u201cAi de v\u00f3s, escribas e fariseus, hip\u00f3critas! Sois semelhantes a sepulcros caiados, que por fora parecem belos, mas por dentro est\u00e3o cheios de ossos de mortos e toda podrid\u00e3o.\u201d<\/em> (Mt 23,27)<\/p>\n<p>Nesse tempo de recolhimento e isolamento social, que possamos observar a nossa realidade e viv\u00eancia para fazer valer os mandamentos atentos \u00e0s nossas condutas \u00e9ticas frente \u00e0 exclus\u00e3o, ao desprezo e ao maltrato com o pr\u00f3ximo.<\/p>\n<hr \/>\n<p><strong>Robson Ribeiro de Oliveira Castro<\/strong>\u00a0 <em>\u00e9 leigo, casado, pai da Em\u00edlia e do Francisco. Mestre em Teologia pela Faculdade Jesu\u00edta de Filosofia e Teologia (FAJE). Atualmente leciona no Instituto Teol\u00f3gico Franciscano (ITF). E-mail: robsonrcastro@yahoo.com.br.<\/em><\/p>\n","protected":false},"excerpt":{"rendered":"<p>Artigo de Robson Ribeiro de Oliveira Castro<\/p>\n","protected":false},"author":3,"featured_media":187375,"comment_status":"open","ping_status":"open","sticky":false,"template":"","format":"standard","meta":{"footnotes":""},"categories":[26],"tags":[328],"yoast_head":"<!-- This site is optimized with the Yoast SEO plugin v19.4 - https:\/\/yoast.com\/wordpress\/plugins\/seo\/ -->\n<title>A realidade da pandemia e a desvaloriza\u00e7\u00e3o da vida - Vida Crist\u00e3 - Franciscanos<\/title>\n<meta name=\"robots\" content=\"index, follow, max-snippet:-1, max-image-preview:large, max-video-preview:-1\" \/>\n<link rel=\"canonical\" href=\"https:\/\/franciscanos.org.br\/vidacrista\/a-realidade-da-pandemia-e-a-desvalorizacao-da-vida\/\" \/>\n<meta property=\"og:locale\" content=\"pt_BR\" \/>\n<meta property=\"og:type\" content=\"article\" \/>\n<meta property=\"og:title\" content=\"A realidade da pandemia e a desvaloriza\u00e7\u00e3o da vida - Vida Crist\u00e3 - Franciscanos\" \/>\n<meta property=\"og:description\" content=\"Artigo de Robson Ribeiro de Oliveira Castro\" \/>\n<meta property=\"og:url\" content=\"https:\/\/franciscanos.org.br\/vidacrista\/a-realidade-da-pandemia-e-a-desvalorizacao-da-vida\/\" \/>\n<meta property=\"og:site_name\" content=\"Vida Crist\u00e3 - Franciscanos\" \/>\n<meta property=\"article:published_time\" content=\"2020-08-03T10:52:10+00:00\" \/>\n<meta property=\"og:image\" content=\"https:\/\/franciscanos.org.br\/vidacrista\/wp-content\/uploads\/2020\/08\/artigo_0308d.png\" \/>\n\t<meta property=\"og:image:width\" content=\"800\" \/>\n\t<meta property=\"og:image:height\" content=\"600\" \/>\n\t<meta property=\"og:image:type\" content=\"image\/png\" \/>\n<meta name=\"author\" content=\"moacir\" \/>\n<meta name=\"twitter:card\" content=\"summary_large_image\" \/>\n<meta name=\"twitter:label1\" content=\"Escrito por\" \/>\n\t<meta name=\"twitter:data1\" content=\"moacir\" \/>\n\t<meta name=\"twitter:label2\" content=\"Est. tempo de leitura\" \/>\n\t<meta name=\"twitter:data2\" content=\"4 minutos\" \/>\n<script type=\"application\/ld+json\" class=\"yoast-schema-graph\">{\"@context\":\"https:\/\/schema.org\",\"@graph\":[{\"@type\":\"WebSite\",\"@id\":\"https:\/\/franciscanos.org.br\/vidacrista\/#website\",\"url\":\"https:\/\/franciscanos.org.br\/vidacrista\/\",\"name\":\"Vida Crist\u00e3 - Franciscanos\",\"description\":\"Prov\u00edncia Franciscana da Imaculada Concei\u00e7\u00e3o do Brasil - Ordem dos Frades Menores\",\"potentialAction\":[{\"@type\":\"SearchAction\",\"target\":{\"@type\":\"EntryPoint\",\"urlTemplate\":\"https:\/\/franciscanos.org.br\/vidacrista\/?s={search_term_string}\"},\"query-input\":\"required name=search_term_string\"}],\"inLanguage\":\"pt-BR\"},{\"@type\":\"WebPage\",\"@id\":\"https:\/\/franciscanos.org.br\/vidacrista\/a-realidade-da-pandemia-e-a-desvalorizacao-da-vida\/\",\"url\":\"https:\/\/franciscanos.org.br\/vidacrista\/a-realidade-da-pandemia-e-a-desvalorizacao-da-vida\/\",\"name\":\"A realidade da pandemia e a desvaloriza\u00e7\u00e3o da vida - Vida Crist\u00e3 - Franciscanos\",\"isPartOf\":{\"@id\":\"https:\/\/franciscanos.org.br\/vidacrista\/#website\"},\"datePublished\":\"2020-08-03T10:52:10+00:00\",\"dateModified\":\"2020-08-03T10:52:10+00:00\",\"author\":{\"@id\":\"https:\/\/franciscanos.org.br\/vidacrista\/#\/schema\/person\/1880bdd2c350b735648725ef7614736a\"},\"breadcrumb\":{\"@id\":\"https:\/\/franciscanos.org.br\/vidacrista\/a-realidade-da-pandemia-e-a-desvalorizacao-da-vida\/#breadcrumb\"},\"inLanguage\":\"pt-BR\",\"potentialAction\":[{\"@type\":\"ReadAction\",\"target\":[\"https:\/\/franciscanos.org.br\/vidacrista\/a-realidade-da-pandemia-e-a-desvalorizacao-da-vida\/\"]}]},{\"@type\":\"BreadcrumbList\",\"@id\":\"https:\/\/franciscanos.org.br\/vidacrista\/a-realidade-da-pandemia-e-a-desvalorizacao-da-vida\/#breadcrumb\",\"itemListElement\":[{\"@type\":\"ListItem\",\"position\":1,\"name\":\"Home\",\"item\":\"https:\/\/franciscanos.org.br\/vidacrista\/\"},{\"@type\":\"ListItem\",\"position\":2,\"name\":\"A realidade da pandemia e a desvaloriza\u00e7\u00e3o da vida\"}]},{\"@type\":\"Person\",\"@id\":\"https:\/\/franciscanos.org.br\/vidacrista\/#\/schema\/person\/1880bdd2c350b735648725ef7614736a\",\"name\":\"moacir\",\"image\":{\"@type\":\"ImageObject\",\"inLanguage\":\"pt-BR\",\"@id\":\"https:\/\/franciscanos.org.br\/vidacrista\/#\/schema\/person\/image\/\",\"url\":\"https:\/\/secure.gravatar.com\/avatar\/d08aa2ce4c8dd416d4479aa8536fcf64?s=96&d=mm&r=g\",\"contentUrl\":\"https:\/\/secure.gravatar.com\/avatar\/d08aa2ce4c8dd416d4479aa8536fcf64?s=96&d=mm&r=g\",\"caption\":\"moacir\"},\"url\":\"https:\/\/franciscanos.org.br\/vidacrista\/author\/moacir\/\"}]}<\/script>\n<!-- \/ Yoast SEO plugin. -->","yoast_head_json":{"title":"A realidade da pandemia e a desvaloriza\u00e7\u00e3o da vida - Vida Crist\u00e3 - Franciscanos","robots":{"index":"index","follow":"follow","max-snippet":"max-snippet:-1","max-image-preview":"max-image-preview:large","max-video-preview":"max-video-preview:-1"},"canonical":"https:\/\/franciscanos.org.br\/vidacrista\/a-realidade-da-pandemia-e-a-desvalorizacao-da-vida\/","og_locale":"pt_BR","og_type":"article","og_title":"A realidade da pandemia e a desvaloriza\u00e7\u00e3o da vida - Vida Crist\u00e3 - Franciscanos","og_description":"Artigo de Robson Ribeiro de Oliveira Castro","og_url":"https:\/\/franciscanos.org.br\/vidacrista\/a-realidade-da-pandemia-e-a-desvalorizacao-da-vida\/","og_site_name":"Vida Crist\u00e3 - Franciscanos","article_published_time":"2020-08-03T10:52:10+00:00","og_image":[{"width":800,"height":600,"url":"https:\/\/franciscanos.org.br\/vidacrista\/wp-content\/uploads\/2020\/08\/artigo_0308d.png","type":"image\/png"}],"author":"moacir","twitter_card":"summary_large_image","twitter_misc":{"Escrito por":"moacir","Est. tempo de leitura":"4 minutos"},"schema":{"@context":"https:\/\/schema.org","@graph":[{"@type":"WebSite","@id":"https:\/\/franciscanos.org.br\/vidacrista\/#website","url":"https:\/\/franciscanos.org.br\/vidacrista\/","name":"Vida Crist\u00e3 - Franciscanos","description":"Prov\u00edncia Franciscana da Imaculada Concei\u00e7\u00e3o do Brasil - Ordem dos Frades Menores","potentialAction":[{"@type":"SearchAction","target":{"@type":"EntryPoint","urlTemplate":"https:\/\/franciscanos.org.br\/vidacrista\/?s={search_term_string}"},"query-input":"required name=search_term_string"}],"inLanguage":"pt-BR"},{"@type":"WebPage","@id":"https:\/\/franciscanos.org.br\/vidacrista\/a-realidade-da-pandemia-e-a-desvalorizacao-da-vida\/","url":"https:\/\/franciscanos.org.br\/vidacrista\/a-realidade-da-pandemia-e-a-desvalorizacao-da-vida\/","name":"A realidade da pandemia e a desvaloriza\u00e7\u00e3o da vida - Vida Crist\u00e3 - Franciscanos","isPartOf":{"@id":"https:\/\/franciscanos.org.br\/vidacrista\/#website"},"datePublished":"2020-08-03T10:52:10+00:00","dateModified":"2020-08-03T10:52:10+00:00","author":{"@id":"https:\/\/franciscanos.org.br\/vidacrista\/#\/schema\/person\/1880bdd2c350b735648725ef7614736a"},"breadcrumb":{"@id":"https:\/\/franciscanos.org.br\/vidacrista\/a-realidade-da-pandemia-e-a-desvalorizacao-da-vida\/#breadcrumb"},"inLanguage":"pt-BR","potentialAction":[{"@type":"ReadAction","target":["https:\/\/franciscanos.org.br\/vidacrista\/a-realidade-da-pandemia-e-a-desvalorizacao-da-vida\/"]}]},{"@type":"BreadcrumbList","@id":"https:\/\/franciscanos.org.br\/vidacrista\/a-realidade-da-pandemia-e-a-desvalorizacao-da-vida\/#breadcrumb","itemListElement":[{"@type":"ListItem","position":1,"name":"Home","item":"https:\/\/franciscanos.org.br\/vidacrista\/"},{"@type":"ListItem","position":2,"name":"A realidade da pandemia e a desvaloriza\u00e7\u00e3o da vida"}]},{"@type":"Person","@id":"https:\/\/franciscanos.org.br\/vidacrista\/#\/schema\/person\/1880bdd2c350b735648725ef7614736a","name":"moacir","image":{"@type":"ImageObject","inLanguage":"pt-BR","@id":"https:\/\/franciscanos.org.br\/vidacrista\/#\/schema\/person\/image\/","url":"https:\/\/secure.gravatar.com\/avatar\/d08aa2ce4c8dd416d4479aa8536fcf64?s=96&d=mm&r=g","contentUrl":"https:\/\/secure.gravatar.com\/avatar\/d08aa2ce4c8dd416d4479aa8536fcf64?s=96&d=mm&r=g","caption":"moacir"},"url":"https:\/\/franciscanos.org.br\/vidacrista\/author\/moacir\/"}]}},"_links":{"self":[{"href":"https:\/\/franciscanos.org.br\/vidacrista\/wp-json\/wp\/v2\/posts\/187373"}],"collection":[{"href":"https:\/\/franciscanos.org.br\/vidacrista\/wp-json\/wp\/v2\/posts"}],"about":[{"href":"https:\/\/franciscanos.org.br\/vidacrista\/wp-json\/wp\/v2\/types\/post"}],"author":[{"embeddable":true,"href":"https:\/\/franciscanos.org.br\/vidacrista\/wp-json\/wp\/v2\/users\/3"}],"replies":[{"embeddable":true,"href":"https:\/\/franciscanos.org.br\/vidacrista\/wp-json\/wp\/v2\/comments?post=187373"}],"version-history":[{"count":1,"href":"https:\/\/franciscanos.org.br\/vidacrista\/wp-json\/wp\/v2\/posts\/187373\/revisions"}],"predecessor-version":[{"id":187376,"href":"https:\/\/franciscanos.org.br\/vidacrista\/wp-json\/wp\/v2\/posts\/187373\/revisions\/187376"}],"wp:featuredmedia":[{"embeddable":true,"href":"https:\/\/franciscanos.org.br\/vidacrista\/wp-json\/wp\/v2\/media\/187375"}],"wp:attachment":[{"href":"https:\/\/franciscanos.org.br\/vidacrista\/wp-json\/wp\/v2\/media?parent=187373"}],"wp:term":[{"taxonomy":"category","embeddable":true,"href":"https:\/\/franciscanos.org.br\/vidacrista\/wp-json\/wp\/v2\/categories?post=187373"},{"taxonomy":"post_tag","embeddable":true,"href":"https:\/\/franciscanos.org.br\/vidacrista\/wp-json\/wp\/v2\/tags?post=187373"}],"curies":[{"name":"wp","href":"https:\/\/api.w.org\/{rel}","templated":true}]}}