{"id":186921,"date":"2020-07-24T07:11:39","date_gmt":"2020-07-24T10:11:39","guid":{"rendered":"https:\/\/franciscanos.org.br\/vidacrista\/?p=186921"},"modified":"2020-07-24T07:11:39","modified_gmt":"2020-07-24T10:11:39","slug":"van-gogh-fala-do-amor-necessario","status":"publish","type":"post","link":"https:\/\/franciscanos.org.br\/vidacrista\/van-gogh-fala-do-amor-necessario\/","title":{"rendered":"Van Gogh fala do amor necess\u00e1rio"},"content":{"rendered":"<div id=\"attachment_186923\" style=\"width: 850px\" class=\"wp-caption alignnone\"><img aria-describedby=\"caption-attachment-186923\" decoding=\"async\" loading=\"lazy\" class=\"wp-image-186923 size-full\" src=\"https:\/\/franciscanos.org.br\/vidacrista\/wp-content\/uploads\/2020\/07\/boff_2407.png\" alt=\"\" width=\"840\" height=\"449\" srcset=\"https:\/\/franciscanos.org.br\/vidacrista\/wp-content\/uploads\/2020\/07\/boff_2407.png 840w, https:\/\/franciscanos.org.br\/vidacrista\/wp-content\/uploads\/2020\/07\/boff_2407-450x241.png 450w, https:\/\/franciscanos.org.br\/vidacrista\/wp-content\/uploads\/2020\/07\/boff_2407-768x411.png 768w, https:\/\/franciscanos.org.br\/vidacrista\/wp-content\/uploads\/2020\/07\/boff_2407-150x80.png 150w\" sizes=\"(max-width: 840px) 100vw, 840px\" \/><p id=\"caption-attachment-186923\" class=\"wp-caption-text\">\u00a0 \u00a0 \u00a0 \u00a0 \u00a0 \u00a0 \u00a0 \u00a0 \u00a0 \u00a0 \u00a0 \u00a0 \u00a0 \u00a0 \u00a0 \u00a0 \u00a0 \u00a0 \u00a0 \u00a0 \u00a0 \u00a0 \u00a0 \u00a0 \u00a0 \u00a0 \u00a0 \u00a0 \u00a0 \u00a0 \u00a0 \u00a0 \u00a0 \u00a0 \u00a0 \u00a0 \u00a0 \u00a0 \u00a0 \u00a0 \u00a0 \u00a0 \u00a0 \u00a0 \u00a0 \u00a0 \u00a0 \u00a0 \u00a0 \u00a0 \u00a0 \u00a0 \u00a0 \u00a0 \u00a0 \u00a0 \u00a0 \u00a0 \u00a0 \u00a0 \u00a0 \u00a0 \u00a0 \u00a0 \u00a0 \u00a0 \u00a0 \u00a0 \u00a0 \u00a0 \u00a0 \u00a0 \u00a0 \u00a0 \u00a0 \u00a0 \u00a0 \u00a0 \u00a0 \u00a0 \u00a0 \u00a0 \u00a0 \u00a0 \u00a0 \u00a0<em> \u00a0Imagem ilustrativa (fonte: Canva)<\/em><\/p><\/div>\n<p style=\"text-align: left;\"><strong>Leonardo Boff<\/strong><\/p>\n<p>Vivemos atualmente tempos sombrios de muito \u00f3dio, \u00a0aus\u00eancia de refinamento e\u00a0 especialmente falta de amor.<\/p>\n<p>A hist\u00f3ria n\u00e3o \u00e9 retil\u00ednea nem a pr\u00f3pria evolu\u00e7\u00e3o do universo. Passa-se da ordem (cosmos) para a desordem (caos), \u00a0do sim-b\u00f3lico (o que une)\u00a0 para do dia-b\u00f3lico (o que separa), das sombras para a luz, do <em>th\u00e1natos<\/em> (as negatividades da vida) para o <em>eros<\/em> (as excel\u00eancias da vida)\u00a0e do Cristo para o Anti-Cristo.<\/p>\n<p>Tais ant\u00edteses n\u00e3o s\u00e3o deforma\u00e7\u00f5es da realidade, mas a condi\u00e7\u00e3o de todas as coisas. No \u00e2mbito humano dizemos que assim \u00e9 a <em>condition humaine. <\/em><\/p>\n<p>Quer dizer, h\u00e1 momentos de predomin\u00e2ncia da ordem, da harmonia social, da conviv\u00eancia inclusiva que representam o <em>eros<\/em>. Em outros predomina o <em>th\u00e1natos,<\/em> a dimens\u00e3o de morte, de \u00f3dio e de dilacera\u00e7\u00e3o.<\/p>\n<p>Observe-se que os dois momentos sempre v\u00eam juntos e est\u00e3o simultaneamente presentes em todos os momentos e circunst\u00e2ncias.<\/p>\n<p>Atualmente em n\u00edvel mundial e nacional vivemos pesadamente a dimens\u00e3o do <em>th\u00e1natos<\/em>, do <em>dia-b\u00f3lico <\/em>e<em> da sombra.<\/em> H\u00e1 guerras no mundo, racismo, fundamentalismo fazendo incont\u00e1veis v\u00edtimas, ascens\u00e3o do autoritarismo, do populismo, que s\u00e3o disfarces do despotismo. Como se tudo isso n\u00e3o bastasse estamos sob a intrus\u00e3o da Covid-19, fruto da sistem\u00e1tica agress\u00e3o humana contra a natureza (antropoceno) e do contra-ataque que ela nos est\u00e1 movendo, pondo especialmente o capitalismo e os pa\u00edses militaristas com sua m\u00e1quina de matar, de joelhos.<\/p>\n<p>Todos os caminhos religiosos e espirituais conferem centralidade ao amor. Nem precisamos referir-nos a Jesus para quem o amor \u00e9 tudo ou ao texto de inigual\u00e1vel beleza e verdade de S\u00e3o Paulo na primeira Carta aos Cor\u00edntios, no cap\u00edtulo 13: \u201cO amor nunca acabar\u00e1&#8230; no presente permanecem estas tr\u00eas, a f\u00e9, a esperan\u00e7a e o amor, por\u00e9m o mais excelente \u00e9 o amor (13.8.13)\u201d.<\/p>\n<p>N\u00e3o me contenho sem citar o texto sobre o amor da <em>\u201cImita\u00e7\u00e3o de Cristo\u201d<\/em>, de 1441, o livro mais lido na cristandade depois da B\u00edblia. Como canto de cisne de minha atividade teol\u00f3gica por mais de 50 anos, o retraduzi do latim medieval, superando-lhe, contudo, os dualismos t\u00edpicos da \u00e9poca. Leiam-no:<\/p>\n<p style=\"padding-left: 40px;\"><em>\u201cGrande coisa \u00e9 o amor. \u00c9 um bem verdadeiramente inestim\u00e1vel que por si s\u00f3 torna suave o que \u00e9 penoso e suporta sereno toda a adversidade.\u00a0Porque leva a carga sem sentir o peso, torna o amargo doce e saboroso\u2026O amor deseja ser livre e isento de amarras que lhe impedem amar com inteireza. Nada mais doce do que o amor, nada mais forte, nada mais sublime, nada mais profundo, nada mais delicioso, nada mais perfeito ou melhor no c\u00e9u e na terra\u2026 Quem ama, voa, corre, vive alegre, sente-se libertado de todas as amarras. D\u00e1 tudo para todos e possui tudo em todas as coisas, porque para al\u00e9m de todas as coisas, descansa no Sumo Bem do qual se derivam e procedem todos os bens. N\u00e3o olha para as d\u00e1divas, mas eleva-se acima de todos os bens at\u00e9 aquele que os concede. O amor muitas vezes n\u00e3o conhece limites pois seu fogo interior supera toda a medida. De tudo \u00e9 capaz e realiza coisas que quem n\u00e3o ama n\u00e3o compreende, quem n\u00e3o ama se enfraquece e acaba caindo. O amor vigia sempre e at\u00e9 dorme sem dormir\u2026 S\u00f3 quem ama compreende o amor\u201d <\/em>(livro III cap\u00edtulo 5).<\/p>\n<p>Em momentos dolorosos em que vivemos e sofremos, precisamos resgatar o mais importante e que verdadeiramente nos humaniza: o simples amor. \u00a0Ele est\u00e1 em grande falta em todas as partes e rela\u00e7\u00f5es. Mas sem ele nada de grande, de memor\u00e1vel e de heroico foi constru\u00eddo na hist\u00f3ria. \u00c9 o amor que faz com que tantos m\u00e9dicos e m\u00e9dicas, enfermeiros e enfermeiras e todos os que trabalham contra a Covid-19, sacrifiquem suas vidas para salvar vidas, sendo que muitos deles por isso s\u00e3o vitimados. Eles nos confirmam a excel\u00eancia do amor incondicional<\/p>\n<p>Testemunhos das ci\u00eancias da vida, da arte e da poesia refor\u00e7am o que proclamam as religi\u00f5es.<\/p>\n<p>Convincentes s\u00e3o as palavras do genial pintor Vincent van Gogh, em carta ao seu irm\u00e3o Theo: \u201c\u00c9 preciso amar para trabalhar e para se tornar um artista, um artista que procura colocar sentimento em sua obra: \u00e9 preciso primeiro sentir-se a si pr\u00f3prio e viver com\u00a0 seu cora\u00e7\u00e3o&#8230; \u00c9 o amor que qualifica nosso sentimento de dever e define claramente nosso papel&#8230; o amor \u00e9 a mais poderosa de todas as for\u00e7as\u201d (<em>Lettres \u00e0 son fr\u00e8re Th\u00e9o,<\/em> Galimard 1988, 138, 144). A. Artaud, que fez a introdu\u00e7\u00e3o \u00e0s cartas de van Gogh, diz que ele se recusou a entrar nessa sociedade sem amor: \u201cEle foi um suicida da sociedade\u201d.<\/p>\n<p>Consideremos o que testemunham os estudos sobre o processo cosmog\u00eanico e da nova biologia. Mais e mais fica claro que o amor \u00e9 um dado objetivo da realidade global e c\u00f3smica, um evento bem-aventurado do pr\u00f3prio ser das coisas, nas quais n\u00f3s estamos inclu\u00eddos.<\/p>\n<p>Exemplo disso \u00e9 o que escreveu James Watson que, junto com Francis Crick, em 1953, descodificou a dupla h\u00e9lice do c\u00f3digo gen\u00e9tico em:<\/p>\n<p>\u201c<em>O amor pertence \u00e0 ess\u00eancia de nossa humanidade. O amor, esse impulso que nos faz ter cuidado com o outro foi o que permitiu a nossa sobreviv\u00eancia e sucesso no planeta. \u00c9 esse impulso, creio, que salvaguardar\u00e1 nosso futuro\u2026T\u00e3o fundamental \u00e9 o amor \u00e0 natureza humana que estou certo de que a capacidade de amar est\u00e1 inscrita em nosso DNA; um S\u00e3o Paulo (que t\u00e3o excelentemente escreveu sobre o amor) secular diria que o amor \u00e9 a maior d\u00e1diva de nossos genes \u00e0 humanidade<\/em>\u201d (J.Watson, <em>DNA: O segredo da vida<\/em>, Companhia das Letras, S\u00e3o Paulo, 2005 p. 433-434).<\/p>\n<p>Os bi\u00f3logos chilenos Humberto Maturana e Francisco Varela mostraram a presen\u00e7a c\u00f3smica do amor. Os seres, mesmo os mais origin\u00e1rios como os topquarks, dizem eles, se relacionam e interagem entre eles <em>espontaneamente<\/em>, por pura gratuidade e alegria de conviver. Tal rela\u00e7\u00e3o n\u00e3o responde a uma necessidade de sobreviv\u00eancia. Ela se instaura por um impulso de criar la\u00e7os novos, pela afinidade que emerge espontaneamente e que produz o deleite. \u00c9 o advento do amor.<\/p>\n<p>Desta forma, a for\u00e7a do amor atravessa todos os est\u00e1gios da evolu\u00e7\u00e3o e enla\u00e7a todos os seres dando-lhes irradia\u00e7\u00e3o e beleza.<\/p>\n<p>O amor c\u00f3smico realiza o que a m\u00edstica sempre intuiu acerca da gratuidade da beleza: \u201cA rosa n\u00e3o tem por qu\u00ea. Ela floresce por florescer. Ela n\u00e3o cuida dela mesma nem se preocupa se a admiram ou n\u00e3o\u201d (Angelus Silesius). Assim o amor, como a flor, ama por amar e floresce como fruto de uma rela\u00e7\u00e3o livre, como entre duas pessoas enamoradas e apaixonadas.<\/p>\n<p>Bem expressou esta experi\u00eancia Fernando Pessoa, em <em>Poemas de Alberto Caieiro<\/em>: \u201cSe falo na Natureza n\u00e3o \u00e9 porque saiba o que ela \u00e9,\/Mas porque a amo,\u00a0 e amo-a por isso,\/Porque quem ama nunca sabe o que ama\/Nem sabe porque ama, nem o que \u00e9 amar\/Amar \u00e9 a eterna inoc\u00eancia\u201d(<em>Obra po\u00e9tica,<\/em> Aguilar 1974,p.205)<\/p>\n<p>Pelo fato de sermos humanos e autoconscientes, podemos fazer do amor um projeto pessoal e civilizat\u00f3rio: viv\u00ea-lo conscientemente, criar condi\u00e7\u00f5es para que a<em> amoriza\u00e7\u00e3o<\/em> aconte\u00e7a entre os seres humanos e com todos os demais seres da natureza, at\u00e9 com alguma estrela do universo.<\/p>\n<p>O amor \u00e9 urgente no Brasil e no mundo. Com realismo nos deixou Paulo Freire, t\u00e3o caluniado pelos propulsores do \u00f3dio e da ignor\u00e2ncia, esta miss\u00e3o: forjar uma sociedade onde n\u00e3o seja t\u00e3o dif\u00edcil o amor. Educar, dizia ele, \u00e9 um ato de amor.<\/p>\n<p>Digamo-lo com todas as palavras: o sistema mundial capitalista e neoliberal n\u00e3o ama as pessoas. Ele ama o dinheiro e os bens materiais; ele ama a for\u00e7a de trabalho do oper\u00e1rio, seus m\u00fasculos, seu saber, sua produ\u00e7\u00e3o e sua capacidade de consumir. Mas ele n\u00e3o ama gratuitamente as pessoas como pessoas, portadoras de dignidade e de valor. O que nos est\u00e1 salvando neste momento de intrus\u00e3o da Covid-19 s\u00e3o exatamente os valores que o capitalismo nega.<\/p>\n<p>Pregar o amor e dizer: \u201cA<em>memo-nos uns aos outros como n\u00f3s mesmos nos amamos<\/em>\u201d, \u00e9 revolucion\u00e1rio. \u00c9 ser anticultura dominante e contra o \u00f3dio imperante.<\/p>\n<p>H\u00e1 de se fazer do amor aquilo que o grande florentino, Dante Alighieri, escreveu no final de cada c\u00e2ntico da <em>Divina Com\u00e9dia<\/em>: \u201cO amor que move o c\u00e9u e todas as estrelas\u201d; e eu acrescentaria, amor que move nossas vidas, amor que \u00e9 o nome sacrossanto do Ser que faz ser tudo o que \u00e9 e que \u00e9 a Energia sagrada que faz pulsar de amor os nossos cora\u00e7\u00f5es.<\/p>\n<hr \/>\n<p><strong>Leonardo Boff<\/strong> <em>\u00e9 ecote\u00f3lgo e acaba de escrever: &#8220;Covid=19: a M\u00e3e Terra contra ataca a humanidade&#8221;, a sair pela Editora Vozes.<\/em><\/p>\n","protected":false},"excerpt":{"rendered":"<p>Artigo de Leonardo Boff<\/p>\n","protected":false},"author":3,"featured_media":186922,"comment_status":"open","ping_status":"open","sticky":false,"template":"","format":"standard","meta":{"footnotes":""},"categories":[26],"tags":[59],"yoast_head":"<!-- This site is optimized with the Yoast SEO plugin v19.4 - https:\/\/yoast.com\/wordpress\/plugins\/seo\/ -->\n<title>Van Gogh fala do amor necess\u00e1rio - Vida Crist\u00e3 - Franciscanos<\/title>\n<meta name=\"robots\" content=\"index, follow, max-snippet:-1, max-image-preview:large, max-video-preview:-1\" \/>\n<link rel=\"canonical\" href=\"https:\/\/franciscanos.org.br\/vidacrista\/van-gogh-fala-do-amor-necessario\/\" \/>\n<meta property=\"og:locale\" content=\"pt_BR\" \/>\n<meta property=\"og:type\" content=\"article\" \/>\n<meta property=\"og:title\" content=\"Van Gogh fala do amor necess\u00e1rio - Vida Crist\u00e3 - Franciscanos\" \/>\n<meta property=\"og:description\" content=\"Artigo de Leonardo Boff\" \/>\n<meta property=\"og:url\" content=\"https:\/\/franciscanos.org.br\/vidacrista\/van-gogh-fala-do-amor-necessario\/\" \/>\n<meta property=\"og:site_name\" content=\"Vida Crist\u00e3 - Franciscanos\" \/>\n<meta property=\"article:published_time\" content=\"2020-07-24T10:11:39+00:00\" \/>\n<meta property=\"og:image\" content=\"https:\/\/franciscanos.org.br\/vidacrista\/wp-content\/uploads\/2020\/07\/boff_2407d.png\" \/>\n\t<meta property=\"og:image:width\" content=\"800\" \/>\n\t<meta property=\"og:image:height\" content=\"601\" \/>\n\t<meta property=\"og:image:type\" content=\"image\/png\" \/>\n<meta name=\"author\" content=\"moacir\" \/>\n<meta name=\"twitter:card\" content=\"summary_large_image\" \/>\n<meta name=\"twitter:label1\" content=\"Escrito por\" \/>\n\t<meta name=\"twitter:data1\" content=\"moacir\" \/>\n\t<meta name=\"twitter:label2\" content=\"Est. tempo de leitura\" \/>\n\t<meta name=\"twitter:data2\" content=\"8 minutos\" \/>\n<script type=\"application\/ld+json\" class=\"yoast-schema-graph\">{\"@context\":\"https:\/\/schema.org\",\"@graph\":[{\"@type\":\"WebSite\",\"@id\":\"https:\/\/franciscanos.org.br\/vidacrista\/#website\",\"url\":\"https:\/\/franciscanos.org.br\/vidacrista\/\",\"name\":\"Vida Crist\u00e3 - Franciscanos\",\"description\":\"Prov\u00edncia Franciscana da Imaculada Concei\u00e7\u00e3o do Brasil - Ordem dos Frades Menores\",\"potentialAction\":[{\"@type\":\"SearchAction\",\"target\":{\"@type\":\"EntryPoint\",\"urlTemplate\":\"https:\/\/franciscanos.org.br\/vidacrista\/?s={search_term_string}\"},\"query-input\":\"required name=search_term_string\"}],\"inLanguage\":\"pt-BR\"},{\"@type\":\"WebPage\",\"@id\":\"https:\/\/franciscanos.org.br\/vidacrista\/van-gogh-fala-do-amor-necessario\/\",\"url\":\"https:\/\/franciscanos.org.br\/vidacrista\/van-gogh-fala-do-amor-necessario\/\",\"name\":\"Van Gogh fala do amor necess\u00e1rio - Vida Crist\u00e3 - Franciscanos\",\"isPartOf\":{\"@id\":\"https:\/\/franciscanos.org.br\/vidacrista\/#website\"},\"datePublished\":\"2020-07-24T10:11:39+00:00\",\"dateModified\":\"2020-07-24T10:11:39+00:00\",\"author\":{\"@id\":\"https:\/\/franciscanos.org.br\/vidacrista\/#\/schema\/person\/1880bdd2c350b735648725ef7614736a\"},\"breadcrumb\":{\"@id\":\"https:\/\/franciscanos.org.br\/vidacrista\/van-gogh-fala-do-amor-necessario\/#breadcrumb\"},\"inLanguage\":\"pt-BR\",\"potentialAction\":[{\"@type\":\"ReadAction\",\"target\":[\"https:\/\/franciscanos.org.br\/vidacrista\/van-gogh-fala-do-amor-necessario\/\"]}]},{\"@type\":\"BreadcrumbList\",\"@id\":\"https:\/\/franciscanos.org.br\/vidacrista\/van-gogh-fala-do-amor-necessario\/#breadcrumb\",\"itemListElement\":[{\"@type\":\"ListItem\",\"position\":1,\"name\":\"Home\",\"item\":\"https:\/\/franciscanos.org.br\/vidacrista\/\"},{\"@type\":\"ListItem\",\"position\":2,\"name\":\"Van Gogh fala do amor necess\u00e1rio\"}]},{\"@type\":\"Person\",\"@id\":\"https:\/\/franciscanos.org.br\/vidacrista\/#\/schema\/person\/1880bdd2c350b735648725ef7614736a\",\"name\":\"moacir\",\"image\":{\"@type\":\"ImageObject\",\"inLanguage\":\"pt-BR\",\"@id\":\"https:\/\/franciscanos.org.br\/vidacrista\/#\/schema\/person\/image\/\",\"url\":\"https:\/\/secure.gravatar.com\/avatar\/d08aa2ce4c8dd416d4479aa8536fcf64?s=96&d=mm&r=g\",\"contentUrl\":\"https:\/\/secure.gravatar.com\/avatar\/d08aa2ce4c8dd416d4479aa8536fcf64?s=96&d=mm&r=g\",\"caption\":\"moacir\"},\"url\":\"https:\/\/franciscanos.org.br\/vidacrista\/author\/moacir\/\"}]}<\/script>\n<!-- \/ Yoast SEO plugin. -->","yoast_head_json":{"title":"Van Gogh fala do amor necess\u00e1rio - Vida Crist\u00e3 - Franciscanos","robots":{"index":"index","follow":"follow","max-snippet":"max-snippet:-1","max-image-preview":"max-image-preview:large","max-video-preview":"max-video-preview:-1"},"canonical":"https:\/\/franciscanos.org.br\/vidacrista\/van-gogh-fala-do-amor-necessario\/","og_locale":"pt_BR","og_type":"article","og_title":"Van Gogh fala do amor necess\u00e1rio - Vida Crist\u00e3 - Franciscanos","og_description":"Artigo de Leonardo Boff","og_url":"https:\/\/franciscanos.org.br\/vidacrista\/van-gogh-fala-do-amor-necessario\/","og_site_name":"Vida Crist\u00e3 - Franciscanos","article_published_time":"2020-07-24T10:11:39+00:00","og_image":[{"width":800,"height":601,"url":"https:\/\/franciscanos.org.br\/vidacrista\/wp-content\/uploads\/2020\/07\/boff_2407d.png","type":"image\/png"}],"author":"moacir","twitter_card":"summary_large_image","twitter_misc":{"Escrito por":"moacir","Est. tempo de leitura":"8 minutos"},"schema":{"@context":"https:\/\/schema.org","@graph":[{"@type":"WebSite","@id":"https:\/\/franciscanos.org.br\/vidacrista\/#website","url":"https:\/\/franciscanos.org.br\/vidacrista\/","name":"Vida Crist\u00e3 - Franciscanos","description":"Prov\u00edncia Franciscana da Imaculada Concei\u00e7\u00e3o do Brasil - Ordem dos Frades Menores","potentialAction":[{"@type":"SearchAction","target":{"@type":"EntryPoint","urlTemplate":"https:\/\/franciscanos.org.br\/vidacrista\/?s={search_term_string}"},"query-input":"required name=search_term_string"}],"inLanguage":"pt-BR"},{"@type":"WebPage","@id":"https:\/\/franciscanos.org.br\/vidacrista\/van-gogh-fala-do-amor-necessario\/","url":"https:\/\/franciscanos.org.br\/vidacrista\/van-gogh-fala-do-amor-necessario\/","name":"Van Gogh fala do amor necess\u00e1rio - Vida Crist\u00e3 - Franciscanos","isPartOf":{"@id":"https:\/\/franciscanos.org.br\/vidacrista\/#website"},"datePublished":"2020-07-24T10:11:39+00:00","dateModified":"2020-07-24T10:11:39+00:00","author":{"@id":"https:\/\/franciscanos.org.br\/vidacrista\/#\/schema\/person\/1880bdd2c350b735648725ef7614736a"},"breadcrumb":{"@id":"https:\/\/franciscanos.org.br\/vidacrista\/van-gogh-fala-do-amor-necessario\/#breadcrumb"},"inLanguage":"pt-BR","potentialAction":[{"@type":"ReadAction","target":["https:\/\/franciscanos.org.br\/vidacrista\/van-gogh-fala-do-amor-necessario\/"]}]},{"@type":"BreadcrumbList","@id":"https:\/\/franciscanos.org.br\/vidacrista\/van-gogh-fala-do-amor-necessario\/#breadcrumb","itemListElement":[{"@type":"ListItem","position":1,"name":"Home","item":"https:\/\/franciscanos.org.br\/vidacrista\/"},{"@type":"ListItem","position":2,"name":"Van Gogh fala do amor necess\u00e1rio"}]},{"@type":"Person","@id":"https:\/\/franciscanos.org.br\/vidacrista\/#\/schema\/person\/1880bdd2c350b735648725ef7614736a","name":"moacir","image":{"@type":"ImageObject","inLanguage":"pt-BR","@id":"https:\/\/franciscanos.org.br\/vidacrista\/#\/schema\/person\/image\/","url":"https:\/\/secure.gravatar.com\/avatar\/d08aa2ce4c8dd416d4479aa8536fcf64?s=96&d=mm&r=g","contentUrl":"https:\/\/secure.gravatar.com\/avatar\/d08aa2ce4c8dd416d4479aa8536fcf64?s=96&d=mm&r=g","caption":"moacir"},"url":"https:\/\/franciscanos.org.br\/vidacrista\/author\/moacir\/"}]}},"_links":{"self":[{"href":"https:\/\/franciscanos.org.br\/vidacrista\/wp-json\/wp\/v2\/posts\/186921"}],"collection":[{"href":"https:\/\/franciscanos.org.br\/vidacrista\/wp-json\/wp\/v2\/posts"}],"about":[{"href":"https:\/\/franciscanos.org.br\/vidacrista\/wp-json\/wp\/v2\/types\/post"}],"author":[{"embeddable":true,"href":"https:\/\/franciscanos.org.br\/vidacrista\/wp-json\/wp\/v2\/users\/3"}],"replies":[{"embeddable":true,"href":"https:\/\/franciscanos.org.br\/vidacrista\/wp-json\/wp\/v2\/comments?post=186921"}],"version-history":[{"count":1,"href":"https:\/\/franciscanos.org.br\/vidacrista\/wp-json\/wp\/v2\/posts\/186921\/revisions"}],"predecessor-version":[{"id":186924,"href":"https:\/\/franciscanos.org.br\/vidacrista\/wp-json\/wp\/v2\/posts\/186921\/revisions\/186924"}],"wp:featuredmedia":[{"embeddable":true,"href":"https:\/\/franciscanos.org.br\/vidacrista\/wp-json\/wp\/v2\/media\/186922"}],"wp:attachment":[{"href":"https:\/\/franciscanos.org.br\/vidacrista\/wp-json\/wp\/v2\/media?parent=186921"}],"wp:term":[{"taxonomy":"category","embeddable":true,"href":"https:\/\/franciscanos.org.br\/vidacrista\/wp-json\/wp\/v2\/categories?post=186921"},{"taxonomy":"post_tag","embeddable":true,"href":"https:\/\/franciscanos.org.br\/vidacrista\/wp-json\/wp\/v2\/tags?post=186921"}],"curies":[{"name":"wp","href":"https:\/\/api.w.org\/{rel}","templated":true}]}}