{"id":186738,"date":"2020-07-17T09:15:43","date_gmt":"2020-07-17T12:15:43","guid":{"rendered":"https:\/\/franciscanos.org.br\/vidacrista\/?p=186738"},"modified":"2020-07-23T10:26:59","modified_gmt":"2020-07-23T13:26:59","slug":"o-principio-da-autodestruicao-e-o-combate-a-covid-19","status":"publish","type":"post","link":"https:\/\/franciscanos.org.br\/vidacrista\/o-principio-da-autodestruicao-e-o-combate-a-covid-19\/","title":{"rendered":"O princ\u00edpio da autodestrui\u00e7\u00e3o e o combate \u00e0 Covid-19"},"content":{"rendered":"<div id=\"attachment_186739\" style=\"width: 850px\" class=\"wp-caption alignnone\"><img aria-describedby=\"caption-attachment-186739\" decoding=\"async\" loading=\"lazy\" class=\"wp-image-186739 size-full\" src=\"https:\/\/franciscanos.org.br\/vidacrista\/wp-content\/uploads\/2020\/07\/artigo_1707.png\" alt=\"\" width=\"840\" height=\"450\" srcset=\"https:\/\/franciscanos.org.br\/vidacrista\/wp-content\/uploads\/2020\/07\/artigo_1707.png 840w, https:\/\/franciscanos.org.br\/vidacrista\/wp-content\/uploads\/2020\/07\/artigo_1707-450x241.png 450w, https:\/\/franciscanos.org.br\/vidacrista\/wp-content\/uploads\/2020\/07\/artigo_1707-768x411.png 768w, https:\/\/franciscanos.org.br\/vidacrista\/wp-content\/uploads\/2020\/07\/artigo_1707-150x80.png 150w\" sizes=\"(max-width: 840px) 100vw, 840px\" \/><p id=\"caption-attachment-186739\" class=\"wp-caption-text\">\u00a0 \u00a0 \u00a0 \u00a0 \u00a0 \u00a0 \u00a0 \u00a0 \u00a0 \u00a0 \u00a0 \u00a0 \u00a0 \u00a0 \u00a0 \u00a0 \u00a0 \u00a0 \u00a0 \u00a0 \u00a0 \u00a0 \u00a0 \u00a0 \u00a0 \u00a0 \u00a0 \u00a0 \u00a0 \u00a0 \u00a0 \u00a0 \u00a0 \u00a0 \u00a0 \u00a0 \u00a0 \u00a0 \u00a0 \u00a0 \u00a0 \u00a0 \u00a0 \u00a0 \u00a0 \u00a0 \u00a0 \u00a0 \u00a0 \u00a0 \u00a0 \u00a0 \u00a0 \u00a0 \u00a0 \u00a0 \u00a0 \u00a0 \u00a0 \u00a0 \u00a0 \u00a0 \u00a0 \u00a0 \u00a0 \u00a0 \u00a0 \u00a0 \u00a0 \u00a0 \u00a0 \u00a0 \u00a0 \u00a0 \u00a0 \u00a0 \u00a0 \u00a0 \u00a0 \u00a0 \u00a0 \u00a0 \u00a0 \u00a0 \u00a0 \u00a0 \u00a0 \u00a0 \u00a0 \u00a0 \u00a0 <em>\u00a0Imagem ilustrativa (fonte: Canva)<\/em><\/p><\/div>\n<p>Depois que se lan\u00e7aram duas bombas at\u00f4micas prim\u00e1rias sobre as cidades de Hiroshima e Nagasaki, a humanidade criou para si um pesadelo do qual n\u00e3o consegue mais se libertar. Ao contr\u00e1rio, ele se transformou numa realidade amea\u00e7adora de nossa vida sobre este planeta e a destrui\u00e7\u00e3o de grande parte do sistema-vida.<\/p>\n<p>Criaram-se armas nucleares muito mais destrutivas, qu\u00edmicas e biol\u00f3gicas que podem destruir nossa civiliza\u00e7\u00e3o e afetar profundamente a Terra viva. Pior ainda, projetamos a intelig\u00eancia artificial aut\u00f4noma. Com seu algoritmo que combina bilh\u00f5es de informa\u00e7\u00f5es, recolhidas de todos os pa\u00edses, pode tomar decis\u00f5es sem que n\u00f3s saibamos. Pode eventualmente, numa combina\u00e7\u00e3o enlouquecida, como j\u00e1 assinalamos anteriormente, penetrar nos arsenais das armas nucleares ou de igual ou maior pot\u00eancia letal e deslanchar uma guerra total de destrui\u00e7\u00e3o de tudo o que existe, inclusive de si mesma. \u00c9 o princ\u00edpio da <strong>autodestrui\u00e7\u00e3o<\/strong>. Vale dizer, est\u00e1 nas m\u00e3os do ser humano p\u00f4r fim \u00e0 vida vis\u00edvel que conhecemos (ela \u00e9 s\u00f3 5%, as 95% s\u00e3o vidas microsc\u00f3picas\u00a0 invis\u00edveis). Assenhoreamo-nos da morte. E ela pode ocorrer a qualquer momento.<\/p>\n<p>J\u00e1 se criou uma express\u00e3o para nomear esta fase nova da hist\u00f3ria humana, uma verdadeira era geol\u00f3gica: o <strong>antropoceno<\/strong>, vale dizer, o ser humano como a grande amea\u00e7a ao sistema-vida e ao sistema-Terra.<\/p>\n<p>O ser humano \u00e9 o grande sat\u00e3 da Terra, aquele que pode dizimar, como um anticristo, a si mesmo e os outros, seus semelhantes, al\u00e9m de liquidar com as bases que sustentam a vida.<\/p>\n<p>A intensidade do processo letal \u00e9 de tal ordem que j\u00e1 se fala da era do <strong>necroceno<\/strong>. Quer dizer, a era da produ\u00e7\u00e3o em massa da morte. J\u00e1 estamos dentro da sexta extin\u00e7\u00e3o em massa. Agora \u00e9 acelerada de forma irrefre\u00e1vel, dada a vontade de domina\u00e7\u00e3o da natureza e de seus mecanismos, da agress\u00e3o direta \u00e0 vida e \u00e0 Gaia, a Terra viva, em fun\u00e7\u00e3o de um crescimento ilimitado, de uma acumula\u00e7\u00e3o absurda bens materiais a ponto de criar a Sobrecarga da Terra.<\/p>\n<p>Em outras palavras, chegamos a um ponto em que a Terra n\u00e3o consegue repor os bens e servi\u00e7os naturais que lhe foram roubados e come\u00e7a a mostrar um avan\u00e7ado processo de degenera\u00e7\u00e3o atrav\u00e9s dos tsunamis, tuf\u00f5es, degelo das calotas polares e do <em>parmafrost<\/em>, as secas prolongadas e as nevascas aterradoras e o surgimento de bact\u00e9rias e v\u00edrus de dif\u00edcil controle. Alguns deles como\u00a0 o coronav\u00edrus pode\u00a0 levar \u00e0 morte milh\u00f5es de pessoas.<\/p>\n<p>Tais eventos s\u00e3o rea\u00e7\u00f5es e at\u00e9 repres\u00e1lias da Terra face \u00e0 guerra que conduzimos contra ela em todas as suas frentes. Essa morte em massa ocorre na natureza, com milhares de esp\u00e9cies vivas que desaparecem definitivamente por ano e tamb\u00e9m nas sociedades humanas com milh\u00f5es que padecem fome, sede e toda sorte de doen\u00e7as mortais.<\/p>\n<p>Cresce mais e mais\u00a0 a percep\u00e7\u00e3o geral de que a situa\u00e7\u00e3o da humanidade n\u00e3o \u00e9 sustent\u00e1vel. A continuar nessa l\u00f3gica perversa, vai construindo um caminho na dire\u00e7\u00e3o de nossa pr\u00f3pria sepultura.<\/p>\n<p>Demos um exemplo: no Brasil vivemos sob a ditadura da economia ultra-neoliberal com uma pol\u00edtica de extrema direita, violenta e cruel para as grandes maiorias pobres. Perplexos, assistimos as maldades que foram feitas, anulando direitos dos trabalhadores e internacionalizando\u00a0 riquezas nacionais que sustentam nossa soberania como povo.<\/p>\n<p>Os que deram o golpe contra a presidenta Dilma Rousseff em 2016\u00a0 aceitam a recoloniza\u00e7\u00e3o do pa\u00eds, feito vassalo da pot\u00eancia dominante, os USA, condenado a ser apenas um exportador de <em>commodities<\/em> e um aliado menor e subalterno do projeto imperial.<\/p>\n<p>O que se est\u00e1 fazendo na Europa contra os refugiados, rejeitando sua presen\u00e7a na It\u00e1lia e na Inglaterra e pior ainda na Hungria e na catolic\u00edssima Pol\u00f4nia, alcan\u00e7a n\u00edveis de desumanidade de grande crueldade. As medidas do presidente norte-americano Trump, arrancando os filhos de seus pais imigrantes e colocando-os em jaulas, denota barb\u00e1rie e aus\u00eancia de qualquer senso humanit\u00e1rio.<\/p>\n<p>J\u00e1 se disse, \u201cnenhum ser humano \u00e9 uma ilha\u2026 por isso n\u00e3o perguntem por quem os sinos dobram. Eles dobram por cada um, por cada uma,\u00a0 por toda a humanidade\u201d.<\/p>\n<p>Se grandes s\u00e3o as trevas que se abatem sobre nossos esp\u00edritos, maiores ainda s\u00e3o as nossas \u00e2nsias por luz. N\u00e3o deixemos que essa dem\u00eancia acima referida detenha a \u00faltima palavra.<\/p>\n<p>A palavra maior e \u00faltima que clama em n\u00f3s e nos une a toda a humanidade \u00e9 por solidariedade e por <strong>com-paix\u00e3o<\/strong> pelas v\u00edtimas, \u00e9 por paz e sensatez nas rela\u00e7\u00f5es entre os povos.<\/p>\n<p>As trag\u00e9dias d\u00e3o-nos a dimens\u00e3o da inumanidade de que somos capazes. Mas tamb\u00e9m deixam vir \u00e0 tona o verdadeiramente humano que habita em n\u00f3s, para al\u00e9m das diferen\u00e7as de etnia, de ideologia e de religi\u00e3o. Esse humano em n\u00f3s faz com que juntos nos cuidemos, juntos nos pomos em coopera\u00e7\u00e3o, juntos choremos, juntos nos enxuguemos as l\u00e1grimas, juntos oremos, juntos busquemos a justi\u00e7a social mundial, juntos construamos a paz e juntos renunciemos \u00e0 vingan\u00e7a e todo tipo de viol\u00eancia e guerra.<\/p>\n<p>A sabedoria dos povos e a voz de nosso cora\u00e7\u00e3o nos testemunham: N\u00e3o \u00e9 um Estado que se fez terrorista como os Estados Unidos sob o presidente norte-americano Bush que ir\u00e1 vencer terrorismo. Nem \u00e9 \u00f3dio aos imigrantes latinos difundido por Trump que trar\u00e1 a paz. \u00c9 o di\u00e1logo incans\u00e1vel, a negocia\u00e7\u00e3o aberta e o acordo justo que tiram as bases de qualquer terrorismo e fundam a paz.<\/p>\n<p>As trag\u00e9dias que nos atingiram no mais fundo de nossos cora\u00e7\u00f5es, particularmente a pandemia viral que afetou todo o planeta, nos convidam a repensarmos os fundamentos da conviv\u00eancia humana na nova fase, planet\u00e1ria, e como\u00a0 cuidar da Casa Comum, a Terra como o pede o Papa Francisco em sua enc\u00edclica sobre a ecologia integral, \u201csobre o cuidado da Casa Comum\u201d(2015).<\/p>\n<p>O tempo \u00e9 urgente. Desta vez n\u00e3o haver\u00e1 um plano B, capaz de salvar-nos. Temos que nos salvar todos, pois formamos uma comunidade de destino Terra-Humanidade.<\/p>\n<p>Para isso precisamos abolir a palavra inimigo. \u00c9 o medo que cria o inimigo. Exorcizamos o medo quando fazemos do distante um pr\u00f3ximo e do pr\u00f3ximo, um irm\u00e3o e uma irm\u00e3. Afastamos o medo e o inimigo quando come\u00e7amos a dialogar, a nos conhecer, a nos aceitar, a nos respeitar, a nos amar, enfim, numa palavra,\u00a0 a nos cuidar; cuidar de nossas formas de conv\u00edvio na paz, na solidariedade e na justi\u00e7a; cuidar de nosso meio ambiente para que seja um ambiente inteiro, sem destruir os <em>habitats<\/em> dos v\u00edrus que nos v\u00eam dos animais ou dos<em> arborov\u00edrus<\/em> que se situam nas florestas, ambiente este no qual\u00a0 seja poss\u00edvel\u00a0 o reconhecimento do valor intr\u00ednseco de cada ser; cuidar de nossa querida e generosa M\u00e3e Terra.<\/p>\n<p>Se nos cuidamos como a irm\u00e3os e a irm\u00e3s, desaparecem as causas do medo. Ningu\u00e9m precisa amea\u00e7ar ningu\u00e9m. Podemos \u00a0caminhar \u00e0 noite por nossas ruas sem medo de sermos assaltados e roubados.<\/p>\n<p>Esse cuidado ser\u00e1 somente efetivo se vier acolitado pela justi\u00e7a necess\u00e1ria, pelo\u00a0 atendimento \u00e0s necessidades b\u00e1sicas dos mais vulner\u00e1veis, se o Estado se fizer presente com sa\u00fade (a import\u00e2ncia que o SUS mostrou face \u00e0 Covid-19, com escolas, com seguran\u00e7a e com espa\u00e7os de conviv\u00eancia, de cultura\u00a0 e lazer.<\/p>\n<p>S\u00f3 assim gozaremos de uma paz poss\u00edvel de ser alcan\u00e7ada quando houver um m\u00ednimo de boa vontade geral e um sentido de solidariedade e de benqueren\u00e7a nas rela\u00e7\u00f5es humanas. Esse \u00e9 o desejo inarred\u00e1vel da maioria dos humanos. \u00c9 essa li\u00e7\u00e3o que a intrus\u00e3o da Covid-19 nos est\u00e1 dando e que temos que incorpor\u00e1-la nos nossos h\u00e1bitos e no p\u00f3s-coronav\u00edrus.<\/p>\n<hr \/>\n<p><strong>Leonardo Boff<\/strong>\u00a0<em>\u00e9 ecote\u00f3logo e escritor.Acaba de escrever um livro: \u201cA<strong>\u00a0Covid-19: A M\u00e3e Terra contra-ataca a Humanidade<\/strong>\u201d a sair pela Editora Vozes ainda este ano.<\/em><\/p>\n","protected":false},"excerpt":{"rendered":"<p>Artigo de Leonardo Boff<\/p>\n","protected":false},"author":3,"featured_media":186740,"comment_status":"open","ping_status":"open","sticky":false,"template":"","format":"standard","meta":{"footnotes":""},"categories":[26],"tags":[59],"yoast_head":"<!-- This site is optimized with the Yoast SEO plugin v19.4 - https:\/\/yoast.com\/wordpress\/plugins\/seo\/ -->\n<title>O princ\u00edpio da autodestrui\u00e7\u00e3o e o combate \u00e0 Covid-19 - Vida Crist\u00e3 - Franciscanos<\/title>\n<meta name=\"robots\" content=\"index, follow, max-snippet:-1, max-image-preview:large, max-video-preview:-1\" \/>\n<link rel=\"canonical\" href=\"https:\/\/franciscanos.org.br\/vidacrista\/o-principio-da-autodestruicao-e-o-combate-a-covid-19\/\" \/>\n<meta property=\"og:locale\" content=\"pt_BR\" \/>\n<meta property=\"og:type\" content=\"article\" \/>\n<meta property=\"og:title\" content=\"O princ\u00edpio da autodestrui\u00e7\u00e3o e o combate \u00e0 Covid-19 - Vida Crist\u00e3 - Franciscanos\" \/>\n<meta property=\"og:description\" content=\"Artigo de Leonardo Boff\" \/>\n<meta property=\"og:url\" content=\"https:\/\/franciscanos.org.br\/vidacrista\/o-principio-da-autodestruicao-e-o-combate-a-covid-19\/\" \/>\n<meta property=\"og:site_name\" content=\"Vida Crist\u00e3 - Franciscanos\" \/>\n<meta property=\"article:published_time\" content=\"2020-07-17T12:15:43+00:00\" \/>\n<meta property=\"article:modified_time\" content=\"2020-07-23T13:26:59+00:00\" \/>\n<meta property=\"og:image\" content=\"https:\/\/franciscanos.org.br\/vidacrista\/wp-content\/uploads\/2020\/07\/artigo_1707d.png\" \/>\n\t<meta property=\"og:image:width\" content=\"800\" \/>\n\t<meta property=\"og:image:height\" content=\"600\" \/>\n\t<meta property=\"og:image:type\" content=\"image\/png\" \/>\n<meta name=\"author\" content=\"moacir\" \/>\n<meta name=\"twitter:card\" content=\"summary_large_image\" \/>\n<meta name=\"twitter:label1\" content=\"Escrito por\" \/>\n\t<meta name=\"twitter:data1\" content=\"moacir\" \/>\n\t<meta name=\"twitter:label2\" content=\"Est. tempo de leitura\" \/>\n\t<meta name=\"twitter:data2\" content=\"7 minutos\" \/>\n<script type=\"application\/ld+json\" class=\"yoast-schema-graph\">{\"@context\":\"https:\/\/schema.org\",\"@graph\":[{\"@type\":\"WebSite\",\"@id\":\"https:\/\/franciscanos.org.br\/vidacrista\/#website\",\"url\":\"https:\/\/franciscanos.org.br\/vidacrista\/\",\"name\":\"Vida Crist\u00e3 - Franciscanos\",\"description\":\"Prov\u00edncia Franciscana da Imaculada Concei\u00e7\u00e3o do Brasil - Ordem dos Frades Menores\",\"potentialAction\":[{\"@type\":\"SearchAction\",\"target\":{\"@type\":\"EntryPoint\",\"urlTemplate\":\"https:\/\/franciscanos.org.br\/vidacrista\/?s={search_term_string}\"},\"query-input\":\"required name=search_term_string\"}],\"inLanguage\":\"pt-BR\"},{\"@type\":\"WebPage\",\"@id\":\"https:\/\/franciscanos.org.br\/vidacrista\/o-principio-da-autodestruicao-e-o-combate-a-covid-19\/\",\"url\":\"https:\/\/franciscanos.org.br\/vidacrista\/o-principio-da-autodestruicao-e-o-combate-a-covid-19\/\",\"name\":\"O princ\u00edpio da autodestrui\u00e7\u00e3o e o combate \u00e0 Covid-19 - Vida Crist\u00e3 - Franciscanos\",\"isPartOf\":{\"@id\":\"https:\/\/franciscanos.org.br\/vidacrista\/#website\"},\"datePublished\":\"2020-07-17T12:15:43+00:00\",\"dateModified\":\"2020-07-23T13:26:59+00:00\",\"author\":{\"@id\":\"https:\/\/franciscanos.org.br\/vidacrista\/#\/schema\/person\/1880bdd2c350b735648725ef7614736a\"},\"breadcrumb\":{\"@id\":\"https:\/\/franciscanos.org.br\/vidacrista\/o-principio-da-autodestruicao-e-o-combate-a-covid-19\/#breadcrumb\"},\"inLanguage\":\"pt-BR\",\"potentialAction\":[{\"@type\":\"ReadAction\",\"target\":[\"https:\/\/franciscanos.org.br\/vidacrista\/o-principio-da-autodestruicao-e-o-combate-a-covid-19\/\"]}]},{\"@type\":\"BreadcrumbList\",\"@id\":\"https:\/\/franciscanos.org.br\/vidacrista\/o-principio-da-autodestruicao-e-o-combate-a-covid-19\/#breadcrumb\",\"itemListElement\":[{\"@type\":\"ListItem\",\"position\":1,\"name\":\"Home\",\"item\":\"https:\/\/franciscanos.org.br\/vidacrista\/\"},{\"@type\":\"ListItem\",\"position\":2,\"name\":\"O princ\u00edpio da autodestrui\u00e7\u00e3o e o combate \u00e0 Covid-19\"}]},{\"@type\":\"Person\",\"@id\":\"https:\/\/franciscanos.org.br\/vidacrista\/#\/schema\/person\/1880bdd2c350b735648725ef7614736a\",\"name\":\"moacir\",\"image\":{\"@type\":\"ImageObject\",\"inLanguage\":\"pt-BR\",\"@id\":\"https:\/\/franciscanos.org.br\/vidacrista\/#\/schema\/person\/image\/\",\"url\":\"https:\/\/secure.gravatar.com\/avatar\/d08aa2ce4c8dd416d4479aa8536fcf64?s=96&d=mm&r=g\",\"contentUrl\":\"https:\/\/secure.gravatar.com\/avatar\/d08aa2ce4c8dd416d4479aa8536fcf64?s=96&d=mm&r=g\",\"caption\":\"moacir\"},\"url\":\"https:\/\/franciscanos.org.br\/vidacrista\/author\/moacir\/\"}]}<\/script>\n<!-- \/ Yoast SEO plugin. -->","yoast_head_json":{"title":"O princ\u00edpio da autodestrui\u00e7\u00e3o e o combate \u00e0 Covid-19 - Vida Crist\u00e3 - Franciscanos","robots":{"index":"index","follow":"follow","max-snippet":"max-snippet:-1","max-image-preview":"max-image-preview:large","max-video-preview":"max-video-preview:-1"},"canonical":"https:\/\/franciscanos.org.br\/vidacrista\/o-principio-da-autodestruicao-e-o-combate-a-covid-19\/","og_locale":"pt_BR","og_type":"article","og_title":"O princ\u00edpio da autodestrui\u00e7\u00e3o e o combate \u00e0 Covid-19 - Vida Crist\u00e3 - Franciscanos","og_description":"Artigo de Leonardo Boff","og_url":"https:\/\/franciscanos.org.br\/vidacrista\/o-principio-da-autodestruicao-e-o-combate-a-covid-19\/","og_site_name":"Vida Crist\u00e3 - Franciscanos","article_published_time":"2020-07-17T12:15:43+00:00","article_modified_time":"2020-07-23T13:26:59+00:00","og_image":[{"width":800,"height":600,"url":"https:\/\/franciscanos.org.br\/vidacrista\/wp-content\/uploads\/2020\/07\/artigo_1707d.png","type":"image\/png"}],"author":"moacir","twitter_card":"summary_large_image","twitter_misc":{"Escrito por":"moacir","Est. tempo de leitura":"7 minutos"},"schema":{"@context":"https:\/\/schema.org","@graph":[{"@type":"WebSite","@id":"https:\/\/franciscanos.org.br\/vidacrista\/#website","url":"https:\/\/franciscanos.org.br\/vidacrista\/","name":"Vida Crist\u00e3 - Franciscanos","description":"Prov\u00edncia Franciscana da Imaculada Concei\u00e7\u00e3o do Brasil - Ordem dos Frades Menores","potentialAction":[{"@type":"SearchAction","target":{"@type":"EntryPoint","urlTemplate":"https:\/\/franciscanos.org.br\/vidacrista\/?s={search_term_string}"},"query-input":"required name=search_term_string"}],"inLanguage":"pt-BR"},{"@type":"WebPage","@id":"https:\/\/franciscanos.org.br\/vidacrista\/o-principio-da-autodestruicao-e-o-combate-a-covid-19\/","url":"https:\/\/franciscanos.org.br\/vidacrista\/o-principio-da-autodestruicao-e-o-combate-a-covid-19\/","name":"O princ\u00edpio da autodestrui\u00e7\u00e3o e o combate \u00e0 Covid-19 - Vida Crist\u00e3 - Franciscanos","isPartOf":{"@id":"https:\/\/franciscanos.org.br\/vidacrista\/#website"},"datePublished":"2020-07-17T12:15:43+00:00","dateModified":"2020-07-23T13:26:59+00:00","author":{"@id":"https:\/\/franciscanos.org.br\/vidacrista\/#\/schema\/person\/1880bdd2c350b735648725ef7614736a"},"breadcrumb":{"@id":"https:\/\/franciscanos.org.br\/vidacrista\/o-principio-da-autodestruicao-e-o-combate-a-covid-19\/#breadcrumb"},"inLanguage":"pt-BR","potentialAction":[{"@type":"ReadAction","target":["https:\/\/franciscanos.org.br\/vidacrista\/o-principio-da-autodestruicao-e-o-combate-a-covid-19\/"]}]},{"@type":"BreadcrumbList","@id":"https:\/\/franciscanos.org.br\/vidacrista\/o-principio-da-autodestruicao-e-o-combate-a-covid-19\/#breadcrumb","itemListElement":[{"@type":"ListItem","position":1,"name":"Home","item":"https:\/\/franciscanos.org.br\/vidacrista\/"},{"@type":"ListItem","position":2,"name":"O princ\u00edpio da autodestrui\u00e7\u00e3o e o combate \u00e0 Covid-19"}]},{"@type":"Person","@id":"https:\/\/franciscanos.org.br\/vidacrista\/#\/schema\/person\/1880bdd2c350b735648725ef7614736a","name":"moacir","image":{"@type":"ImageObject","inLanguage":"pt-BR","@id":"https:\/\/franciscanos.org.br\/vidacrista\/#\/schema\/person\/image\/","url":"https:\/\/secure.gravatar.com\/avatar\/d08aa2ce4c8dd416d4479aa8536fcf64?s=96&d=mm&r=g","contentUrl":"https:\/\/secure.gravatar.com\/avatar\/d08aa2ce4c8dd416d4479aa8536fcf64?s=96&d=mm&r=g","caption":"moacir"},"url":"https:\/\/franciscanos.org.br\/vidacrista\/author\/moacir\/"}]}},"_links":{"self":[{"href":"https:\/\/franciscanos.org.br\/vidacrista\/wp-json\/wp\/v2\/posts\/186738"}],"collection":[{"href":"https:\/\/franciscanos.org.br\/vidacrista\/wp-json\/wp\/v2\/posts"}],"about":[{"href":"https:\/\/franciscanos.org.br\/vidacrista\/wp-json\/wp\/v2\/types\/post"}],"author":[{"embeddable":true,"href":"https:\/\/franciscanos.org.br\/vidacrista\/wp-json\/wp\/v2\/users\/3"}],"replies":[{"embeddable":true,"href":"https:\/\/franciscanos.org.br\/vidacrista\/wp-json\/wp\/v2\/comments?post=186738"}],"version-history":[{"count":2,"href":"https:\/\/franciscanos.org.br\/vidacrista\/wp-json\/wp\/v2\/posts\/186738\/revisions"}],"predecessor-version":[{"id":186867,"href":"https:\/\/franciscanos.org.br\/vidacrista\/wp-json\/wp\/v2\/posts\/186738\/revisions\/186867"}],"wp:featuredmedia":[{"embeddable":true,"href":"https:\/\/franciscanos.org.br\/vidacrista\/wp-json\/wp\/v2\/media\/186740"}],"wp:attachment":[{"href":"https:\/\/franciscanos.org.br\/vidacrista\/wp-json\/wp\/v2\/media?parent=186738"}],"wp:term":[{"taxonomy":"category","embeddable":true,"href":"https:\/\/franciscanos.org.br\/vidacrista\/wp-json\/wp\/v2\/categories?post=186738"},{"taxonomy":"post_tag","embeddable":true,"href":"https:\/\/franciscanos.org.br\/vidacrista\/wp-json\/wp\/v2\/tags?post=186738"}],"curies":[{"name":"wp","href":"https:\/\/api.w.org\/{rel}","templated":true}]}}