{"id":186395,"date":"2020-07-03T09:17:06","date_gmt":"2020-07-03T12:17:06","guid":{"rendered":"https:\/\/franciscanos.org.br\/vidacrista\/?p=186395"},"modified":"2020-07-08T09:19:39","modified_gmt":"2020-07-08T12:19:39","slug":"encantamento-e-enamoramento","status":"publish","type":"post","link":"https:\/\/franciscanos.org.br\/vidacrista\/encantamento-e-enamoramento\/","title":{"rendered":"Encantamento e enamoramento"},"content":{"rendered":"<p><img decoding=\"async\" loading=\"lazy\" class=\"alignnone size-full wp-image-186396\" src=\"https:\/\/franciscanos.org.br\/vidacrista\/wp-content\/uploads\/2020\/07\/francisco_08.png\" alt=\"\" width=\"840\" height=\"450\" srcset=\"https:\/\/franciscanos.org.br\/vidacrista\/wp-content\/uploads\/2020\/07\/francisco_08.png 840w, https:\/\/franciscanos.org.br\/vidacrista\/wp-content\/uploads\/2020\/07\/francisco_08-450x241.png 450w, https:\/\/franciscanos.org.br\/vidacrista\/wp-content\/uploads\/2020\/07\/francisco_08-768x411.png 768w, https:\/\/franciscanos.org.br\/vidacrista\/wp-content\/uploads\/2020\/07\/francisco_08-150x80.png 150w\" sizes=\"(max-width: 840px) 100vw, 840px\" \/><\/p>\n<p>Quando percorremos a vida dos amigos do Senhor, desses que\u00a0 chamamos de \u201csantos\u201d,\u00a0 temos diante dos olhos pessoas normais (mas\u00a0 corajosas!) que cavaram nelas\u00a0 amplo espa\u00e7o para a a\u00e7\u00e3o do\u00a0 Mist\u00e9rio. Deixaram-se tocar pelo\u00a0 Evangelho e suas solicita\u00e7\u00f5es. Experimentaram,\u00a0 como Elias, o Deus da brisa que lhes acariciavam o rosto. Fascina\u00e7\u00e3o, encantamento,\u00a0 assombro.<\/p>\n<p>Com S\u00e3o Francisco Assis vemos que a pessoa de Cristo surge imediatamente diante de seu olhar l\u00edmpido e extasiado. A ess\u00eancia do\u00a0 cristianismo n\u00e3o \u00e9 uma doutrina,\u00a0 mas uma\u00a0 pessoa, Cristo vivo e ressuscitado. No caminho\u00a0\u00a0 espiritual\u00a0 de Francisco est\u00e1 precisamente\u00a0 a pessoa de Jesus, em primeiro plano: \u00a0grande, linda, iluminadora, encantadora.\u00a0 Tudo o mais, mesmo as coisas importantes e\u00a0 as solicita\u00e7\u00f5es do\u00a0 Evangelho,\u00a0 n\u00e3o est\u00e3o no primeir\u00edssimo lugar.\u00a0 Sempre\u00a0 o encanto por\u00a0 Jesus. Sem ele, n\u00e3o se entende\u00a0 Francisco de Assis.<\/p>\n<p>Frei David de Azevedo, OFM, brilhante frade portugu\u00eas,\u00a0 assim escreve:\u00a0 \u201cDiante da pessoa de Jesus,\u00a0 a atitude de\u00a0 Francisco \u00e9 toda de amor.\u00a0 Poderia ser de curiosidade, de interesse, de temor.\u00a0 Mas n\u00e3o.\u00a0 \u00c9 toda gratid\u00e3o, assombro, encanto.\u00a0 Quando depois da proeza de beijar o leproso,\u00a0 Cristo lhe aparece na capelinha de S\u00e3o Dami\u00e3o, crucificado, mendigo,\u00a0 pedindo-lhe\u00a0 ajuda, a alma de Francisco fica verdadeiramente e para sempre \u201ccolada\u201d \u00e0 pessoa de Jesus. Toda a sua vida foi um processo de enamoramento.\u00a0\u00a0 Progressivo\u00a0 em intensidade,\u00a0 mas\u00a0 a qualidade da rela\u00e7\u00e3o,\u00a0 essa\u00a0 ficou definida desde aquele momento:\u00a0 <em>era amor,\u00a0 s\u00f3 amor<\/em>.\u00a0 N\u00e3o queremos dizer que n\u00e3o entrassem nele outros sentimentos: o que queremos acentuar \u00e9 que nunca houve uma involu\u00e7\u00e3o\u00a0 ego\u00edsta sobre\u00a0 si mesmo, nem um divers\u00e3o distrativa para \u00e1reas laterais, mesmo apost\u00f3licas,\u00a0 que desfocassem o seu olhar. A pessoa de Jesus como ponto de mira, e o<em> enamoramento, <\/em>como forma de rela\u00e7\u00e3o, definem a sua atitude. Esta refer\u00eancia<em> enamorada <\/em>\u00a0pertence ao cerne da espiritualidade franciscana.\u00a0 \u00c9 a fibra mais \u00edntima e mais fina da alma de\u00a0 Francisco\u201d\u00a0 (<em>S\u00e3o\u00a0 Francisco. F\u00e9 e Vida, Frei David Azevedo, OFM,\u00a0 Ed. Franciscana,\u00a0 Braga,\u00a0 p. 22<\/em>).<\/p>\n<p>Terminamos com uma cita\u00e7\u00e3o de Tom\u00e1s de Celano, primitivo bi\u00f3grafo do Poverello:\u00a0 \u201cOs irm\u00e3os que viveram com ele,\u00a0 sabem com quanta ternura\u00a0 e suavidade, cada dia e continuamente, falava-lhes de Jesus\u00a0 Sua boa falava da abund\u00e2ncia do cora\u00e7\u00e3o e gente teria dito que a fonte do puro amor, que enchia sua alma, jorrava de sua superabund\u00e2ncia.\u00a0 Quantos encontros entre\u00a0 Jesus e ele. Levava Jesus e seu\u00a0 cora\u00e7\u00e3o,\u00a0 Jesus em seus l\u00e1bios,\u00a0 Jesus nos ouvidos,\u00a0 Jesus nos seus olhos, Jesus em suas m\u00e3os,\u00a0 Jesus em toda parte.\u00a0 Durante as viagens\u00a0 tamb\u00e9m,\u00a0 muitas vezes\u00a0 de tanto meditar e cantar\u00a0 Jesus, esquecia-se de\u00a0 caminhar e convidava todos\u00a0 os elementos\u00a0 a louvar\u00a0 Jesus com ele\u201d\u00a0 (<em>1Celano 115<\/em>).<\/p>\n<p>Na <em>Primeira Sexta-feira<\/em> de cada\u00a0 m\u00eas\u00a0 contemplamos a\u00a0 beleza,\u00a0 o comprimento,\u00a0 a largura e a profundidade desse\u00a0 Cora\u00e7\u00e3o\u00a0\u00a0 que nos amou at\u00e9 o fim. Que ele continue nos fascinando e encantando.<\/p>\n<p><strong>\u00a0 \u00a0 \u00a0 \u00a0 \u00a0Frei Almir Guimar\u00e3es<\/strong><\/p>\n","protected":false},"excerpt":{"rendered":"<p>Reflex\u00e3o de Frei Almir Guimar\u00e3es<\/p>\n","protected":false},"author":3,"featured_media":186397,"comment_status":"open","ping_status":"open","sticky":false,"template":"","format":"standard","meta":{"footnotes":""},"categories":[105],"tags":[106],"yoast_head":"<!-- This site is optimized with the Yoast SEO plugin v19.4 - https:\/\/yoast.com\/wordpress\/plugins\/seo\/ -->\n<title>Encantamento e enamoramento - Vida Crist\u00e3 - Franciscanos<\/title>\n<meta name=\"robots\" content=\"index, follow, max-snippet:-1, max-image-preview:large, max-video-preview:-1\" \/>\n<link rel=\"canonical\" href=\"https:\/\/franciscanos.org.br\/vidacrista\/encantamento-e-enamoramento\/\" \/>\n<meta property=\"og:locale\" content=\"pt_BR\" \/>\n<meta property=\"og:type\" content=\"article\" \/>\n<meta property=\"og:title\" content=\"Encantamento e enamoramento - Vida Crist\u00e3 - Franciscanos\" \/>\n<meta property=\"og:description\" content=\"Reflex\u00e3o de Frei Almir Guimar\u00e3es\" \/>\n<meta property=\"og:url\" content=\"https:\/\/franciscanos.org.br\/vidacrista\/encantamento-e-enamoramento\/\" \/>\n<meta property=\"og:site_name\" content=\"Vida Crist\u00e3 - Franciscanos\" \/>\n<meta property=\"article:published_time\" content=\"2020-07-03T12:17:06+00:00\" \/>\n<meta property=\"article:modified_time\" content=\"2020-07-08T12:19:39+00:00\" \/>\n<meta property=\"og:image\" content=\"https:\/\/franciscanos.org.br\/vidacrista\/wp-content\/uploads\/2020\/07\/francisco_08d.png\" \/>\n\t<meta property=\"og:image:width\" content=\"800\" \/>\n\t<meta property=\"og:image:height\" content=\"600\" \/>\n\t<meta property=\"og:image:type\" content=\"image\/png\" \/>\n<meta name=\"author\" content=\"moacir\" \/>\n<meta name=\"twitter:card\" content=\"summary_large_image\" \/>\n<meta name=\"twitter:label1\" content=\"Escrito por\" \/>\n\t<meta name=\"twitter:data1\" content=\"moacir\" \/>\n\t<meta name=\"twitter:label2\" content=\"Est. tempo de leitura\" \/>\n\t<meta name=\"twitter:data2\" content=\"3 minutos\" \/>\n<script type=\"application\/ld+json\" class=\"yoast-schema-graph\">{\"@context\":\"https:\/\/schema.org\",\"@graph\":[{\"@type\":\"WebSite\",\"@id\":\"https:\/\/franciscanos.org.br\/vidacrista\/#website\",\"url\":\"https:\/\/franciscanos.org.br\/vidacrista\/\",\"name\":\"Vida Crist\u00e3 - Franciscanos\",\"description\":\"Prov\u00edncia Franciscana da Imaculada Concei\u00e7\u00e3o do Brasil - Ordem dos Frades Menores\",\"potentialAction\":[{\"@type\":\"SearchAction\",\"target\":{\"@type\":\"EntryPoint\",\"urlTemplate\":\"https:\/\/franciscanos.org.br\/vidacrista\/?s={search_term_string}\"},\"query-input\":\"required name=search_term_string\"}],\"inLanguage\":\"pt-BR\"},{\"@type\":\"WebPage\",\"@id\":\"https:\/\/franciscanos.org.br\/vidacrista\/encantamento-e-enamoramento\/\",\"url\":\"https:\/\/franciscanos.org.br\/vidacrista\/encantamento-e-enamoramento\/\",\"name\":\"Encantamento e enamoramento - Vida Crist\u00e3 - Franciscanos\",\"isPartOf\":{\"@id\":\"https:\/\/franciscanos.org.br\/vidacrista\/#website\"},\"datePublished\":\"2020-07-03T12:17:06+00:00\",\"dateModified\":\"2020-07-08T12:19:39+00:00\",\"author\":{\"@id\":\"https:\/\/franciscanos.org.br\/vidacrista\/#\/schema\/person\/1880bdd2c350b735648725ef7614736a\"},\"breadcrumb\":{\"@id\":\"https:\/\/franciscanos.org.br\/vidacrista\/encantamento-e-enamoramento\/#breadcrumb\"},\"inLanguage\":\"pt-BR\",\"potentialAction\":[{\"@type\":\"ReadAction\",\"target\":[\"https:\/\/franciscanos.org.br\/vidacrista\/encantamento-e-enamoramento\/\"]}]},{\"@type\":\"BreadcrumbList\",\"@id\":\"https:\/\/franciscanos.org.br\/vidacrista\/encantamento-e-enamoramento\/#breadcrumb\",\"itemListElement\":[{\"@type\":\"ListItem\",\"position\":1,\"name\":\"Home\",\"item\":\"https:\/\/franciscanos.org.br\/vidacrista\/\"},{\"@type\":\"ListItem\",\"position\":2,\"name\":\"Encantamento e enamoramento\"}]},{\"@type\":\"Person\",\"@id\":\"https:\/\/franciscanos.org.br\/vidacrista\/#\/schema\/person\/1880bdd2c350b735648725ef7614736a\",\"name\":\"moacir\",\"image\":{\"@type\":\"ImageObject\",\"inLanguage\":\"pt-BR\",\"@id\":\"https:\/\/franciscanos.org.br\/vidacrista\/#\/schema\/person\/image\/\",\"url\":\"https:\/\/secure.gravatar.com\/avatar\/d08aa2ce4c8dd416d4479aa8536fcf64?s=96&d=mm&r=g\",\"contentUrl\":\"https:\/\/secure.gravatar.com\/avatar\/d08aa2ce4c8dd416d4479aa8536fcf64?s=96&d=mm&r=g\",\"caption\":\"moacir\"},\"url\":\"https:\/\/franciscanos.org.br\/vidacrista\/author\/moacir\/\"}]}<\/script>\n<!-- \/ Yoast SEO plugin. -->","yoast_head_json":{"title":"Encantamento e enamoramento - Vida Crist\u00e3 - Franciscanos","robots":{"index":"index","follow":"follow","max-snippet":"max-snippet:-1","max-image-preview":"max-image-preview:large","max-video-preview":"max-video-preview:-1"},"canonical":"https:\/\/franciscanos.org.br\/vidacrista\/encantamento-e-enamoramento\/","og_locale":"pt_BR","og_type":"article","og_title":"Encantamento e enamoramento - Vida Crist\u00e3 - Franciscanos","og_description":"Reflex\u00e3o de Frei Almir Guimar\u00e3es","og_url":"https:\/\/franciscanos.org.br\/vidacrista\/encantamento-e-enamoramento\/","og_site_name":"Vida Crist\u00e3 - Franciscanos","article_published_time":"2020-07-03T12:17:06+00:00","article_modified_time":"2020-07-08T12:19:39+00:00","og_image":[{"width":800,"height":600,"url":"https:\/\/franciscanos.org.br\/vidacrista\/wp-content\/uploads\/2020\/07\/francisco_08d.png","type":"image\/png"}],"author":"moacir","twitter_card":"summary_large_image","twitter_misc":{"Escrito por":"moacir","Est. tempo de leitura":"3 minutos"},"schema":{"@context":"https:\/\/schema.org","@graph":[{"@type":"WebSite","@id":"https:\/\/franciscanos.org.br\/vidacrista\/#website","url":"https:\/\/franciscanos.org.br\/vidacrista\/","name":"Vida Crist\u00e3 - Franciscanos","description":"Prov\u00edncia Franciscana da Imaculada Concei\u00e7\u00e3o do Brasil - Ordem dos Frades Menores","potentialAction":[{"@type":"SearchAction","target":{"@type":"EntryPoint","urlTemplate":"https:\/\/franciscanos.org.br\/vidacrista\/?s={search_term_string}"},"query-input":"required name=search_term_string"}],"inLanguage":"pt-BR"},{"@type":"WebPage","@id":"https:\/\/franciscanos.org.br\/vidacrista\/encantamento-e-enamoramento\/","url":"https:\/\/franciscanos.org.br\/vidacrista\/encantamento-e-enamoramento\/","name":"Encantamento e enamoramento - Vida Crist\u00e3 - Franciscanos","isPartOf":{"@id":"https:\/\/franciscanos.org.br\/vidacrista\/#website"},"datePublished":"2020-07-03T12:17:06+00:00","dateModified":"2020-07-08T12:19:39+00:00","author":{"@id":"https:\/\/franciscanos.org.br\/vidacrista\/#\/schema\/person\/1880bdd2c350b735648725ef7614736a"},"breadcrumb":{"@id":"https:\/\/franciscanos.org.br\/vidacrista\/encantamento-e-enamoramento\/#breadcrumb"},"inLanguage":"pt-BR","potentialAction":[{"@type":"ReadAction","target":["https:\/\/franciscanos.org.br\/vidacrista\/encantamento-e-enamoramento\/"]}]},{"@type":"BreadcrumbList","@id":"https:\/\/franciscanos.org.br\/vidacrista\/encantamento-e-enamoramento\/#breadcrumb","itemListElement":[{"@type":"ListItem","position":1,"name":"Home","item":"https:\/\/franciscanos.org.br\/vidacrista\/"},{"@type":"ListItem","position":2,"name":"Encantamento e enamoramento"}]},{"@type":"Person","@id":"https:\/\/franciscanos.org.br\/vidacrista\/#\/schema\/person\/1880bdd2c350b735648725ef7614736a","name":"moacir","image":{"@type":"ImageObject","inLanguage":"pt-BR","@id":"https:\/\/franciscanos.org.br\/vidacrista\/#\/schema\/person\/image\/","url":"https:\/\/secure.gravatar.com\/avatar\/d08aa2ce4c8dd416d4479aa8536fcf64?s=96&d=mm&r=g","contentUrl":"https:\/\/secure.gravatar.com\/avatar\/d08aa2ce4c8dd416d4479aa8536fcf64?s=96&d=mm&r=g","caption":"moacir"},"url":"https:\/\/franciscanos.org.br\/vidacrista\/author\/moacir\/"}]}},"_links":{"self":[{"href":"https:\/\/franciscanos.org.br\/vidacrista\/wp-json\/wp\/v2\/posts\/186395"}],"collection":[{"href":"https:\/\/franciscanos.org.br\/vidacrista\/wp-json\/wp\/v2\/posts"}],"about":[{"href":"https:\/\/franciscanos.org.br\/vidacrista\/wp-json\/wp\/v2\/types\/post"}],"author":[{"embeddable":true,"href":"https:\/\/franciscanos.org.br\/vidacrista\/wp-json\/wp\/v2\/users\/3"}],"replies":[{"embeddable":true,"href":"https:\/\/franciscanos.org.br\/vidacrista\/wp-json\/wp\/v2\/comments?post=186395"}],"version-history":[{"count":1,"href":"https:\/\/franciscanos.org.br\/vidacrista\/wp-json\/wp\/v2\/posts\/186395\/revisions"}],"predecessor-version":[{"id":186398,"href":"https:\/\/franciscanos.org.br\/vidacrista\/wp-json\/wp\/v2\/posts\/186395\/revisions\/186398"}],"wp:featuredmedia":[{"embeddable":true,"href":"https:\/\/franciscanos.org.br\/vidacrista\/wp-json\/wp\/v2\/media\/186397"}],"wp:attachment":[{"href":"https:\/\/franciscanos.org.br\/vidacrista\/wp-json\/wp\/v2\/media?parent=186395"}],"wp:term":[{"taxonomy":"category","embeddable":true,"href":"https:\/\/franciscanos.org.br\/vidacrista\/wp-json\/wp\/v2\/categories?post=186395"},{"taxonomy":"post_tag","embeddable":true,"href":"https:\/\/franciscanos.org.br\/vidacrista\/wp-json\/wp\/v2\/tags?post=186395"}],"curies":[{"name":"wp","href":"https:\/\/api.w.org\/{rel}","templated":true}]}}