{"id":186363,"date":"2020-07-06T08:46:32","date_gmt":"2020-07-06T11:46:32","guid":{"rendered":"https:\/\/franciscanos.org.br\/vidacrista\/?p=186363"},"modified":"2020-07-24T14:55:45","modified_gmt":"2020-07-24T17:55:45","slug":"o-coronavirus-um-ataque-da-terra-contra-nos","status":"publish","type":"post","link":"https:\/\/franciscanos.org.br\/vidacrista\/o-coronavirus-um-ataque-da-terra-contra-nos\/","title":{"rendered":"O coronav\u00edrus: um ataque da Terra contra n\u00f3s"},"content":{"rendered":"<div id=\"attachment_186327\" style=\"width: 850px\" class=\"wp-caption alignnone\"><img aria-describedby=\"caption-attachment-186327\" decoding=\"async\" loading=\"lazy\" class=\"wp-image-186327 size-full\" src=\"https:\/\/franciscanos.org.br\/vidacrista\/wp-content\/uploads\/2013\/09\/artigo_0506.jpg\" alt=\"\" width=\"840\" height=\"450\" srcset=\"https:\/\/franciscanos.org.br\/vidacrista\/wp-content\/uploads\/2013\/09\/artigo_0506.jpg 840w, https:\/\/franciscanos.org.br\/vidacrista\/wp-content\/uploads\/2013\/09\/artigo_0506-450x241.jpg 450w, https:\/\/franciscanos.org.br\/vidacrista\/wp-content\/uploads\/2013\/09\/artigo_0506-768x411.jpg 768w, https:\/\/franciscanos.org.br\/vidacrista\/wp-content\/uploads\/2013\/09\/artigo_0506-150x80.jpg 150w\" sizes=\"(max-width: 840px) 100vw, 840px\" \/><p id=\"caption-attachment-186327\" class=\"wp-caption-text\"><em>\u00a0 \u00a0 \u00a0 \u00a0 \u00a0 \u00a0 \u00a0 \u00a0 \u00a0 \u00a0 \u00a0 \u00a0 \u00a0 \u00a0 \u00a0 \u00a0 \u00a0 \u00a0 \u00a0 \u00a0 \u00a0 \u00a0 \u00a0 \u00a0 \u00a0 \u00a0 \u00a0 \u00a0 \u00a0 \u00a0 \u00a0 \u00a0 \u00a0 \u00a0 \u00a0 \u00a0 \u00a0 \u00a0 \u00a0 \u00a0 \u00a0 \u00a0 \u00a0 \u00a0 \u00a0 \u00a0 \u00a0 \u00a0 \u00a0 \u00a0 \u00a0 \u00a0 \u00a0 \u00a0 \u00a0 \u00a0 \u00a0 \u00a0 \u00a0 \u00a0 \u00a0 \u00a0 \u00a0Foto: Divulga\u00e7\u00e3o\/ Defesa Civil de Santa Catarina\u00a0<\/em><\/p><\/div>\n<p><strong> Leonardo Boff<\/strong><\/p>\n<p>At\u00e9 a presente data, toda a preocupa\u00e7\u00e3o face \u00e0 Covid-19 est\u00e1 centrada na medicina, na t\u00e9cnica e em todos os insumos que impedem a contamina\u00e7\u00e3o dos operadores da sa\u00fade. Principalmente se busca, de forma urgente, uma vacina eficaz. Na sociedade, o isolamento social e evitar a conglomera\u00e7\u00e3o de pessoas.Tudo isso \u00e9 fundamental. No entanto, n\u00e3o podemos considerar o coronav\u00edrus como um dado isolado. Ele deve ser visto dentro do contexto que permitiu sua irrup\u00e7\u00e3o.<\/p>\n<p>Ele veio da natureza. Ora, como bem disse o Papa Francisco em sua enc\u00edclica \u201cS<em>obre o cuidado da Casa Comum<\/em>: \u201cNunca maltratamos e ferimos nossa Casa Comum como nos dois \u00faltimos s\u00e9culos\u201d (n.53). Quem a feriu foi o processo industrialista: o socialismo real (enquanto existia) e principalmente o sistema capitalista hoje globalizado. Este \u00e9 o Sat\u00e3 da Terra que a devasta e \u00e0 leva a todo tipo de desequil\u00edbrios.<\/p>\n<p>Ele \u00e9 o principal (n\u00e3o o \u00fanico) respons\u00e1vel pelas v\u00e1rias amea\u00e7as que pairam sobre o sistema-vida e o sistema-Terra: desde o poss\u00edvel holocausto nuclear, o aquecimento global, a escassez de \u00e1gua pot\u00e1vel at\u00e9 a eros\u00e3o da biodiversidade. Fa\u00e7o minhas as palavras do conhecido ge\u00f3grafo norte-americano David Harley: \u201cA Covid-19 \u00e9 a vingan\u00e7a da natureza por mais de quarenta anos de maus-tratos e abuso nas m\u00e3os de um extrativismo neoliberal violento e n\u00e3o regulamentado\u201d.<\/p>\n<p>Isabelle Stengers, qu\u00edmica e fil\u00f3sofa da ci\u00eancia que muito trabalhou em parceria com o Nobel Ilya Prigogine, sustenta a mesma tese que eu tamb\u00e9m sustento: \u201cO coronav\u00edrus seria uma intrus\u00e3o da Terra-Gaia nas nossas sociedades, uma resposta ao antropoceno\u201d.<\/p>\n<p>Conhec\u00edamos outras intrus\u00f5es: a peste negra (peste bub\u00f4nica) que vinda da Eur\u00e1sia dizimou, ao todo, segundo estimativas, entre 75-200 milh\u00f5es de pessoas. Na Europa, entre 1346-1353, desfalcou a metade de sua popula\u00e7\u00e3o de 475 para 350 milh\u00f5es. Ela precisou de 200 anos para se recompor. Foi a mais devastadora j\u00e1 conhecida na hist\u00f3ria. Not\u00f3ria tamb\u00e9m foi a gripe espanhola. Oriunda, possivelmente, dos USA entre 1918-1920 infectou 500 milh\u00f5es de pessoas e levando 50 milh\u00f5es \u00e0 morte, inclusive o presidente eleito Rodrigues Alves em 1919.<\/p>\n<p>Agora, pela primeira vez um v\u00edrus atacou o planeta inteiro, levando milhares \u00e0 morte sem podermos det\u00ea-lo por sua r\u00e1pida propaga\u00e7\u00e3o j\u00e1 que vivemos numa cultura globalizada com alto deslocamento de pessoas que viajam por todos os continentes e podem ser portadores da epidemia.<\/p>\n<p>A Terra j\u00e1 perdeu o seu equil\u00edbrio e est\u00e1 buscando um novo. E esse novo poder\u00e1 significar a devasta\u00e7\u00e3o de importantes por\u00e7\u00f5es da biosfera e de parte significativa da esp\u00e9cie humana.<\/p>\n<p><em>Isso vai ocorrer, apenas n\u00e3o sabemos quando nem como,<\/em> afirmam not\u00e1veis bi\u00f3logos. Se vier a temida NBO (<em>The Next Big One<\/em>), o pr\u00f3ximo grande e devastador v\u00edrus, poder\u00e1, segundo o pesquisador da USP Prof. Eduardo Massad, levar \u00e0 morte cerca de 2 bilh\u00f5es de pessoas, diminuindo a expectativa geral de vida de 72 para 58 anos. Outros temem at\u00e9 o fim da esp\u00e9cie humana.<\/p>\n<p>O fato \u00e9 que j\u00e1 estamos dentro da sexta extin\u00e7\u00e3o em massa. Inauguramos segundo alguns cientistas, uma nova era geol\u00f3gica, a do <em>antropoceno<\/em> e sua express\u00e3o mais danosa, a do <em>necroceno<\/em>. A atividade humana (antropoceno) se revela a respons\u00e1vel pela produ\u00e7\u00e3o em massa da morte (necroceno) de seres vivos.<\/p>\n<p>Os diferentes centros cient\u00edficos que sistematicamente acompanham o estado da Terra atestam que, de ano para ano, os principais itens que perpetuam a vida (\u00e1gua, solos, ar puro, sementes, fertilidade, climas e outros) est\u00e3o se deteriorando dia a dia. Quando isso vai parar?<\/p>\n<p>O dia da\u00a0<em>Sobrecarga da Terra\u00a0<\/em>(<em>The Earth Overshoot Day<\/em>) foi atingido no dia 29 de julho de 2019. Isto significa: at\u00e9 esta data foram consumidos todos os recursos naturais dispon\u00edveis e renov\u00e1veis. Agora a Terra entrou no vermelho e no cheque especial.<\/p>\n<p>Como frear esta exaust\u00e3o? Se teimarmos em manter o consumo atual, especialmente o suntuoso, temos que aplicar mais viol\u00eancia contra a Terra for\u00e7ando-a a nos dar o que j\u00e1 n\u00e3o tem ou n\u00e3o pode mais repor. Sua rea\u00e7\u00e3o se expressa pelos eventos extremos, como o vendaval-bomba em Santa Catarina em fins de junho e pelos ataques dos v\u00e1rios tipos de v\u00edrus conhecidos: zika, Chicungunya, ebola, Sars, o atual coronav\u00edrus e outros. Devemos incluir o crescimento da viol\u00eancia social j\u00e1 que Terra e Humanidade constituem uma \u00fanica entidade relacional.<\/p>\n<p>Ou mudamos nossa rela\u00e7\u00e3o para com a Terra viva e a para com a natureza ou poderemos contar com novos e mais potentes v\u00edrus que poder\u00e3o dizimar milh\u00f5es de vidas humanas. Nunca o nosso amor \u00e0 vida, a sabedoria humana dos povos e a necessidade do cuidado foram t\u00e3o urgentes.<\/p>\n<hr \/>\n<p><strong>Leonardo Boff<\/strong> <em>\u00e9 ecote\u00f3logo e escritor.Acaba de escrever um livro: &#8220;A<strong>\u00a0Covid-19: A M\u00e3e Terra contra-ataca a Humanidade<\/strong>\u201d a sair pela Editora Vozes ainda este ano.<\/em><\/p>\n","protected":false},"excerpt":{"rendered":"<p>Artigo de Leonardo Boff<\/p>\n","protected":false},"author":3,"featured_media":186328,"comment_status":"open","ping_status":"open","sticky":false,"template":"","format":"standard","meta":{"footnotes":""},"categories":[26],"tags":[59],"yoast_head":"<!-- This site is optimized with the Yoast SEO plugin v19.4 - https:\/\/yoast.com\/wordpress\/plugins\/seo\/ -->\n<title>O coronav\u00edrus: um ataque da Terra contra n\u00f3s - Vida Crist\u00e3 - Franciscanos<\/title>\n<meta name=\"robots\" content=\"index, follow, max-snippet:-1, max-image-preview:large, max-video-preview:-1\" \/>\n<link rel=\"canonical\" href=\"https:\/\/franciscanos.org.br\/vidacrista\/o-coronavirus-um-ataque-da-terra-contra-nos\/\" \/>\n<meta property=\"og:locale\" content=\"pt_BR\" \/>\n<meta property=\"og:type\" content=\"article\" \/>\n<meta property=\"og:title\" content=\"O coronav\u00edrus: um ataque da Terra contra n\u00f3s - Vida Crist\u00e3 - Franciscanos\" \/>\n<meta property=\"og:description\" content=\"Artigo de Leonardo Boff\" \/>\n<meta property=\"og:url\" content=\"https:\/\/franciscanos.org.br\/vidacrista\/o-coronavirus-um-ataque-da-terra-contra-nos\/\" \/>\n<meta property=\"og:site_name\" content=\"Vida Crist\u00e3 - Franciscanos\" \/>\n<meta property=\"article:published_time\" content=\"2020-07-06T11:46:32+00:00\" \/>\n<meta property=\"article:modified_time\" content=\"2020-07-24T17:55:45+00:00\" \/>\n<meta property=\"og:image\" content=\"https:\/\/franciscanos.org.br\/vidacrista\/wp-content\/uploads\/2013\/09\/artigo_0506d.jpg\" \/>\n\t<meta property=\"og:image:width\" content=\"800\" \/>\n\t<meta property=\"og:image:height\" content=\"599\" \/>\n\t<meta property=\"og:image:type\" content=\"image\/jpeg\" \/>\n<meta name=\"author\" content=\"moacir\" \/>\n<meta name=\"twitter:card\" content=\"summary_large_image\" \/>\n<meta name=\"twitter:label1\" content=\"Escrito por\" \/>\n\t<meta name=\"twitter:data1\" content=\"moacir\" \/>\n\t<meta name=\"twitter:label2\" content=\"Est. tempo de leitura\" \/>\n\t<meta name=\"twitter:data2\" content=\"4 minutos\" \/>\n<script type=\"application\/ld+json\" class=\"yoast-schema-graph\">{\"@context\":\"https:\/\/schema.org\",\"@graph\":[{\"@type\":\"WebSite\",\"@id\":\"https:\/\/franciscanos.org.br\/vidacrista\/#website\",\"url\":\"https:\/\/franciscanos.org.br\/vidacrista\/\",\"name\":\"Vida Crist\u00e3 - Franciscanos\",\"description\":\"Prov\u00edncia Franciscana da Imaculada Concei\u00e7\u00e3o do Brasil - Ordem dos Frades Menores\",\"potentialAction\":[{\"@type\":\"SearchAction\",\"target\":{\"@type\":\"EntryPoint\",\"urlTemplate\":\"https:\/\/franciscanos.org.br\/vidacrista\/?s={search_term_string}\"},\"query-input\":\"required name=search_term_string\"}],\"inLanguage\":\"pt-BR\"},{\"@type\":\"WebPage\",\"@id\":\"https:\/\/franciscanos.org.br\/vidacrista\/o-coronavirus-um-ataque-da-terra-contra-nos\/\",\"url\":\"https:\/\/franciscanos.org.br\/vidacrista\/o-coronavirus-um-ataque-da-terra-contra-nos\/\",\"name\":\"O coronav\u00edrus: um ataque da Terra contra n\u00f3s - Vida Crist\u00e3 - Franciscanos\",\"isPartOf\":{\"@id\":\"https:\/\/franciscanos.org.br\/vidacrista\/#website\"},\"datePublished\":\"2020-07-06T11:46:32+00:00\",\"dateModified\":\"2020-07-24T17:55:45+00:00\",\"author\":{\"@id\":\"https:\/\/franciscanos.org.br\/vidacrista\/#\/schema\/person\/1880bdd2c350b735648725ef7614736a\"},\"breadcrumb\":{\"@id\":\"https:\/\/franciscanos.org.br\/vidacrista\/o-coronavirus-um-ataque-da-terra-contra-nos\/#breadcrumb\"},\"inLanguage\":\"pt-BR\",\"potentialAction\":[{\"@type\":\"ReadAction\",\"target\":[\"https:\/\/franciscanos.org.br\/vidacrista\/o-coronavirus-um-ataque-da-terra-contra-nos\/\"]}]},{\"@type\":\"BreadcrumbList\",\"@id\":\"https:\/\/franciscanos.org.br\/vidacrista\/o-coronavirus-um-ataque-da-terra-contra-nos\/#breadcrumb\",\"itemListElement\":[{\"@type\":\"ListItem\",\"position\":1,\"name\":\"Home\",\"item\":\"https:\/\/franciscanos.org.br\/vidacrista\/\"},{\"@type\":\"ListItem\",\"position\":2,\"name\":\"O coronav\u00edrus: um ataque da Terra contra n\u00f3s\"}]},{\"@type\":\"Person\",\"@id\":\"https:\/\/franciscanos.org.br\/vidacrista\/#\/schema\/person\/1880bdd2c350b735648725ef7614736a\",\"name\":\"moacir\",\"image\":{\"@type\":\"ImageObject\",\"inLanguage\":\"pt-BR\",\"@id\":\"https:\/\/franciscanos.org.br\/vidacrista\/#\/schema\/person\/image\/\",\"url\":\"https:\/\/secure.gravatar.com\/avatar\/d08aa2ce4c8dd416d4479aa8536fcf64?s=96&d=mm&r=g\",\"contentUrl\":\"https:\/\/secure.gravatar.com\/avatar\/d08aa2ce4c8dd416d4479aa8536fcf64?s=96&d=mm&r=g\",\"caption\":\"moacir\"},\"url\":\"https:\/\/franciscanos.org.br\/vidacrista\/author\/moacir\/\"}]}<\/script>\n<!-- \/ Yoast SEO plugin. -->","yoast_head_json":{"title":"O coronav\u00edrus: um ataque da Terra contra n\u00f3s - Vida Crist\u00e3 - Franciscanos","robots":{"index":"index","follow":"follow","max-snippet":"max-snippet:-1","max-image-preview":"max-image-preview:large","max-video-preview":"max-video-preview:-1"},"canonical":"https:\/\/franciscanos.org.br\/vidacrista\/o-coronavirus-um-ataque-da-terra-contra-nos\/","og_locale":"pt_BR","og_type":"article","og_title":"O coronav\u00edrus: um ataque da Terra contra n\u00f3s - Vida Crist\u00e3 - Franciscanos","og_description":"Artigo de Leonardo Boff","og_url":"https:\/\/franciscanos.org.br\/vidacrista\/o-coronavirus-um-ataque-da-terra-contra-nos\/","og_site_name":"Vida Crist\u00e3 - Franciscanos","article_published_time":"2020-07-06T11:46:32+00:00","article_modified_time":"2020-07-24T17:55:45+00:00","og_image":[{"width":800,"height":599,"url":"https:\/\/franciscanos.org.br\/vidacrista\/wp-content\/uploads\/2013\/09\/artigo_0506d.jpg","type":"image\/jpeg"}],"author":"moacir","twitter_card":"summary_large_image","twitter_misc":{"Escrito por":"moacir","Est. tempo de leitura":"4 minutos"},"schema":{"@context":"https:\/\/schema.org","@graph":[{"@type":"WebSite","@id":"https:\/\/franciscanos.org.br\/vidacrista\/#website","url":"https:\/\/franciscanos.org.br\/vidacrista\/","name":"Vida Crist\u00e3 - Franciscanos","description":"Prov\u00edncia Franciscana da Imaculada Concei\u00e7\u00e3o do Brasil - Ordem dos Frades Menores","potentialAction":[{"@type":"SearchAction","target":{"@type":"EntryPoint","urlTemplate":"https:\/\/franciscanos.org.br\/vidacrista\/?s={search_term_string}"},"query-input":"required name=search_term_string"}],"inLanguage":"pt-BR"},{"@type":"WebPage","@id":"https:\/\/franciscanos.org.br\/vidacrista\/o-coronavirus-um-ataque-da-terra-contra-nos\/","url":"https:\/\/franciscanos.org.br\/vidacrista\/o-coronavirus-um-ataque-da-terra-contra-nos\/","name":"O coronav\u00edrus: um ataque da Terra contra n\u00f3s - Vida Crist\u00e3 - Franciscanos","isPartOf":{"@id":"https:\/\/franciscanos.org.br\/vidacrista\/#website"},"datePublished":"2020-07-06T11:46:32+00:00","dateModified":"2020-07-24T17:55:45+00:00","author":{"@id":"https:\/\/franciscanos.org.br\/vidacrista\/#\/schema\/person\/1880bdd2c350b735648725ef7614736a"},"breadcrumb":{"@id":"https:\/\/franciscanos.org.br\/vidacrista\/o-coronavirus-um-ataque-da-terra-contra-nos\/#breadcrumb"},"inLanguage":"pt-BR","potentialAction":[{"@type":"ReadAction","target":["https:\/\/franciscanos.org.br\/vidacrista\/o-coronavirus-um-ataque-da-terra-contra-nos\/"]}]},{"@type":"BreadcrumbList","@id":"https:\/\/franciscanos.org.br\/vidacrista\/o-coronavirus-um-ataque-da-terra-contra-nos\/#breadcrumb","itemListElement":[{"@type":"ListItem","position":1,"name":"Home","item":"https:\/\/franciscanos.org.br\/vidacrista\/"},{"@type":"ListItem","position":2,"name":"O coronav\u00edrus: um ataque da Terra contra n\u00f3s"}]},{"@type":"Person","@id":"https:\/\/franciscanos.org.br\/vidacrista\/#\/schema\/person\/1880bdd2c350b735648725ef7614736a","name":"moacir","image":{"@type":"ImageObject","inLanguage":"pt-BR","@id":"https:\/\/franciscanos.org.br\/vidacrista\/#\/schema\/person\/image\/","url":"https:\/\/secure.gravatar.com\/avatar\/d08aa2ce4c8dd416d4479aa8536fcf64?s=96&d=mm&r=g","contentUrl":"https:\/\/secure.gravatar.com\/avatar\/d08aa2ce4c8dd416d4479aa8536fcf64?s=96&d=mm&r=g","caption":"moacir"},"url":"https:\/\/franciscanos.org.br\/vidacrista\/author\/moacir\/"}]}},"_links":{"self":[{"href":"https:\/\/franciscanos.org.br\/vidacrista\/wp-json\/wp\/v2\/posts\/186363"}],"collection":[{"href":"https:\/\/franciscanos.org.br\/vidacrista\/wp-json\/wp\/v2\/posts"}],"about":[{"href":"https:\/\/franciscanos.org.br\/vidacrista\/wp-json\/wp\/v2\/types\/post"}],"author":[{"embeddable":true,"href":"https:\/\/franciscanos.org.br\/vidacrista\/wp-json\/wp\/v2\/users\/3"}],"replies":[{"embeddable":true,"href":"https:\/\/franciscanos.org.br\/vidacrista\/wp-json\/wp\/v2\/comments?post=186363"}],"version-history":[{"count":4,"href":"https:\/\/franciscanos.org.br\/vidacrista\/wp-json\/wp\/v2\/posts\/186363\/revisions"}],"predecessor-version":[{"id":186969,"href":"https:\/\/franciscanos.org.br\/vidacrista\/wp-json\/wp\/v2\/posts\/186363\/revisions\/186969"}],"wp:featuredmedia":[{"embeddable":true,"href":"https:\/\/franciscanos.org.br\/vidacrista\/wp-json\/wp\/v2\/media\/186328"}],"wp:attachment":[{"href":"https:\/\/franciscanos.org.br\/vidacrista\/wp-json\/wp\/v2\/media?parent=186363"}],"wp:term":[{"taxonomy":"category","embeddable":true,"href":"https:\/\/franciscanos.org.br\/vidacrista\/wp-json\/wp\/v2\/categories?post=186363"},{"taxonomy":"post_tag","embeddable":true,"href":"https:\/\/franciscanos.org.br\/vidacrista\/wp-json\/wp\/v2\/tags?post=186363"}],"curies":[{"name":"wp","href":"https:\/\/api.w.org\/{rel}","templated":true}]}}