{"id":186161,"date":"2020-06-30T07:03:28","date_gmt":"2020-06-30T10:03:28","guid":{"rendered":"https:\/\/franciscanos.org.br\/vidacrista\/?p=186161"},"modified":"2020-07-23T10:49:04","modified_gmt":"2020-07-23T13:49:04","slug":"uma-espiritualidade-do-viver","status":"publish","type":"post","link":"https:\/\/franciscanos.org.br\/vidacrista\/uma-espiritualidade-do-viver\/","title":{"rendered":"Uma espiritualidade do viver"},"content":{"rendered":"<div id=\"attachment_186367\" style=\"width: 850px\" class=\"wp-caption alignnone\"><img aria-describedby=\"caption-attachment-186367\" decoding=\"async\" loading=\"lazy\" class=\"wp-image-186367 size-full\" src=\"https:\/\/franciscanos.org.br\/vidacrista\/wp-content\/uploads\/2020\/06\/artigo_0601.jpg\" alt=\"\" width=\"840\" height=\"450\" srcset=\"https:\/\/franciscanos.org.br\/vidacrista\/wp-content\/uploads\/2020\/06\/artigo_0601.jpg 840w, https:\/\/franciscanos.org.br\/vidacrista\/wp-content\/uploads\/2020\/06\/artigo_0601-450x241.jpg 450w, https:\/\/franciscanos.org.br\/vidacrista\/wp-content\/uploads\/2020\/06\/artigo_0601-768x411.jpg 768w, https:\/\/franciscanos.org.br\/vidacrista\/wp-content\/uploads\/2020\/06\/artigo_0601-150x80.jpg 150w\" sizes=\"(max-width: 840px) 100vw, 840px\" \/><p id=\"caption-attachment-186367\" class=\"wp-caption-text\"><em>\u00a0 \u00a0 \u00a0 \u00a0 \u00a0 \u00a0 \u00a0 \u00a0 \u00a0 \u00a0 \u00a0 \u00a0 \u00a0 \u00a0 \u00a0 \u00a0 \u00a0 \u00a0 \u00a0 \u00a0 \u00a0 \u00a0 \u00a0 \u00a0 \u00a0 \u00a0 \u00a0 \u00a0 \u00a0 \u00a0 \u00a0 \u00a0 \u00a0 \u00a0 \u00a0 \u00a0 \u00a0 \u00a0 \u00a0 \u00a0 \u00a0 \u00a0 \u00a0 \u00a0 \u00a0 \u00a0 \u00a0 \u00a0 \u00a0 \u00a0 \u00a0 \u00a0 \u00a0 \u00a0 \u00a0 \u00a0 \u00a0 \u00a0 \u00a0 Imagem ilustrativa: (Fonte: Acervo Prov\u00edncia da Imaculada)<\/em><\/p><\/div>\n<p><strong>Pe. Ademir Guedes Azevedo, cp<\/strong><\/p>\n<p>Creio que a dor mais profunda do ser humano \u00e9 a de n\u00e3o sentir-se amado. A famosa ideia de progresso estabelece os padr\u00f5es de felicidade que devemos alcan\u00e7ar para sermos reconhecidos. A sociedade moderna prega um progresso linear, mas n\u00e3o sabe onde quer chegar. Simplesmente avan\u00e7amos, mas sem ter uma meta a alcan\u00e7ar. Vivemos nos projetando em situa\u00e7\u00f5es que ainda n\u00e3o existem. Deixamos de habitar com intensidade o presente. A sabedoria que os mestres espirituais nos prop\u00f5em consiste em n\u00e3o preencher a nossa vida com atividades, em n\u00e3o se preocupar com o que temos que fazer no dia seguinte, mas simplesmente em viver cada momento como se fosse o \u00faltimo.<\/p>\n<p>Quero propor um estilo de vida alternativo. Inspiro-me na obra do espiritual Henri Nouwen intitulada \u201cUma espiritualidade do viver\u201d. O texto segue a ordem: isolamento (solid\u00e3o), comunidade (celebrar) e minist\u00e9rio (fazer).<\/p>\n<p><strong>Isolamento (solid\u00e3o).<\/strong> Tudo deve come\u00e7ar por aqui. Na solid\u00e3o descobrimos o amor pr\u00f3prio. Inicialmente, devemos entender que n\u00e3o necessitamos da aceita\u00e7\u00e3o da sociedade para sermos felizes. Devemos nos amar como somos, com nossos dons e limites. O problema moderno \u00e9 for\u00e7ar-nos a entrar em padr\u00f5es estabelecidos, como a moda, a cultura do consumo, o sistema financeiro que nos d\u00e1 uma falsa sensa\u00e7\u00e3o de liberdade, etc. A solid\u00e3o consiste num estilo revolucion\u00e1rio porque resgatamos o livre-arb\u00edtrio. As novas tecnologias, apesar das in\u00fameras vantagens, manipulam nossos dados e privacidade. As grandes empresas do vale do sil\u00edcio imp\u00f5em sobre n\u00f3s, cotidianamente, as suas propagandas que criam padr\u00f5es de homogeneidade, fortalecendo assim a ditadura do igual. Neste sistema n\u00e3o h\u00e1 alternativas. A solid\u00e3o \u00e9 cr\u00edtica porque me faz tomar dist\u00e2ncia para refletir sobre o que realmente vale a pena.<\/p>\n<p><strong>Comunidade (celebrar).<\/strong> Se \u00e9 na solid\u00e3o que descubro que sou amado independente dos padr\u00f5es sociais de aceita\u00e7\u00e3o, ent\u00e3o estar em comunidade se trata de viver a unidade na pluralidade, ou seja, celebrar juntos os dons de cada um, sem processos seletivos. A dimens\u00e3o social do ser faz parte da alma pol\u00edtica de cada indiv\u00edduo. A convivialidade \u00e9 algo intr\u00ednseco a exist\u00eancia humana. Quando dizemos comunidade nos referimos a capacidade de respeito incondicional que se deve prestar a cada pessoa. O sistema atual \u00e9 excludente porque seleciona os mais fortes. Trata-se de um neodarwinismo disfar\u00e7ado. O desafio consiste em criar espa\u00e7os comunit\u00e1rios mais celebrativos, nos quais se trabalhe a acolhida das diferen\u00e7as, sem sufocar a identidade pessoal de cada um.<\/p>\n<p><strong>Minist\u00e9rio (fazer)<\/strong>. Este \u00e9 o \u00faltimo passo, mas n\u00e3o menos importante, do estilo alternativo de vida que estamos propondo. Algu\u00e9m que se descobriu amado e que aceita celebrar esta d\u00e1diva com as diferen\u00e7as, sem impor nada, torna-se realmente um ministro sens\u00edvel aos apelos da vida. A dimens\u00e3o do fazer n\u00e3o \u00e9 um mero executar de atividades. Ministrar \u00e9 o mesmo que servir. Como ministros dever\u00edamos ser todos servos uns dos outros. A l\u00f3gica que impera \u00e9 aquela da gratuidade. Mais uma vez, tem-se aqui um contraste com a sociedade moderna, pois a mesma parte do pressuposto da efici\u00eancia e efic\u00e1cia. No entanto, um modelo de vida alternativo baseia-se no dom de si, ou seja, cada um \u00e9 convidado a entrar em cena e contribuir com algo de bom, independente de seus limites humanos. Para despertarmos a tal dimens\u00e3o dever\u00edamos aprender a ter mais contato com a realidade da dor alheia. \u00c9 emocionante, por exemplo, ver em asilos os pr\u00f3prios idosos, a maioria esquecidos por seus familiares, servindo aqueles mais fr\u00e1geis: uns ajudando a levar comida \u00e0 boca, outros empurrando as cadeiras de rodas daqueles que n\u00e3o t\u00eam mais for\u00e7as nos bra\u00e7os; e tantos outros exemplos que poder\u00edamos citar. Isso se trata de um fazer que humaniza. Em outras palavras: o segredo est\u00e1 em experimentar aquilo que achamos desnecess\u00e1rio, pois n\u00e3o nos trar\u00e1 reconhecimento e produtividade. Mas \u00e9 s\u00f3 nesta l\u00f3gica que se encontra a felicidade.<\/p>\n<p><strong>Solid\u00e3o<\/strong> que faz descobrir-me que sou amado, <strong>comunidade<\/strong> onde celebramos juntos esta d\u00e1diva e <strong>minist\u00e9rio<\/strong> que nos leva a servir na gratuidade, eis as tr\u00eas grandes colunas de sustenta\u00e7\u00e3o de uma espiritualidade do viver. E voc\u00ea, n\u00e3o acha que chegou o momento de olhar a vida a partir desta \u00f3tica?<\/p>\n<hr \/>\n<p><strong>Pe. Ademir Guedes Azevedo<\/strong>,\u00a0<em>cp, \u00e9 mission\u00e1rio passionista e mestre em Teologia Fundamental na Pontif\u00edcia Universidade Gregoriana. Atualmente reside em Camaragibe \u2013 PE, no Semin\u00e1rio para a etapa do Postulantado dos Passionistas.<\/em><\/p>\n","protected":false},"excerpt":{"rendered":"<p>Artigo do Pe. Ademir Guedes Azevedo, cp<\/p>\n","protected":false},"author":3,"featured_media":186368,"comment_status":"open","ping_status":"open","sticky":false,"template":"","format":"standard","meta":{"footnotes":""},"categories":[26],"tags":[188],"yoast_head":"<!-- This site is optimized with the Yoast SEO plugin v19.4 - https:\/\/yoast.com\/wordpress\/plugins\/seo\/ -->\n<title>Uma espiritualidade do viver - Vida Crist\u00e3 - Franciscanos<\/title>\n<meta name=\"robots\" content=\"index, follow, max-snippet:-1, max-image-preview:large, max-video-preview:-1\" \/>\n<link rel=\"canonical\" href=\"https:\/\/franciscanos.org.br\/vidacrista\/uma-espiritualidade-do-viver\/\" \/>\n<meta property=\"og:locale\" content=\"pt_BR\" \/>\n<meta property=\"og:type\" content=\"article\" \/>\n<meta property=\"og:title\" content=\"Uma espiritualidade do viver - Vida Crist\u00e3 - Franciscanos\" \/>\n<meta property=\"og:description\" content=\"Artigo do Pe. Ademir Guedes Azevedo, cp\" \/>\n<meta property=\"og:url\" content=\"https:\/\/franciscanos.org.br\/vidacrista\/uma-espiritualidade-do-viver\/\" \/>\n<meta property=\"og:site_name\" content=\"Vida Crist\u00e3 - Franciscanos\" \/>\n<meta property=\"article:published_time\" content=\"2020-06-30T10:03:28+00:00\" \/>\n<meta property=\"article:modified_time\" content=\"2020-07-23T13:49:04+00:00\" \/>\n<meta property=\"og:image\" content=\"https:\/\/franciscanos.org.br\/vidacrista\/wp-content\/uploads\/2020\/06\/artigo_0601d.jpg\" \/>\n\t<meta property=\"og:image:width\" content=\"800\" \/>\n\t<meta property=\"og:image:height\" content=\"600\" \/>\n\t<meta property=\"og:image:type\" content=\"image\/jpeg\" \/>\n<meta name=\"author\" content=\"moacir\" \/>\n<meta name=\"twitter:card\" content=\"summary_large_image\" \/>\n<meta name=\"twitter:label1\" content=\"Escrito por\" \/>\n\t<meta name=\"twitter:data1\" content=\"moacir\" \/>\n\t<meta name=\"twitter:label2\" content=\"Est. tempo de leitura\" \/>\n\t<meta name=\"twitter:data2\" content=\"4 minutos\" \/>\n<script type=\"application\/ld+json\" class=\"yoast-schema-graph\">{\"@context\":\"https:\/\/schema.org\",\"@graph\":[{\"@type\":\"WebSite\",\"@id\":\"https:\/\/franciscanos.org.br\/vidacrista\/#website\",\"url\":\"https:\/\/franciscanos.org.br\/vidacrista\/\",\"name\":\"Vida Crist\u00e3 - Franciscanos\",\"description\":\"Prov\u00edncia Franciscana da Imaculada Concei\u00e7\u00e3o do Brasil - Ordem dos Frades Menores\",\"potentialAction\":[{\"@type\":\"SearchAction\",\"target\":{\"@type\":\"EntryPoint\",\"urlTemplate\":\"https:\/\/franciscanos.org.br\/vidacrista\/?s={search_term_string}\"},\"query-input\":\"required name=search_term_string\"}],\"inLanguage\":\"pt-BR\"},{\"@type\":\"WebPage\",\"@id\":\"https:\/\/franciscanos.org.br\/vidacrista\/uma-espiritualidade-do-viver\/\",\"url\":\"https:\/\/franciscanos.org.br\/vidacrista\/uma-espiritualidade-do-viver\/\",\"name\":\"Uma espiritualidade do viver - Vida Crist\u00e3 - Franciscanos\",\"isPartOf\":{\"@id\":\"https:\/\/franciscanos.org.br\/vidacrista\/#website\"},\"datePublished\":\"2020-06-30T10:03:28+00:00\",\"dateModified\":\"2020-07-23T13:49:04+00:00\",\"author\":{\"@id\":\"https:\/\/franciscanos.org.br\/vidacrista\/#\/schema\/person\/1880bdd2c350b735648725ef7614736a\"},\"breadcrumb\":{\"@id\":\"https:\/\/franciscanos.org.br\/vidacrista\/uma-espiritualidade-do-viver\/#breadcrumb\"},\"inLanguage\":\"pt-BR\",\"potentialAction\":[{\"@type\":\"ReadAction\",\"target\":[\"https:\/\/franciscanos.org.br\/vidacrista\/uma-espiritualidade-do-viver\/\"]}]},{\"@type\":\"BreadcrumbList\",\"@id\":\"https:\/\/franciscanos.org.br\/vidacrista\/uma-espiritualidade-do-viver\/#breadcrumb\",\"itemListElement\":[{\"@type\":\"ListItem\",\"position\":1,\"name\":\"Home\",\"item\":\"https:\/\/franciscanos.org.br\/vidacrista\/\"},{\"@type\":\"ListItem\",\"position\":2,\"name\":\"Uma espiritualidade do viver\"}]},{\"@type\":\"Person\",\"@id\":\"https:\/\/franciscanos.org.br\/vidacrista\/#\/schema\/person\/1880bdd2c350b735648725ef7614736a\",\"name\":\"moacir\",\"image\":{\"@type\":\"ImageObject\",\"inLanguage\":\"pt-BR\",\"@id\":\"https:\/\/franciscanos.org.br\/vidacrista\/#\/schema\/person\/image\/\",\"url\":\"https:\/\/secure.gravatar.com\/avatar\/d08aa2ce4c8dd416d4479aa8536fcf64?s=96&d=mm&r=g\",\"contentUrl\":\"https:\/\/secure.gravatar.com\/avatar\/d08aa2ce4c8dd416d4479aa8536fcf64?s=96&d=mm&r=g\",\"caption\":\"moacir\"},\"url\":\"https:\/\/franciscanos.org.br\/vidacrista\/author\/moacir\/\"}]}<\/script>\n<!-- \/ Yoast SEO plugin. -->","yoast_head_json":{"title":"Uma espiritualidade do viver - Vida Crist\u00e3 - Franciscanos","robots":{"index":"index","follow":"follow","max-snippet":"max-snippet:-1","max-image-preview":"max-image-preview:large","max-video-preview":"max-video-preview:-1"},"canonical":"https:\/\/franciscanos.org.br\/vidacrista\/uma-espiritualidade-do-viver\/","og_locale":"pt_BR","og_type":"article","og_title":"Uma espiritualidade do viver - Vida Crist\u00e3 - Franciscanos","og_description":"Artigo do Pe. Ademir Guedes Azevedo, cp","og_url":"https:\/\/franciscanos.org.br\/vidacrista\/uma-espiritualidade-do-viver\/","og_site_name":"Vida Crist\u00e3 - Franciscanos","article_published_time":"2020-06-30T10:03:28+00:00","article_modified_time":"2020-07-23T13:49:04+00:00","og_image":[{"width":800,"height":600,"url":"https:\/\/franciscanos.org.br\/vidacrista\/wp-content\/uploads\/2020\/06\/artigo_0601d.jpg","type":"image\/jpeg"}],"author":"moacir","twitter_card":"summary_large_image","twitter_misc":{"Escrito por":"moacir","Est. tempo de leitura":"4 minutos"},"schema":{"@context":"https:\/\/schema.org","@graph":[{"@type":"WebSite","@id":"https:\/\/franciscanos.org.br\/vidacrista\/#website","url":"https:\/\/franciscanos.org.br\/vidacrista\/","name":"Vida Crist\u00e3 - Franciscanos","description":"Prov\u00edncia Franciscana da Imaculada Concei\u00e7\u00e3o do Brasil - Ordem dos Frades Menores","potentialAction":[{"@type":"SearchAction","target":{"@type":"EntryPoint","urlTemplate":"https:\/\/franciscanos.org.br\/vidacrista\/?s={search_term_string}"},"query-input":"required name=search_term_string"}],"inLanguage":"pt-BR"},{"@type":"WebPage","@id":"https:\/\/franciscanos.org.br\/vidacrista\/uma-espiritualidade-do-viver\/","url":"https:\/\/franciscanos.org.br\/vidacrista\/uma-espiritualidade-do-viver\/","name":"Uma espiritualidade do viver - Vida Crist\u00e3 - Franciscanos","isPartOf":{"@id":"https:\/\/franciscanos.org.br\/vidacrista\/#website"},"datePublished":"2020-06-30T10:03:28+00:00","dateModified":"2020-07-23T13:49:04+00:00","author":{"@id":"https:\/\/franciscanos.org.br\/vidacrista\/#\/schema\/person\/1880bdd2c350b735648725ef7614736a"},"breadcrumb":{"@id":"https:\/\/franciscanos.org.br\/vidacrista\/uma-espiritualidade-do-viver\/#breadcrumb"},"inLanguage":"pt-BR","potentialAction":[{"@type":"ReadAction","target":["https:\/\/franciscanos.org.br\/vidacrista\/uma-espiritualidade-do-viver\/"]}]},{"@type":"BreadcrumbList","@id":"https:\/\/franciscanos.org.br\/vidacrista\/uma-espiritualidade-do-viver\/#breadcrumb","itemListElement":[{"@type":"ListItem","position":1,"name":"Home","item":"https:\/\/franciscanos.org.br\/vidacrista\/"},{"@type":"ListItem","position":2,"name":"Uma espiritualidade do viver"}]},{"@type":"Person","@id":"https:\/\/franciscanos.org.br\/vidacrista\/#\/schema\/person\/1880bdd2c350b735648725ef7614736a","name":"moacir","image":{"@type":"ImageObject","inLanguage":"pt-BR","@id":"https:\/\/franciscanos.org.br\/vidacrista\/#\/schema\/person\/image\/","url":"https:\/\/secure.gravatar.com\/avatar\/d08aa2ce4c8dd416d4479aa8536fcf64?s=96&d=mm&r=g","contentUrl":"https:\/\/secure.gravatar.com\/avatar\/d08aa2ce4c8dd416d4479aa8536fcf64?s=96&d=mm&r=g","caption":"moacir"},"url":"https:\/\/franciscanos.org.br\/vidacrista\/author\/moacir\/"}]}},"_links":{"self":[{"href":"https:\/\/franciscanos.org.br\/vidacrista\/wp-json\/wp\/v2\/posts\/186161"}],"collection":[{"href":"https:\/\/franciscanos.org.br\/vidacrista\/wp-json\/wp\/v2\/posts"}],"about":[{"href":"https:\/\/franciscanos.org.br\/vidacrista\/wp-json\/wp\/v2\/types\/post"}],"author":[{"embeddable":true,"href":"https:\/\/franciscanos.org.br\/vidacrista\/wp-json\/wp\/v2\/users\/3"}],"replies":[{"embeddable":true,"href":"https:\/\/franciscanos.org.br\/vidacrista\/wp-json\/wp\/v2\/comments?post=186161"}],"version-history":[{"count":6,"href":"https:\/\/franciscanos.org.br\/vidacrista\/wp-json\/wp\/v2\/posts\/186161\/revisions"}],"predecessor-version":[{"id":186875,"href":"https:\/\/franciscanos.org.br\/vidacrista\/wp-json\/wp\/v2\/posts\/186161\/revisions\/186875"}],"wp:featuredmedia":[{"embeddable":true,"href":"https:\/\/franciscanos.org.br\/vidacrista\/wp-json\/wp\/v2\/media\/186368"}],"wp:attachment":[{"href":"https:\/\/franciscanos.org.br\/vidacrista\/wp-json\/wp\/v2\/media?parent=186161"}],"wp:term":[{"taxonomy":"category","embeddable":true,"href":"https:\/\/franciscanos.org.br\/vidacrista\/wp-json\/wp\/v2\/categories?post=186161"},{"taxonomy":"post_tag","embeddable":true,"href":"https:\/\/franciscanos.org.br\/vidacrista\/wp-json\/wp\/v2\/tags?post=186161"}],"curies":[{"name":"wp","href":"https:\/\/api.w.org\/{rel}","templated":true}]}}