{"id":186145,"date":"2020-06-29T07:17:09","date_gmt":"2020-06-29T10:17:09","guid":{"rendered":"https:\/\/franciscanos.org.br\/vidacrista\/?p=186145"},"modified":"2020-07-23T10:49:50","modified_gmt":"2020-07-23T13:49:50","slug":"artigowalmor","status":"publish","type":"post","link":"https:\/\/franciscanos.org.br\/vidacrista\/artigowalmor\/","title":{"rendered":"Casa e rua: outro lugar"},"content":{"rendered":"<div id=\"attachment_186146\" style=\"width: 850px\" class=\"wp-caption alignnone\"><img aria-describedby=\"caption-attachment-186146\" decoding=\"async\" loading=\"lazy\" class=\"wp-image-186146 size-full\" src=\"https:\/\/franciscanos.org.br\/vidacrista\/wp-content\/uploads\/2020\/06\/rocinha_2906.jpg\" alt=\"\" width=\"840\" height=\"450\" srcset=\"https:\/\/franciscanos.org.br\/vidacrista\/wp-content\/uploads\/2020\/06\/rocinha_2906.jpg 840w, https:\/\/franciscanos.org.br\/vidacrista\/wp-content\/uploads\/2020\/06\/rocinha_2906-450x241.jpg 450w, https:\/\/franciscanos.org.br\/vidacrista\/wp-content\/uploads\/2020\/06\/rocinha_2906-768x411.jpg 768w, https:\/\/franciscanos.org.br\/vidacrista\/wp-content\/uploads\/2020\/06\/rocinha_2906-150x80.jpg 150w\" sizes=\"(max-width: 840px) 100vw, 840px\" \/><p id=\"caption-attachment-186146\" class=\"wp-caption-text\">\u00a0 \u00a0 \u00a0 \u00a0 \u00a0 \u00a0 \u00a0 \u00a0 \u00a0 \u00a0 \u00a0 \u00a0 \u00a0 \u00a0 \u00a0 \u00a0 \u00a0 \u00a0 \u00a0 \u00a0 \u00a0 \u00a0 \u00a0 \u00a0 \u00a0 \u00a0 \u00a0 \u00a0 \u00a0 \u00a0 \u00a0 \u00a0 \u00a0 \u00a0 \u00a0 \u00a0 \u00a0 \u00a0 \u00a0 \u00a0 \u00a0 \u00a0 \u00a0 \u00a0 \u00a0 \u00a0 \u00a0 \u00a0 \u00a0 \u00a0 \u00a0 \u00a0 \u00a0 \u00a0 \u00a0 \u00a0 \u00a0 \u00a0 \u00a0 \u00a0 \u00a0 \u00a0 \u00a0 \u00a0 \u00a0 \u00a0 <em>Imagem ilustrativa: (Fonte: Acervo Prov\u00edncia da Imaculada)<\/em><\/p><\/div>\n<p><strong>Dom Walmor Oliveira de Azevedo<\/strong><\/p>\n<p>\u201cFique em casa\u201d \u00e9 o mais interpelante apelo desses \u00faltimos meses ante o necess\u00e1rio e indispens\u00e1vel isolamento social. Esse apelo remete ao ambiente mais significativo e referencial da vida de cada pessoa, a casa, o lugar sagrado da fam\u00edlia. A orienta\u00e7\u00e3o \u201cfique em casa\u201d tem for\u00e7a no combate efetivo \u00e0 pandemia da Covid-19, evitando a dissemina\u00e7\u00e3o do v\u00edrus que \u00e9 letal para muitas v\u00edtimas, submetendo fam\u00edlias ao luto. Uma pandemia que gera ainda colapsos na sa\u00fade e incid\u00eancias na economia. N\u00e3o \u00e9 f\u00e1cil a obedi\u00eancia ao imperativo de ficar em casa, evitando aglomera\u00e7\u00f5es e contatos desnecess\u00e1rios. E esse imperativo estampa, ainda mais, o grave problema do d\u00e9ficit e das m\u00e1s condi\u00e7\u00f5es habitacionais do Brasil, uma vergonha.<\/p>\n<p>A realidade de vilas e favelas reflete a acentuada desigualdade social que caracteriza o pa\u00eds. Para os que n\u00e3o t\u00eam habita\u00e7\u00e3o adequada, como ficar em casa? E como se n\u00e3o bastasse, h\u00e1 ainda uma quest\u00e3o que torna mais cruel essa situa\u00e7\u00e3o: no outro extremo, entre os que t\u00eam casa, a orienta\u00e7\u00e3o para permanecer no lar \u00e9 tratada com esc\u00e1rnio. H\u00e1, inclusive, os que incitam a popula\u00e7\u00e3o a ir para as ruas, obviamente aumentando os riscos de contamina\u00e7\u00e3o. Pessoas insens\u00edveis a uma realidade \u00f3bvia: a sa\u00fade requer moradia digna e sustent\u00e1vel. O equil\u00edbrio na natureza, fundamental para prevenir pandemias, n\u00e3o \u00e9 alcan\u00e7ado apenas com o bem-estar de pequena parcela da popula\u00e7\u00e3o. A exclus\u00e3o de muitos gera adoecimentos que amea\u00e7am toda a sociedade.<\/p>\n<p>Especificamente sobre a segrega\u00e7\u00e3o sofrida pelos que n\u00e3o t\u00eam casa, a refer\u00eancia alcan\u00e7a tamb\u00e9m aqueles que at\u00e9 possuem um endere\u00e7o, mas destitu\u00eddo de m\u00ednimas condi\u00e7\u00f5es para a habita\u00e7\u00e3o. Esse cen\u00e1rio revela a fragilidade social que n\u00e3o isenta, inclusive, os que se acham protegidos da contamina\u00e7\u00e3o por um v\u00edrus. A sa\u00fade do planeta, de uma sociedade, depende de condi\u00e7\u00f5es menos desiguais no campo da moradia \u2013 cada um tem direito a uma casa digna para viver. Assim, a orienta\u00e7\u00e3o \u201cfique em casa\u201d deve tamb\u00e9m representar um clamor que leve a um novo significado relacionado \u00e0 rua \u2013 fortalecendo o seu sentido de agrega\u00e7\u00e3o das diferen\u00e7as, da coopera\u00e7\u00e3o, do encontro, de interc\u00e2mbios e servi\u00e7os ao pr\u00f3ximo, que \u00e9 irm\u00e3o, para gerar inclus\u00e3o e vencer abismos sociais que adoecem.<\/p>\n<p>Mas sempre se reconhe\u00e7a: a for\u00e7a social e pol\u00edtica da rua nunca substituir\u00e1 a import\u00e2ncia da casa, com seu sentido mais forte e fundamental \u2013 \u00e9 a primeira escola do amor, da f\u00e9, dos ensinamentos indispens\u00e1veis \u00e0 civilidade, do desenvolvimento da compet\u00eancia em gerar e cultivar v\u00ednculos. A casa tem uma sacralidade que ultrapassa os limites estreitos de relacionamentos. \u00c9, para al\u00e9m de sua configura\u00e7\u00e3o material, sagrada sustenta\u00e7\u00e3o do viver e do aprender a viver. Apesar disso, movimentos civilizat\u00f3rios levaram \u00e0 relativiza\u00e7\u00e3o do valor pedag\u00f3gico e existencial da casa que, para muitos, tornou-se apenas um alojamento noturno, um \u201cpoint\u201d para atendimento de algumas necessidades muito b\u00e1sicas, a exemplo do repouso, sem considerar tantas outras, igualmente essenciais.\u00a0 As pessoas desaprenderam, assim, por exemplo, sobre a import\u00e2ncia da conviv\u00eancia possibilitada pela casa. H\u00e1 dificuldade para se relacionar qualificadamente com quem se partilha o mesmo ambiente. Paradoxalmente, por estar desabituado a ficar no pr\u00f3prio lar, o ser humano tamb\u00e9m \u00e9 incapaz de lidar com a solid\u00e3o. At\u00e9 se deprime. Percebe-se uma dificuldade para cultivar a interioridade. Ficar em casa torna-se, neste contexto, desafiador, e revela car\u00eancias human\u00edsticas que levam a esgotamentos ps\u00edquicos e aqueles inerentes \u00e0 pr\u00f3pria natureza.<\/p>\n<p>Casa e rua devem ser consideradas a partir de renovado significado, compreendidas como outro lugar, diferente do que at\u00e9 ent\u00e3o se imaginava. Sem a casa, as institui\u00e7\u00f5es se enfraquecem e h\u00e1 despersonaliza\u00e7\u00e3o do ser humano. A Igreja de Cristo, por exemplo, nasce nos lares e, de casa em casa, fortalece a sua presen\u00e7a servidora no cora\u00e7\u00e3o do mundo. Ao perdurar a exigente e indispens\u00e1vel convoca\u00e7\u00e3o \u201cfique em casa\u201d, a sociedade aproveite para cultivar e enriquecer a compreens\u00e3o a respeito da casa e da rua. Nesses espa\u00e7os, sejam adotados estilos de vida renovados para superar fragilidades e enfermidades.<\/p>\n<hr \/>\n<p><strong>Dom Walmor Oliveira de Azevedo, <\/strong><em>arcebispo de Belo Horizonte, \u00e9 o presidente da Confer\u00eancia dos Bispos do Brasil (CNBB).<\/em><\/p>\n","protected":false},"excerpt":{"rendered":"<p>Artigo de Dom Walmor Oliveira de Azevedo<\/p>\n","protected":false},"author":3,"featured_media":186147,"comment_status":"open","ping_status":"open","sticky":false,"template":"","format":"standard","meta":{"footnotes":""},"categories":[26],"tags":[271],"yoast_head":"<!-- This site is optimized with the Yoast SEO plugin v19.4 - https:\/\/yoast.com\/wordpress\/plugins\/seo\/ -->\n<title>Casa e rua: outro lugar - Vida Crist\u00e3 - Franciscanos<\/title>\n<meta name=\"robots\" content=\"index, follow, max-snippet:-1, max-image-preview:large, max-video-preview:-1\" \/>\n<link rel=\"canonical\" href=\"https:\/\/franciscanos.org.br\/vidacrista\/artigowalmor\/\" \/>\n<meta property=\"og:locale\" content=\"pt_BR\" \/>\n<meta property=\"og:type\" content=\"article\" \/>\n<meta property=\"og:title\" content=\"Casa e rua: outro lugar - Vida Crist\u00e3 - Franciscanos\" \/>\n<meta property=\"og:description\" content=\"Artigo de Dom Walmor Oliveira de Azevedo\" \/>\n<meta property=\"og:url\" content=\"https:\/\/franciscanos.org.br\/vidacrista\/artigowalmor\/\" \/>\n<meta property=\"og:site_name\" content=\"Vida Crist\u00e3 - Franciscanos\" \/>\n<meta property=\"article:published_time\" content=\"2020-06-29T10:17:09+00:00\" \/>\n<meta property=\"article:modified_time\" content=\"2020-07-23T13:49:50+00:00\" \/>\n<meta property=\"og:image\" content=\"https:\/\/franciscanos.org.br\/vidacrista\/wp-content\/uploads\/2020\/06\/rocinha_2906d.jpg\" \/>\n\t<meta property=\"og:image:width\" content=\"800\" \/>\n\t<meta property=\"og:image:height\" content=\"600\" \/>\n\t<meta property=\"og:image:type\" content=\"image\/jpeg\" \/>\n<meta name=\"author\" content=\"moacir\" \/>\n<meta name=\"twitter:card\" content=\"summary_large_image\" \/>\n<meta name=\"twitter:label1\" content=\"Escrito por\" \/>\n\t<meta name=\"twitter:data1\" content=\"moacir\" \/>\n\t<meta name=\"twitter:label2\" content=\"Est. tempo de leitura\" \/>\n\t<meta name=\"twitter:data2\" content=\"4 minutos\" \/>\n<script type=\"application\/ld+json\" class=\"yoast-schema-graph\">{\"@context\":\"https:\/\/schema.org\",\"@graph\":[{\"@type\":\"WebSite\",\"@id\":\"https:\/\/franciscanos.org.br\/vidacrista\/#website\",\"url\":\"https:\/\/franciscanos.org.br\/vidacrista\/\",\"name\":\"Vida Crist\u00e3 - Franciscanos\",\"description\":\"Prov\u00edncia Franciscana da Imaculada Concei\u00e7\u00e3o do Brasil - Ordem dos Frades Menores\",\"potentialAction\":[{\"@type\":\"SearchAction\",\"target\":{\"@type\":\"EntryPoint\",\"urlTemplate\":\"https:\/\/franciscanos.org.br\/vidacrista\/?s={search_term_string}\"},\"query-input\":\"required name=search_term_string\"}],\"inLanguage\":\"pt-BR\"},{\"@type\":\"WebPage\",\"@id\":\"https:\/\/franciscanos.org.br\/vidacrista\/artigowalmor\/\",\"url\":\"https:\/\/franciscanos.org.br\/vidacrista\/artigowalmor\/\",\"name\":\"Casa e rua: outro lugar - Vida Crist\u00e3 - Franciscanos\",\"isPartOf\":{\"@id\":\"https:\/\/franciscanos.org.br\/vidacrista\/#website\"},\"datePublished\":\"2020-06-29T10:17:09+00:00\",\"dateModified\":\"2020-07-23T13:49:50+00:00\",\"author\":{\"@id\":\"https:\/\/franciscanos.org.br\/vidacrista\/#\/schema\/person\/1880bdd2c350b735648725ef7614736a\"},\"breadcrumb\":{\"@id\":\"https:\/\/franciscanos.org.br\/vidacrista\/artigowalmor\/#breadcrumb\"},\"inLanguage\":\"pt-BR\",\"potentialAction\":[{\"@type\":\"ReadAction\",\"target\":[\"https:\/\/franciscanos.org.br\/vidacrista\/artigowalmor\/\"]}]},{\"@type\":\"BreadcrumbList\",\"@id\":\"https:\/\/franciscanos.org.br\/vidacrista\/artigowalmor\/#breadcrumb\",\"itemListElement\":[{\"@type\":\"ListItem\",\"position\":1,\"name\":\"Home\",\"item\":\"https:\/\/franciscanos.org.br\/vidacrista\/\"},{\"@type\":\"ListItem\",\"position\":2,\"name\":\"Casa e rua: outro lugar\"}]},{\"@type\":\"Person\",\"@id\":\"https:\/\/franciscanos.org.br\/vidacrista\/#\/schema\/person\/1880bdd2c350b735648725ef7614736a\",\"name\":\"moacir\",\"image\":{\"@type\":\"ImageObject\",\"inLanguage\":\"pt-BR\",\"@id\":\"https:\/\/franciscanos.org.br\/vidacrista\/#\/schema\/person\/image\/\",\"url\":\"https:\/\/secure.gravatar.com\/avatar\/d08aa2ce4c8dd416d4479aa8536fcf64?s=96&d=mm&r=g\",\"contentUrl\":\"https:\/\/secure.gravatar.com\/avatar\/d08aa2ce4c8dd416d4479aa8536fcf64?s=96&d=mm&r=g\",\"caption\":\"moacir\"},\"url\":\"https:\/\/franciscanos.org.br\/vidacrista\/author\/moacir\/\"}]}<\/script>\n<!-- \/ Yoast SEO plugin. -->","yoast_head_json":{"title":"Casa e rua: outro lugar - Vida Crist\u00e3 - Franciscanos","robots":{"index":"index","follow":"follow","max-snippet":"max-snippet:-1","max-image-preview":"max-image-preview:large","max-video-preview":"max-video-preview:-1"},"canonical":"https:\/\/franciscanos.org.br\/vidacrista\/artigowalmor\/","og_locale":"pt_BR","og_type":"article","og_title":"Casa e rua: outro lugar - Vida Crist\u00e3 - Franciscanos","og_description":"Artigo de Dom Walmor Oliveira de Azevedo","og_url":"https:\/\/franciscanos.org.br\/vidacrista\/artigowalmor\/","og_site_name":"Vida Crist\u00e3 - Franciscanos","article_published_time":"2020-06-29T10:17:09+00:00","article_modified_time":"2020-07-23T13:49:50+00:00","og_image":[{"width":800,"height":600,"url":"https:\/\/franciscanos.org.br\/vidacrista\/wp-content\/uploads\/2020\/06\/rocinha_2906d.jpg","type":"image\/jpeg"}],"author":"moacir","twitter_card":"summary_large_image","twitter_misc":{"Escrito por":"moacir","Est. tempo de leitura":"4 minutos"},"schema":{"@context":"https:\/\/schema.org","@graph":[{"@type":"WebSite","@id":"https:\/\/franciscanos.org.br\/vidacrista\/#website","url":"https:\/\/franciscanos.org.br\/vidacrista\/","name":"Vida Crist\u00e3 - Franciscanos","description":"Prov\u00edncia Franciscana da Imaculada Concei\u00e7\u00e3o do Brasil - Ordem dos Frades Menores","potentialAction":[{"@type":"SearchAction","target":{"@type":"EntryPoint","urlTemplate":"https:\/\/franciscanos.org.br\/vidacrista\/?s={search_term_string}"},"query-input":"required name=search_term_string"}],"inLanguage":"pt-BR"},{"@type":"WebPage","@id":"https:\/\/franciscanos.org.br\/vidacrista\/artigowalmor\/","url":"https:\/\/franciscanos.org.br\/vidacrista\/artigowalmor\/","name":"Casa e rua: outro lugar - Vida Crist\u00e3 - Franciscanos","isPartOf":{"@id":"https:\/\/franciscanos.org.br\/vidacrista\/#website"},"datePublished":"2020-06-29T10:17:09+00:00","dateModified":"2020-07-23T13:49:50+00:00","author":{"@id":"https:\/\/franciscanos.org.br\/vidacrista\/#\/schema\/person\/1880bdd2c350b735648725ef7614736a"},"breadcrumb":{"@id":"https:\/\/franciscanos.org.br\/vidacrista\/artigowalmor\/#breadcrumb"},"inLanguage":"pt-BR","potentialAction":[{"@type":"ReadAction","target":["https:\/\/franciscanos.org.br\/vidacrista\/artigowalmor\/"]}]},{"@type":"BreadcrumbList","@id":"https:\/\/franciscanos.org.br\/vidacrista\/artigowalmor\/#breadcrumb","itemListElement":[{"@type":"ListItem","position":1,"name":"Home","item":"https:\/\/franciscanos.org.br\/vidacrista\/"},{"@type":"ListItem","position":2,"name":"Casa e rua: outro lugar"}]},{"@type":"Person","@id":"https:\/\/franciscanos.org.br\/vidacrista\/#\/schema\/person\/1880bdd2c350b735648725ef7614736a","name":"moacir","image":{"@type":"ImageObject","inLanguage":"pt-BR","@id":"https:\/\/franciscanos.org.br\/vidacrista\/#\/schema\/person\/image\/","url":"https:\/\/secure.gravatar.com\/avatar\/d08aa2ce4c8dd416d4479aa8536fcf64?s=96&d=mm&r=g","contentUrl":"https:\/\/secure.gravatar.com\/avatar\/d08aa2ce4c8dd416d4479aa8536fcf64?s=96&d=mm&r=g","caption":"moacir"},"url":"https:\/\/franciscanos.org.br\/vidacrista\/author\/moacir\/"}]}},"_links":{"self":[{"href":"https:\/\/franciscanos.org.br\/vidacrista\/wp-json\/wp\/v2\/posts\/186145"}],"collection":[{"href":"https:\/\/franciscanos.org.br\/vidacrista\/wp-json\/wp\/v2\/posts"}],"about":[{"href":"https:\/\/franciscanos.org.br\/vidacrista\/wp-json\/wp\/v2\/types\/post"}],"author":[{"embeddable":true,"href":"https:\/\/franciscanos.org.br\/vidacrista\/wp-json\/wp\/v2\/users\/3"}],"replies":[{"embeddable":true,"href":"https:\/\/franciscanos.org.br\/vidacrista\/wp-json\/wp\/v2\/comments?post=186145"}],"version-history":[{"count":3,"href":"https:\/\/franciscanos.org.br\/vidacrista\/wp-json\/wp\/v2\/posts\/186145\/revisions"}],"predecessor-version":[{"id":186876,"href":"https:\/\/franciscanos.org.br\/vidacrista\/wp-json\/wp\/v2\/posts\/186145\/revisions\/186876"}],"wp:featuredmedia":[{"embeddable":true,"href":"https:\/\/franciscanos.org.br\/vidacrista\/wp-json\/wp\/v2\/media\/186147"}],"wp:attachment":[{"href":"https:\/\/franciscanos.org.br\/vidacrista\/wp-json\/wp\/v2\/media?parent=186145"}],"wp:term":[{"taxonomy":"category","embeddable":true,"href":"https:\/\/franciscanos.org.br\/vidacrista\/wp-json\/wp\/v2\/categories?post=186145"},{"taxonomy":"post_tag","embeddable":true,"href":"https:\/\/franciscanos.org.br\/vidacrista\/wp-json\/wp\/v2\/tags?post=186145"}],"curies":[{"name":"wp","href":"https:\/\/api.w.org\/{rel}","templated":true}]}}