{"id":186141,"date":"2020-06-29T06:56:58","date_gmt":"2020-06-29T09:56:58","guid":{"rendered":"https:\/\/franciscanos.org.br\/vidacrista\/?p=186141"},"modified":"2020-07-23T10:51:36","modified_gmt":"2020-07-23T13:51:36","slug":"a-covid-19-e-o-tempo-de-deus","status":"publish","type":"post","link":"https:\/\/franciscanos.org.br\/vidacrista\/a-covid-19-e-o-tempo-de-deus\/","title":{"rendered":"A Covid-19 e o tempo de Deus"},"content":{"rendered":"<p>&nbsp;<\/p>\n<div id=\"attachment_186371\" style=\"width: 850px\" class=\"wp-caption alignnone\"><img aria-describedby=\"caption-attachment-186371\" decoding=\"async\" loading=\"lazy\" class=\"wp-image-186371 size-full\" src=\"https:\/\/franciscanos.org.br\/vidacrista\/wp-content\/uploads\/2020\/06\/artigo_0601_1.jpg\" alt=\"\" width=\"840\" height=\"450\" srcset=\"https:\/\/franciscanos.org.br\/vidacrista\/wp-content\/uploads\/2020\/06\/artigo_0601_1.jpg 840w, https:\/\/franciscanos.org.br\/vidacrista\/wp-content\/uploads\/2020\/06\/artigo_0601_1-450x241.jpg 450w, https:\/\/franciscanos.org.br\/vidacrista\/wp-content\/uploads\/2020\/06\/artigo_0601_1-768x411.jpg 768w, https:\/\/franciscanos.org.br\/vidacrista\/wp-content\/uploads\/2020\/06\/artigo_0601_1-150x80.jpg 150w\" sizes=\"(max-width: 840px) 100vw, 840px\" \/><p id=\"caption-attachment-186371\" class=\"wp-caption-text\"><em>\u00a0 \u00a0 \u00a0 \u00a0 \u00a0 \u00a0 \u00a0 \u00a0 \u00a0 \u00a0 \u00a0 \u00a0 \u00a0 \u00a0 \u00a0 \u00a0 \u00a0 \u00a0 \u00a0 \u00a0 \u00a0 \u00a0 \u00a0 \u00a0 \u00a0 \u00a0 \u00a0 \u00a0 \u00a0 \u00a0 \u00a0 \u00a0 \u00a0 \u00a0 \u00a0 \u00a0 \u00a0 \u00a0 \u00a0 \u00a0 \u00a0 \u00a0 \u00a0 \u00a0 \u00a0 \u00a0 \u00a0 \u00a0 \u00a0 \u00a0 \u00a0 \u00a0 \u00a0 \u00a0 Imagem ilustrativa: (Fonte: Acervo Prov\u00edncia da Imaculada)<\/em><\/p><\/div>\n<p><strong>\u00a0<\/strong><strong>Frei Luiz Iakovacz<\/strong><\/p>\n<p>A Covid-19 \u00e9 uma doen\u00e7a infecciosa causada pelo \u201ccoronav\u00edrus da s\u00edndrome respirat\u00f3ria aguda grave-2\u201d. Seus sintomas s\u00e3o amplamente conhecidos e o tratamento n\u00e3o \u00e9 feito com rem\u00e9dios, apenas com medidas preventivas, especialmente a do isolamento social. Isolar-se parece simples, mas n\u00e3o \u00e9. Exige muito da pessoa, pois quebra o costumeiro conv\u00edvio social e o ritmo do trabalho. Imp\u00f5e-se uma \u201cnova adequa\u00e7\u00e3o\u201d \u00e0 viv\u00eancia do dia a dia com o \u201c# fique em casa\u201d e, consequentemente, sem sal\u00e1rio.<\/p>\n<p>Esta situa\u00e7\u00e3o despertou uma imensa solidariedade, tanto em bens materiais como humanit\u00e1rios. Na contram\u00e3o, houve tamb\u00e9m quem se aproveitasse da pandemia para enriquecimento il\u00edcito.\u00a0Em todas as a\u00e7\u00f5es solid\u00e1rias, Deus, direta ou indiretamente, era lembrado, especialmente nas ora\u00e7\u00f5es.\u00a0 A m\u00eddia e a internet tornaram-se ve\u00edculos que ainda comunicam as mais variadas preces \u2013 como que esperando ou, at\u00e9, \u201ccobrando\u201d \u2013 uma a\u00e7\u00e3o mais direta de Deus.<\/p>\n<p>Um v\u00eddeo, por exemplo, mostrou uma crian\u00e7a que pedia para m\u00e3e lev\u00e1-la at\u00e9 a casa da coleguinha para brincar. A m\u00e3e diz que n\u00e3o pode, mas que reze a Deus para que \u201cafaste esta maldita doen\u00e7a\u201d. Ela o faz com uma linguagem direta e comovente \u00e0 qual qualquer pai se renderia.\u00a0 Por sua vez, os adultos endossam a \u201ccorrente das mil Ave-Marias para Deus limpar a pandemia\u201d. O \u00e1udio pede para \u201cn\u00e3o quebrar a corrente\u201d e envi\u00e1-lo a outras dez pessoas que dever\u00e3o fazer o mesmo. Mas h\u00e1, tamb\u00e9m, ora\u00e7\u00f5es expressivas e profundas, mais centradas em Deus que nos pr\u00f3prios interesses.<\/p>\n<p>Ao sair do Egito, \u201cap\u00f3s 430 anos de escravid\u00e3o\u201d (Ex 12,40), Deus poderia conduzir o povo \u00e0 Terra Prometida \u201cpelo caminho dos filisteus, o mais curto\u201d (Ex 13,17). Era quest\u00e3o de alguns meses. Por\u00e9m, preferiu \u201cdar uma volta pelo deserto do Mar Vermelho\u201d (Ex 13,18), num tempo estimado de \u201cquarenta anos\u201d (Ex 16,35). Nesse per\u00edodo foi alimentado com o man\u00e1 do c\u00e9u, com carne de codornizes (cf. Ex 16,1-31) e saciado com a \u00e1gua do rochedo (Ex 17,1-7). No Monte Sinai, fez uma Alian\u00e7a com Israel, dizendo-lhes: \u201cSe fordes fi\u00e9is \u00e0 minha Alian\u00e7a, sereis minha propriedade particular entre todos os povos\u201d (Ex 19,5) e \u201csereis o meu povo e Eu serei vosso Deus\u201d (Lv 25,12).<\/p>\n<p>Mesmo diante de tantos benef\u00edcios e promessas, os israelitas murmuravam dizendo que tinham fome e sede, que era prefer\u00edvel ficar no Egito como escravos, pois \u201csent\u00e1vamos junto \u00e0s panelas de carne e com\u00edamos p\u00e3o com fartura\u201d (Ex 16,3). Propunham, inclusive \u201cescolhamos um chefe e voltemos para o Egito\u201d (Nm 14,4). O auge da revolta foi o rompimento da Alian\u00e7a, pois fabricaram um bezerro de ouro e rezavam \u201cfoste tu que nos tiraste do Egito\u201d, ofereceram-lhe holocaustos e fizeram festa (cf. Ex 32,1-14).<\/p>\n<p>Por sua vez, Deus extravasa o cora\u00e7\u00e3o, dizendo: \u201cVejo que este \u00e9 um povo de cabe\u00e7a dura\u201d (Dt 9,13) e, como repreens\u00e3o, permite-lhe um surto de cobras venenosas que causaram muitas mortes. Na sua miseric\u00f3rdia, por\u00e9m, \u201cquem olhasse para a serpente de bronze pendurada numa haste, ficava curado\u201d (cf. Nm 21,4-9).<\/p>\n<p>Na \u201cquarentena\u201d do povo hebreu, Deus confia nas lideran\u00e7as, especialmente em Mois\u00e9s, com quem \u201cfalava face a face\u201d (Ex 33,11). Ele \u00e9 o libertador e legislador, \u201co maior profeta em Israel\u201d (Dt 34,10) e um intercessor junto a Deus: \u201cSenhor, pe\u00e7o-te, caminha conosco! Embora este seja um povo de cabe\u00e7a dura, perdoa nossas faltas e pecados\u201d (Ex 34,9). Deus o atendeu, mas n\u00e3o o deixou entrar na Terra Prometida, morrendo \u00e0s portas dela, no Monte Nebo e ningu\u00e9m sabe onde est\u00e1 sua sepultura (cf. Dt 34,5-6). \u00a0(\u00c9 estranho que uma lideran\u00e7a t\u00e3o expressiva, tenha tal desfecho. Talvez seja uma antecipa\u00e7\u00e3o do que aconteceria com outras lideran\u00e7as de ontem, de hoje e amanh\u00e3).<\/p>\n<p>Qual \u00e9 a pedagogia de Deus que n\u00e3o optou por um \u201ccaminho mais curto\u201d e conduziu o povo ao deserto durante 40 anos e que lhe causou tantos dissabores?!<\/p>\n<p>\u201cQuarenta anos no deserto\u201d n\u00e3o significa a sucess\u00e3o de dias, meses e anos (cronologia), mas \u00e9 o tempo kairol\u00f3gico da Deus. Assim como h\u00e1 o tempo pr\u00f3prio para o plantio e colheita de cereais \u2013 assim, tamb\u00e9m, h\u00e1 o tempo prop\u00edcio para a a\u00e7\u00e3o de Deus. Os \u201c40 anos b\u00edblicos\u201d consistiam em dizer que esta era a m\u00e9dia de vida do ser humano e, tamb\u00e9m, o \u201ctempo necess\u00e1rio para uma mudan\u00e7a de mentalidade\u201d, que pode durar gera\u00e7\u00f5es.<\/p>\n<p>A pedagogia de Deus \u00e9 tirar-lhes os costumes eg\u00edpcios, encrustados em suas mentes, durante a escravid\u00e3o e, em seu lugar, colocar a Alian\u00e7a: Israel ter\u00e1 um \u00fanico Deus e todos s\u00e3o irm\u00e3os, inclusive, os inimigos. Isto era inconceb\u00edvel \u00e0 cultura eg\u00edpcia e ao Fara\u00f3.<\/p>\n<p>A mudan\u00e7a de mentalidade passa por gera\u00e7\u00f5es e \u00e9 dif\u00edcil. \u00c9 o tempo de Deus, o tempo prop\u00edcio para a convers\u00e3o que vai desde o nascimento at\u00e9 a morte.<\/p>\n<p>O ap\u00f3stolo Paulo escreve na carta aos Romanos: \u201cN\u00e3o vos conformeis com este mundo, mas transformai-vos, renovando vosso modo de pensar para que possais discernir qual \u00e9 a vontade de Deus\u201d (Rm 12,2).<\/p>\n<p>A conclus\u00e3o desta \u201cquarentena\u201d podem ser as palavras da cantora e pastora evang\u00e9lica Aline Barros: \u201cQuando passares por momentos dif\u00edceis e perguntares onde estar\u00e1 Deus \u2013 lembra-te que, durante a prova, o professor est\u00e1 em sil\u00eancio\u201d.<\/p>\n<hr \/>\n<p><strong>Frei Luiz Iakovacz,<\/strong><em> vig\u00e1rio paroquial, reside na Fraternidade Nossa Senhora do Ros\u00e1rio, em Conc\u00f3rdia.<\/em><\/p>\n","protected":false},"excerpt":{"rendered":"<p>Artigo de Frei Luiz Iakovacz<\/p>\n","protected":false},"author":3,"featured_media":186372,"comment_status":"open","ping_status":"open","sticky":false,"template":"","format":"standard","meta":{"footnotes":""},"categories":[26],"tags":[208],"yoast_head":"<!-- This site is optimized with the Yoast SEO plugin v19.4 - https:\/\/yoast.com\/wordpress\/plugins\/seo\/ -->\n<title>A Covid-19 e o tempo de Deus - Vida Crist\u00e3 - Franciscanos<\/title>\n<meta name=\"robots\" content=\"index, follow, max-snippet:-1, max-image-preview:large, max-video-preview:-1\" \/>\n<link rel=\"canonical\" href=\"https:\/\/franciscanos.org.br\/vidacrista\/a-covid-19-e-o-tempo-de-deus\/\" \/>\n<meta property=\"og:locale\" content=\"pt_BR\" \/>\n<meta property=\"og:type\" content=\"article\" \/>\n<meta property=\"og:title\" content=\"A Covid-19 e o tempo de Deus - Vida Crist\u00e3 - Franciscanos\" \/>\n<meta property=\"og:description\" content=\"Artigo de Frei Luiz Iakovacz\" \/>\n<meta property=\"og:url\" content=\"https:\/\/franciscanos.org.br\/vidacrista\/a-covid-19-e-o-tempo-de-deus\/\" \/>\n<meta property=\"og:site_name\" content=\"Vida Crist\u00e3 - Franciscanos\" \/>\n<meta property=\"article:published_time\" content=\"2020-06-29T09:56:58+00:00\" \/>\n<meta property=\"article:modified_time\" content=\"2020-07-23T13:51:36+00:00\" \/>\n<meta property=\"og:image\" content=\"https:\/\/franciscanos.org.br\/vidacrista\/wp-content\/uploads\/2020\/06\/artigo_0601_1d.jpg\" \/>\n\t<meta property=\"og:image:width\" content=\"800\" \/>\n\t<meta property=\"og:image:height\" content=\"600\" \/>\n\t<meta property=\"og:image:type\" content=\"image\/jpeg\" \/>\n<meta name=\"author\" content=\"moacir\" \/>\n<meta name=\"twitter:card\" content=\"summary_large_image\" \/>\n<meta name=\"twitter:label1\" content=\"Escrito por\" \/>\n\t<meta name=\"twitter:data1\" content=\"moacir\" \/>\n\t<meta name=\"twitter:label2\" content=\"Est. tempo de leitura\" \/>\n\t<meta name=\"twitter:data2\" content=\"5 minutos\" \/>\n<script type=\"application\/ld+json\" class=\"yoast-schema-graph\">{\"@context\":\"https:\/\/schema.org\",\"@graph\":[{\"@type\":\"WebSite\",\"@id\":\"https:\/\/franciscanos.org.br\/vidacrista\/#website\",\"url\":\"https:\/\/franciscanos.org.br\/vidacrista\/\",\"name\":\"Vida Crist\u00e3 - Franciscanos\",\"description\":\"Prov\u00edncia Franciscana da Imaculada Concei\u00e7\u00e3o do Brasil - Ordem dos Frades Menores\",\"potentialAction\":[{\"@type\":\"SearchAction\",\"target\":{\"@type\":\"EntryPoint\",\"urlTemplate\":\"https:\/\/franciscanos.org.br\/vidacrista\/?s={search_term_string}\"},\"query-input\":\"required name=search_term_string\"}],\"inLanguage\":\"pt-BR\"},{\"@type\":\"WebPage\",\"@id\":\"https:\/\/franciscanos.org.br\/vidacrista\/a-covid-19-e-o-tempo-de-deus\/\",\"url\":\"https:\/\/franciscanos.org.br\/vidacrista\/a-covid-19-e-o-tempo-de-deus\/\",\"name\":\"A Covid-19 e o tempo de Deus - Vida Crist\u00e3 - Franciscanos\",\"isPartOf\":{\"@id\":\"https:\/\/franciscanos.org.br\/vidacrista\/#website\"},\"datePublished\":\"2020-06-29T09:56:58+00:00\",\"dateModified\":\"2020-07-23T13:51:36+00:00\",\"author\":{\"@id\":\"https:\/\/franciscanos.org.br\/vidacrista\/#\/schema\/person\/1880bdd2c350b735648725ef7614736a\"},\"breadcrumb\":{\"@id\":\"https:\/\/franciscanos.org.br\/vidacrista\/a-covid-19-e-o-tempo-de-deus\/#breadcrumb\"},\"inLanguage\":\"pt-BR\",\"potentialAction\":[{\"@type\":\"ReadAction\",\"target\":[\"https:\/\/franciscanos.org.br\/vidacrista\/a-covid-19-e-o-tempo-de-deus\/\"]}]},{\"@type\":\"BreadcrumbList\",\"@id\":\"https:\/\/franciscanos.org.br\/vidacrista\/a-covid-19-e-o-tempo-de-deus\/#breadcrumb\",\"itemListElement\":[{\"@type\":\"ListItem\",\"position\":1,\"name\":\"Home\",\"item\":\"https:\/\/franciscanos.org.br\/vidacrista\/\"},{\"@type\":\"ListItem\",\"position\":2,\"name\":\"A Covid-19 e o tempo de Deus\"}]},{\"@type\":\"Person\",\"@id\":\"https:\/\/franciscanos.org.br\/vidacrista\/#\/schema\/person\/1880bdd2c350b735648725ef7614736a\",\"name\":\"moacir\",\"image\":{\"@type\":\"ImageObject\",\"inLanguage\":\"pt-BR\",\"@id\":\"https:\/\/franciscanos.org.br\/vidacrista\/#\/schema\/person\/image\/\",\"url\":\"https:\/\/secure.gravatar.com\/avatar\/d08aa2ce4c8dd416d4479aa8536fcf64?s=96&d=mm&r=g\",\"contentUrl\":\"https:\/\/secure.gravatar.com\/avatar\/d08aa2ce4c8dd416d4479aa8536fcf64?s=96&d=mm&r=g\",\"caption\":\"moacir\"},\"url\":\"https:\/\/franciscanos.org.br\/vidacrista\/author\/moacir\/\"}]}<\/script>\n<!-- \/ Yoast SEO plugin. -->","yoast_head_json":{"title":"A Covid-19 e o tempo de Deus - Vida Crist\u00e3 - Franciscanos","robots":{"index":"index","follow":"follow","max-snippet":"max-snippet:-1","max-image-preview":"max-image-preview:large","max-video-preview":"max-video-preview:-1"},"canonical":"https:\/\/franciscanos.org.br\/vidacrista\/a-covid-19-e-o-tempo-de-deus\/","og_locale":"pt_BR","og_type":"article","og_title":"A Covid-19 e o tempo de Deus - Vida Crist\u00e3 - Franciscanos","og_description":"Artigo de Frei Luiz Iakovacz","og_url":"https:\/\/franciscanos.org.br\/vidacrista\/a-covid-19-e-o-tempo-de-deus\/","og_site_name":"Vida Crist\u00e3 - Franciscanos","article_published_time":"2020-06-29T09:56:58+00:00","article_modified_time":"2020-07-23T13:51:36+00:00","og_image":[{"width":800,"height":600,"url":"https:\/\/franciscanos.org.br\/vidacrista\/wp-content\/uploads\/2020\/06\/artigo_0601_1d.jpg","type":"image\/jpeg"}],"author":"moacir","twitter_card":"summary_large_image","twitter_misc":{"Escrito por":"moacir","Est. tempo de leitura":"5 minutos"},"schema":{"@context":"https:\/\/schema.org","@graph":[{"@type":"WebSite","@id":"https:\/\/franciscanos.org.br\/vidacrista\/#website","url":"https:\/\/franciscanos.org.br\/vidacrista\/","name":"Vida Crist\u00e3 - Franciscanos","description":"Prov\u00edncia Franciscana da Imaculada Concei\u00e7\u00e3o do Brasil - Ordem dos Frades Menores","potentialAction":[{"@type":"SearchAction","target":{"@type":"EntryPoint","urlTemplate":"https:\/\/franciscanos.org.br\/vidacrista\/?s={search_term_string}"},"query-input":"required name=search_term_string"}],"inLanguage":"pt-BR"},{"@type":"WebPage","@id":"https:\/\/franciscanos.org.br\/vidacrista\/a-covid-19-e-o-tempo-de-deus\/","url":"https:\/\/franciscanos.org.br\/vidacrista\/a-covid-19-e-o-tempo-de-deus\/","name":"A Covid-19 e o tempo de Deus - Vida Crist\u00e3 - Franciscanos","isPartOf":{"@id":"https:\/\/franciscanos.org.br\/vidacrista\/#website"},"datePublished":"2020-06-29T09:56:58+00:00","dateModified":"2020-07-23T13:51:36+00:00","author":{"@id":"https:\/\/franciscanos.org.br\/vidacrista\/#\/schema\/person\/1880bdd2c350b735648725ef7614736a"},"breadcrumb":{"@id":"https:\/\/franciscanos.org.br\/vidacrista\/a-covid-19-e-o-tempo-de-deus\/#breadcrumb"},"inLanguage":"pt-BR","potentialAction":[{"@type":"ReadAction","target":["https:\/\/franciscanos.org.br\/vidacrista\/a-covid-19-e-o-tempo-de-deus\/"]}]},{"@type":"BreadcrumbList","@id":"https:\/\/franciscanos.org.br\/vidacrista\/a-covid-19-e-o-tempo-de-deus\/#breadcrumb","itemListElement":[{"@type":"ListItem","position":1,"name":"Home","item":"https:\/\/franciscanos.org.br\/vidacrista\/"},{"@type":"ListItem","position":2,"name":"A Covid-19 e o tempo de Deus"}]},{"@type":"Person","@id":"https:\/\/franciscanos.org.br\/vidacrista\/#\/schema\/person\/1880bdd2c350b735648725ef7614736a","name":"moacir","image":{"@type":"ImageObject","inLanguage":"pt-BR","@id":"https:\/\/franciscanos.org.br\/vidacrista\/#\/schema\/person\/image\/","url":"https:\/\/secure.gravatar.com\/avatar\/d08aa2ce4c8dd416d4479aa8536fcf64?s=96&d=mm&r=g","contentUrl":"https:\/\/secure.gravatar.com\/avatar\/d08aa2ce4c8dd416d4479aa8536fcf64?s=96&d=mm&r=g","caption":"moacir"},"url":"https:\/\/franciscanos.org.br\/vidacrista\/author\/moacir\/"}]}},"_links":{"self":[{"href":"https:\/\/franciscanos.org.br\/vidacrista\/wp-json\/wp\/v2\/posts\/186141"}],"collection":[{"href":"https:\/\/franciscanos.org.br\/vidacrista\/wp-json\/wp\/v2\/posts"}],"about":[{"href":"https:\/\/franciscanos.org.br\/vidacrista\/wp-json\/wp\/v2\/types\/post"}],"author":[{"embeddable":true,"href":"https:\/\/franciscanos.org.br\/vidacrista\/wp-json\/wp\/v2\/users\/3"}],"replies":[{"embeddable":true,"href":"https:\/\/franciscanos.org.br\/vidacrista\/wp-json\/wp\/v2\/comments?post=186141"}],"version-history":[{"count":5,"href":"https:\/\/franciscanos.org.br\/vidacrista\/wp-json\/wp\/v2\/posts\/186141\/revisions"}],"predecessor-version":[{"id":186879,"href":"https:\/\/franciscanos.org.br\/vidacrista\/wp-json\/wp\/v2\/posts\/186141\/revisions\/186879"}],"wp:featuredmedia":[{"embeddable":true,"href":"https:\/\/franciscanos.org.br\/vidacrista\/wp-json\/wp\/v2\/media\/186372"}],"wp:attachment":[{"href":"https:\/\/franciscanos.org.br\/vidacrista\/wp-json\/wp\/v2\/media?parent=186141"}],"wp:term":[{"taxonomy":"category","embeddable":true,"href":"https:\/\/franciscanos.org.br\/vidacrista\/wp-json\/wp\/v2\/categories?post=186141"},{"taxonomy":"post_tag","embeddable":true,"href":"https:\/\/franciscanos.org.br\/vidacrista\/wp-json\/wp\/v2\/tags?post=186141"}],"curies":[{"name":"wp","href":"https:\/\/api.w.org\/{rel}","templated":true}]}}