{"id":186135,"date":"2020-06-26T06:22:22","date_gmt":"2020-06-26T09:22:22","guid":{"rendered":"https:\/\/franciscanos.org.br\/vidacrista\/?p=186135"},"modified":"2020-07-23T11:03:55","modified_gmt":"2020-07-23T14:03:55","slug":"sao-pedro-e-sao-paulo-fundadores-da-igreja-e-amigos-do-senhor","status":"publish","type":"post","link":"https:\/\/franciscanos.org.br\/vidacrista\/sao-pedro-e-sao-paulo-fundadores-da-igreja-e-amigos-do-senhor\/","title":{"rendered":"S\u00e3o Pedro e S\u00e3o Paulo, fundadores da Igreja e amigos do Senhor"},"content":{"rendered":"<p>&nbsp;<\/p>\n<div id=\"attachment_186880\" style=\"width: 850px\" class=\"wp-caption alignnone\"><img aria-describedby=\"caption-attachment-186880\" decoding=\"async\" loading=\"lazy\" class=\"wp-image-186880 size-full\" src=\"https:\/\/franciscanos.org.br\/vidacrista\/wp-content\/uploads\/2020\/06\/pedro_paulo.jpg\" alt=\"\" width=\"840\" height=\"449\" srcset=\"https:\/\/franciscanos.org.br\/vidacrista\/wp-content\/uploads\/2020\/06\/pedro_paulo.jpg 840w, https:\/\/franciscanos.org.br\/vidacrista\/wp-content\/uploads\/2020\/06\/pedro_paulo-450x241.jpg 450w, https:\/\/franciscanos.org.br\/vidacrista\/wp-content\/uploads\/2020\/06\/pedro_paulo-768x411.jpg 768w, https:\/\/franciscanos.org.br\/vidacrista\/wp-content\/uploads\/2020\/06\/pedro_paulo-150x80.jpg 150w\" sizes=\"(max-width: 840px) 100vw, 840px\" \/><p id=\"caption-attachment-186880\" class=\"wp-caption-text\">\u00a0 \u00a0 \u00a0 \u00a0 \u00a0 \u00a0 \u00a0 \u00a0 \u00a0 \u00a0 \u00a0 \u00a0 \u00a0 \u00a0 \u00a0 \u00a0 \u00a0 \u00a0 \u00a0 \u00a0 \u00a0 \u00a0 \u00a0 \u00a0 \u00a0 \u00a0 \u00a0 \u00a0 \u00a0 \u00a0 \u00a0 \u00a0 \u00a0 \u00a0 \u00a0 \u00a0 \u00a0 \u00a0 \u00a0 \u00a0 \u00a0 \u00a0 \u00a0 \u00a0 \u00a0 \u00a0 \u00a0 \u00a0 \u00a0 \u00a0 \u00a0 \u00a0 \u00a0 \u00a0 \u00a0 \u00a0 \u00a0 \u00a0 \u00a0 \u00a0 \u00a0 \u00a0 \u00a0 \u00a0 \u00a0 \u00a0 \u00a0 \u00a0 \u00a0 \u00a0 \u00a0 \u00a0 \u00a0 \u00a0 \u00a0 \u00a0 \u00a0 \u00a0 \u00a0 \u00a0 \u00a0 \u00a0 \u00a0 \u00a0 \u00a0 \u00a0 \u00a0 \u00a0 \u00a0 \u00a0 \u00a0 <em>Imagem ilustrativa: El Grego<\/em><\/p><\/div>\n<p><strong>Frei Jos\u00e9 Ariovaldo da Silva, OFM\u00a0<\/strong><\/p>\n<p>Solenidade dos ap\u00f3stolos S\u00e3o Pedro e S\u00e3o Paulo! Celebramo-la em pleno domingo, dia do Senhor. Por serem os fundadores da Igreja e especiais amigos do Senhor, n\u00e3o conv\u00e9m que sejam celebrados num simples dia semana, quando o dia 29 cai em dia de semana. Merecem um domingo!<\/p>\n<p>Na verdade, o que celebramos nesta solenidade n\u00e3o s\u00e3o os m\u00e9ritos destes ap\u00f3stolos. O que celebramos \u00e9 o Senhor mesmo, que os escolheu e enviou-os para ser seus principais parceiros no grande mutir\u00e3o em favor da vida, inaugurado pelo mist\u00e9rio pascal de Cristo e assistidos pelo dom do Esp\u00edrito Santo.<\/p>\n<p>S\u00e3o Pedro e S\u00e3o Paulo, ao lado S\u00e3o Jo\u00e3o Batista e Santo Ant\u00f4nio, s\u00e3o os santos tradicionalmente estimados pelo nosso povo brasileiro; s\u00e3o alegremente festejados pela religiosidade popular deste pa\u00eds, compondo assim nossas tradicionais festas juninas.<\/p>\n<p>Mas, ao mesmo tempo, trata-se de uma feliz chance que nos \u00e9 dada, de nos achegarmos tamb\u00e9m \u00e0 fonte da vida crist\u00e3, isto \u00e9, a Palavra de Deus e a Eucaristia que estes ap\u00f3stolos viveram e n\u00f3s hoje aqui celebramos.<\/p>\n<p>O evangelho desta solenidade (cf. Mateus 16,13-19) nos apresenta Jesus, junto aos disc\u00edpulos, fazendo uma esp\u00e9cie de sondagem de opini\u00e3o a respeito de sua pessoa. E os disc\u00edpulos lhe informam que a opini\u00e3o em geral se divide: o povo vinha confundindo Jesus com Jo\u00e3o Batista, Elias, Jeremias ou outros profetas&#8230;<\/p>\n<p>Ent\u00e3o Jesus se dirige diretamente aos disc\u00edpulos: \u201cE voc\u00eas? Quem voc\u00eas dizem que eu sou?\u201d Sim\u00e3o Pedro, prontamente, responde: \u201cClaro que \u00e9 o Messias, o Filho do Deus vivo!\u201d. Ao que Jesus responde: \u201cVoc\u00ea \u00e9 feliz, Sim\u00e3o&#8230;, porque isso que est\u00e1 a dizer lhe foi revelado por meu Pai que est\u00e1 nos c\u00e9us: \u00e9 coisa de Deus! Fundamental, portanto, como uma rocha. Por esse motivo, agora eu vou passar a chamar voc\u00ea de Pedro (que quer dizer pedra, rocha), em mem\u00f3ria desta verdade de f\u00e9 que acabou de professar. Sobre esta pedra, isto \u00e9, sobre esta profiss\u00e3o de f\u00e9, \u00e9 que vou construir a minha Igreja, e o poder do inferno nunca poder\u00e1 venc\u00ea-la. Eu lhe darei as chaves do Reino dos C\u00e9us: tudo o que voc\u00ea ligar na terra ser\u00e1 ligado nos c\u00e9us; tudo o que desligar na terra ser\u00e1 desligado nos c\u00e9us\u201d.<\/p>\n<p>Sabemos que este Jesus, que Pedro professa ser o Messias Filho do Deus vivo, teve de enfrentar perigosas resist\u00eancias, inimigos ferozes, sobretudo por parte das autoridades religiosas e pol\u00edticas. Inclusive, como se sabe, foi morto numa cruz.<\/p>\n<p>Com Pedro, depois, n\u00e3o foi diferente. Como disc\u00edpulo deste Jesus que, depois de morto, apareceu vivo, ressuscitado, tamb\u00e9m Pedro teve de enfrentar ferozes resist\u00eancias e inimigos em seu trabalho mission\u00e1rio. Passou, por exemplo, pela dura experi\u00eancia de umas boas horas de cadeia (cf. Atos 12,1-11). Mas foi milagrosamente libertado por um anjo. Sinal de que o Senhor, ent\u00e3o ressuscitado, estava com ele. Como Pedro mesmo exclamou ao se dar conta que estava livre: \u201cAgora sei, de fato, que o Senhor enviou o seu anjo para me libertar do poder de Herodes e de tudo o que o povo judeu esperava!\u201d.<\/p>\n<p>Assim como Pedro, tamb\u00e9m Paulo testemunha como o Senhor esteve ao seu lado, dando-lhe for\u00e7as em seu dif\u00edcil trabalho apost\u00f3lico (cf. 2Tim\u00f3teo 4,6-8.13-19. Ele \u201cesteve ao meu lado\u201d \u2013 escreve \u2013 \u201ce me deu for\u00e7as, ele fez com que a mensagem fosse anunciada por mim integralmente, e ouvida por todas as na\u00e7\u00f5es, e eu fui libertado da boca do le\u00e3o. O Senhor me libertar\u00e1 de todo mal e me salvar\u00e1 para o seu Reino celeste. A ele a gl\u00f3ria, pelos s\u00e9culos dos s\u00e9culos. Am\u00e9m!\u201d (v. 17-18).<\/p>\n<p>Por isso faz sentido cantarmos neste dia o Salmo 33, entre uma leitura e outra: \u201cBendirei o Senhor Deus em todo o tempo!&#8230; De todos os temores me livrou o Senhor Deus\u201d.<\/p>\n<p>Deus nunca trabalha sozinho. Ele trabalha sempre em parceria. E, hoje, celebrando S\u00e3o Pedro e S\u00e3o Paulo, com alegria nos lembramos deles como os dois primeiros e principais parceiros do Senhor na edifica\u00e7\u00e3o da Comunidade crist\u00e3, Igreja, no imenso mutir\u00e3o suscitado pelo Esp\u00edrito em favor da verdadeira qualidade de vida para a humanidade.<\/p>\n<p>Celebrando S\u00e3o Pedro, celebramos o mist\u00e9rio da Igreja que se edifica sobre aquela verdade indestrut\u00edvel de f\u00e9 por ele proclamada, a saber, que Jesus \u00e9 o Messias Filho do Deus vivo.<\/p>\n<p>A morte-ressurrei\u00e7\u00e3o de Jesus (mist\u00e9rio pascal) \u00e9 a prova contundente desta verdade que, por isso mesmo, tornou-se fundamento, rocha firme sobre a qual a Comunidade crist\u00e3 se edifica. E o nome \u201cPedro\u201d (que significa \u201cpedra, rocha\u201d) dado por Jesus a Sim\u00e3o se tornou, ent\u00e3o, um verdadeiro s\u00edmbolo\/sacramento desta verdade eterna e invenc\u00edvel enraizada no seio da Igreja: Jesus \u00e9 o Messias Filho do Deus vivo. Isto significa que o reino do mal e da morte n\u00e3o \u00e9 todo-poderoso frente a este mist\u00e9rio da Igreja, que Pedro \u00e9 chamado a representar: \u201cO poder do inferno nunca poder\u00e1 venc\u00ea-la\u201d. Podem perseguir e matar os disc\u00edpulos mission\u00e1rios de Jesus, mas a raiz (o fundamento) da Igreja, a saber, o mist\u00e9rio de Cristo, isto ningu\u00e9m jamais mata!<\/p>\n<p>Pedro torna-se, assim, referencial (a chave!) daquilo que Cristo \u00e9: o Messias Filho do Deus vivo. Por isso mesmo, ele e seus sucessores tornam-se tamb\u00e9m os respons\u00e1veis \u00faltimos da Comunidade crist\u00e3, no que diz respeito \u00e0 orienta\u00e7\u00e3o dos fi\u00e9is para a vida em Deus, no caminho deste Cristo.<\/p>\n<p>Celebrando S\u00e3o Paulo, celebramos o fundamento da Igreja que se torna Corpo eclesial (cf. 1Cor 12,12-30), ao qual todos s\u00e3o chamados a se agregar pelo batismo, para que, unidos em Cristo num s\u00f3 Corpo, lutemos pelo reino da vida no meio da sociedade em que vivemos.<\/p>\n<p>Celebrando S\u00e3o Paulo, celebramos o mist\u00e9rio da Igreja que, feito Corpo de Cristo, \u00e9 uma Igreja eminentemente mission\u00e1ria, isto \u00e9, que procura por todos os meios expandir a justi\u00e7a do Evangelho dentro da sociedade humana. Por esta justi\u00e7a Paulo combateu o \u201cbom combate\u201d at\u00e9 o fim.<\/p>\n<p>E qual seria hoje o bom combate? Como no tempo de Pedro e Paulo, \u201c\u00e9 a luta pela justi\u00e7a e a verdade em meio a abusos, contradi\u00e7\u00f5es e deforma\u00e7\u00f5es: por um lado, a explora\u00e7\u00e3o desavergonhada, que at\u00e9 se serve dos s\u00edmbolos da nossa religi\u00e3o; por outro, a tenta\u00e7\u00e3o de largar tudo e dizer que a religi\u00e3o \u00e9 um obst\u00e1culo para a liberta\u00e7\u00e3o. Nossa luta \u00e9, precisamente, assumir a liberta\u00e7\u00e3o em nome de Jesus, sendo fi\u00e9is a ele; pois, na sua morte, ele realizou a solidariedade mais radical que podemos imaginar\u201d (J. Konings. <em>Liturgia dominical<\/em>. Petr\u00f3polis: Vozes, <sup>2<\/sup>2003, p. 490).<\/p>\n<p>Por isso, na alegria de festejarmos S\u00e3o Pedro e S\u00e3o Paulo, nesta Solenidade fazemos a Deus este pedido: \u201cConcedei \u00e0 vossa Igreja seguir em tudo os ensinamentos destes Ap\u00f3stolos que nos deram as prim\u00edcias da f\u00e9\u201d. Eis a miss\u00e3o da Igreja hoje: seguir em tudo os ensinamentos deixados por estes Ap\u00f3stolos.<\/p>\n<hr \/>\n<p><strong>Frei Jos\u00e9 Ariovaldo da Silva<\/strong>\u00a0<em>\u00e9 doutor em Liturgia pelo Pontificio Ateneo S. Anselmo (1981), em Roma;\u00a0 lecionou\u00a0 Liturgia no Instituto Teol\u00f3gico Franciscano (ITF), em Petr\u00f3polis (RJ). \u00c9 membro fundador da Associa\u00e7\u00e3o dos Liturgistas do Brasil (Asli), da qual foi primeiro presidente.<\/em><\/p>\n<p>&nbsp;<\/p>\n","protected":false},"excerpt":{"rendered":"<p>Artigo de Frei Jos\u00e9 Ariovaldo da Silva<\/p>\n","protected":false},"author":3,"featured_media":186882,"comment_status":"open","ping_status":"open","sticky":false,"template":"","format":"standard","meta":{"footnotes":""},"categories":[26],"tags":[236],"yoast_head":"<!-- This site is optimized with the Yoast SEO plugin v19.4 - https:\/\/yoast.com\/wordpress\/plugins\/seo\/ -->\n<title>S\u00e3o Pedro e S\u00e3o Paulo, fundadores da Igreja e amigos do Senhor - Vida Crist\u00e3 - Franciscanos<\/title>\n<meta name=\"robots\" content=\"index, follow, max-snippet:-1, max-image-preview:large, max-video-preview:-1\" \/>\n<link rel=\"canonical\" href=\"https:\/\/franciscanos.org.br\/vidacrista\/sao-pedro-e-sao-paulo-fundadores-da-igreja-e-amigos-do-senhor\/\" \/>\n<meta property=\"og:locale\" content=\"pt_BR\" \/>\n<meta property=\"og:type\" content=\"article\" \/>\n<meta property=\"og:title\" content=\"S\u00e3o Pedro e S\u00e3o Paulo, fundadores da Igreja e amigos do Senhor - Vida Crist\u00e3 - Franciscanos\" \/>\n<meta property=\"og:description\" content=\"Artigo de Frei Jos\u00e9 Ariovaldo da Silva\" \/>\n<meta property=\"og:url\" content=\"https:\/\/franciscanos.org.br\/vidacrista\/sao-pedro-e-sao-paulo-fundadores-da-igreja-e-amigos-do-senhor\/\" \/>\n<meta property=\"og:site_name\" content=\"Vida Crist\u00e3 - Franciscanos\" \/>\n<meta property=\"article:published_time\" content=\"2020-06-26T09:22:22+00:00\" \/>\n<meta property=\"article:modified_time\" content=\"2020-07-23T14:03:55+00:00\" \/>\n<meta property=\"og:image\" content=\"https:\/\/franciscanos.org.br\/vidacrista\/wp-content\/uploads\/2020\/06\/pedro_paulo_d-1.jpg\" \/>\n\t<meta property=\"og:image:width\" content=\"800\" \/>\n\t<meta property=\"og:image:height\" content=\"601\" \/>\n\t<meta property=\"og:image:type\" content=\"image\/jpeg\" \/>\n<meta name=\"author\" content=\"moacir\" \/>\n<meta name=\"twitter:card\" content=\"summary_large_image\" \/>\n<meta name=\"twitter:label1\" content=\"Escrito por\" \/>\n\t<meta name=\"twitter:data1\" content=\"moacir\" \/>\n\t<meta name=\"twitter:label2\" content=\"Est. tempo de leitura\" \/>\n\t<meta name=\"twitter:data2\" content=\"6 minutos\" \/>\n<script type=\"application\/ld+json\" class=\"yoast-schema-graph\">{\"@context\":\"https:\/\/schema.org\",\"@graph\":[{\"@type\":\"WebSite\",\"@id\":\"https:\/\/franciscanos.org.br\/vidacrista\/#website\",\"url\":\"https:\/\/franciscanos.org.br\/vidacrista\/\",\"name\":\"Vida Crist\u00e3 - Franciscanos\",\"description\":\"Prov\u00edncia Franciscana da Imaculada Concei\u00e7\u00e3o do Brasil - Ordem dos Frades Menores\",\"potentialAction\":[{\"@type\":\"SearchAction\",\"target\":{\"@type\":\"EntryPoint\",\"urlTemplate\":\"https:\/\/franciscanos.org.br\/vidacrista\/?s={search_term_string}\"},\"query-input\":\"required name=search_term_string\"}],\"inLanguage\":\"pt-BR\"},{\"@type\":\"WebPage\",\"@id\":\"https:\/\/franciscanos.org.br\/vidacrista\/sao-pedro-e-sao-paulo-fundadores-da-igreja-e-amigos-do-senhor\/\",\"url\":\"https:\/\/franciscanos.org.br\/vidacrista\/sao-pedro-e-sao-paulo-fundadores-da-igreja-e-amigos-do-senhor\/\",\"name\":\"S\u00e3o Pedro e S\u00e3o Paulo, fundadores da Igreja e amigos do Senhor - Vida Crist\u00e3 - Franciscanos\",\"isPartOf\":{\"@id\":\"https:\/\/franciscanos.org.br\/vidacrista\/#website\"},\"datePublished\":\"2020-06-26T09:22:22+00:00\",\"dateModified\":\"2020-07-23T14:03:55+00:00\",\"author\":{\"@id\":\"https:\/\/franciscanos.org.br\/vidacrista\/#\/schema\/person\/1880bdd2c350b735648725ef7614736a\"},\"breadcrumb\":{\"@id\":\"https:\/\/franciscanos.org.br\/vidacrista\/sao-pedro-e-sao-paulo-fundadores-da-igreja-e-amigos-do-senhor\/#breadcrumb\"},\"inLanguage\":\"pt-BR\",\"potentialAction\":[{\"@type\":\"ReadAction\",\"target\":[\"https:\/\/franciscanos.org.br\/vidacrista\/sao-pedro-e-sao-paulo-fundadores-da-igreja-e-amigos-do-senhor\/\"]}]},{\"@type\":\"BreadcrumbList\",\"@id\":\"https:\/\/franciscanos.org.br\/vidacrista\/sao-pedro-e-sao-paulo-fundadores-da-igreja-e-amigos-do-senhor\/#breadcrumb\",\"itemListElement\":[{\"@type\":\"ListItem\",\"position\":1,\"name\":\"Home\",\"item\":\"https:\/\/franciscanos.org.br\/vidacrista\/\"},{\"@type\":\"ListItem\",\"position\":2,\"name\":\"S\u00e3o Pedro e S\u00e3o Paulo, fundadores da Igreja e amigos do Senhor\"}]},{\"@type\":\"Person\",\"@id\":\"https:\/\/franciscanos.org.br\/vidacrista\/#\/schema\/person\/1880bdd2c350b735648725ef7614736a\",\"name\":\"moacir\",\"image\":{\"@type\":\"ImageObject\",\"inLanguage\":\"pt-BR\",\"@id\":\"https:\/\/franciscanos.org.br\/vidacrista\/#\/schema\/person\/image\/\",\"url\":\"https:\/\/secure.gravatar.com\/avatar\/d08aa2ce4c8dd416d4479aa8536fcf64?s=96&d=mm&r=g\",\"contentUrl\":\"https:\/\/secure.gravatar.com\/avatar\/d08aa2ce4c8dd416d4479aa8536fcf64?s=96&d=mm&r=g\",\"caption\":\"moacir\"},\"url\":\"https:\/\/franciscanos.org.br\/vidacrista\/author\/moacir\/\"}]}<\/script>\n<!-- \/ Yoast SEO plugin. -->","yoast_head_json":{"title":"S\u00e3o Pedro e S\u00e3o Paulo, fundadores da Igreja e amigos do Senhor - Vida Crist\u00e3 - Franciscanos","robots":{"index":"index","follow":"follow","max-snippet":"max-snippet:-1","max-image-preview":"max-image-preview:large","max-video-preview":"max-video-preview:-1"},"canonical":"https:\/\/franciscanos.org.br\/vidacrista\/sao-pedro-e-sao-paulo-fundadores-da-igreja-e-amigos-do-senhor\/","og_locale":"pt_BR","og_type":"article","og_title":"S\u00e3o Pedro e S\u00e3o Paulo, fundadores da Igreja e amigos do Senhor - Vida Crist\u00e3 - Franciscanos","og_description":"Artigo de Frei Jos\u00e9 Ariovaldo da Silva","og_url":"https:\/\/franciscanos.org.br\/vidacrista\/sao-pedro-e-sao-paulo-fundadores-da-igreja-e-amigos-do-senhor\/","og_site_name":"Vida Crist\u00e3 - Franciscanos","article_published_time":"2020-06-26T09:22:22+00:00","article_modified_time":"2020-07-23T14:03:55+00:00","og_image":[{"width":800,"height":601,"url":"https:\/\/franciscanos.org.br\/vidacrista\/wp-content\/uploads\/2020\/06\/pedro_paulo_d-1.jpg","type":"image\/jpeg"}],"author":"moacir","twitter_card":"summary_large_image","twitter_misc":{"Escrito por":"moacir","Est. tempo de leitura":"6 minutos"},"schema":{"@context":"https:\/\/schema.org","@graph":[{"@type":"WebSite","@id":"https:\/\/franciscanos.org.br\/vidacrista\/#website","url":"https:\/\/franciscanos.org.br\/vidacrista\/","name":"Vida Crist\u00e3 - Franciscanos","description":"Prov\u00edncia Franciscana da Imaculada Concei\u00e7\u00e3o do Brasil - Ordem dos Frades Menores","potentialAction":[{"@type":"SearchAction","target":{"@type":"EntryPoint","urlTemplate":"https:\/\/franciscanos.org.br\/vidacrista\/?s={search_term_string}"},"query-input":"required name=search_term_string"}],"inLanguage":"pt-BR"},{"@type":"WebPage","@id":"https:\/\/franciscanos.org.br\/vidacrista\/sao-pedro-e-sao-paulo-fundadores-da-igreja-e-amigos-do-senhor\/","url":"https:\/\/franciscanos.org.br\/vidacrista\/sao-pedro-e-sao-paulo-fundadores-da-igreja-e-amigos-do-senhor\/","name":"S\u00e3o Pedro e S\u00e3o Paulo, fundadores da Igreja e amigos do Senhor - Vida Crist\u00e3 - Franciscanos","isPartOf":{"@id":"https:\/\/franciscanos.org.br\/vidacrista\/#website"},"datePublished":"2020-06-26T09:22:22+00:00","dateModified":"2020-07-23T14:03:55+00:00","author":{"@id":"https:\/\/franciscanos.org.br\/vidacrista\/#\/schema\/person\/1880bdd2c350b735648725ef7614736a"},"breadcrumb":{"@id":"https:\/\/franciscanos.org.br\/vidacrista\/sao-pedro-e-sao-paulo-fundadores-da-igreja-e-amigos-do-senhor\/#breadcrumb"},"inLanguage":"pt-BR","potentialAction":[{"@type":"ReadAction","target":["https:\/\/franciscanos.org.br\/vidacrista\/sao-pedro-e-sao-paulo-fundadores-da-igreja-e-amigos-do-senhor\/"]}]},{"@type":"BreadcrumbList","@id":"https:\/\/franciscanos.org.br\/vidacrista\/sao-pedro-e-sao-paulo-fundadores-da-igreja-e-amigos-do-senhor\/#breadcrumb","itemListElement":[{"@type":"ListItem","position":1,"name":"Home","item":"https:\/\/franciscanos.org.br\/vidacrista\/"},{"@type":"ListItem","position":2,"name":"S\u00e3o Pedro e S\u00e3o Paulo, fundadores da Igreja e amigos do Senhor"}]},{"@type":"Person","@id":"https:\/\/franciscanos.org.br\/vidacrista\/#\/schema\/person\/1880bdd2c350b735648725ef7614736a","name":"moacir","image":{"@type":"ImageObject","inLanguage":"pt-BR","@id":"https:\/\/franciscanos.org.br\/vidacrista\/#\/schema\/person\/image\/","url":"https:\/\/secure.gravatar.com\/avatar\/d08aa2ce4c8dd416d4479aa8536fcf64?s=96&d=mm&r=g","contentUrl":"https:\/\/secure.gravatar.com\/avatar\/d08aa2ce4c8dd416d4479aa8536fcf64?s=96&d=mm&r=g","caption":"moacir"},"url":"https:\/\/franciscanos.org.br\/vidacrista\/author\/moacir\/"}]}},"_links":{"self":[{"href":"https:\/\/franciscanos.org.br\/vidacrista\/wp-json\/wp\/v2\/posts\/186135"}],"collection":[{"href":"https:\/\/franciscanos.org.br\/vidacrista\/wp-json\/wp\/v2\/posts"}],"about":[{"href":"https:\/\/franciscanos.org.br\/vidacrista\/wp-json\/wp\/v2\/types\/post"}],"author":[{"embeddable":true,"href":"https:\/\/franciscanos.org.br\/vidacrista\/wp-json\/wp\/v2\/users\/3"}],"replies":[{"embeddable":true,"href":"https:\/\/franciscanos.org.br\/vidacrista\/wp-json\/wp\/v2\/comments?post=186135"}],"version-history":[{"count":4,"href":"https:\/\/franciscanos.org.br\/vidacrista\/wp-json\/wp\/v2\/posts\/186135\/revisions"}],"predecessor-version":[{"id":186883,"href":"https:\/\/franciscanos.org.br\/vidacrista\/wp-json\/wp\/v2\/posts\/186135\/revisions\/186883"}],"wp:featuredmedia":[{"embeddable":true,"href":"https:\/\/franciscanos.org.br\/vidacrista\/wp-json\/wp\/v2\/media\/186882"}],"wp:attachment":[{"href":"https:\/\/franciscanos.org.br\/vidacrista\/wp-json\/wp\/v2\/media?parent=186135"}],"wp:term":[{"taxonomy":"category","embeddable":true,"href":"https:\/\/franciscanos.org.br\/vidacrista\/wp-json\/wp\/v2\/categories?post=186135"},{"taxonomy":"post_tag","embeddable":true,"href":"https:\/\/franciscanos.org.br\/vidacrista\/wp-json\/wp\/v2\/tags?post=186135"}],"curies":[{"name":"wp","href":"https:\/\/api.w.org\/{rel}","templated":true}]}}