{"id":186121,"date":"2016-02-29T14:38:39","date_gmt":"2016-02-29T17:38:39","guid":{"rendered":"https:\/\/franciscanos.org.br\/vidacrista\/?p=186121"},"modified":"2020-06-25T14:40:24","modified_gmt":"2020-06-25T17:40:24","slug":"liturgia-obra-de-deus","status":"publish","type":"post","link":"https:\/\/franciscanos.org.br\/vidacrista\/liturgia-obra-de-deus\/","title":{"rendered":"Liturgia, obra de Deus"},"content":{"rendered":"<p><img decoding=\"async\" loading=\"lazy\" src=\"http:\/\/franciscanos.org.br\/wp-content\/uploads\/2016\/02\/calice_29.jpg\" alt=\"calice_29\" width=\"820\" height=\"428\" \/><\/p>\n<p><strong>Frei Alberto Beckh\u00e4user, OFM<\/strong><\/p>\n<p>Antes de ser a\u00e7\u00e3o da Igreja, a Liturgia \u00e9 obra de Deus.<\/p>\n<p>A palavra liturgia \u00e9 composta de dois termos: <em>l\u00eaiton<\/em>, da\u00ed <em>la\u00f3s<\/em>, que em grego significa <strong>povo<\/strong>, o p\u00fablico, a comunidade, e <em>\u00e9rgon<\/em>, que significa,<strong> obra<\/strong>, <strong>a\u00e7\u00e3o. <\/strong>Ent\u00e3o, <em>liturgia<\/em> significa <strong>obra <\/strong>ou <strong>a\u00e7\u00e3o em favor do povo<\/strong>.<\/p>\n<p>Na Gr\u00e9cia antiga usava-se a palavra <em>liturgia <\/em>ao menos em tr\u00eas sentidos: qualquer obra em favor do povo; um servi\u00e7o religioso sacerdotal em favor do povo; e qualquer servi\u00e7o de algu\u00e9m em favor de outra pessoa.<\/p>\n<p>Na B\u00edblia do Antigo Testamento a palavra <em>liturgia <\/em>era usada nestes dois sentidos: o servi\u00e7o religioso em favor ou em nome do povo, e qualquer servi\u00e7o prestado ao pr\u00f3ximo.<\/p>\n<p>A Carta aos Hebreus chama <em>liturgia<\/em> o servi\u00e7o da Salva\u00e7\u00e3o que Jesus Cristo prestou \u00e0 humanidade atrav\u00e9s do mist\u00e9rio da Encarna\u00e7\u00e3o, Vida, Paix\u00e3o-Morte, Ressurrei\u00e7\u00e3o, Ascens\u00e3o aos C\u00e9us e Envio do Esp\u00edrito Santo. Por essa sua atitude de obedi\u00eancia ao Pai, Jesus restabeleceu a comunh\u00e3o da humanidade com Deus. A essa a\u00e7\u00e3o chamamos Mist\u00e9rio Pascal.<\/p>\n<p>Jesus, por sua vez, na for\u00e7a do Esp\u00edrito Santo, confiou aos Ap\u00f3stolos este seu servi\u00e7o de Salva\u00e7\u00e3o \u00e0 humanidade.<\/p>\n<p>A Igreja, por sua vez, exerce esta fun\u00e7\u00e3o de servi\u00e7o de salva\u00e7\u00e3o \u00e0 humanidade de duas maneiras.<\/p>\n<p>Primeiro, atrav\u00e9s do memorial testament\u00e1rio. O testamento de Jesus \u00e9 o novo mandamento, o mandamento do amor: \u201cAmai-vos uns aos outros como eu vos amei\u201d. A a\u00e7\u00e3o da caridade constitui uma verdadeira <em>liturgia<\/em>: Servi\u00e7o de salva\u00e7\u00e3o \u00e0 humanidade. \u00c9 a Liturgia vivida. Dessa forma, a Igreja, comunidade de amor, \u00e9 sacramento, \u00e9 sinal e instrumento de salva\u00e7\u00e3o.<\/p>\n<p>A segunda maneira de prestar este servi\u00e7o de salva\u00e7\u00e3o \u00e0 humanidade \u00e9 pelo memorial celebrativo ou ritual. Fazendo mem\u00f3ria da Obra da salva\u00e7\u00e3o de Deus, atrav\u00e9s de sinais sens\u00edveis e significativos da obra da Salva\u00e7\u00e3o, a Igreja torna presente, atualiza esta obra. \u00c9 aquilo que a Igreja chama, propriamente, de <strong>Liturgia<\/strong>. Assim, a Liturgia supera infinitamente a n\u00f3s; ela \u00e9 obra da Sant\u00edssima Trindade, \u00e9 obra de Jesus Cristo. A Liturgia \u00e9 um Dom de Deus concedido \u00e0 humanidade por Cristo e em Cristo, na for\u00e7a do Esp\u00edrito Santo.<\/p>\n<p>Pela celebra\u00e7\u00e3o da Obra de Deus da Salva\u00e7\u00e3o realiza-se a comunh\u00e3o de amor e de vida entre Deus e a humanidade. Por isso, n\u00e3o devemos querer apropriar-nos da Liturgia, mas deixar-nos possuir por ela. A Liturgia n\u00e3o nos pertence. N\u00e3o podemos querer conduzir a Liturgia, mas deixar-nos conduzir por ela.<\/p>\n<p>A Liturgia tem sua fonte em Deus mesmo, na Sant\u00edssima Trindade. Deus \u00e9 Liturgia, intercomunh\u00e3o de vida e de amor entre as Tr\u00eas Pessoas da Sant\u00edssima Trindade. Na plenitude dos tempos, Deus \u00e9 Liturgia no mist\u00e9rio da Encarna\u00e7\u00e3o do Filho, por Quem e para Quem todas as coisas foram feitas. Deus serve \u00e0 humanidade n\u00e3o s\u00f3 na obra da cria\u00e7\u00e3o, mas tamb\u00e9m na obra da Salva\u00e7\u00e3o por Cristo e em Cristo. Deus, a Trindade Santa, \u00e9 Liturgia atrav\u00e9s da obra da Salva\u00e7\u00e3o do Filho feito homem, por quem Deus reconcilia toda a humanidade consigo mesmo e restabelece a comunh\u00e3o divino-humana. Por esta obra Jesus presta o verdadeiro culto ao Pai em esp\u00edrito e verdade, culto este que Cristo deixa a toda a humanidade como Dom.<\/p>\n<p>Pela Liturgia celebrada, a Igreja atualiza este culto de Jesus Cristo prestado ao Pai e participa sacramentalmente dele. A Liturgia celebrada \u00e9 o momento hist\u00f3rico da Salva\u00e7\u00e3o no qual o ser humano \u00e9 santificado e Deus \u00e9 glorificado.<\/p>\n<hr \/>\n<p style=\"padding-left: 30px;\">\u00a0<strong>Frei Alberto Beckh\u00e4user<\/strong>, OFM, \u00e9 natural de Forquilhinha (SC). Doutorado em Teologia com especializa\u00e7\u00e3o em Liturgia, desde 1967 acompanha de perto a grande caminhada p\u00f3s-conciliar da reforma e \u00a0da renova\u00e7\u00e3o lit\u00fargica no Brasil, da qual se tornou um dos protagonistas. Frei Alberto continua a escrever, a dar cursos e palestras e a lecionar Liturgia em v\u00e1rias Escolas Teol\u00f3gicas, particularmente no Instituto Teol\u00f3gico Franciscano, em Petr\u00f3polis (RJ).<\/p>\n","protected":false},"excerpt":{"rendered":"<p>Artigo de Frei Alberto Beckh\u00e4user<\/p>\n","protected":false},"author":3,"featured_media":186122,"comment_status":"open","ping_status":"open","sticky":false,"template":"","format":"standard","meta":{"footnotes":""},"categories":[26],"tags":[73],"yoast_head":"<!-- This site is optimized with the Yoast SEO plugin v19.4 - https:\/\/yoast.com\/wordpress\/plugins\/seo\/ -->\n<title>Liturgia, obra de Deus - Vida Crist\u00e3 - Franciscanos<\/title>\n<meta name=\"robots\" content=\"index, follow, max-snippet:-1, max-image-preview:large, max-video-preview:-1\" \/>\n<link rel=\"canonical\" href=\"https:\/\/franciscanos.org.br\/vidacrista\/liturgia-obra-de-deus\/\" \/>\n<meta property=\"og:locale\" content=\"pt_BR\" \/>\n<meta property=\"og:type\" content=\"article\" \/>\n<meta property=\"og:title\" content=\"Liturgia, obra de Deus - Vida Crist\u00e3 - Franciscanos\" \/>\n<meta property=\"og:description\" content=\"Artigo de Frei Alberto Beckh\u00e4user\" \/>\n<meta property=\"og:url\" content=\"https:\/\/franciscanos.org.br\/vidacrista\/liturgia-obra-de-deus\/\" \/>\n<meta property=\"og:site_name\" content=\"Vida Crist\u00e3 - Franciscanos\" \/>\n<meta property=\"article:published_time\" content=\"2016-02-29T17:38:39+00:00\" \/>\n<meta property=\"article:modified_time\" content=\"2020-06-25T17:40:24+00:00\" \/>\n<meta property=\"og:image\" content=\"https:\/\/franciscanos.org.br\/vidacrista\/wp-content\/uploads\/2020\/06\/calice_29.jpg\" \/>\n\t<meta property=\"og:image:width\" content=\"273\" \/>\n\t<meta property=\"og:image:height\" content=\"181\" \/>\n\t<meta property=\"og:image:type\" content=\"image\/jpeg\" \/>\n<meta name=\"author\" content=\"moacir\" \/>\n<meta name=\"twitter:card\" content=\"summary_large_image\" \/>\n<meta name=\"twitter:label1\" content=\"Escrito por\" \/>\n\t<meta name=\"twitter:data1\" content=\"moacir\" \/>\n\t<meta name=\"twitter:label2\" content=\"Est. tempo de leitura\" \/>\n\t<meta name=\"twitter:data2\" content=\"3 minutos\" \/>\n<script type=\"application\/ld+json\" class=\"yoast-schema-graph\">{\"@context\":\"https:\/\/schema.org\",\"@graph\":[{\"@type\":\"WebSite\",\"@id\":\"https:\/\/franciscanos.org.br\/vidacrista\/#website\",\"url\":\"https:\/\/franciscanos.org.br\/vidacrista\/\",\"name\":\"Vida Crist\u00e3 - Franciscanos\",\"description\":\"Prov\u00edncia Franciscana da Imaculada Concei\u00e7\u00e3o do Brasil - Ordem dos Frades Menores\",\"potentialAction\":[{\"@type\":\"SearchAction\",\"target\":{\"@type\":\"EntryPoint\",\"urlTemplate\":\"https:\/\/franciscanos.org.br\/vidacrista\/?s={search_term_string}\"},\"query-input\":\"required name=search_term_string\"}],\"inLanguage\":\"pt-BR\"},{\"@type\":\"WebPage\",\"@id\":\"https:\/\/franciscanos.org.br\/vidacrista\/liturgia-obra-de-deus\/\",\"url\":\"https:\/\/franciscanos.org.br\/vidacrista\/liturgia-obra-de-deus\/\",\"name\":\"Liturgia, obra de Deus - Vida Crist\u00e3 - Franciscanos\",\"isPartOf\":{\"@id\":\"https:\/\/franciscanos.org.br\/vidacrista\/#website\"},\"datePublished\":\"2016-02-29T17:38:39+00:00\",\"dateModified\":\"2020-06-25T17:40:24+00:00\",\"author\":{\"@id\":\"https:\/\/franciscanos.org.br\/vidacrista\/#\/schema\/person\/1880bdd2c350b735648725ef7614736a\"},\"breadcrumb\":{\"@id\":\"https:\/\/franciscanos.org.br\/vidacrista\/liturgia-obra-de-deus\/#breadcrumb\"},\"inLanguage\":\"pt-BR\",\"potentialAction\":[{\"@type\":\"ReadAction\",\"target\":[\"https:\/\/franciscanos.org.br\/vidacrista\/liturgia-obra-de-deus\/\"]}]},{\"@type\":\"BreadcrumbList\",\"@id\":\"https:\/\/franciscanos.org.br\/vidacrista\/liturgia-obra-de-deus\/#breadcrumb\",\"itemListElement\":[{\"@type\":\"ListItem\",\"position\":1,\"name\":\"Home\",\"item\":\"https:\/\/franciscanos.org.br\/vidacrista\/\"},{\"@type\":\"ListItem\",\"position\":2,\"name\":\"Liturgia, obra de Deus\"}]},{\"@type\":\"Person\",\"@id\":\"https:\/\/franciscanos.org.br\/vidacrista\/#\/schema\/person\/1880bdd2c350b735648725ef7614736a\",\"name\":\"moacir\",\"image\":{\"@type\":\"ImageObject\",\"inLanguage\":\"pt-BR\",\"@id\":\"https:\/\/franciscanos.org.br\/vidacrista\/#\/schema\/person\/image\/\",\"url\":\"https:\/\/secure.gravatar.com\/avatar\/d08aa2ce4c8dd416d4479aa8536fcf64?s=96&d=mm&r=g\",\"contentUrl\":\"https:\/\/secure.gravatar.com\/avatar\/d08aa2ce4c8dd416d4479aa8536fcf64?s=96&d=mm&r=g\",\"caption\":\"moacir\"},\"url\":\"https:\/\/franciscanos.org.br\/vidacrista\/author\/moacir\/\"}]}<\/script>\n<!-- \/ Yoast SEO plugin. -->","yoast_head_json":{"title":"Liturgia, obra de Deus - Vida Crist\u00e3 - Franciscanos","robots":{"index":"index","follow":"follow","max-snippet":"max-snippet:-1","max-image-preview":"max-image-preview:large","max-video-preview":"max-video-preview:-1"},"canonical":"https:\/\/franciscanos.org.br\/vidacrista\/liturgia-obra-de-deus\/","og_locale":"pt_BR","og_type":"article","og_title":"Liturgia, obra de Deus - Vida Crist\u00e3 - Franciscanos","og_description":"Artigo de Frei Alberto Beckh\u00e4user","og_url":"https:\/\/franciscanos.org.br\/vidacrista\/liturgia-obra-de-deus\/","og_site_name":"Vida Crist\u00e3 - Franciscanos","article_published_time":"2016-02-29T17:38:39+00:00","article_modified_time":"2020-06-25T17:40:24+00:00","og_image":[{"width":273,"height":181,"url":"https:\/\/franciscanos.org.br\/vidacrista\/wp-content\/uploads\/2020\/06\/calice_29.jpg","type":"image\/jpeg"}],"author":"moacir","twitter_card":"summary_large_image","twitter_misc":{"Escrito por":"moacir","Est. tempo de leitura":"3 minutos"},"schema":{"@context":"https:\/\/schema.org","@graph":[{"@type":"WebSite","@id":"https:\/\/franciscanos.org.br\/vidacrista\/#website","url":"https:\/\/franciscanos.org.br\/vidacrista\/","name":"Vida Crist\u00e3 - Franciscanos","description":"Prov\u00edncia Franciscana da Imaculada Concei\u00e7\u00e3o do Brasil - Ordem dos Frades Menores","potentialAction":[{"@type":"SearchAction","target":{"@type":"EntryPoint","urlTemplate":"https:\/\/franciscanos.org.br\/vidacrista\/?s={search_term_string}"},"query-input":"required name=search_term_string"}],"inLanguage":"pt-BR"},{"@type":"WebPage","@id":"https:\/\/franciscanos.org.br\/vidacrista\/liturgia-obra-de-deus\/","url":"https:\/\/franciscanos.org.br\/vidacrista\/liturgia-obra-de-deus\/","name":"Liturgia, obra de Deus - Vida Crist\u00e3 - Franciscanos","isPartOf":{"@id":"https:\/\/franciscanos.org.br\/vidacrista\/#website"},"datePublished":"2016-02-29T17:38:39+00:00","dateModified":"2020-06-25T17:40:24+00:00","author":{"@id":"https:\/\/franciscanos.org.br\/vidacrista\/#\/schema\/person\/1880bdd2c350b735648725ef7614736a"},"breadcrumb":{"@id":"https:\/\/franciscanos.org.br\/vidacrista\/liturgia-obra-de-deus\/#breadcrumb"},"inLanguage":"pt-BR","potentialAction":[{"@type":"ReadAction","target":["https:\/\/franciscanos.org.br\/vidacrista\/liturgia-obra-de-deus\/"]}]},{"@type":"BreadcrumbList","@id":"https:\/\/franciscanos.org.br\/vidacrista\/liturgia-obra-de-deus\/#breadcrumb","itemListElement":[{"@type":"ListItem","position":1,"name":"Home","item":"https:\/\/franciscanos.org.br\/vidacrista\/"},{"@type":"ListItem","position":2,"name":"Liturgia, obra de Deus"}]},{"@type":"Person","@id":"https:\/\/franciscanos.org.br\/vidacrista\/#\/schema\/person\/1880bdd2c350b735648725ef7614736a","name":"moacir","image":{"@type":"ImageObject","inLanguage":"pt-BR","@id":"https:\/\/franciscanos.org.br\/vidacrista\/#\/schema\/person\/image\/","url":"https:\/\/secure.gravatar.com\/avatar\/d08aa2ce4c8dd416d4479aa8536fcf64?s=96&d=mm&r=g","contentUrl":"https:\/\/secure.gravatar.com\/avatar\/d08aa2ce4c8dd416d4479aa8536fcf64?s=96&d=mm&r=g","caption":"moacir"},"url":"https:\/\/franciscanos.org.br\/vidacrista\/author\/moacir\/"}]}},"_links":{"self":[{"href":"https:\/\/franciscanos.org.br\/vidacrista\/wp-json\/wp\/v2\/posts\/186121"}],"collection":[{"href":"https:\/\/franciscanos.org.br\/vidacrista\/wp-json\/wp\/v2\/posts"}],"about":[{"href":"https:\/\/franciscanos.org.br\/vidacrista\/wp-json\/wp\/v2\/types\/post"}],"author":[{"embeddable":true,"href":"https:\/\/franciscanos.org.br\/vidacrista\/wp-json\/wp\/v2\/users\/3"}],"replies":[{"embeddable":true,"href":"https:\/\/franciscanos.org.br\/vidacrista\/wp-json\/wp\/v2\/comments?post=186121"}],"version-history":[{"count":1,"href":"https:\/\/franciscanos.org.br\/vidacrista\/wp-json\/wp\/v2\/posts\/186121\/revisions"}],"predecessor-version":[{"id":186123,"href":"https:\/\/franciscanos.org.br\/vidacrista\/wp-json\/wp\/v2\/posts\/186121\/revisions\/186123"}],"wp:featuredmedia":[{"embeddable":true,"href":"https:\/\/franciscanos.org.br\/vidacrista\/wp-json\/wp\/v2\/media\/186122"}],"wp:attachment":[{"href":"https:\/\/franciscanos.org.br\/vidacrista\/wp-json\/wp\/v2\/media?parent=186121"}],"wp:term":[{"taxonomy":"category","embeddable":true,"href":"https:\/\/franciscanos.org.br\/vidacrista\/wp-json\/wp\/v2\/categories?post=186121"},{"taxonomy":"post_tag","embeddable":true,"href":"https:\/\/franciscanos.org.br\/vidacrista\/wp-json\/wp\/v2\/tags?post=186121"}],"curies":[{"name":"wp","href":"https:\/\/api.w.org\/{rel}","templated":true}]}}