{"id":186115,"date":"2016-03-08T14:33:53","date_gmt":"2016-03-08T17:33:53","guid":{"rendered":"https:\/\/franciscanos.org.br\/vidacrista\/?p=186115"},"modified":"2020-06-25T14:35:52","modified_gmt":"2020-06-25T17:35:52","slug":"comunicacao-liturgica","status":"publish","type":"post","link":"https:\/\/franciscanos.org.br\/vidacrista\/comunicacao-liturgica\/","title":{"rendered":"Comunica\u00e7\u00e3o lit\u00fargica"},"content":{"rendered":"<p><img decoding=\"async\" loading=\"lazy\" src=\"http:\/\/franciscanos.org.br\/wp-content\/uploads\/2016\/03\/criacao.jpg\" alt=\"criacao\" width=\"820\" height=\"393\" \/><\/p>\n<p><strong>Frei Alberto Beckh\u00e4user<\/strong><\/p>\n<p>Para se compreender o que \u00e9 a comunica\u00e7\u00e3o lit\u00fargica importa penetrar na no\u00e7\u00e3o de comunica\u00e7\u00e3o. O que \u00e9 comunica\u00e7\u00e3o? N\u00e3o \u00e9 mera informa\u00e7\u00e3o ou simples rela\u00e7\u00e3o com algu\u00e9m.<\/p>\n<p>Comunica\u00e7\u00e3o, como a comunh\u00e3o, n\u00e3o vem de <em>comum uni\u00e3o<\/em>, mas de comum m\u00fanus, de m\u00fanus comum. M\u00fanus significa fun\u00e7\u00e3o, of\u00edcio, tarefa. Comunh\u00e3o n\u00e3o \u00e9 mera uni\u00e3o ou justaposi\u00e7\u00e3o, mas \u00e9 intercomunh\u00e3o solid\u00e1ria, rec\u00edproca. Duas realidades, duas pessoas tornam-se um s\u00f3. \u00c9 dois em um ou um em dois, sem que cada um perca a sua identidade.<\/p>\n<p>Na Liturgia \u00e9 Deus que se comunica ao ser humano e o ser humano entra em comunh\u00e3o com Deus. A maior comunica\u00e7\u00e3o entre Deus e o ser humano se deu em Cristo Jesus, no mist\u00e9rio da Encarna\u00e7\u00e3o.<\/p>\n<p>Na a\u00e7\u00e3o lit\u00fargica, por Cristo e em Cristo, Deus continua a entrar em comunh\u00e3o com o ser humano, continua a encarnar-se no mundo e nos seres humanos.<\/p>\n<p>Esta comunica\u00e7\u00e3o divina com o ser humano realiza-se na Liturgia atrav\u00e9s de sinais sens\u00edveis e significativos da comunica\u00e7\u00e3o de Deus com a humanidade em Cristo Jesus, quando a Igreja celebra a comunica\u00e7\u00e3o de Deus realizada na Hist\u00f3ria por Cristo e em Cristo. Comunica\u00e7\u00e3o lit\u00fargica \u00e9 entrar em comunh\u00e3o com o mist\u00e9rio, \u00e9 entrar em comunh\u00e3o com Deus.<\/p>\n<p>Outra coisa \u00e9 a arte da comunica\u00e7\u00e3o na Liturgia. Ela certamente \u00e9 importante, mas n\u00e3o deve ser confundida com a comunica\u00e7\u00e3o lit\u00fargica.<\/p>\n<p>A arte da comunica\u00e7\u00e3o torna os sinais sens\u00edveis da comunica\u00e7\u00e3o de Deus mais significativos. Cada rito bem executado e vivido no seu sentido torna-se comunica\u00e7\u00e3o com Deus, torna-se ora\u00e7\u00e3o, experi\u00eancia de comunh\u00e3o com Deus.<\/p>\n<p>Participar \u00e9 tomar parte. Tomar parte de qu\u00ea? Da vida de Deus; \u00e9 compor o mist\u00e9rio. A participa\u00e7\u00e3o da Liturgia consiste em entrar em comunh\u00e3o com o mist\u00e9rio, tomar parte da vida de Deus. Cristo em n\u00f3s se torna esperan\u00e7a da gl\u00f3ria, da comunh\u00e3o eterna com Deus.<\/p>\n<p>Esta participa\u00e7\u00e3o n\u00e3o se d\u00e1 s\u00f3 atrav\u00e9s da palavra, do canto. D\u00e1-se atrav\u00e9s de todas as faculdades e sentidos do ser humano. D\u00e1-se atrav\u00e9s do ouvido, da vista, do olfato, do paladar, do tato, dos gestos, das a\u00e7\u00f5es, das posturas do corpo, dos movimentos, da arte da cor, da arte do som e do sil\u00eancio.<\/p>\n<p>A linguagem da Liturgia engloba o ser humano em sua totalidade. Ele reza, ele se comunica com Deus em sua totalidade, ou seja, de alma e corpo. Deus, por sua vez, atinge o ser humano no seu todo. A Liturgia \u00e9 antes de tudo obra de Deus que santifica o ser humano, o assume em si mesmo e o leva a glorific\u00e1-lo, na glorifica\u00e7\u00e3o do Pai, realizada por Cristo Jesus.<\/p>\n<p>Comunica\u00e7\u00e3o lit\u00fargica \u00e9 antes de tudo deixar que Deus entre em comunh\u00e3o com a gente, deixar que Deus nos envolva em sua vida e no seu amor. Comunica\u00e7\u00e3o lit\u00fargica \u00e9 deixar-se possuir por Deus, deixar-se divinizar. O ativo concentra-se, sobretudo, na atitude receptiva de acolhimento do Dom de Deus. Por isso, n\u00e3o h\u00e1 necessidade de viol\u00eancia, como se acord\u00e1ssemos Deus e fiz\u00e9ssemos Deus agir atrav\u00e9s das muitas palavras. A linguagem do sil\u00eancio \u00e9, muitas vezes, bem mais ativa do que muito som.<\/p>\n<hr \/>\n<p style=\"padding-left: 30px;\">\u00a0\u00a0<strong>Frei Alberto Beckh\u00e4user<\/strong>, OFM, \u00e9 natural de Forquilhinha (SC). Doutorado em Teologia com especializa\u00e7\u00e3o em Liturgia, desde 1967 acompanha de perto a grande caminhada p\u00f3s-conciliar da reforma e \u00a0da renova\u00e7\u00e3o lit\u00fargica no Brasil, da qual se tornou um dos protagonistas. Frei Alberto continua a escrever, a dar cursos e palestras e a lecionar Liturgia em v\u00e1rias Escolas Teol\u00f3gicas, particularmente no Instituto Teol\u00f3gico Franciscano, em Petr\u00f3polis (RJ).<\/p>\n","protected":false},"excerpt":{"rendered":"<p>Artigo de Frei Alberto Beckh\u00e4user<\/p>\n","protected":false},"author":3,"featured_media":186116,"comment_status":"open","ping_status":"open","sticky":false,"template":"","format":"standard","meta":{"footnotes":""},"categories":[26],"tags":[73],"yoast_head":"<!-- This site is optimized with the Yoast SEO plugin v19.4 - https:\/\/yoast.com\/wordpress\/plugins\/seo\/ -->\n<title>Comunica\u00e7\u00e3o lit\u00fargica - Vida Crist\u00e3 - Franciscanos<\/title>\n<meta name=\"robots\" content=\"index, follow, max-snippet:-1, max-image-preview:large, max-video-preview:-1\" \/>\n<link rel=\"canonical\" href=\"https:\/\/franciscanos.org.br\/vidacrista\/comunicacao-liturgica\/\" \/>\n<meta property=\"og:locale\" content=\"pt_BR\" \/>\n<meta property=\"og:type\" content=\"article\" \/>\n<meta property=\"og:title\" content=\"Comunica\u00e7\u00e3o lit\u00fargica - Vida Crist\u00e3 - Franciscanos\" \/>\n<meta property=\"og:description\" content=\"Artigo de Frei Alberto Beckh\u00e4user\" \/>\n<meta property=\"og:url\" content=\"https:\/\/franciscanos.org.br\/vidacrista\/comunicacao-liturgica\/\" \/>\n<meta property=\"og:site_name\" content=\"Vida Crist\u00e3 - Franciscanos\" \/>\n<meta property=\"article:published_time\" content=\"2016-03-08T17:33:53+00:00\" \/>\n<meta property=\"article:modified_time\" content=\"2020-06-25T17:35:52+00:00\" \/>\n<meta property=\"og:image\" content=\"https:\/\/franciscanos.org.br\/vidacrista\/wp-content\/uploads\/2020\/06\/criacao.jpg\" \/>\n\t<meta property=\"og:image:width\" content=\"273\" \/>\n\t<meta property=\"og:image:height\" content=\"181\" \/>\n\t<meta property=\"og:image:type\" content=\"image\/jpeg\" \/>\n<meta name=\"author\" content=\"moacir\" \/>\n<meta name=\"twitter:card\" content=\"summary_large_image\" \/>\n<meta name=\"twitter:label1\" content=\"Escrito por\" \/>\n\t<meta name=\"twitter:data1\" content=\"moacir\" \/>\n\t<meta name=\"twitter:label2\" content=\"Est. tempo de leitura\" \/>\n\t<meta name=\"twitter:data2\" content=\"3 minutos\" \/>\n<script type=\"application\/ld+json\" class=\"yoast-schema-graph\">{\"@context\":\"https:\/\/schema.org\",\"@graph\":[{\"@type\":\"WebSite\",\"@id\":\"https:\/\/franciscanos.org.br\/vidacrista\/#website\",\"url\":\"https:\/\/franciscanos.org.br\/vidacrista\/\",\"name\":\"Vida Crist\u00e3 - Franciscanos\",\"description\":\"Prov\u00edncia Franciscana da Imaculada Concei\u00e7\u00e3o do Brasil - Ordem dos Frades Menores\",\"potentialAction\":[{\"@type\":\"SearchAction\",\"target\":{\"@type\":\"EntryPoint\",\"urlTemplate\":\"https:\/\/franciscanos.org.br\/vidacrista\/?s={search_term_string}\"},\"query-input\":\"required name=search_term_string\"}],\"inLanguage\":\"pt-BR\"},{\"@type\":\"WebPage\",\"@id\":\"https:\/\/franciscanos.org.br\/vidacrista\/comunicacao-liturgica\/\",\"url\":\"https:\/\/franciscanos.org.br\/vidacrista\/comunicacao-liturgica\/\",\"name\":\"Comunica\u00e7\u00e3o lit\u00fargica - Vida Crist\u00e3 - Franciscanos\",\"isPartOf\":{\"@id\":\"https:\/\/franciscanos.org.br\/vidacrista\/#website\"},\"datePublished\":\"2016-03-08T17:33:53+00:00\",\"dateModified\":\"2020-06-25T17:35:52+00:00\",\"author\":{\"@id\":\"https:\/\/franciscanos.org.br\/vidacrista\/#\/schema\/person\/1880bdd2c350b735648725ef7614736a\"},\"breadcrumb\":{\"@id\":\"https:\/\/franciscanos.org.br\/vidacrista\/comunicacao-liturgica\/#breadcrumb\"},\"inLanguage\":\"pt-BR\",\"potentialAction\":[{\"@type\":\"ReadAction\",\"target\":[\"https:\/\/franciscanos.org.br\/vidacrista\/comunicacao-liturgica\/\"]}]},{\"@type\":\"BreadcrumbList\",\"@id\":\"https:\/\/franciscanos.org.br\/vidacrista\/comunicacao-liturgica\/#breadcrumb\",\"itemListElement\":[{\"@type\":\"ListItem\",\"position\":1,\"name\":\"Home\",\"item\":\"https:\/\/franciscanos.org.br\/vidacrista\/\"},{\"@type\":\"ListItem\",\"position\":2,\"name\":\"Comunica\u00e7\u00e3o lit\u00fargica\"}]},{\"@type\":\"Person\",\"@id\":\"https:\/\/franciscanos.org.br\/vidacrista\/#\/schema\/person\/1880bdd2c350b735648725ef7614736a\",\"name\":\"moacir\",\"image\":{\"@type\":\"ImageObject\",\"inLanguage\":\"pt-BR\",\"@id\":\"https:\/\/franciscanos.org.br\/vidacrista\/#\/schema\/person\/image\/\",\"url\":\"https:\/\/secure.gravatar.com\/avatar\/d08aa2ce4c8dd416d4479aa8536fcf64?s=96&d=mm&r=g\",\"contentUrl\":\"https:\/\/secure.gravatar.com\/avatar\/d08aa2ce4c8dd416d4479aa8536fcf64?s=96&d=mm&r=g\",\"caption\":\"moacir\"},\"url\":\"https:\/\/franciscanos.org.br\/vidacrista\/author\/moacir\/\"}]}<\/script>\n<!-- \/ Yoast SEO plugin. -->","yoast_head_json":{"title":"Comunica\u00e7\u00e3o lit\u00fargica - Vida Crist\u00e3 - Franciscanos","robots":{"index":"index","follow":"follow","max-snippet":"max-snippet:-1","max-image-preview":"max-image-preview:large","max-video-preview":"max-video-preview:-1"},"canonical":"https:\/\/franciscanos.org.br\/vidacrista\/comunicacao-liturgica\/","og_locale":"pt_BR","og_type":"article","og_title":"Comunica\u00e7\u00e3o lit\u00fargica - Vida Crist\u00e3 - Franciscanos","og_description":"Artigo de Frei Alberto Beckh\u00e4user","og_url":"https:\/\/franciscanos.org.br\/vidacrista\/comunicacao-liturgica\/","og_site_name":"Vida Crist\u00e3 - Franciscanos","article_published_time":"2016-03-08T17:33:53+00:00","article_modified_time":"2020-06-25T17:35:52+00:00","og_image":[{"width":273,"height":181,"url":"https:\/\/franciscanos.org.br\/vidacrista\/wp-content\/uploads\/2020\/06\/criacao.jpg","type":"image\/jpeg"}],"author":"moacir","twitter_card":"summary_large_image","twitter_misc":{"Escrito por":"moacir","Est. tempo de leitura":"3 minutos"},"schema":{"@context":"https:\/\/schema.org","@graph":[{"@type":"WebSite","@id":"https:\/\/franciscanos.org.br\/vidacrista\/#website","url":"https:\/\/franciscanos.org.br\/vidacrista\/","name":"Vida Crist\u00e3 - Franciscanos","description":"Prov\u00edncia Franciscana da Imaculada Concei\u00e7\u00e3o do Brasil - Ordem dos Frades Menores","potentialAction":[{"@type":"SearchAction","target":{"@type":"EntryPoint","urlTemplate":"https:\/\/franciscanos.org.br\/vidacrista\/?s={search_term_string}"},"query-input":"required name=search_term_string"}],"inLanguage":"pt-BR"},{"@type":"WebPage","@id":"https:\/\/franciscanos.org.br\/vidacrista\/comunicacao-liturgica\/","url":"https:\/\/franciscanos.org.br\/vidacrista\/comunicacao-liturgica\/","name":"Comunica\u00e7\u00e3o lit\u00fargica - Vida Crist\u00e3 - Franciscanos","isPartOf":{"@id":"https:\/\/franciscanos.org.br\/vidacrista\/#website"},"datePublished":"2016-03-08T17:33:53+00:00","dateModified":"2020-06-25T17:35:52+00:00","author":{"@id":"https:\/\/franciscanos.org.br\/vidacrista\/#\/schema\/person\/1880bdd2c350b735648725ef7614736a"},"breadcrumb":{"@id":"https:\/\/franciscanos.org.br\/vidacrista\/comunicacao-liturgica\/#breadcrumb"},"inLanguage":"pt-BR","potentialAction":[{"@type":"ReadAction","target":["https:\/\/franciscanos.org.br\/vidacrista\/comunicacao-liturgica\/"]}]},{"@type":"BreadcrumbList","@id":"https:\/\/franciscanos.org.br\/vidacrista\/comunicacao-liturgica\/#breadcrumb","itemListElement":[{"@type":"ListItem","position":1,"name":"Home","item":"https:\/\/franciscanos.org.br\/vidacrista\/"},{"@type":"ListItem","position":2,"name":"Comunica\u00e7\u00e3o lit\u00fargica"}]},{"@type":"Person","@id":"https:\/\/franciscanos.org.br\/vidacrista\/#\/schema\/person\/1880bdd2c350b735648725ef7614736a","name":"moacir","image":{"@type":"ImageObject","inLanguage":"pt-BR","@id":"https:\/\/franciscanos.org.br\/vidacrista\/#\/schema\/person\/image\/","url":"https:\/\/secure.gravatar.com\/avatar\/d08aa2ce4c8dd416d4479aa8536fcf64?s=96&d=mm&r=g","contentUrl":"https:\/\/secure.gravatar.com\/avatar\/d08aa2ce4c8dd416d4479aa8536fcf64?s=96&d=mm&r=g","caption":"moacir"},"url":"https:\/\/franciscanos.org.br\/vidacrista\/author\/moacir\/"}]}},"_links":{"self":[{"href":"https:\/\/franciscanos.org.br\/vidacrista\/wp-json\/wp\/v2\/posts\/186115"}],"collection":[{"href":"https:\/\/franciscanos.org.br\/vidacrista\/wp-json\/wp\/v2\/posts"}],"about":[{"href":"https:\/\/franciscanos.org.br\/vidacrista\/wp-json\/wp\/v2\/types\/post"}],"author":[{"embeddable":true,"href":"https:\/\/franciscanos.org.br\/vidacrista\/wp-json\/wp\/v2\/users\/3"}],"replies":[{"embeddable":true,"href":"https:\/\/franciscanos.org.br\/vidacrista\/wp-json\/wp\/v2\/comments?post=186115"}],"version-history":[{"count":1,"href":"https:\/\/franciscanos.org.br\/vidacrista\/wp-json\/wp\/v2\/posts\/186115\/revisions"}],"predecessor-version":[{"id":186117,"href":"https:\/\/franciscanos.org.br\/vidacrista\/wp-json\/wp\/v2\/posts\/186115\/revisions\/186117"}],"wp:featuredmedia":[{"embeddable":true,"href":"https:\/\/franciscanos.org.br\/vidacrista\/wp-json\/wp\/v2\/media\/186116"}],"wp:attachment":[{"href":"https:\/\/franciscanos.org.br\/vidacrista\/wp-json\/wp\/v2\/media?parent=186115"}],"wp:term":[{"taxonomy":"category","embeddable":true,"href":"https:\/\/franciscanos.org.br\/vidacrista\/wp-json\/wp\/v2\/categories?post=186115"},{"taxonomy":"post_tag","embeddable":true,"href":"https:\/\/franciscanos.org.br\/vidacrista\/wp-json\/wp\/v2\/tags?post=186115"}],"curies":[{"name":"wp","href":"https:\/\/api.w.org\/{rel}","templated":true}]}}