{"id":186103,"date":"2016-10-13T14:17:17","date_gmt":"2016-10-13T17:17:17","guid":{"rendered":"https:\/\/franciscanos.org.br\/vidacrista\/?p=186103"},"modified":"2020-06-25T14:18:47","modified_gmt":"2020-06-25T17:18:47","slug":"confidencias-de-um-confessor","status":"publish","type":"post","link":"https:\/\/franciscanos.org.br\/vidacrista\/confidencias-de-um-confessor\/","title":{"rendered":"Confid\u00eancias de um confessor"},"content":{"rendered":"<p><img decoding=\"async\" loading=\"lazy\" src=\"http:\/\/franciscanos.org.br\/wp-content\/uploads\/2016\/10\/confessor_131216.jpg\" alt=\"confessor_131216\" width=\"830\" height=\"390\" \/><\/p>\n<p><strong>Frei Almir Guimar\u00e3es<\/strong><\/p>\n<p>Muita coisa precisa melhorar na pr\u00e1tica da administra\u00e7\u00e3o do sacramento da reconcilia\u00e7\u00e3o. A celebra\u00e7\u00e3o da miseric\u00f3rdia de Deus n\u00e3o deve se reduzir a meia d\u00fazia de palavras ditas em tom de voz baixo, seco e rotineiramente. O desejo de convers\u00e3o e uma profunda dor\/arrependimento precisam ser percebidos na voz, nos olhos e no semblante dos penitentes. Muitos confessores sentem-se mal quando se d\u00e3o conta que o sacramento assemelha-se a um gesto m\u00e1gico para acabar com remorsos, para dar uma \u201ctranquilidadezinha\u201d \u00e0s pessoas que n\u00e3o chegaram a compreender a altura, a largura e a profundidade do amor de Cristo Jesus, como se a absolvi\u00e7\u00e3o fosse um \u201cpasse de m\u00e1gica\u201d. Apesar de tantas insufici\u00eancias, certamente os confessores guardam na mem\u00f3ria e no cora\u00e7\u00e3o relatos de vidas, hist\u00f3rias pungentes, encontros com seres encantadores e pessoas luminosas que, j\u00e1 agora, vivem no c\u00e9u.<\/p>\n<p>O confession\u00e1rio \u00e9 terra de confian\u00e7a, \u00e9 espa\u00e7o onde as pessoas se desarmam. Na estreiteza de uma salinha ou mesmo ajoelhadas no confession\u00e1rio h\u00e1 dramas que s\u00e3o descritos com todas as cores. H\u00e1 vidas esplendorosas que aparecem diante dos olhos do confessor profundamente sensibilizado. Quantas vezes tais exist\u00eancias belas levam o confessor \u00e0s l\u00e1grimas de admira\u00e7\u00e3o.<\/p>\n<p>H\u00e1 esses seres humanos, esses homens e mulheres que, na adolesc\u00eancia e na juventude, n\u00e3o tiveram o olhar de um pai e de uma m\u00e3e carinhosos. H\u00e1 meninos e meninas, rapazes e mo\u00e7as, que nunca receberam o convite de se tornarem disc\u00edpulos do Senhor. Andaram a esmo. Fizeram experi\u00eancias dilacerantes. Chegaram ao fundo do po\u00e7o. Caminhoneiros, pedreiros, advogados&#8230; um dia encontraram uma mulher, uma mulher de verdade, que amaram e por ela foram amados. Esses seres destro\u00e7ados pelas experi\u00eancias do passado encontraram uma mulher com M mai\u00fasculo, que lhes mostrou um sentido de vida. Mas, esses homens, mesmo assim, n\u00e3o conseguiram mudar por dentro. Continuam nas drogas, n\u00e3o deixaram de lado os esquemas de destrui\u00e7\u00e3o. Buscam o confessor, choram de verdade, suplicam ajuda e querem que o Pai tenha piedade deles como teve de seu filho que tudo esbanjou. Celebram o amor do Pai. Querem que o confessor lhes d\u00ea uma veste nova e lhes ofere\u00e7a o banquete com o vitelo.<\/p>\n<p>Quantos anos de fidelidade amorosa! Um belo dia a mulher morre. O homem fica vi\u00favo. Pedreiro, cheio de vida, tem quase sessenta anos. Depois da morte da mulher n\u00e3o quer ser um \u201cc\u00e3o vadio\u201d procurando extravasar energias bobamente nas pra\u00e7as da vida. Sim, n\u00e3o quer ser c\u00e3o vadio&#8230; Quer ser transparente e belo por dentro. Quer ser do Senhor com os calos nas m\u00e3os, as rugas densas no rosto e um cora\u00e7\u00e3o desejoso de ser do Senhor. Quer o perd\u00e3o do Senhor e o abra\u00e7o do confessor.<\/p>\n<p>Tanto entusiasmo depois do encontro conjugal, revigoramento espiritual para casais. Talvez os organizadores do evento exploraram demais o lado da emo\u00e7\u00e3o. Aquele homem recome\u00e7a a viver mais corretamente. Mas seu passado nunca fora marcado por experi\u00eancias de Deus profundas e transformadoras. Agora parecia ter encontrado o Senhor, mas &#8230; por vezes chega a pensar que fora fogo de palha&#8230; Nada do novo fora fincado profundamente nele. Uma pastoral de eventos superficiais&#8230; sem acompanhamento. Os respons\u00e1veis pelo encontro conjugal \u201cbrincaram\u201d com ele. Aos poucos, seu casamento voltou a ser rotina, mesmice, rusgas em cima de rusgas, monotonia, enfado. Culpa dele, culpa da vida? Ele busca o confessor. Precisa de um desabafo. Precisa que algu\u00e9m veja o que se passa em seu interior e lhe d\u00ea a m\u00e3o. L\u00e1 est\u00e1 confessor, aquele que pode ouvir seu lamento, ser ve\u00edculo do amor misericordioso de Deus. O confession\u00e1rio \u00e9 lugar onde busca paz e for\u00e7a. O confessor, intermediador da paz.<\/p>\n<p>Vidas tortas, vidas certas. Algumas vidas certas, mas vidas sem g\u00e1s, sem garra, sem entusiasmo. As pessoas sabem que para entrar na vida eterna precisam observar os mandamentos. Fazem isto. Na hora do exame de consci\u00eancia nada tem a acusar, nada a recriminar. Na hora da declara\u00e7\u00e3o dos pecados, n\u00e3o h\u00e1 mat\u00e9ria. E o cora\u00e7\u00e3o, no entanto, anda morno. Parece que abandonou o primeiro amor. \u00c9 cat\u00f3lico \u201ccorretinho\u201d sem ser apaixonado pelo Senhor. Tristes vidas mornas. Pior quando as pessoas disso n\u00e3o se d\u00e3o conta. Quem sabe o confessor, ele cheio de ardor pelas coisas do Senhor, meio ser\u00e1fico como o Ser\u00e1fico Francisco, n\u00e3o tenha uma proposta a fazer? Como tirar essa gente do estado de torpor e convid\u00e1-las a empreender uma busca quente do Deus luz e calor!<\/p>\n<p>Felizes aqueles que encontram confessores e orientadores espirituais de talante, gente que frequenta os \u00e1trios da casa do Senhor e se embebem do esp\u00edrito da par\u00e1bola do Pai das miseric\u00f3rdias.<\/p>\n","protected":false},"excerpt":{"rendered":"<p>Artigo de Frei Almir Guimar\u00e3es<\/p>\n","protected":false},"author":3,"featured_media":0,"comment_status":"open","ping_status":"open","sticky":false,"template":"","format":"standard","meta":{"footnotes":""},"categories":[26],"tags":[30],"yoast_head":"<!-- This site is optimized with the Yoast SEO plugin v19.4 - https:\/\/yoast.com\/wordpress\/plugins\/seo\/ -->\n<title>Confid\u00eancias de um confessor - Vida Crist\u00e3 - Franciscanos<\/title>\n<meta name=\"robots\" content=\"index, follow, max-snippet:-1, max-image-preview:large, max-video-preview:-1\" \/>\n<link rel=\"canonical\" href=\"https:\/\/franciscanos.org.br\/vidacrista\/confidencias-de-um-confessor\/\" \/>\n<meta property=\"og:locale\" content=\"pt_BR\" \/>\n<meta property=\"og:type\" content=\"article\" \/>\n<meta property=\"og:title\" content=\"Confid\u00eancias de um confessor - Vida Crist\u00e3 - Franciscanos\" \/>\n<meta property=\"og:description\" content=\"Artigo de Frei Almir Guimar\u00e3es\" \/>\n<meta property=\"og:url\" content=\"https:\/\/franciscanos.org.br\/vidacrista\/confidencias-de-um-confessor\/\" \/>\n<meta property=\"og:site_name\" content=\"Vida Crist\u00e3 - Franciscanos\" \/>\n<meta property=\"article:published_time\" content=\"2016-10-13T17:17:17+00:00\" \/>\n<meta property=\"article:modified_time\" content=\"2020-06-25T17:18:47+00:00\" \/>\n<meta property=\"og:image\" content=\"http:\/\/franciscanos.org.br\/wp-content\/uploads\/2016\/10\/confessor_131216.jpg\" \/>\n<meta name=\"author\" content=\"moacir\" \/>\n<meta name=\"twitter:card\" content=\"summary_large_image\" \/>\n<meta name=\"twitter:label1\" content=\"Escrito por\" \/>\n\t<meta name=\"twitter:data1\" content=\"moacir\" \/>\n\t<meta name=\"twitter:label2\" content=\"Est. tempo de leitura\" \/>\n\t<meta name=\"twitter:data2\" content=\"4 minutos\" \/>\n<script type=\"application\/ld+json\" class=\"yoast-schema-graph\">{\"@context\":\"https:\/\/schema.org\",\"@graph\":[{\"@type\":\"WebSite\",\"@id\":\"https:\/\/franciscanos.org.br\/vidacrista\/#website\",\"url\":\"https:\/\/franciscanos.org.br\/vidacrista\/\",\"name\":\"Vida Crist\u00e3 - Franciscanos\",\"description\":\"Prov\u00edncia Franciscana da Imaculada Concei\u00e7\u00e3o do Brasil - Ordem dos Frades Menores\",\"potentialAction\":[{\"@type\":\"SearchAction\",\"target\":{\"@type\":\"EntryPoint\",\"urlTemplate\":\"https:\/\/franciscanos.org.br\/vidacrista\/?s={search_term_string}\"},\"query-input\":\"required name=search_term_string\"}],\"inLanguage\":\"pt-BR\"},{\"@type\":\"WebPage\",\"@id\":\"https:\/\/franciscanos.org.br\/vidacrista\/confidencias-de-um-confessor\/\",\"url\":\"https:\/\/franciscanos.org.br\/vidacrista\/confidencias-de-um-confessor\/\",\"name\":\"Confid\u00eancias de um confessor - Vida Crist\u00e3 - Franciscanos\",\"isPartOf\":{\"@id\":\"https:\/\/franciscanos.org.br\/vidacrista\/#website\"},\"datePublished\":\"2016-10-13T17:17:17+00:00\",\"dateModified\":\"2020-06-25T17:18:47+00:00\",\"author\":{\"@id\":\"https:\/\/franciscanos.org.br\/vidacrista\/#\/schema\/person\/1880bdd2c350b735648725ef7614736a\"},\"breadcrumb\":{\"@id\":\"https:\/\/franciscanos.org.br\/vidacrista\/confidencias-de-um-confessor\/#breadcrumb\"},\"inLanguage\":\"pt-BR\",\"potentialAction\":[{\"@type\":\"ReadAction\",\"target\":[\"https:\/\/franciscanos.org.br\/vidacrista\/confidencias-de-um-confessor\/\"]}]},{\"@type\":\"BreadcrumbList\",\"@id\":\"https:\/\/franciscanos.org.br\/vidacrista\/confidencias-de-um-confessor\/#breadcrumb\",\"itemListElement\":[{\"@type\":\"ListItem\",\"position\":1,\"name\":\"Home\",\"item\":\"https:\/\/franciscanos.org.br\/vidacrista\/\"},{\"@type\":\"ListItem\",\"position\":2,\"name\":\"Confid\u00eancias de um confessor\"}]},{\"@type\":\"Person\",\"@id\":\"https:\/\/franciscanos.org.br\/vidacrista\/#\/schema\/person\/1880bdd2c350b735648725ef7614736a\",\"name\":\"moacir\",\"image\":{\"@type\":\"ImageObject\",\"inLanguage\":\"pt-BR\",\"@id\":\"https:\/\/franciscanos.org.br\/vidacrista\/#\/schema\/person\/image\/\",\"url\":\"https:\/\/secure.gravatar.com\/avatar\/d08aa2ce4c8dd416d4479aa8536fcf64?s=96&d=mm&r=g\",\"contentUrl\":\"https:\/\/secure.gravatar.com\/avatar\/d08aa2ce4c8dd416d4479aa8536fcf64?s=96&d=mm&r=g\",\"caption\":\"moacir\"},\"url\":\"https:\/\/franciscanos.org.br\/vidacrista\/author\/moacir\/\"}]}<\/script>\n<!-- \/ Yoast SEO plugin. -->","yoast_head_json":{"title":"Confid\u00eancias de um confessor - Vida Crist\u00e3 - Franciscanos","robots":{"index":"index","follow":"follow","max-snippet":"max-snippet:-1","max-image-preview":"max-image-preview:large","max-video-preview":"max-video-preview:-1"},"canonical":"https:\/\/franciscanos.org.br\/vidacrista\/confidencias-de-um-confessor\/","og_locale":"pt_BR","og_type":"article","og_title":"Confid\u00eancias de um confessor - Vida Crist\u00e3 - Franciscanos","og_description":"Artigo de Frei Almir Guimar\u00e3es","og_url":"https:\/\/franciscanos.org.br\/vidacrista\/confidencias-de-um-confessor\/","og_site_name":"Vida Crist\u00e3 - Franciscanos","article_published_time":"2016-10-13T17:17:17+00:00","article_modified_time":"2020-06-25T17:18:47+00:00","og_image":[{"url":"http:\/\/franciscanos.org.br\/wp-content\/uploads\/2016\/10\/confessor_131216.jpg"}],"author":"moacir","twitter_card":"summary_large_image","twitter_misc":{"Escrito por":"moacir","Est. tempo de leitura":"4 minutos"},"schema":{"@context":"https:\/\/schema.org","@graph":[{"@type":"WebSite","@id":"https:\/\/franciscanos.org.br\/vidacrista\/#website","url":"https:\/\/franciscanos.org.br\/vidacrista\/","name":"Vida Crist\u00e3 - Franciscanos","description":"Prov\u00edncia Franciscana da Imaculada Concei\u00e7\u00e3o do Brasil - Ordem dos Frades Menores","potentialAction":[{"@type":"SearchAction","target":{"@type":"EntryPoint","urlTemplate":"https:\/\/franciscanos.org.br\/vidacrista\/?s={search_term_string}"},"query-input":"required name=search_term_string"}],"inLanguage":"pt-BR"},{"@type":"WebPage","@id":"https:\/\/franciscanos.org.br\/vidacrista\/confidencias-de-um-confessor\/","url":"https:\/\/franciscanos.org.br\/vidacrista\/confidencias-de-um-confessor\/","name":"Confid\u00eancias de um confessor - Vida Crist\u00e3 - Franciscanos","isPartOf":{"@id":"https:\/\/franciscanos.org.br\/vidacrista\/#website"},"datePublished":"2016-10-13T17:17:17+00:00","dateModified":"2020-06-25T17:18:47+00:00","author":{"@id":"https:\/\/franciscanos.org.br\/vidacrista\/#\/schema\/person\/1880bdd2c350b735648725ef7614736a"},"breadcrumb":{"@id":"https:\/\/franciscanos.org.br\/vidacrista\/confidencias-de-um-confessor\/#breadcrumb"},"inLanguage":"pt-BR","potentialAction":[{"@type":"ReadAction","target":["https:\/\/franciscanos.org.br\/vidacrista\/confidencias-de-um-confessor\/"]}]},{"@type":"BreadcrumbList","@id":"https:\/\/franciscanos.org.br\/vidacrista\/confidencias-de-um-confessor\/#breadcrumb","itemListElement":[{"@type":"ListItem","position":1,"name":"Home","item":"https:\/\/franciscanos.org.br\/vidacrista\/"},{"@type":"ListItem","position":2,"name":"Confid\u00eancias de um confessor"}]},{"@type":"Person","@id":"https:\/\/franciscanos.org.br\/vidacrista\/#\/schema\/person\/1880bdd2c350b735648725ef7614736a","name":"moacir","image":{"@type":"ImageObject","inLanguage":"pt-BR","@id":"https:\/\/franciscanos.org.br\/vidacrista\/#\/schema\/person\/image\/","url":"https:\/\/secure.gravatar.com\/avatar\/d08aa2ce4c8dd416d4479aa8536fcf64?s=96&d=mm&r=g","contentUrl":"https:\/\/secure.gravatar.com\/avatar\/d08aa2ce4c8dd416d4479aa8536fcf64?s=96&d=mm&r=g","caption":"moacir"},"url":"https:\/\/franciscanos.org.br\/vidacrista\/author\/moacir\/"}]}},"_links":{"self":[{"href":"https:\/\/franciscanos.org.br\/vidacrista\/wp-json\/wp\/v2\/posts\/186103"}],"collection":[{"href":"https:\/\/franciscanos.org.br\/vidacrista\/wp-json\/wp\/v2\/posts"}],"about":[{"href":"https:\/\/franciscanos.org.br\/vidacrista\/wp-json\/wp\/v2\/types\/post"}],"author":[{"embeddable":true,"href":"https:\/\/franciscanos.org.br\/vidacrista\/wp-json\/wp\/v2\/users\/3"}],"replies":[{"embeddable":true,"href":"https:\/\/franciscanos.org.br\/vidacrista\/wp-json\/wp\/v2\/comments?post=186103"}],"version-history":[{"count":1,"href":"https:\/\/franciscanos.org.br\/vidacrista\/wp-json\/wp\/v2\/posts\/186103\/revisions"}],"predecessor-version":[{"id":186105,"href":"https:\/\/franciscanos.org.br\/vidacrista\/wp-json\/wp\/v2\/posts\/186103\/revisions\/186105"}],"wp:attachment":[{"href":"https:\/\/franciscanos.org.br\/vidacrista\/wp-json\/wp\/v2\/media?parent=186103"}],"wp:term":[{"taxonomy":"category","embeddable":true,"href":"https:\/\/franciscanos.org.br\/vidacrista\/wp-json\/wp\/v2\/categories?post=186103"},{"taxonomy":"post_tag","embeddable":true,"href":"https:\/\/franciscanos.org.br\/vidacrista\/wp-json\/wp\/v2\/tags?post=186103"}],"curies":[{"name":"wp","href":"https:\/\/api.w.org\/{rel}","templated":true}]}}