{"id":186100,"date":"2016-10-17T14:15:16","date_gmt":"2016-10-17T16:15:16","guid":{"rendered":"https:\/\/franciscanos.org.br\/vidacrista\/?p=186100"},"modified":"2020-06-29T07:21:27","modified_gmt":"2020-06-29T10:21:27","slug":"brasil-nos-trilhos-2","status":"publish","type":"post","link":"https:\/\/franciscanos.org.br\/vidacrista\/brasil-nos-trilhos-2\/","title":{"rendered":"Brasil nos trilhos?"},"content":{"rendered":"<p><img decoding=\"async\" loading=\"lazy\" src=\"http:\/\/franciscanos.org.br\/wp-content\/uploads\/2016\/10\/trilhos_brasil-171016.jpg\" alt=\"trilhos_brasil-171016\" width=\"830\" height=\"416\" \/><\/p>\n<p>Colocar a sociedade brasileira nos trilhos sob os par\u00e2metros da justi\u00e7a social e do desenvolvimento integral \u00e9 um caminho complexo. Por isso, todos os cidad\u00e3os devem buscar se envolver no necess\u00e1rio processo de discernimento relacionado \u00e0 Proposta de Emenda Constitucional 241 (PEC 241). Em pauta, est\u00e3o importantes defini\u00e7\u00f5es que v\u00e3o impactar nossas vidas ao longo de duas d\u00e9cadas. Imagine o que significa vinte anos para o pa\u00eds. Podem ser d\u00e9cadas de avan\u00e7os rumo ao desenvolvimento integral, um caminhar promissor para todos, especialmente para quem \u00e9 mais pobre. Mas, \u00e9 preciso aten\u00e7\u00e3o para a permanente amea\u00e7a de se seguir na dire\u00e7\u00e3o oposta, com a multiplica\u00e7\u00e3o dos vergonhosos cen\u00e1rios de mis\u00e9ria e exclus\u00e3o j\u00e1 presentes no pa\u00eds. Por isso, a escolha dos rumos com a PEC 241 merece uma mobiliza\u00e7\u00e3o nacional, que contemple an\u00e1lises e discuss\u00f5es, envolvendo os mais diversos atores: economistas, especialistas e movimentos da \u00e1rea social, igrejas, universidades e, de modo particular, o parlamento brasileiro, que a partir do voto, fundamentado nas necess\u00e1rias pondera\u00e7\u00f5es, indicar\u00e1 o passo a ser dado.<\/p>\n<p>N\u00e3o se pode, imprudentemente, apoiar ou definir escolhas que, se equivocadas, pesar\u00e3o crucialmente sobre os ombros de todos &#8211; mais perversamente atingir\u00e1 os exclu\u00eddos. Isso n\u00e3o significa deixar de investir nos ajustes e readequa\u00e7\u00f5es que s\u00e3o necess\u00e1rios, adotando l\u00f3gicas de gest\u00e3o capazes de extinguir as din\u00e2micas que garantem certas regalias a determinadas classes, grupos e indiv\u00edduos, privil\u00e9gios que est\u00e3o na contram\u00e3o da equidade e da justi\u00e7a social. O Governo Federal e o Parlamento t\u00eam o dever de encontrar, criativamente, sa\u00eddas para as crises e apresentar solu\u00e7\u00f5es para os graves problemas enfrentados pela na\u00e7\u00e3o brasileira. Evidentemente, isso n\u00e3o \u00e9 tarefa f\u00e1cil e exige complexas pondera\u00e7\u00f5es para n\u00e3o se perder as conquistas alcan\u00e7adas na Constitui\u00e7\u00e3o Cidad\u00e3 de 1988, marco para o in\u00edcio do pagamento de d\u00edvidas sociais hist\u00f3ricas.<\/p>\n<p>Em um momento t\u00e3o determinante para o futuro, nada de precipita\u00e7\u00f5es. S\u00e3o esperadas an\u00e1lises e um amplo processo de escuta da sociedade para que os mecanismos escolhidos, diante da necessidade de se colocar o Brasil nos trilhos, n\u00e3o ameacem, irreversivelmente, a vida de todos, principalmente a vida de quem j\u00e1 sofre. Assim, oportuno \u00e9 sublinhar que as mudan\u00e7as propostas n\u00e3o podem ser justificadas e definidas apenas pelas avalia\u00e7\u00f5es do ponto de vista econ\u00f4mico. \u00c9 preciso considerar e buscar intervir, de modo mais profundo, no tecido cultural brasileiro, habituado a funcionar nos trilhos dos privil\u00e9gios e das regalias.<\/p>\n<p>Nesse sentido, a PEC 241 n\u00e3o pode ser, simplesmente, fruto da interlocu\u00e7\u00e3o entre Executivo Federal e o Parlamento. Sua an\u00e1lise e discuss\u00e3o t\u00eam que se tornar um fato pol\u00edtico e social mais amplo, permitindo o envolvimento dos segmentos todos da sociedade. \u00c9 preciso haver debates entre especialistas, de diferentes \u00e1reas, e tamb\u00e9m uma convoca\u00e7\u00e3o do povo, por diversos modos, para uma ampla mobiliza\u00e7\u00e3o nacional, de modo a criar entendimentos. Restringir a defini\u00e7\u00e3o de uma diretriz que ter\u00e1 impacto nas pr\u00f3ximas duas d\u00e9cadas \u00e0 Pra\u00e7a dos Tr\u00eas Poderes em Bras\u00edlia \u00e9 algo desrespeitoso e temer\u00e1rio. Afinal, n\u00e3o se pode definir o futuro de um pa\u00eds sem an\u00e1lises e clarivid\u00eancias capazes de incluir, junto com a busca pela regulamenta\u00e7\u00e3o e limita\u00e7\u00e3o dos gastos p\u00fablicos, outros graves desafios que precisam ser enfrentados. N\u00e3o bastam as afirma\u00e7\u00f5es pol\u00edticas, em tom de promessa acalentadora, diante de mecanismos que podem funcionar, mais uma vez, como guilhotina destinada aos mais pobres e indefesos. Esses mecanismos precisam ser configurados a partir dos par\u00e2metros da justi\u00e7a social.<\/p>\n<p>Entre os pares envolvidos na ampla discuss\u00e3o que o momento politico requer est\u00e1 a Igreja Cat\u00f3lica, cujo tom de voz deve estar sempre em sintonia com as orienta\u00e7\u00f5es do Papa Francisco. O magist\u00e9rio e a singularidade pastoral de Francisco impulsiona essa institui\u00e7\u00e3o bimilenar a contribuir com a constru\u00e7\u00e3o de uma sociedade justa e solid\u00e1ria. Por isso, antes de qualquer elogio ou apoio apressado, embora sempre reconhecendo e dialogando com os interlocutores e agentes da sociedade pluralista, particularmente nos \u00e2mbitos governamentais, a Igreja recorda o que pede o Papa Francisco, em sua Exorta\u00e7\u00e3o Apost\u00f3lica Alegria do Evangelho: n\u00e3o \u00e0 economia da exclus\u00e3o, n\u00e3o \u00e0 idolatria do dinheiro, n\u00e3o a um dinheiro que governa em vez de servir.<\/p>\n<p>No cumprimento de sua tarefa mission\u00e1ria, a Igreja est\u00e1 atenta \u00e0s transforma\u00e7\u00f5es vividas pela humanidade, \u00e0s singularidades pr\u00f3prias da realidade brasileira. Reconhece tudo o que contribui para o bem-estar das pessoas, nos \u00e2mbitos da sa\u00fade, educa\u00e7\u00e3o, da comunica\u00e7\u00e3o e em tantas outras \u00e1reas. Mas tamb\u00e9m \u00e9, diante das graves situa\u00e7\u00f5es sociais e pol\u00edticas, porta-voz de quem vive precariamente. Cada vez mais, crescem o medo e o desespero no cora\u00e7\u00e3o de in\u00fameras pessoas. A alegria de viver, frequentemente, se desvanece por falta de respeito \u00e0 dignidade humana, pelo crescimento da viol\u00eancia e da desigualdade social. Urge reverter a fonte desses males, a cultura do descart\u00e1vel. Isso inclui avaliar medidas necess\u00e1rias, ponderar suas consequ\u00eancias, contemplando a exig\u00eancia de n\u00e3o se correr o risco de acertar de um lado, mas, por outro, favorecer o aumento da vergonhosa exclus\u00e3o. Somente com o fim da exclus\u00e3o de quem vive nas periferias de todo tipo \u00e9 que se pode constituir um verdadeiro projeto capaz de colocar o Brasil nos trilhos.<\/p>\n<p style=\"padding-left: 40px;\"><img decoding=\"async\" loading=\"lazy\" class=\"alignleft wp-image-118621 \" src=\"http:\/\/franciscanos.org.br\/wp-content\/uploads\/2016\/10\/WALMOR.jpg\" alt=\"WALMOR\" width=\"97\" height=\"116\" \/><\/p>\n<p>&nbsp;<\/p>\n<p><strong>Dom Walmor Oliveira de Azevedo<\/strong><br \/>\n<strong> Arcebispo metropolitano de <\/strong><\/p>\n<p><strong>Belo Horizonte<\/strong><\/p>\n","protected":false},"excerpt":{"rendered":"<p>Artigo de Dom Walmor Oliveira de Azevedo<\/p>\n","protected":false},"author":3,"featured_media":0,"comment_status":"open","ping_status":"open","sticky":false,"template":"","format":"standard","meta":{"footnotes":""},"categories":[26],"tags":[271],"yoast_head":"<!-- This site is optimized with the Yoast SEO plugin v19.4 - https:\/\/yoast.com\/wordpress\/plugins\/seo\/ -->\n<title>Brasil nos trilhos? - Vida Crist\u00e3 - Franciscanos<\/title>\n<meta name=\"robots\" content=\"index, follow, max-snippet:-1, max-image-preview:large, max-video-preview:-1\" \/>\n<link rel=\"canonical\" href=\"https:\/\/franciscanos.org.br\/vidacrista\/brasil-nos-trilhos-2\/\" \/>\n<meta property=\"og:locale\" content=\"pt_BR\" \/>\n<meta property=\"og:type\" content=\"article\" \/>\n<meta property=\"og:title\" content=\"Brasil nos trilhos? - Vida Crist\u00e3 - Franciscanos\" \/>\n<meta property=\"og:description\" content=\"Artigo de Dom Walmor Oliveira de Azevedo\" \/>\n<meta property=\"og:url\" content=\"https:\/\/franciscanos.org.br\/vidacrista\/brasil-nos-trilhos-2\/\" \/>\n<meta property=\"og:site_name\" content=\"Vida Crist\u00e3 - Franciscanos\" \/>\n<meta property=\"article:published_time\" content=\"2016-10-17T16:15:16+00:00\" \/>\n<meta property=\"article:modified_time\" content=\"2020-06-29T10:21:27+00:00\" \/>\n<meta property=\"og:image\" content=\"http:\/\/franciscanos.org.br\/wp-content\/uploads\/2016\/10\/trilhos_brasil-171016.jpg\" \/>\n<meta name=\"author\" content=\"moacir\" \/>\n<meta name=\"twitter:card\" content=\"summary_large_image\" \/>\n<meta name=\"twitter:label1\" content=\"Escrito por\" \/>\n\t<meta name=\"twitter:data1\" content=\"moacir\" \/>\n\t<meta name=\"twitter:label2\" content=\"Est. tempo de leitura\" \/>\n\t<meta name=\"twitter:data2\" content=\"5 minutos\" \/>\n<script type=\"application\/ld+json\" class=\"yoast-schema-graph\">{\"@context\":\"https:\/\/schema.org\",\"@graph\":[{\"@type\":\"WebSite\",\"@id\":\"https:\/\/franciscanos.org.br\/vidacrista\/#website\",\"url\":\"https:\/\/franciscanos.org.br\/vidacrista\/\",\"name\":\"Vida Crist\u00e3 - Franciscanos\",\"description\":\"Prov\u00edncia Franciscana da Imaculada Concei\u00e7\u00e3o do Brasil - Ordem dos Frades Menores\",\"potentialAction\":[{\"@type\":\"SearchAction\",\"target\":{\"@type\":\"EntryPoint\",\"urlTemplate\":\"https:\/\/franciscanos.org.br\/vidacrista\/?s={search_term_string}\"},\"query-input\":\"required name=search_term_string\"}],\"inLanguage\":\"pt-BR\"},{\"@type\":\"WebPage\",\"@id\":\"https:\/\/franciscanos.org.br\/vidacrista\/brasil-nos-trilhos-2\/\",\"url\":\"https:\/\/franciscanos.org.br\/vidacrista\/brasil-nos-trilhos-2\/\",\"name\":\"Brasil nos trilhos? - Vida Crist\u00e3 - Franciscanos\",\"isPartOf\":{\"@id\":\"https:\/\/franciscanos.org.br\/vidacrista\/#website\"},\"datePublished\":\"2016-10-17T16:15:16+00:00\",\"dateModified\":\"2020-06-29T10:21:27+00:00\",\"author\":{\"@id\":\"https:\/\/franciscanos.org.br\/vidacrista\/#\/schema\/person\/1880bdd2c350b735648725ef7614736a\"},\"breadcrumb\":{\"@id\":\"https:\/\/franciscanos.org.br\/vidacrista\/brasil-nos-trilhos-2\/#breadcrumb\"},\"inLanguage\":\"pt-BR\",\"potentialAction\":[{\"@type\":\"ReadAction\",\"target\":[\"https:\/\/franciscanos.org.br\/vidacrista\/brasil-nos-trilhos-2\/\"]}]},{\"@type\":\"BreadcrumbList\",\"@id\":\"https:\/\/franciscanos.org.br\/vidacrista\/brasil-nos-trilhos-2\/#breadcrumb\",\"itemListElement\":[{\"@type\":\"ListItem\",\"position\":1,\"name\":\"Home\",\"item\":\"https:\/\/franciscanos.org.br\/vidacrista\/\"},{\"@type\":\"ListItem\",\"position\":2,\"name\":\"Brasil nos trilhos?\"}]},{\"@type\":\"Person\",\"@id\":\"https:\/\/franciscanos.org.br\/vidacrista\/#\/schema\/person\/1880bdd2c350b735648725ef7614736a\",\"name\":\"moacir\",\"image\":{\"@type\":\"ImageObject\",\"inLanguage\":\"pt-BR\",\"@id\":\"https:\/\/franciscanos.org.br\/vidacrista\/#\/schema\/person\/image\/\",\"url\":\"https:\/\/secure.gravatar.com\/avatar\/d08aa2ce4c8dd416d4479aa8536fcf64?s=96&d=mm&r=g\",\"contentUrl\":\"https:\/\/secure.gravatar.com\/avatar\/d08aa2ce4c8dd416d4479aa8536fcf64?s=96&d=mm&r=g\",\"caption\":\"moacir\"},\"url\":\"https:\/\/franciscanos.org.br\/vidacrista\/author\/moacir\/\"}]}<\/script>\n<!-- \/ Yoast SEO plugin. -->","yoast_head_json":{"title":"Brasil nos trilhos? - Vida Crist\u00e3 - Franciscanos","robots":{"index":"index","follow":"follow","max-snippet":"max-snippet:-1","max-image-preview":"max-image-preview:large","max-video-preview":"max-video-preview:-1"},"canonical":"https:\/\/franciscanos.org.br\/vidacrista\/brasil-nos-trilhos-2\/","og_locale":"pt_BR","og_type":"article","og_title":"Brasil nos trilhos? - Vida Crist\u00e3 - Franciscanos","og_description":"Artigo de Dom Walmor Oliveira de Azevedo","og_url":"https:\/\/franciscanos.org.br\/vidacrista\/brasil-nos-trilhos-2\/","og_site_name":"Vida Crist\u00e3 - Franciscanos","article_published_time":"2016-10-17T16:15:16+00:00","article_modified_time":"2020-06-29T10:21:27+00:00","og_image":[{"url":"http:\/\/franciscanos.org.br\/wp-content\/uploads\/2016\/10\/trilhos_brasil-171016.jpg"}],"author":"moacir","twitter_card":"summary_large_image","twitter_misc":{"Escrito por":"moacir","Est. tempo de leitura":"5 minutos"},"schema":{"@context":"https:\/\/schema.org","@graph":[{"@type":"WebSite","@id":"https:\/\/franciscanos.org.br\/vidacrista\/#website","url":"https:\/\/franciscanos.org.br\/vidacrista\/","name":"Vida Crist\u00e3 - Franciscanos","description":"Prov\u00edncia Franciscana da Imaculada Concei\u00e7\u00e3o do Brasil - Ordem dos Frades Menores","potentialAction":[{"@type":"SearchAction","target":{"@type":"EntryPoint","urlTemplate":"https:\/\/franciscanos.org.br\/vidacrista\/?s={search_term_string}"},"query-input":"required name=search_term_string"}],"inLanguage":"pt-BR"},{"@type":"WebPage","@id":"https:\/\/franciscanos.org.br\/vidacrista\/brasil-nos-trilhos-2\/","url":"https:\/\/franciscanos.org.br\/vidacrista\/brasil-nos-trilhos-2\/","name":"Brasil nos trilhos? - Vida Crist\u00e3 - Franciscanos","isPartOf":{"@id":"https:\/\/franciscanos.org.br\/vidacrista\/#website"},"datePublished":"2016-10-17T16:15:16+00:00","dateModified":"2020-06-29T10:21:27+00:00","author":{"@id":"https:\/\/franciscanos.org.br\/vidacrista\/#\/schema\/person\/1880bdd2c350b735648725ef7614736a"},"breadcrumb":{"@id":"https:\/\/franciscanos.org.br\/vidacrista\/brasil-nos-trilhos-2\/#breadcrumb"},"inLanguage":"pt-BR","potentialAction":[{"@type":"ReadAction","target":["https:\/\/franciscanos.org.br\/vidacrista\/brasil-nos-trilhos-2\/"]}]},{"@type":"BreadcrumbList","@id":"https:\/\/franciscanos.org.br\/vidacrista\/brasil-nos-trilhos-2\/#breadcrumb","itemListElement":[{"@type":"ListItem","position":1,"name":"Home","item":"https:\/\/franciscanos.org.br\/vidacrista\/"},{"@type":"ListItem","position":2,"name":"Brasil nos trilhos?"}]},{"@type":"Person","@id":"https:\/\/franciscanos.org.br\/vidacrista\/#\/schema\/person\/1880bdd2c350b735648725ef7614736a","name":"moacir","image":{"@type":"ImageObject","inLanguage":"pt-BR","@id":"https:\/\/franciscanos.org.br\/vidacrista\/#\/schema\/person\/image\/","url":"https:\/\/secure.gravatar.com\/avatar\/d08aa2ce4c8dd416d4479aa8536fcf64?s=96&d=mm&r=g","contentUrl":"https:\/\/secure.gravatar.com\/avatar\/d08aa2ce4c8dd416d4479aa8536fcf64?s=96&d=mm&r=g","caption":"moacir"},"url":"https:\/\/franciscanos.org.br\/vidacrista\/author\/moacir\/"}]}},"_links":{"self":[{"href":"https:\/\/franciscanos.org.br\/vidacrista\/wp-json\/wp\/v2\/posts\/186100"}],"collection":[{"href":"https:\/\/franciscanos.org.br\/vidacrista\/wp-json\/wp\/v2\/posts"}],"about":[{"href":"https:\/\/franciscanos.org.br\/vidacrista\/wp-json\/wp\/v2\/types\/post"}],"author":[{"embeddable":true,"href":"https:\/\/franciscanos.org.br\/vidacrista\/wp-json\/wp\/v2\/users\/3"}],"replies":[{"embeddable":true,"href":"https:\/\/franciscanos.org.br\/vidacrista\/wp-json\/wp\/v2\/comments?post=186100"}],"version-history":[{"count":1,"href":"https:\/\/franciscanos.org.br\/vidacrista\/wp-json\/wp\/v2\/posts\/186100\/revisions"}],"predecessor-version":[{"id":186102,"href":"https:\/\/franciscanos.org.br\/vidacrista\/wp-json\/wp\/v2\/posts\/186100\/revisions\/186102"}],"wp:attachment":[{"href":"https:\/\/franciscanos.org.br\/vidacrista\/wp-json\/wp\/v2\/media?parent=186100"}],"wp:term":[{"taxonomy":"category","embeddable":true,"href":"https:\/\/franciscanos.org.br\/vidacrista\/wp-json\/wp\/v2\/categories?post=186100"},{"taxonomy":"post_tag","embeddable":true,"href":"https:\/\/franciscanos.org.br\/vidacrista\/wp-json\/wp\/v2\/tags?post=186100"}],"curies":[{"name":"wp","href":"https:\/\/api.w.org\/{rel}","templated":true}]}}