{"id":186097,"date":"2016-10-21T14:11:35","date_gmt":"2016-10-21T16:11:35","guid":{"rendered":"https:\/\/franciscanos.org.br\/vidacrista\/?p=186097"},"modified":"2020-06-25T14:14:18","modified_gmt":"2020-06-25T17:14:18","slug":"dia-mundial-das-missoes","status":"publish","type":"post","link":"https:\/\/franciscanos.org.br\/vidacrista\/dia-mundial-das-missoes\/","title":{"rendered":"Dia Mundial das Miss\u00f5es"},"content":{"rendered":"<p><img decoding=\"async\" loading=\"lazy\" class=\"alignleft\" src=\"http:\/\/franciscanos.org.br\/wp-content\/uploads\/2016\/10\/missao_211016g.jpg\" alt=\"missao_211016g\" width=\"830\" height=\"430\" \/><strong>Frei Luiz Iakovacz, mission\u00e1rio em Angola<\/strong><\/p>\n<p>O costume de rezar pelas miss\u00f5es e ajud\u00e1-las \u00e9 antigo. O ap\u00f3stolo Paulo elogia as Igrejas da Maced\u00f4nia que, \u201cem sua pobreza\u201d, superaram as expectativas \u201cderam-se a si mesmos, primeiro ao Senhor e depois a n\u00f3s\u201d (cf. 2 Cor 8,1-6).<br \/>\nNo transcorrer da hist\u00f3ria, Congrega\u00e7\u00f5es e Institutos Religiosos sempre mantinham Miss\u00f5es fora de seus pa\u00edses, anunciando o Evangelho, atendendo obras sociais (escolas, hospitais, asilos) e, acima de tudo, pelo testemunho pessoal de cada mission\u00e1rio.<\/p>\n<p>Por\u00e9m, sentia-se a necessidade de um \u00d3rg\u00e3o que assumisse a coordena\u00e7\u00e3o deste trabalho, uma vez que, cada qual trabalhava independentemente.<br \/>\nDe 1922 \u2013 1939, a Igreja Cat\u00f3lica foi pastoreada por um Papa mission\u00e1rio, Pio XI. No mesmo ano em que assumiu a C\u00e1tedra de Pedro, criou as Pontif\u00edcias Obras Mission\u00e1rias com esta fun\u00e7\u00e3o espec\u00edfica.<\/p>\n<p>No mesmo ano, ao presidir a Missa de Pentecostes, \u201cnum gesto surpreendente e prof\u00e9tico, interrompeu a homilia e, em meio a impressionante sil\u00eancio, tomou seu solid\u00e9u, fazendo-o passar entre os bispos, presb\u00edteros e fi\u00e9is, pedindo ajuda \u00e0s miss\u00f5es\u201d.<\/p>\n<p>Desenvolveu, igualmente, outras a\u00e7\u00f5es. No Ano Jubilar de 1925, organizou uma exposi\u00e7\u00e3o mission\u00e1ria mundial. Ordenou os primeiros bispos indianos (1923) e chineses (1926); nomeou o primeiro bispo ind\u00edgena, Dom Poche, incentivando, assim, o clero nativo.<\/p>\n<p>Em 14 de abril de 1926, oficializou o pen\u00faltimo domingo de outubro como Dia Mundial das Miss\u00f5es no qual as par\u00f3quias do mundo inteiro fazem ora\u00e7\u00f5es e coletas para as miss\u00f5es al\u00e9m-fronteiras. Tudo \u00e9 enviado ao Vaticano e uma comiss\u00e3o das Pontif\u00edcias Obras Missionarias distribui os recursos para atender os muitos projetos, vindos de todo o mundo, especialmente, da \u00c1frica e \u00c1sia. (A presta\u00e7\u00e3o de contas est\u00e1 no seu site).<\/p>\n<p>A cada ano, o Papa publica uma mensagem. No Brasil, as Pontif\u00edcias Obras Mission\u00e1rias elaboram subs\u00eddios para o m\u00eas de outubro, sintonizados com o tema da Campanha da Fraternidade.<\/p>\n<p>Todo crist\u00e3o \u00e9 e deve ser mission\u00e1rio pela ora\u00e7\u00e3o, sacrif\u00edcios, testemunho de vida e contribui\u00e7\u00e3o financeira. Este apelo \u00e9 dirigido, tamb\u00e9m, \u00e0s lideran\u00e7as religiosas, inclusive, a coleta, pois Pio XI a fez, primeiramente, entre o clero e, depois, com o povo.<\/p>\n<p><strong>\u201cMiss\u00f5es se fazem com p\u00e9s dos que v\u00e3o, com os joelhos dos que ficam e com as m\u00e3os dos que contribuem\u201d (An\u00f4nimo).<\/strong><\/p>\n<p>Uma curiosidade: um estudo realizado, em 2010, pelo Centro Mundial do Cristianismo, nos Estados Unidos, diz que o Brasil \u00e9 o segundo pa\u00eds com mais mission\u00e1rios no mundo, aproximadamente, 34 mil, superado, apenas, pelos Estados Unidos com 127 mil. Segundo as Pontif\u00edcias Obras Mission\u00e1rias do Brasil\/2015, h\u00e1 2.029 mission\u00e1rios no exterior, sendo 491 homens e 1.538 mulheres.<\/p>\n","protected":false},"excerpt":{"rendered":"<p>Artigo Frei Luiz Iakovacz<\/p>\n","protected":false},"author":3,"featured_media":186098,"comment_status":"open","ping_status":"open","sticky":false,"template":"","format":"standard","meta":{"footnotes":""},"categories":[26],"tags":[208],"yoast_head":"<!-- This site is optimized with the Yoast SEO plugin v19.4 - https:\/\/yoast.com\/wordpress\/plugins\/seo\/ -->\n<title>Dia Mundial das Miss\u00f5es - Vida Crist\u00e3 - Franciscanos<\/title>\n<meta name=\"robots\" content=\"index, follow, max-snippet:-1, max-image-preview:large, max-video-preview:-1\" \/>\n<link rel=\"canonical\" href=\"https:\/\/franciscanos.org.br\/vidacrista\/dia-mundial-das-missoes\/\" \/>\n<meta property=\"og:locale\" content=\"pt_BR\" \/>\n<meta property=\"og:type\" content=\"article\" \/>\n<meta property=\"og:title\" content=\"Dia Mundial das Miss\u00f5es - Vida Crist\u00e3 - Franciscanos\" \/>\n<meta property=\"og:description\" content=\"Artigo Frei Luiz Iakovacz\" \/>\n<meta property=\"og:url\" content=\"https:\/\/franciscanos.org.br\/vidacrista\/dia-mundial-das-missoes\/\" \/>\n<meta property=\"og:site_name\" content=\"Vida Crist\u00e3 - Franciscanos\" \/>\n<meta property=\"article:published_time\" content=\"2016-10-21T16:11:35+00:00\" \/>\n<meta property=\"article:modified_time\" content=\"2020-06-25T17:14:18+00:00\" \/>\n<meta property=\"og:image\" content=\"https:\/\/franciscanos.org.br\/vidacrista\/wp-content\/uploads\/2020\/06\/missao_211016g.jpg\" \/>\n\t<meta property=\"og:image:width\" content=\"273\" \/>\n\t<meta property=\"og:image:height\" content=\"181\" \/>\n\t<meta property=\"og:image:type\" content=\"image\/jpeg\" \/>\n<meta name=\"author\" content=\"moacir\" \/>\n<meta name=\"twitter:card\" content=\"summary_large_image\" \/>\n<meta name=\"twitter:label1\" content=\"Escrito por\" \/>\n\t<meta name=\"twitter:data1\" content=\"moacir\" \/>\n\t<meta name=\"twitter:label2\" content=\"Est. tempo de leitura\" \/>\n\t<meta name=\"twitter:data2\" content=\"2 minutos\" \/>\n<script type=\"application\/ld+json\" class=\"yoast-schema-graph\">{\"@context\":\"https:\/\/schema.org\",\"@graph\":[{\"@type\":\"WebSite\",\"@id\":\"https:\/\/franciscanos.org.br\/vidacrista\/#website\",\"url\":\"https:\/\/franciscanos.org.br\/vidacrista\/\",\"name\":\"Vida Crist\u00e3 - Franciscanos\",\"description\":\"Prov\u00edncia Franciscana da Imaculada Concei\u00e7\u00e3o do Brasil - Ordem dos Frades Menores\",\"potentialAction\":[{\"@type\":\"SearchAction\",\"target\":{\"@type\":\"EntryPoint\",\"urlTemplate\":\"https:\/\/franciscanos.org.br\/vidacrista\/?s={search_term_string}\"},\"query-input\":\"required name=search_term_string\"}],\"inLanguage\":\"pt-BR\"},{\"@type\":\"WebPage\",\"@id\":\"https:\/\/franciscanos.org.br\/vidacrista\/dia-mundial-das-missoes\/\",\"url\":\"https:\/\/franciscanos.org.br\/vidacrista\/dia-mundial-das-missoes\/\",\"name\":\"Dia Mundial das Miss\u00f5es - Vida Crist\u00e3 - Franciscanos\",\"isPartOf\":{\"@id\":\"https:\/\/franciscanos.org.br\/vidacrista\/#website\"},\"datePublished\":\"2016-10-21T16:11:35+00:00\",\"dateModified\":\"2020-06-25T17:14:18+00:00\",\"author\":{\"@id\":\"https:\/\/franciscanos.org.br\/vidacrista\/#\/schema\/person\/1880bdd2c350b735648725ef7614736a\"},\"breadcrumb\":{\"@id\":\"https:\/\/franciscanos.org.br\/vidacrista\/dia-mundial-das-missoes\/#breadcrumb\"},\"inLanguage\":\"pt-BR\",\"potentialAction\":[{\"@type\":\"ReadAction\",\"target\":[\"https:\/\/franciscanos.org.br\/vidacrista\/dia-mundial-das-missoes\/\"]}]},{\"@type\":\"BreadcrumbList\",\"@id\":\"https:\/\/franciscanos.org.br\/vidacrista\/dia-mundial-das-missoes\/#breadcrumb\",\"itemListElement\":[{\"@type\":\"ListItem\",\"position\":1,\"name\":\"Home\",\"item\":\"https:\/\/franciscanos.org.br\/vidacrista\/\"},{\"@type\":\"ListItem\",\"position\":2,\"name\":\"Dia Mundial das Miss\u00f5es\"}]},{\"@type\":\"Person\",\"@id\":\"https:\/\/franciscanos.org.br\/vidacrista\/#\/schema\/person\/1880bdd2c350b735648725ef7614736a\",\"name\":\"moacir\",\"image\":{\"@type\":\"ImageObject\",\"inLanguage\":\"pt-BR\",\"@id\":\"https:\/\/franciscanos.org.br\/vidacrista\/#\/schema\/person\/image\/\",\"url\":\"https:\/\/secure.gravatar.com\/avatar\/d08aa2ce4c8dd416d4479aa8536fcf64?s=96&d=mm&r=g\",\"contentUrl\":\"https:\/\/secure.gravatar.com\/avatar\/d08aa2ce4c8dd416d4479aa8536fcf64?s=96&d=mm&r=g\",\"caption\":\"moacir\"},\"url\":\"https:\/\/franciscanos.org.br\/vidacrista\/author\/moacir\/\"}]}<\/script>\n<!-- \/ Yoast SEO plugin. -->","yoast_head_json":{"title":"Dia Mundial das Miss\u00f5es - Vida Crist\u00e3 - Franciscanos","robots":{"index":"index","follow":"follow","max-snippet":"max-snippet:-1","max-image-preview":"max-image-preview:large","max-video-preview":"max-video-preview:-1"},"canonical":"https:\/\/franciscanos.org.br\/vidacrista\/dia-mundial-das-missoes\/","og_locale":"pt_BR","og_type":"article","og_title":"Dia Mundial das Miss\u00f5es - Vida Crist\u00e3 - Franciscanos","og_description":"Artigo Frei Luiz Iakovacz","og_url":"https:\/\/franciscanos.org.br\/vidacrista\/dia-mundial-das-missoes\/","og_site_name":"Vida Crist\u00e3 - Franciscanos","article_published_time":"2016-10-21T16:11:35+00:00","article_modified_time":"2020-06-25T17:14:18+00:00","og_image":[{"width":273,"height":181,"url":"https:\/\/franciscanos.org.br\/vidacrista\/wp-content\/uploads\/2020\/06\/missao_211016g.jpg","type":"image\/jpeg"}],"author":"moacir","twitter_card":"summary_large_image","twitter_misc":{"Escrito por":"moacir","Est. tempo de leitura":"2 minutos"},"schema":{"@context":"https:\/\/schema.org","@graph":[{"@type":"WebSite","@id":"https:\/\/franciscanos.org.br\/vidacrista\/#website","url":"https:\/\/franciscanos.org.br\/vidacrista\/","name":"Vida Crist\u00e3 - Franciscanos","description":"Prov\u00edncia Franciscana da Imaculada Concei\u00e7\u00e3o do Brasil - Ordem dos Frades Menores","potentialAction":[{"@type":"SearchAction","target":{"@type":"EntryPoint","urlTemplate":"https:\/\/franciscanos.org.br\/vidacrista\/?s={search_term_string}"},"query-input":"required name=search_term_string"}],"inLanguage":"pt-BR"},{"@type":"WebPage","@id":"https:\/\/franciscanos.org.br\/vidacrista\/dia-mundial-das-missoes\/","url":"https:\/\/franciscanos.org.br\/vidacrista\/dia-mundial-das-missoes\/","name":"Dia Mundial das Miss\u00f5es - Vida Crist\u00e3 - Franciscanos","isPartOf":{"@id":"https:\/\/franciscanos.org.br\/vidacrista\/#website"},"datePublished":"2016-10-21T16:11:35+00:00","dateModified":"2020-06-25T17:14:18+00:00","author":{"@id":"https:\/\/franciscanos.org.br\/vidacrista\/#\/schema\/person\/1880bdd2c350b735648725ef7614736a"},"breadcrumb":{"@id":"https:\/\/franciscanos.org.br\/vidacrista\/dia-mundial-das-missoes\/#breadcrumb"},"inLanguage":"pt-BR","potentialAction":[{"@type":"ReadAction","target":["https:\/\/franciscanos.org.br\/vidacrista\/dia-mundial-das-missoes\/"]}]},{"@type":"BreadcrumbList","@id":"https:\/\/franciscanos.org.br\/vidacrista\/dia-mundial-das-missoes\/#breadcrumb","itemListElement":[{"@type":"ListItem","position":1,"name":"Home","item":"https:\/\/franciscanos.org.br\/vidacrista\/"},{"@type":"ListItem","position":2,"name":"Dia Mundial das Miss\u00f5es"}]},{"@type":"Person","@id":"https:\/\/franciscanos.org.br\/vidacrista\/#\/schema\/person\/1880bdd2c350b735648725ef7614736a","name":"moacir","image":{"@type":"ImageObject","inLanguage":"pt-BR","@id":"https:\/\/franciscanos.org.br\/vidacrista\/#\/schema\/person\/image\/","url":"https:\/\/secure.gravatar.com\/avatar\/d08aa2ce4c8dd416d4479aa8536fcf64?s=96&d=mm&r=g","contentUrl":"https:\/\/secure.gravatar.com\/avatar\/d08aa2ce4c8dd416d4479aa8536fcf64?s=96&d=mm&r=g","caption":"moacir"},"url":"https:\/\/franciscanos.org.br\/vidacrista\/author\/moacir\/"}]}},"_links":{"self":[{"href":"https:\/\/franciscanos.org.br\/vidacrista\/wp-json\/wp\/v2\/posts\/186097"}],"collection":[{"href":"https:\/\/franciscanos.org.br\/vidacrista\/wp-json\/wp\/v2\/posts"}],"about":[{"href":"https:\/\/franciscanos.org.br\/vidacrista\/wp-json\/wp\/v2\/types\/post"}],"author":[{"embeddable":true,"href":"https:\/\/franciscanos.org.br\/vidacrista\/wp-json\/wp\/v2\/users\/3"}],"replies":[{"embeddable":true,"href":"https:\/\/franciscanos.org.br\/vidacrista\/wp-json\/wp\/v2\/comments?post=186097"}],"version-history":[{"count":1,"href":"https:\/\/franciscanos.org.br\/vidacrista\/wp-json\/wp\/v2\/posts\/186097\/revisions"}],"predecessor-version":[{"id":186099,"href":"https:\/\/franciscanos.org.br\/vidacrista\/wp-json\/wp\/v2\/posts\/186097\/revisions\/186099"}],"wp:featuredmedia":[{"embeddable":true,"href":"https:\/\/franciscanos.org.br\/vidacrista\/wp-json\/wp\/v2\/media\/186098"}],"wp:attachment":[{"href":"https:\/\/franciscanos.org.br\/vidacrista\/wp-json\/wp\/v2\/media?parent=186097"}],"wp:term":[{"taxonomy":"category","embeddable":true,"href":"https:\/\/franciscanos.org.br\/vidacrista\/wp-json\/wp\/v2\/categories?post=186097"},{"taxonomy":"post_tag","embeddable":true,"href":"https:\/\/franciscanos.org.br\/vidacrista\/wp-json\/wp\/v2\/tags?post=186097"}],"curies":[{"name":"wp","href":"https:\/\/api.w.org\/{rel}","templated":true}]}}