{"id":186091,"date":"2017-03-07T13:58:39","date_gmt":"2017-03-07T16:58:39","guid":{"rendered":"https:\/\/franciscanos.org.br\/vidacrista\/?p=186091"},"modified":"2020-06-25T14:00:28","modified_gmt":"2020-06-25T17:00:28","slug":"dia-da-mulher-sao-francisco-e-as-mulheres-que-marcaram-sua-vida","status":"publish","type":"post","link":"https:\/\/franciscanos.org.br\/vidacrista\/dia-da-mulher-sao-francisco-e-as-mulheres-que-marcaram-sua-vida\/","title":{"rendered":"Dia da Mulher: S\u00e3o Francisco e as mulheres que marcaram sua vida"},"content":{"rendered":"<p><img decoding=\"async\" loading=\"lazy\" class=\"alignleft\" src=\"http:\/\/franciscanos.org.br\/wp-content\/uploads\/2017\/03\/dia_070317.jpg\" alt=\"dia_070317\" width=\"830\" height=\"244\" \/><\/p>\n<p>Para o Dia da Mulher, umas palavras a partir da experi\u00eancia de S\u00e3o Francisco. Ele tem uma agu\u00e7ada sensibilidade muito pr\u00f3pria da sua personalidade e espiritualidade. Colocou em sua vida, numa medida exata, o equil\u00edbrio necess\u00e1rio da incessante busca de ser um humano forte. Nele, o masculino e o feminino fraternizam-se. H\u00e1 a presen\u00e7a hist\u00f3rica de mulheres em sua vida.<\/p>\n<p>Falemos de sua m\u00e3e, Jeanne de Boulermont, a mulher que veio da regi\u00e3o francesa da Picardia, por isso mesmo conhecida em Assis como Dona Pic\u00e0, a mulher que veio da distante regi\u00e3o dos nobres e cavaleiros. Nela Francisco viveu a intensidade do Amor de M\u00e3e. O amor do cuidado, da compreens\u00e3o, da prece, da preocupa\u00e7\u00e3o, das can\u00e7\u00f5es ensinadas, da l\u00edngua francesa, da cortesia, da fineza, da ternura e das m\u00faltiplas virtudes. O seu pai era homem de neg\u00f3cios e saiu para trazer para a fam\u00edlia a sobreviv\u00eancia. Sua m\u00e3e, mulher da educa\u00e7\u00e3o e da casa, moldou nele a conviv\u00eancia. Deixou no filho as marcas da nobreza, da f\u00e9 em Deus, do amor ao pr\u00f3ximo, da generosidade, da pureza e mansid\u00e3o, uma qualificada consanguinidade biol\u00f3gica.<\/p>\n<p>Falemos de Clara de Assis, sua seguidora a partir do Esposo Amado, sua companheira e fundadora do jeito terno e claustral, contemplativo e\u00a0 acolhedor mosteiro clariano franciscano, raiz de uma exuberante flora\u00e7\u00e3o. Com ela, Francisco aprendeu a forte presen\u00e7a da busca da perfei\u00e7\u00e3o. Entre os dois h\u00e1 troca de projetos comuns, encontros para falar do cora\u00e7\u00e3o em chama, santa inten\u00e7\u00e3o e o cuidado eterno para com a Cruz de S\u00e3o Dami\u00e3o, o lugar da inspira\u00e7\u00e3o. Entre os dois um sagrado Amor de contempla\u00e7\u00e3o, esponsal\u00edcio m\u00edstico, express\u00e3o feminina e masculina do Evangelho, ora\u00e7\u00e3o cont\u00ednua, comunh\u00e3o perene, uma transformadora consanguinidade espiritual.<\/p>\n<p>Falemos de sua amiga, Jacoba de Settesoli, com quem viveu a rela\u00e7\u00e3o da profunda amizade. Jacoba era nobre, rica e caridosa. Dividia virtudes e bens. A grande amizade nas horas da vida esteve presente na hora do Tr\u00e2nsito de Francisco para a eternidade. Na celebra\u00e7\u00e3o deste maravilhoso rito de passagem n\u00e3o podia faltar a figura desta mulher que trouxe seu doce preferido, o \u201cmostaciolli\u201d, que providenciou tamb\u00e9m a t\u00fanica e os panos que prepararam o sepultamento do amigo. Viu suas chagas e o aconchegou em seus bra\u00e7os na agonia. Uma leiga que viu de perto o mist\u00e9rio e maravilhas realizados pelo Senhor naquele <em>Poverello<\/em> e depois em sua Ordem. Entre eles, uma fecunda consanguinidade afetiva.<\/p>\n<p>A m\u00e3e, Clara e Jacoba deram a sua sonhada Fraternidade o jeito materno de ser, a irmandade e a amizade. S\u00e3o virtudes encarnadas, nascidas de personagens reais. No Dia da Mulher, aprendamos com Francisco que o ser humano masculino e feminino vive na m\u00e3e, na esposa, na irm\u00e3, e no sonho de colocar sob as asas da prote\u00e7\u00e3o e do amoroso cuidado todos os que formavam e formam a sua bela fam\u00edlia, a consanguinidade fraterna. Que S\u00e3o Francisco e Santa Clara aben\u00e7oem todas as Mulheres em seu merecido e celebrativo dia!<\/p>\n<p><strong>FREI VITORIO MAZZUCO FILHO<\/strong><\/p>\n","protected":false},"excerpt":{"rendered":"<p>Artigo de Frei Vitorio Mazzuco<\/p>\n","protected":false},"author":3,"featured_media":0,"comment_status":"open","ping_status":"open","sticky":false,"template":"","format":"standard","meta":{"footnotes":""},"categories":[26],"tags":[303,203],"yoast_head":"<!-- This site is optimized with the Yoast SEO plugin v19.4 - https:\/\/yoast.com\/wordpress\/plugins\/seo\/ -->\n<title>Dia da Mulher: S\u00e3o Francisco e as mulheres que marcaram sua vida - Vida Crist\u00e3 - Franciscanos<\/title>\n<meta name=\"robots\" content=\"index, follow, max-snippet:-1, max-image-preview:large, max-video-preview:-1\" \/>\n<link rel=\"canonical\" href=\"https:\/\/franciscanos.org.br\/vidacrista\/dia-da-mulher-sao-francisco-e-as-mulheres-que-marcaram-sua-vida\/\" \/>\n<meta property=\"og:locale\" content=\"pt_BR\" \/>\n<meta property=\"og:type\" content=\"article\" \/>\n<meta property=\"og:title\" content=\"Dia da Mulher: S\u00e3o Francisco e as mulheres que marcaram sua vida - Vida Crist\u00e3 - Franciscanos\" \/>\n<meta property=\"og:description\" content=\"Artigo de Frei Vitorio Mazzuco\" \/>\n<meta property=\"og:url\" content=\"https:\/\/franciscanos.org.br\/vidacrista\/dia-da-mulher-sao-francisco-e-as-mulheres-que-marcaram-sua-vida\/\" \/>\n<meta property=\"og:site_name\" content=\"Vida Crist\u00e3 - Franciscanos\" \/>\n<meta property=\"article:published_time\" content=\"2017-03-07T16:58:39+00:00\" \/>\n<meta property=\"article:modified_time\" content=\"2020-06-25T17:00:28+00:00\" \/>\n<meta property=\"og:image\" content=\"http:\/\/franciscanos.org.br\/wp-content\/uploads\/2017\/03\/dia_070317.jpg\" \/>\n<meta name=\"author\" content=\"moacir\" \/>\n<meta name=\"twitter:card\" content=\"summary_large_image\" \/>\n<meta name=\"twitter:label1\" content=\"Escrito por\" \/>\n\t<meta name=\"twitter:data1\" content=\"moacir\" \/>\n\t<meta name=\"twitter:label2\" content=\"Est. tempo de leitura\" \/>\n\t<meta name=\"twitter:data2\" content=\"3 minutos\" \/>\n<script type=\"application\/ld+json\" class=\"yoast-schema-graph\">{\"@context\":\"https:\/\/schema.org\",\"@graph\":[{\"@type\":\"WebSite\",\"@id\":\"https:\/\/franciscanos.org.br\/vidacrista\/#website\",\"url\":\"https:\/\/franciscanos.org.br\/vidacrista\/\",\"name\":\"Vida Crist\u00e3 - Franciscanos\",\"description\":\"Prov\u00edncia Franciscana da Imaculada Concei\u00e7\u00e3o do Brasil - Ordem dos Frades Menores\",\"potentialAction\":[{\"@type\":\"SearchAction\",\"target\":{\"@type\":\"EntryPoint\",\"urlTemplate\":\"https:\/\/franciscanos.org.br\/vidacrista\/?s={search_term_string}\"},\"query-input\":\"required name=search_term_string\"}],\"inLanguage\":\"pt-BR\"},{\"@type\":\"WebPage\",\"@id\":\"https:\/\/franciscanos.org.br\/vidacrista\/dia-da-mulher-sao-francisco-e-as-mulheres-que-marcaram-sua-vida\/\",\"url\":\"https:\/\/franciscanos.org.br\/vidacrista\/dia-da-mulher-sao-francisco-e-as-mulheres-que-marcaram-sua-vida\/\",\"name\":\"Dia da Mulher: S\u00e3o Francisco e as mulheres que marcaram sua vida - Vida Crist\u00e3 - Franciscanos\",\"isPartOf\":{\"@id\":\"https:\/\/franciscanos.org.br\/vidacrista\/#website\"},\"datePublished\":\"2017-03-07T16:58:39+00:00\",\"dateModified\":\"2020-06-25T17:00:28+00:00\",\"author\":{\"@id\":\"https:\/\/franciscanos.org.br\/vidacrista\/#\/schema\/person\/1880bdd2c350b735648725ef7614736a\"},\"breadcrumb\":{\"@id\":\"https:\/\/franciscanos.org.br\/vidacrista\/dia-da-mulher-sao-francisco-e-as-mulheres-que-marcaram-sua-vida\/#breadcrumb\"},\"inLanguage\":\"pt-BR\",\"potentialAction\":[{\"@type\":\"ReadAction\",\"target\":[\"https:\/\/franciscanos.org.br\/vidacrista\/dia-da-mulher-sao-francisco-e-as-mulheres-que-marcaram-sua-vida\/\"]}]},{\"@type\":\"BreadcrumbList\",\"@id\":\"https:\/\/franciscanos.org.br\/vidacrista\/dia-da-mulher-sao-francisco-e-as-mulheres-que-marcaram-sua-vida\/#breadcrumb\",\"itemListElement\":[{\"@type\":\"ListItem\",\"position\":1,\"name\":\"Home\",\"item\":\"https:\/\/franciscanos.org.br\/vidacrista\/\"},{\"@type\":\"ListItem\",\"position\":2,\"name\":\"Dia da Mulher: S\u00e3o Francisco e as mulheres que marcaram sua vida\"}]},{\"@type\":\"Person\",\"@id\":\"https:\/\/franciscanos.org.br\/vidacrista\/#\/schema\/person\/1880bdd2c350b735648725ef7614736a\",\"name\":\"moacir\",\"image\":{\"@type\":\"ImageObject\",\"inLanguage\":\"pt-BR\",\"@id\":\"https:\/\/franciscanos.org.br\/vidacrista\/#\/schema\/person\/image\/\",\"url\":\"https:\/\/secure.gravatar.com\/avatar\/d08aa2ce4c8dd416d4479aa8536fcf64?s=96&d=mm&r=g\",\"contentUrl\":\"https:\/\/secure.gravatar.com\/avatar\/d08aa2ce4c8dd416d4479aa8536fcf64?s=96&d=mm&r=g\",\"caption\":\"moacir\"},\"url\":\"https:\/\/franciscanos.org.br\/vidacrista\/author\/moacir\/\"}]}<\/script>\n<!-- \/ Yoast SEO plugin. -->","yoast_head_json":{"title":"Dia da Mulher: S\u00e3o Francisco e as mulheres que marcaram sua vida - Vida Crist\u00e3 - Franciscanos","robots":{"index":"index","follow":"follow","max-snippet":"max-snippet:-1","max-image-preview":"max-image-preview:large","max-video-preview":"max-video-preview:-1"},"canonical":"https:\/\/franciscanos.org.br\/vidacrista\/dia-da-mulher-sao-francisco-e-as-mulheres-que-marcaram-sua-vida\/","og_locale":"pt_BR","og_type":"article","og_title":"Dia da Mulher: S\u00e3o Francisco e as mulheres que marcaram sua vida - Vida Crist\u00e3 - Franciscanos","og_description":"Artigo de Frei Vitorio Mazzuco","og_url":"https:\/\/franciscanos.org.br\/vidacrista\/dia-da-mulher-sao-francisco-e-as-mulheres-que-marcaram-sua-vida\/","og_site_name":"Vida Crist\u00e3 - Franciscanos","article_published_time":"2017-03-07T16:58:39+00:00","article_modified_time":"2020-06-25T17:00:28+00:00","og_image":[{"url":"http:\/\/franciscanos.org.br\/wp-content\/uploads\/2017\/03\/dia_070317.jpg"}],"author":"moacir","twitter_card":"summary_large_image","twitter_misc":{"Escrito por":"moacir","Est. tempo de leitura":"3 minutos"},"schema":{"@context":"https:\/\/schema.org","@graph":[{"@type":"WebSite","@id":"https:\/\/franciscanos.org.br\/vidacrista\/#website","url":"https:\/\/franciscanos.org.br\/vidacrista\/","name":"Vida Crist\u00e3 - Franciscanos","description":"Prov\u00edncia Franciscana da Imaculada Concei\u00e7\u00e3o do Brasil - Ordem dos Frades Menores","potentialAction":[{"@type":"SearchAction","target":{"@type":"EntryPoint","urlTemplate":"https:\/\/franciscanos.org.br\/vidacrista\/?s={search_term_string}"},"query-input":"required name=search_term_string"}],"inLanguage":"pt-BR"},{"@type":"WebPage","@id":"https:\/\/franciscanos.org.br\/vidacrista\/dia-da-mulher-sao-francisco-e-as-mulheres-que-marcaram-sua-vida\/","url":"https:\/\/franciscanos.org.br\/vidacrista\/dia-da-mulher-sao-francisco-e-as-mulheres-que-marcaram-sua-vida\/","name":"Dia da Mulher: S\u00e3o Francisco e as mulheres que marcaram sua vida - Vida Crist\u00e3 - Franciscanos","isPartOf":{"@id":"https:\/\/franciscanos.org.br\/vidacrista\/#website"},"datePublished":"2017-03-07T16:58:39+00:00","dateModified":"2020-06-25T17:00:28+00:00","author":{"@id":"https:\/\/franciscanos.org.br\/vidacrista\/#\/schema\/person\/1880bdd2c350b735648725ef7614736a"},"breadcrumb":{"@id":"https:\/\/franciscanos.org.br\/vidacrista\/dia-da-mulher-sao-francisco-e-as-mulheres-que-marcaram-sua-vida\/#breadcrumb"},"inLanguage":"pt-BR","potentialAction":[{"@type":"ReadAction","target":["https:\/\/franciscanos.org.br\/vidacrista\/dia-da-mulher-sao-francisco-e-as-mulheres-que-marcaram-sua-vida\/"]}]},{"@type":"BreadcrumbList","@id":"https:\/\/franciscanos.org.br\/vidacrista\/dia-da-mulher-sao-francisco-e-as-mulheres-que-marcaram-sua-vida\/#breadcrumb","itemListElement":[{"@type":"ListItem","position":1,"name":"Home","item":"https:\/\/franciscanos.org.br\/vidacrista\/"},{"@type":"ListItem","position":2,"name":"Dia da Mulher: S\u00e3o Francisco e as mulheres que marcaram sua vida"}]},{"@type":"Person","@id":"https:\/\/franciscanos.org.br\/vidacrista\/#\/schema\/person\/1880bdd2c350b735648725ef7614736a","name":"moacir","image":{"@type":"ImageObject","inLanguage":"pt-BR","@id":"https:\/\/franciscanos.org.br\/vidacrista\/#\/schema\/person\/image\/","url":"https:\/\/secure.gravatar.com\/avatar\/d08aa2ce4c8dd416d4479aa8536fcf64?s=96&d=mm&r=g","contentUrl":"https:\/\/secure.gravatar.com\/avatar\/d08aa2ce4c8dd416d4479aa8536fcf64?s=96&d=mm&r=g","caption":"moacir"},"url":"https:\/\/franciscanos.org.br\/vidacrista\/author\/moacir\/"}]}},"_links":{"self":[{"href":"https:\/\/franciscanos.org.br\/vidacrista\/wp-json\/wp\/v2\/posts\/186091"}],"collection":[{"href":"https:\/\/franciscanos.org.br\/vidacrista\/wp-json\/wp\/v2\/posts"}],"about":[{"href":"https:\/\/franciscanos.org.br\/vidacrista\/wp-json\/wp\/v2\/types\/post"}],"author":[{"embeddable":true,"href":"https:\/\/franciscanos.org.br\/vidacrista\/wp-json\/wp\/v2\/users\/3"}],"replies":[{"embeddable":true,"href":"https:\/\/franciscanos.org.br\/vidacrista\/wp-json\/wp\/v2\/comments?post=186091"}],"version-history":[{"count":1,"href":"https:\/\/franciscanos.org.br\/vidacrista\/wp-json\/wp\/v2\/posts\/186091\/revisions"}],"predecessor-version":[{"id":186093,"href":"https:\/\/franciscanos.org.br\/vidacrista\/wp-json\/wp\/v2\/posts\/186091\/revisions\/186093"}],"wp:attachment":[{"href":"https:\/\/franciscanos.org.br\/vidacrista\/wp-json\/wp\/v2\/media?parent=186091"}],"wp:term":[{"taxonomy":"category","embeddable":true,"href":"https:\/\/franciscanos.org.br\/vidacrista\/wp-json\/wp\/v2\/categories?post=186091"},{"taxonomy":"post_tag","embeddable":true,"href":"https:\/\/franciscanos.org.br\/vidacrista\/wp-json\/wp\/v2\/tags?post=186091"}],"curies":[{"name":"wp","href":"https:\/\/api.w.org\/{rel}","templated":true}]}}