{"id":186085,"date":"2017-08-11T13:38:22","date_gmt":"2017-08-11T16:38:22","guid":{"rendered":"https:\/\/franciscanos.org.br\/vidacrista\/?p=186085"},"modified":"2020-07-10T15:42:13","modified_gmt":"2020-07-10T18:42:13","slug":"hino-de-gratidao-aos-pais","status":"publish","type":"post","link":"https:\/\/franciscanos.org.br\/vidacrista\/hino-de-gratidao-aos-pais\/","title":{"rendered":"Hino de gratid\u00e3o aos Pais"},"content":{"rendered":"<p>&nbsp;<\/p>\n<p><img decoding=\"async\" loading=\"lazy\" class=\"alignnone wp-image-186539 size-full\" src=\"https:\/\/franciscanos.org.br\/vidacrista\/wp-content\/uploads\/2017\/08\/artigo_1007_5.png\" alt=\"\" width=\"840\" height=\"450\" srcset=\"https:\/\/franciscanos.org.br\/vidacrista\/wp-content\/uploads\/2017\/08\/artigo_1007_5.png 840w, https:\/\/franciscanos.org.br\/vidacrista\/wp-content\/uploads\/2017\/08\/artigo_1007_5-450x241.png 450w, https:\/\/franciscanos.org.br\/vidacrista\/wp-content\/uploads\/2017\/08\/artigo_1007_5-768x411.png 768w, https:\/\/franciscanos.org.br\/vidacrista\/wp-content\/uploads\/2017\/08\/artigo_1007_5-150x80.png 150w\" sizes=\"(max-width: 840px) 100vw, 840px\" \/><\/p>\n<p>\u2022 Do cora\u00e7\u00e3o dos filhos brota, no segundo domingo de agosto, um hino de gratid\u00e3o por esses homens que levam o nome de pai. Esse \u00e9 t\u00e3o belo que o Deus do c\u00e9u o pediu emprestado para ele.<\/p>\n<p>\u2022 Antes de ser pai, esse homem \u00e9 esposo. No tempo da juventude encontrou uma mulher com a qual desejou criar vida comum, comunh\u00e3o de sonhos, de corpos e de tudo. Essa mulher que chegou veio quebrar-lhe a solid\u00e3o. N\u00e3o \u00e9 bom que o homem viva s\u00f3. O marido \u00e9 companheiro, amigo fiel de todos os momentos, parceiro de destino. Os filhos, pequenos e os filhos crescidos, sentem-se profundamente arrumados pro dentro quando t\u00eam a certeza de que existe um s\u00f3lido amor entre o pai e a m\u00e3e. Sim, os pais come\u00e7am a ser bons quando s\u00e3o ternos amigos da m\u00e3e de seus filhos. Certamente, uma das experi\u00eancias mais doloridas que os filhos podem experimentar \u00e9 a de ver o pai deixando a casa e interrompendo a caminhada venturosa de amor com a m\u00e3e deles.<\/p>\n<p>\u2022 O pai \u00e9 presen\u00e7a densa, presen\u00e7a de qualidade, presen\u00e7a forte e meiga no seio da casa. N\u00e3o \u00e9 apenas um provedor. Sua miss\u00e3o n\u00e3o consiste apenas em conseguir para sobreviv\u00eancia de sua fam\u00edlia. O que importa \u00e9 a qualidade de sua presen\u00e7a. Os seres humanos chamados filhos e que enchem a casas s\u00e3o um dom de Deus confiado ao pai e \u00e0 m\u00e3e. Os pais, na verdade, administram o presente que Deus lhes deu. Presen\u00e7a de qualidade. Presen\u00e7a forte mesmo quando tenha ocorrido a separa\u00e7\u00e3o do casal.<\/p>\n<p>\u2022 O pai sempre presente vai se tornando amigo e confidente. Aos poucos, conquista a confian\u00e7a e a amizade dos filhos. Faz-se amigo de muito particular na turbul\u00eancia da adolesc\u00eancia.<\/p>\n<p>\u2022 Os pais n\u00e3o querem que seus filhos sejam c\u00f3pia-xerox de sua vida. Eles observam o que vai acontecendo na vida dos filhos ao longo do tempo. Ajuda-os a discernir. Nada imp\u00f5em. Importante que os filhos n\u00e3o sejam meros joguetes de circunst\u00e2ncias nem adeptos de uma sociedade consumista e exploradora.<\/p>\n<p>\u2022 O pai \u00e9 como um vigia. Sim, o pai \u00e9 vigilante sem ser autorit\u00e1rio, \u201ccastrador\u201d ou d\u00e9spota. Mas, n\u00e3o podem ser omissos, covardes e desatentos. H\u00e1 valores que precisam ser abra\u00e7ados. Necess\u00e1rio vigiar carinhosamente o crescimento da vida afetiva dos filhos para n\u00e3o venham eles a se machucar. Uma vigil\u00e2ncia discreta e amorosa.<\/p>\n<p>\u2022 O pai procurar\u00e1 tamb\u00e9m ser pai dos filhos que n\u00e3o gerou, mas que sua companheira trouxe de um uni\u00e3o anterior. N\u00e3o existe apenas o pai biol\u00f3gico, mas o pai que adota um filho e o conduz at\u00e9 os aposentos \u00edntimos de seu cora\u00e7\u00e3o.<\/p>\n<p>\u2022 O pai da terra o ocupa-se tamb\u00e9m das coisas do Pai do c\u00e9u. \u00c9 algu\u00e9m que anda numa s\u00e9ria busca do Senhor. Ele e a mulher criam em casa um espa\u00e7o para que o Senhor possa entrar e sentar-se com a fam\u00edlia \u00e0 mesa da refei\u00e7\u00e3o. O pai n\u00e3o \u00e9 um \u201cbeato\u201d, mas algu\u00e9m que denota uma inquietude de estar sempre na busca das estrelas. Os filhos ficam felizes de saber que se pai \u00e9 amigo e confidente de Deus.<\/p>\n<p><strong>Frei Almir Guimar\u00e3es<\/strong><\/p>\n","protected":false},"excerpt":{"rendered":"<p>Artigo de Frei Almir Guimar\u00e3es<\/p>\n","protected":false},"author":3,"featured_media":186540,"comment_status":"open","ping_status":"open","sticky":false,"template":"","format":"standard","meta":{"footnotes":""},"categories":[26],"tags":[30],"yoast_head":"<!-- This site is optimized with the Yoast SEO plugin v19.4 - https:\/\/yoast.com\/wordpress\/plugins\/seo\/ -->\n<title>Hino de gratid\u00e3o aos Pais - Vida Crist\u00e3 - Franciscanos<\/title>\n<meta name=\"robots\" content=\"index, follow, max-snippet:-1, max-image-preview:large, max-video-preview:-1\" \/>\n<link rel=\"canonical\" href=\"https:\/\/franciscanos.org.br\/vidacrista\/hino-de-gratidao-aos-pais\/\" \/>\n<meta property=\"og:locale\" content=\"pt_BR\" \/>\n<meta property=\"og:type\" content=\"article\" \/>\n<meta property=\"og:title\" content=\"Hino de gratid\u00e3o aos Pais - Vida Crist\u00e3 - Franciscanos\" \/>\n<meta property=\"og:description\" content=\"Artigo de Frei Almir Guimar\u00e3es\" \/>\n<meta property=\"og:url\" content=\"https:\/\/franciscanos.org.br\/vidacrista\/hino-de-gratidao-aos-pais\/\" \/>\n<meta property=\"og:site_name\" content=\"Vida Crist\u00e3 - Franciscanos\" \/>\n<meta property=\"article:published_time\" content=\"2017-08-11T16:38:22+00:00\" \/>\n<meta property=\"article:modified_time\" content=\"2020-07-10T18:42:13+00:00\" \/>\n<meta property=\"og:image\" content=\"https:\/\/franciscanos.org.br\/vidacrista\/wp-content\/uploads\/2017\/08\/artigo_1007_5d.png\" \/>\n\t<meta property=\"og:image:width\" content=\"800\" \/>\n\t<meta property=\"og:image:height\" content=\"600\" \/>\n\t<meta property=\"og:image:type\" content=\"image\/png\" \/>\n<meta name=\"author\" content=\"moacir\" \/>\n<meta name=\"twitter:card\" content=\"summary_large_image\" \/>\n<meta name=\"twitter:label1\" content=\"Escrito por\" \/>\n\t<meta name=\"twitter:data1\" content=\"moacir\" \/>\n\t<meta name=\"twitter:label2\" content=\"Est. tempo de leitura\" \/>\n\t<meta name=\"twitter:data2\" content=\"3 minutos\" \/>\n<script type=\"application\/ld+json\" class=\"yoast-schema-graph\">{\"@context\":\"https:\/\/schema.org\",\"@graph\":[{\"@type\":\"WebSite\",\"@id\":\"https:\/\/franciscanos.org.br\/vidacrista\/#website\",\"url\":\"https:\/\/franciscanos.org.br\/vidacrista\/\",\"name\":\"Vida Crist\u00e3 - Franciscanos\",\"description\":\"Prov\u00edncia Franciscana da Imaculada Concei\u00e7\u00e3o do Brasil - Ordem dos Frades Menores\",\"potentialAction\":[{\"@type\":\"SearchAction\",\"target\":{\"@type\":\"EntryPoint\",\"urlTemplate\":\"https:\/\/franciscanos.org.br\/vidacrista\/?s={search_term_string}\"},\"query-input\":\"required name=search_term_string\"}],\"inLanguage\":\"pt-BR\"},{\"@type\":\"WebPage\",\"@id\":\"https:\/\/franciscanos.org.br\/vidacrista\/hino-de-gratidao-aos-pais\/\",\"url\":\"https:\/\/franciscanos.org.br\/vidacrista\/hino-de-gratidao-aos-pais\/\",\"name\":\"Hino de gratid\u00e3o aos Pais - Vida Crist\u00e3 - Franciscanos\",\"isPartOf\":{\"@id\":\"https:\/\/franciscanos.org.br\/vidacrista\/#website\"},\"datePublished\":\"2017-08-11T16:38:22+00:00\",\"dateModified\":\"2020-07-10T18:42:13+00:00\",\"author\":{\"@id\":\"https:\/\/franciscanos.org.br\/vidacrista\/#\/schema\/person\/1880bdd2c350b735648725ef7614736a\"},\"breadcrumb\":{\"@id\":\"https:\/\/franciscanos.org.br\/vidacrista\/hino-de-gratidao-aos-pais\/#breadcrumb\"},\"inLanguage\":\"pt-BR\",\"potentialAction\":[{\"@type\":\"ReadAction\",\"target\":[\"https:\/\/franciscanos.org.br\/vidacrista\/hino-de-gratidao-aos-pais\/\"]}]},{\"@type\":\"BreadcrumbList\",\"@id\":\"https:\/\/franciscanos.org.br\/vidacrista\/hino-de-gratidao-aos-pais\/#breadcrumb\",\"itemListElement\":[{\"@type\":\"ListItem\",\"position\":1,\"name\":\"Home\",\"item\":\"https:\/\/franciscanos.org.br\/vidacrista\/\"},{\"@type\":\"ListItem\",\"position\":2,\"name\":\"Hino de gratid\u00e3o aos Pais\"}]},{\"@type\":\"Person\",\"@id\":\"https:\/\/franciscanos.org.br\/vidacrista\/#\/schema\/person\/1880bdd2c350b735648725ef7614736a\",\"name\":\"moacir\",\"image\":{\"@type\":\"ImageObject\",\"inLanguage\":\"pt-BR\",\"@id\":\"https:\/\/franciscanos.org.br\/vidacrista\/#\/schema\/person\/image\/\",\"url\":\"https:\/\/secure.gravatar.com\/avatar\/d08aa2ce4c8dd416d4479aa8536fcf64?s=96&d=mm&r=g\",\"contentUrl\":\"https:\/\/secure.gravatar.com\/avatar\/d08aa2ce4c8dd416d4479aa8536fcf64?s=96&d=mm&r=g\",\"caption\":\"moacir\"},\"url\":\"https:\/\/franciscanos.org.br\/vidacrista\/author\/moacir\/\"}]}<\/script>\n<!-- \/ Yoast SEO plugin. -->","yoast_head_json":{"title":"Hino de gratid\u00e3o aos Pais - Vida Crist\u00e3 - Franciscanos","robots":{"index":"index","follow":"follow","max-snippet":"max-snippet:-1","max-image-preview":"max-image-preview:large","max-video-preview":"max-video-preview:-1"},"canonical":"https:\/\/franciscanos.org.br\/vidacrista\/hino-de-gratidao-aos-pais\/","og_locale":"pt_BR","og_type":"article","og_title":"Hino de gratid\u00e3o aos Pais - Vida Crist\u00e3 - Franciscanos","og_description":"Artigo de Frei Almir Guimar\u00e3es","og_url":"https:\/\/franciscanos.org.br\/vidacrista\/hino-de-gratidao-aos-pais\/","og_site_name":"Vida Crist\u00e3 - Franciscanos","article_published_time":"2017-08-11T16:38:22+00:00","article_modified_time":"2020-07-10T18:42:13+00:00","og_image":[{"width":800,"height":600,"url":"https:\/\/franciscanos.org.br\/vidacrista\/wp-content\/uploads\/2017\/08\/artigo_1007_5d.png","type":"image\/png"}],"author":"moacir","twitter_card":"summary_large_image","twitter_misc":{"Escrito por":"moacir","Est. tempo de leitura":"3 minutos"},"schema":{"@context":"https:\/\/schema.org","@graph":[{"@type":"WebSite","@id":"https:\/\/franciscanos.org.br\/vidacrista\/#website","url":"https:\/\/franciscanos.org.br\/vidacrista\/","name":"Vida Crist\u00e3 - Franciscanos","description":"Prov\u00edncia Franciscana da Imaculada Concei\u00e7\u00e3o do Brasil - Ordem dos Frades Menores","potentialAction":[{"@type":"SearchAction","target":{"@type":"EntryPoint","urlTemplate":"https:\/\/franciscanos.org.br\/vidacrista\/?s={search_term_string}"},"query-input":"required name=search_term_string"}],"inLanguage":"pt-BR"},{"@type":"WebPage","@id":"https:\/\/franciscanos.org.br\/vidacrista\/hino-de-gratidao-aos-pais\/","url":"https:\/\/franciscanos.org.br\/vidacrista\/hino-de-gratidao-aos-pais\/","name":"Hino de gratid\u00e3o aos Pais - Vida Crist\u00e3 - Franciscanos","isPartOf":{"@id":"https:\/\/franciscanos.org.br\/vidacrista\/#website"},"datePublished":"2017-08-11T16:38:22+00:00","dateModified":"2020-07-10T18:42:13+00:00","author":{"@id":"https:\/\/franciscanos.org.br\/vidacrista\/#\/schema\/person\/1880bdd2c350b735648725ef7614736a"},"breadcrumb":{"@id":"https:\/\/franciscanos.org.br\/vidacrista\/hino-de-gratidao-aos-pais\/#breadcrumb"},"inLanguage":"pt-BR","potentialAction":[{"@type":"ReadAction","target":["https:\/\/franciscanos.org.br\/vidacrista\/hino-de-gratidao-aos-pais\/"]}]},{"@type":"BreadcrumbList","@id":"https:\/\/franciscanos.org.br\/vidacrista\/hino-de-gratidao-aos-pais\/#breadcrumb","itemListElement":[{"@type":"ListItem","position":1,"name":"Home","item":"https:\/\/franciscanos.org.br\/vidacrista\/"},{"@type":"ListItem","position":2,"name":"Hino de gratid\u00e3o aos Pais"}]},{"@type":"Person","@id":"https:\/\/franciscanos.org.br\/vidacrista\/#\/schema\/person\/1880bdd2c350b735648725ef7614736a","name":"moacir","image":{"@type":"ImageObject","inLanguage":"pt-BR","@id":"https:\/\/franciscanos.org.br\/vidacrista\/#\/schema\/person\/image\/","url":"https:\/\/secure.gravatar.com\/avatar\/d08aa2ce4c8dd416d4479aa8536fcf64?s=96&d=mm&r=g","contentUrl":"https:\/\/secure.gravatar.com\/avatar\/d08aa2ce4c8dd416d4479aa8536fcf64?s=96&d=mm&r=g","caption":"moacir"},"url":"https:\/\/franciscanos.org.br\/vidacrista\/author\/moacir\/"}]}},"_links":{"self":[{"href":"https:\/\/franciscanos.org.br\/vidacrista\/wp-json\/wp\/v2\/posts\/186085"}],"collection":[{"href":"https:\/\/franciscanos.org.br\/vidacrista\/wp-json\/wp\/v2\/posts"}],"about":[{"href":"https:\/\/franciscanos.org.br\/vidacrista\/wp-json\/wp\/v2\/types\/post"}],"author":[{"embeddable":true,"href":"https:\/\/franciscanos.org.br\/vidacrista\/wp-json\/wp\/v2\/users\/3"}],"replies":[{"embeddable":true,"href":"https:\/\/franciscanos.org.br\/vidacrista\/wp-json\/wp\/v2\/comments?post=186085"}],"version-history":[{"count":2,"href":"https:\/\/franciscanos.org.br\/vidacrista\/wp-json\/wp\/v2\/posts\/186085\/revisions"}],"predecessor-version":[{"id":186541,"href":"https:\/\/franciscanos.org.br\/vidacrista\/wp-json\/wp\/v2\/posts\/186085\/revisions\/186541"}],"wp:featuredmedia":[{"embeddable":true,"href":"https:\/\/franciscanos.org.br\/vidacrista\/wp-json\/wp\/v2\/media\/186540"}],"wp:attachment":[{"href":"https:\/\/franciscanos.org.br\/vidacrista\/wp-json\/wp\/v2\/media?parent=186085"}],"wp:term":[{"taxonomy":"category","embeddable":true,"href":"https:\/\/franciscanos.org.br\/vidacrista\/wp-json\/wp\/v2\/categories?post=186085"},{"taxonomy":"post_tag","embeddable":true,"href":"https:\/\/franciscanos.org.br\/vidacrista\/wp-json\/wp\/v2\/tags?post=186085"}],"curies":[{"name":"wp","href":"https:\/\/api.w.org\/{rel}","templated":true}]}}