{"id":186076,"date":"2015-09-13T00:52:29","date_gmt":"2015-09-13T03:52:29","guid":{"rendered":"https:\/\/franciscanos.org.br\/vidacrista\/?p=186076"},"modified":"2020-06-25T12:07:13","modified_gmt":"2020-06-25T15:07:13","slug":"a-cruz-do-senhor-e-a-cruz-dos-discipulos","status":"publish","type":"post","link":"https:\/\/franciscanos.org.br\/vidacrista\/a-cruz-do-senhor-e-a-cruz-dos-discipulos\/","title":{"rendered":"A cruz do Senhor e a cruz dos disc\u00edpulos"},"content":{"rendered":"<p><img decoding=\"async\" loading=\"lazy\" class=\"alignnone  wp-image-186077\" src=\"https:\/\/franciscanos.org.br\/vidacrista\/wp-content\/uploads\/2020\/06\/cruz_140915.jpg\" alt=\"\" width=\"873\" height=\"484\" srcset=\"https:\/\/franciscanos.org.br\/vidacrista\/wp-content\/uploads\/2020\/06\/cruz_140915.jpg 810w, https:\/\/franciscanos.org.br\/vidacrista\/wp-content\/uploads\/2020\/06\/cruz_140915-450x249.jpg 450w, https:\/\/franciscanos.org.br\/vidacrista\/wp-content\/uploads\/2020\/06\/cruz_140915-768x426.jpg 768w, https:\/\/franciscanos.org.br\/vidacrista\/wp-content\/uploads\/2020\/06\/cruz_140915-150x83.jpg 150w\" sizes=\"(max-width: 873px) 100vw, 873px\" \/><\/p>\n<p><strong>Frei Almir Guimar\u00e3es<\/strong><\/p>\n<p>Quase na metade do m\u00eas de setembro vivemos a alegria da grande Festa da Exalta\u00e7\u00e3o da Cruz do Senhor. A ant\u00edfona de entrada da Missa, tirada de Romanos, exprime bem o sentido profundo desta comemora\u00e7\u00e3o: \u201cA cruz de nosso Senhor Jesus Cristo deve ser a nossa gl\u00f3ria: nele est\u00e1 a nossa vida e ressurrei\u00e7\u00e3o; foi ele que nos salvou e libertou\u201d (Fl 6,14).<\/p>\n<p>Cruz, instrumento de supl\u00edcio: uma madeira mais longa na vertical e a outra, mais estreita, na horizontal. Castigo para os condenados! Antes de ser cruz, a \u00e1rvore frondosa era balan\u00e7ada pelo vento e seu verdor encantava os olhos dos passantes. As \u00e1rvores dos bosques e das florestas \u00e9 que oferecem a mat\u00e9ria-prima da cruz. Um lenhador derrubou uma ou duas \u00e1rvores, um entendido em carpintaria fez o encaixe&#8230;<\/p>\n<p>Com o desenrolar-se dos fatos da vida de Jesus, as autoridades de Jerusal\u00e9m chegaram ao consenso de que esse Jesus n\u00e3o podia continuar a viver. Deveria ser sacrificado. Os acontecimentos se precipitam. Ele carrega a cruz, \u00e9 nela pregado e levantado da terra. Ele \u00e9 tido como algu\u00e9m que pratica o mal, um malfeitor. N\u00e3o convinha que continuasse a viver. Jesus experimenta toda sorte de sentimentos na precipita\u00e7\u00e3o dos acontecimentos. Vive dura solid\u00e3o. V\u00ea-se despojado de suas vestes.<\/p>\n<p>N\u00e3o tem a quem apelar. O Pai, que a tudo assiste, parece mudo e indiferente. Aquele que havia aprendido a trabalhar com madeira est\u00e1 deitado e preso ao madeiro.<\/p>\n<p>Desde a nossa inf\u00e2ncia fomos aprendendo que n\u00e3o se pode separar Cristo da cruz. Ele, contorcendo-se de dor, resume no gesto de sua morte toda a sua vida: uma exist\u00eancia dada. D\u00e1 sentido ao fato de morrer. Morte na filial obedi\u00eancia e no intuito de dar vida para os outros. Literalmente, ali, na cruz, ele \u00e9 o gr\u00e3o de trigo que vai ser jogado \u00e0 terra.<\/p>\n<p>Depois da cruz de Cristo muitos outros crucificados foram assumindo suas cruzes, na esteira do pat\u00edbulo da sexta-feira das trevas e da luz. Cristo continua morrendo nos inocentes condenados, nas mulheres abandonas pelos maridos, nas crian\u00e7as sem pai e sem m\u00e3e que vagueiam pelos campos de refugiados de pa\u00edses da \u00c1frica, da S\u00edria, em todos esses que s\u00e3o assaltados e espancados no santu\u00e1rio de suas casas, nos que d\u00e3o a vida pelos outros.<\/p>\n<p>Assim, exaltamos a Cruz do Senhor e respeitamos todos os que na esteira do Crucificado do G\u00f3lgota est\u00e3o unidos a ele.<\/p>\n<p>Terminamos esta reflex\u00e3o com parte do Pref\u00e1cio da Missa que fala de vit\u00f3ria da cruz: \u201cPuseste no lenho da cruz a salva\u00e7\u00e3o da humanidade para que a vida ressurgisse de onde a morte viera. E o que vencera na \u00e1rvore do para\u00edso, na \u00e1rvore da cruz fosse vencido\u201d.<\/p>\n<p><iframe loading=\"lazy\" title=\"Exalta\u00e7\u00e3o \u00e0 Santa Cruz\" width=\"500\" height=\"281\" src=\"https:\/\/www.youtube.com\/embed\/fnw1mW1HD5o?feature=oembed\" frameborder=\"0\" allow=\"accelerometer; autoplay; encrypted-media; gyroscope; picture-in-picture\" allowfullscreen><\/iframe><\/p>\n","protected":false},"excerpt":{"rendered":"<p>Festa da Exalta\u00e7\u00e3o da Cruz do Senhor<\/p>\n","protected":false},"author":1,"featured_media":186078,"comment_status":"open","ping_status":"open","sticky":false,"template":"","format":"standard","meta":{"footnotes":""},"categories":[26],"tags":[30],"yoast_head":"<!-- This site is optimized with the Yoast SEO plugin v19.4 - https:\/\/yoast.com\/wordpress\/plugins\/seo\/ -->\n<title>A cruz do Senhor e a cruz dos disc\u00edpulos - Vida Crist\u00e3 - Franciscanos<\/title>\n<meta name=\"robots\" content=\"index, follow, max-snippet:-1, max-image-preview:large, max-video-preview:-1\" \/>\n<link rel=\"canonical\" href=\"https:\/\/franciscanos.org.br\/vidacrista\/a-cruz-do-senhor-e-a-cruz-dos-discipulos\/\" \/>\n<meta property=\"og:locale\" content=\"pt_BR\" \/>\n<meta property=\"og:type\" content=\"article\" \/>\n<meta property=\"og:title\" content=\"A cruz do Senhor e a cruz dos disc\u00edpulos - Vida Crist\u00e3 - Franciscanos\" \/>\n<meta property=\"og:description\" content=\"Festa da Exalta\u00e7\u00e3o da Cruz do Senhor\" \/>\n<meta property=\"og:url\" content=\"https:\/\/franciscanos.org.br\/vidacrista\/a-cruz-do-senhor-e-a-cruz-dos-discipulos\/\" \/>\n<meta property=\"og:site_name\" content=\"Vida Crist\u00e3 - Franciscanos\" \/>\n<meta property=\"article:published_time\" content=\"2015-09-13T03:52:29+00:00\" \/>\n<meta property=\"article:modified_time\" content=\"2020-06-25T15:07:13+00:00\" \/>\n<meta property=\"og:image\" content=\"https:\/\/franciscanos.org.br\/vidacrista\/wp-content\/uploads\/2020\/06\/cruz_140915_d.jpg\" \/>\n\t<meta property=\"og:image:width\" content=\"800\" \/>\n\t<meta property=\"og:image:height\" content=\"600\" \/>\n\t<meta property=\"og:image:type\" content=\"image\/jpeg\" \/>\n<meta name=\"author\" content=\"admin\" \/>\n<meta name=\"twitter:card\" content=\"summary_large_image\" \/>\n<meta name=\"twitter:label1\" content=\"Escrito por\" \/>\n\t<meta name=\"twitter:data1\" content=\"admin\" \/>\n\t<meta name=\"twitter:label2\" content=\"Est. tempo de leitura\" \/>\n\t<meta name=\"twitter:data2\" content=\"2 minutos\" \/>\n<script type=\"application\/ld+json\" class=\"yoast-schema-graph\">{\"@context\":\"https:\/\/schema.org\",\"@graph\":[{\"@type\":\"WebSite\",\"@id\":\"https:\/\/franciscanos.org.br\/vidacrista\/#website\",\"url\":\"https:\/\/franciscanos.org.br\/vidacrista\/\",\"name\":\"Vida Crist\u00e3 - Franciscanos\",\"description\":\"Prov\u00edncia Franciscana da Imaculada Concei\u00e7\u00e3o do Brasil - Ordem dos Frades Menores\",\"potentialAction\":[{\"@type\":\"SearchAction\",\"target\":{\"@type\":\"EntryPoint\",\"urlTemplate\":\"https:\/\/franciscanos.org.br\/vidacrista\/?s={search_term_string}\"},\"query-input\":\"required name=search_term_string\"}],\"inLanguage\":\"pt-BR\"},{\"@type\":\"WebPage\",\"@id\":\"https:\/\/franciscanos.org.br\/vidacrista\/a-cruz-do-senhor-e-a-cruz-dos-discipulos\/\",\"url\":\"https:\/\/franciscanos.org.br\/vidacrista\/a-cruz-do-senhor-e-a-cruz-dos-discipulos\/\",\"name\":\"A cruz do Senhor e a cruz dos disc\u00edpulos - Vida Crist\u00e3 - Franciscanos\",\"isPartOf\":{\"@id\":\"https:\/\/franciscanos.org.br\/vidacrista\/#website\"},\"datePublished\":\"2015-09-13T03:52:29+00:00\",\"dateModified\":\"2020-06-25T15:07:13+00:00\",\"author\":{\"@id\":\"https:\/\/franciscanos.org.br\/vidacrista\/#\/schema\/person\/133632ca93cec555316a35f76ab4153b\"},\"breadcrumb\":{\"@id\":\"https:\/\/franciscanos.org.br\/vidacrista\/a-cruz-do-senhor-e-a-cruz-dos-discipulos\/#breadcrumb\"},\"inLanguage\":\"pt-BR\",\"potentialAction\":[{\"@type\":\"ReadAction\",\"target\":[\"https:\/\/franciscanos.org.br\/vidacrista\/a-cruz-do-senhor-e-a-cruz-dos-discipulos\/\"]}]},{\"@type\":\"BreadcrumbList\",\"@id\":\"https:\/\/franciscanos.org.br\/vidacrista\/a-cruz-do-senhor-e-a-cruz-dos-discipulos\/#breadcrumb\",\"itemListElement\":[{\"@type\":\"ListItem\",\"position\":1,\"name\":\"Home\",\"item\":\"https:\/\/franciscanos.org.br\/vidacrista\/\"},{\"@type\":\"ListItem\",\"position\":2,\"name\":\"A cruz do Senhor e a cruz dos disc\u00edpulos\"}]},{\"@type\":\"Person\",\"@id\":\"https:\/\/franciscanos.org.br\/vidacrista\/#\/schema\/person\/133632ca93cec555316a35f76ab4153b\",\"name\":\"admin\",\"image\":{\"@type\":\"ImageObject\",\"inLanguage\":\"pt-BR\",\"@id\":\"https:\/\/franciscanos.org.br\/vidacrista\/#\/schema\/person\/image\/\",\"url\":\"https:\/\/secure.gravatar.com\/avatar\/e8495742d34d0ba6448ea1c628263b3e?s=96&d=mm&r=g\",\"contentUrl\":\"https:\/\/secure.gravatar.com\/avatar\/e8495742d34d0ba6448ea1c628263b3e?s=96&d=mm&r=g\",\"caption\":\"admin\"},\"url\":\"https:\/\/franciscanos.org.br\/vidacrista\/author\/admin\/\"}]}<\/script>\n<!-- \/ Yoast SEO plugin. -->","yoast_head_json":{"title":"A cruz do Senhor e a cruz dos disc\u00edpulos - Vida Crist\u00e3 - Franciscanos","robots":{"index":"index","follow":"follow","max-snippet":"max-snippet:-1","max-image-preview":"max-image-preview:large","max-video-preview":"max-video-preview:-1"},"canonical":"https:\/\/franciscanos.org.br\/vidacrista\/a-cruz-do-senhor-e-a-cruz-dos-discipulos\/","og_locale":"pt_BR","og_type":"article","og_title":"A cruz do Senhor e a cruz dos disc\u00edpulos - Vida Crist\u00e3 - Franciscanos","og_description":"Festa da Exalta\u00e7\u00e3o da Cruz do Senhor","og_url":"https:\/\/franciscanos.org.br\/vidacrista\/a-cruz-do-senhor-e-a-cruz-dos-discipulos\/","og_site_name":"Vida Crist\u00e3 - Franciscanos","article_published_time":"2015-09-13T03:52:29+00:00","article_modified_time":"2020-06-25T15:07:13+00:00","og_image":[{"width":800,"height":600,"url":"https:\/\/franciscanos.org.br\/vidacrista\/wp-content\/uploads\/2020\/06\/cruz_140915_d.jpg","type":"image\/jpeg"}],"author":"admin","twitter_card":"summary_large_image","twitter_misc":{"Escrito por":"admin","Est. tempo de leitura":"2 minutos"},"schema":{"@context":"https:\/\/schema.org","@graph":[{"@type":"WebSite","@id":"https:\/\/franciscanos.org.br\/vidacrista\/#website","url":"https:\/\/franciscanos.org.br\/vidacrista\/","name":"Vida Crist\u00e3 - Franciscanos","description":"Prov\u00edncia Franciscana da Imaculada Concei\u00e7\u00e3o do Brasil - Ordem dos Frades Menores","potentialAction":[{"@type":"SearchAction","target":{"@type":"EntryPoint","urlTemplate":"https:\/\/franciscanos.org.br\/vidacrista\/?s={search_term_string}"},"query-input":"required name=search_term_string"}],"inLanguage":"pt-BR"},{"@type":"WebPage","@id":"https:\/\/franciscanos.org.br\/vidacrista\/a-cruz-do-senhor-e-a-cruz-dos-discipulos\/","url":"https:\/\/franciscanos.org.br\/vidacrista\/a-cruz-do-senhor-e-a-cruz-dos-discipulos\/","name":"A cruz do Senhor e a cruz dos disc\u00edpulos - Vida Crist\u00e3 - Franciscanos","isPartOf":{"@id":"https:\/\/franciscanos.org.br\/vidacrista\/#website"},"datePublished":"2015-09-13T03:52:29+00:00","dateModified":"2020-06-25T15:07:13+00:00","author":{"@id":"https:\/\/franciscanos.org.br\/vidacrista\/#\/schema\/person\/133632ca93cec555316a35f76ab4153b"},"breadcrumb":{"@id":"https:\/\/franciscanos.org.br\/vidacrista\/a-cruz-do-senhor-e-a-cruz-dos-discipulos\/#breadcrumb"},"inLanguage":"pt-BR","potentialAction":[{"@type":"ReadAction","target":["https:\/\/franciscanos.org.br\/vidacrista\/a-cruz-do-senhor-e-a-cruz-dos-discipulos\/"]}]},{"@type":"BreadcrumbList","@id":"https:\/\/franciscanos.org.br\/vidacrista\/a-cruz-do-senhor-e-a-cruz-dos-discipulos\/#breadcrumb","itemListElement":[{"@type":"ListItem","position":1,"name":"Home","item":"https:\/\/franciscanos.org.br\/vidacrista\/"},{"@type":"ListItem","position":2,"name":"A cruz do Senhor e a cruz dos disc\u00edpulos"}]},{"@type":"Person","@id":"https:\/\/franciscanos.org.br\/vidacrista\/#\/schema\/person\/133632ca93cec555316a35f76ab4153b","name":"admin","image":{"@type":"ImageObject","inLanguage":"pt-BR","@id":"https:\/\/franciscanos.org.br\/vidacrista\/#\/schema\/person\/image\/","url":"https:\/\/secure.gravatar.com\/avatar\/e8495742d34d0ba6448ea1c628263b3e?s=96&d=mm&r=g","contentUrl":"https:\/\/secure.gravatar.com\/avatar\/e8495742d34d0ba6448ea1c628263b3e?s=96&d=mm&r=g","caption":"admin"},"url":"https:\/\/franciscanos.org.br\/vidacrista\/author\/admin\/"}]}},"_links":{"self":[{"href":"https:\/\/franciscanos.org.br\/vidacrista\/wp-json\/wp\/v2\/posts\/186076"}],"collection":[{"href":"https:\/\/franciscanos.org.br\/vidacrista\/wp-json\/wp\/v2\/posts"}],"about":[{"href":"https:\/\/franciscanos.org.br\/vidacrista\/wp-json\/wp\/v2\/types\/post"}],"author":[{"embeddable":true,"href":"https:\/\/franciscanos.org.br\/vidacrista\/wp-json\/wp\/v2\/users\/1"}],"replies":[{"embeddable":true,"href":"https:\/\/franciscanos.org.br\/vidacrista\/wp-json\/wp\/v2\/comments?post=186076"}],"version-history":[{"count":2,"href":"https:\/\/franciscanos.org.br\/vidacrista\/wp-json\/wp\/v2\/posts\/186076\/revisions"}],"predecessor-version":[{"id":186081,"href":"https:\/\/franciscanos.org.br\/vidacrista\/wp-json\/wp\/v2\/posts\/186076\/revisions\/186081"}],"wp:featuredmedia":[{"embeddable":true,"href":"https:\/\/franciscanos.org.br\/vidacrista\/wp-json\/wp\/v2\/media\/186078"}],"wp:attachment":[{"href":"https:\/\/franciscanos.org.br\/vidacrista\/wp-json\/wp\/v2\/media?parent=186076"}],"wp:term":[{"taxonomy":"category","embeddable":true,"href":"https:\/\/franciscanos.org.br\/vidacrista\/wp-json\/wp\/v2\/categories?post=186076"},{"taxonomy":"post_tag","embeddable":true,"href":"https:\/\/franciscanos.org.br\/vidacrista\/wp-json\/wp\/v2\/tags?post=186076"}],"curies":[{"name":"wp","href":"https:\/\/api.w.org\/{rel}","templated":true}]}}