{"id":186071,"date":"2015-09-15T00:45:00","date_gmt":"2015-09-15T03:45:00","guid":{"rendered":"https:\/\/franciscanos.org.br\/vidacrista\/?p=186071"},"modified":"2020-06-25T11:47:13","modified_gmt":"2020-06-25T14:47:13","slug":"maria-cheia-de-dores-e-repleta-de-confianca","status":"publish","type":"post","link":"https:\/\/franciscanos.org.br\/vidacrista\/maria-cheia-de-dores-e-repleta-de-confianca\/","title":{"rendered":"Maria, cheia de dores e repleta de confian\u00e7a"},"content":{"rendered":"<p><img decoding=\"async\" loading=\"lazy\" class=\"alignnone size-full wp-image-186073\" src=\"https:\/\/franciscanos.org.br\/vidacrista\/wp-content\/uploads\/2020\/06\/dores_150915.jpg\" alt=\"\" width=\"820\" height=\"497\" srcset=\"https:\/\/franciscanos.org.br\/vidacrista\/wp-content\/uploads\/2020\/06\/dores_150915.jpg 820w, https:\/\/franciscanos.org.br\/vidacrista\/wp-content\/uploads\/2020\/06\/dores_150915-450x273.jpg 450w, https:\/\/franciscanos.org.br\/vidacrista\/wp-content\/uploads\/2020\/06\/dores_150915-768x465.jpg 768w, https:\/\/franciscanos.org.br\/vidacrista\/wp-content\/uploads\/2020\/06\/dores_150915-150x91.jpg 150w\" sizes=\"(max-width: 820px) 100vw, 820px\" \/><\/p>\n<p><strong>Frei Almir Guimar\u00e3es<\/strong><\/p>\n<p>Os fi\u00e9is de todos os tempos veneram com carinho a Senhora das Dores perpetuada na bel\u00edssima escultura da Piet\u00e0 de Michelangelo. Ao p\u00e9 da cruz, ela \u00e9 ao mesmo tempo a Senhora das dores e aquela que, com o Filho, entrega-se ao Pai na confian\u00e7a.<\/p>\n<p>Maria das Dores nos lembra tantas outras Marias que andam \u00e0 nossa volta: Maria Jos\u00e9, Maria Clara, Maria da Penha. Todas elas marcadas por dores doloridas e do\u00eddas. H\u00e1 a Maria que tem um filho na pris\u00e3o. Todas a semanas ela se dirige \u00e0 cadeira para ver o filho, rezar meia d\u00fazia de rezas e levar-lhe um bife \u00e0 milanesa e um peda\u00e7o de torta de lim\u00e3o ou de maracuj\u00e1. Cada vez que ela volta para casa reza com confian\u00e7a os mist\u00e9rios dolorosos do ter\u00e7o de Nossa Senhora. H\u00e1 a Maria mulher de um marido quase irrespons\u00e1vel, fraco, homem sem fibra. H\u00e1 essa Maria que vai sozinha \u00e0 missa, lamentando a aus\u00eancia do marido e dos filhos que a classificam de beata e nunca mais se interessaram pelo evangelho.<\/p>\n<p><iframe loading=\"lazy\" title=\"Minuto com Maria - Dia 09\" width=\"500\" height=\"281\" src=\"https:\/\/www.youtube.com\/embed\/o4aPfh1GbGY?feature=oembed\" frameborder=\"0\" allow=\"accelerometer; autoplay; encrypted-media; gyroscope; picture-in-picture\" allowfullscreen><\/iframe><\/p>\n<p>Quando come\u00e7ou a se urdir o drama do Calv\u00e1rio talvez Maria estivesse em Nazar\u00e9. Como era o tempo da P\u00e1scoa vem com parentas e amigas \u00e0 capital religiosa de seu povo. Passa, ent\u00e3o, a acompanhar os \u00faltimos momentos da trajet\u00f3ria de Jesus. Est\u00e1 ao p\u00e9 da cruz, como um soldado de prontid\u00e3o. Tem o vento da plan\u00edcie a afagar-lhe o rosto. Aos poucos todos, diante do \u201cfracasso\u201d de Jesus, come\u00e7am a se retirar&#8230; Ela e o disc\u00edpulo amado permanecem no quadro da suprema realiza\u00e7\u00e3o da reden\u00e7\u00e3o. Segundo Jo\u00e3o, Jesus lhe d\u00e1 Jo\u00e3o como filho \u00e0 M\u00e3e e a Jo\u00e3o, a Maria, como M\u00e3e&#8230; Maria tem as m\u00e3os apoiadas no madeiro da cruz, cravando na cruz suas unhas. Ouve o filho rezar o salmo: \u201cMeu Deus, meu Deus porque me abandonaste?\u201d. Faz-se uma \u00fanica oferenda com a oferenda do seu Menino das Palhas.<\/p>\n<p>Depois que o Filho expira entra no mist\u00e9rio do sil\u00eancio, sem revolta, sil\u00eancio misterioso. Dizer o qu\u00ea? Para qu\u00ea? Pode-se imaginar que, depois que o Filho foi descido da cruz, tenha sido colocado em seu rega\u00e7o. Ela como que tenta aquecer o corpo g\u00e9lido daquele que ela havia enrolado em paninhos quentes&#8230; Maria, poderia fazer suas as palavras da Escritura antiga: \u201c\u00d3 v\u00f3s que passais pelo caminho, vede se h\u00e1 dor igual \u00e0 minha dor\u201d. Talvez naqueles momentos finais ela se tenha lembrado das palavras do velho Sime\u00e3o: \u201cTeu cora\u00e7\u00e3o ser\u00e1 traspassado por uma espada de dor\u201d. Maria, a sublime e grandiosa Senhora das Dores.<\/p>\n","protected":false},"excerpt":{"rendered":"<p>Artigo Frei Almir Guimar\u00e3es<\/p>\n","protected":false},"author":1,"featured_media":186074,"comment_status":"open","ping_status":"open","sticky":false,"template":"","format":"standard","meta":{"footnotes":""},"categories":[26],"tags":[30],"yoast_head":"<!-- This site is optimized with the Yoast SEO plugin v19.4 - https:\/\/yoast.com\/wordpress\/plugins\/seo\/ -->\n<title>Maria, cheia de dores e repleta de confian\u00e7a - Vida Crist\u00e3 - Franciscanos<\/title>\n<meta name=\"robots\" content=\"index, follow, max-snippet:-1, max-image-preview:large, max-video-preview:-1\" \/>\n<link rel=\"canonical\" href=\"https:\/\/franciscanos.org.br\/vidacrista\/maria-cheia-de-dores-e-repleta-de-confianca\/\" \/>\n<meta property=\"og:locale\" content=\"pt_BR\" \/>\n<meta property=\"og:type\" content=\"article\" \/>\n<meta property=\"og:title\" content=\"Maria, cheia de dores e repleta de confian\u00e7a - Vida Crist\u00e3 - Franciscanos\" \/>\n<meta property=\"og:description\" content=\"Artigo Frei Almir Guimar\u00e3es\" \/>\n<meta property=\"og:url\" content=\"https:\/\/franciscanos.org.br\/vidacrista\/maria-cheia-de-dores-e-repleta-de-confianca\/\" \/>\n<meta property=\"og:site_name\" content=\"Vida Crist\u00e3 - Franciscanos\" \/>\n<meta property=\"article:published_time\" content=\"2015-09-15T03:45:00+00:00\" \/>\n<meta property=\"article:modified_time\" content=\"2020-06-25T14:47:13+00:00\" \/>\n<meta property=\"og:image\" content=\"https:\/\/franciscanos.org.br\/vidacrista\/wp-content\/uploads\/2020\/06\/dores_150915_d.jpg\" \/>\n\t<meta property=\"og:image:width\" content=\"800\" \/>\n\t<meta property=\"og:image:height\" content=\"600\" \/>\n\t<meta property=\"og:image:type\" content=\"image\/jpeg\" \/>\n<meta name=\"author\" content=\"admin\" \/>\n<meta name=\"twitter:card\" content=\"summary_large_image\" \/>\n<meta name=\"twitter:label1\" content=\"Escrito por\" \/>\n\t<meta name=\"twitter:data1\" content=\"admin\" \/>\n\t<meta name=\"twitter:label2\" content=\"Est. tempo de leitura\" \/>\n\t<meta name=\"twitter:data2\" content=\"2 minutos\" \/>\n<script type=\"application\/ld+json\" class=\"yoast-schema-graph\">{\"@context\":\"https:\/\/schema.org\",\"@graph\":[{\"@type\":\"WebSite\",\"@id\":\"https:\/\/franciscanos.org.br\/vidacrista\/#website\",\"url\":\"https:\/\/franciscanos.org.br\/vidacrista\/\",\"name\":\"Vida Crist\u00e3 - Franciscanos\",\"description\":\"Prov\u00edncia Franciscana da Imaculada Concei\u00e7\u00e3o do Brasil - Ordem dos Frades Menores\",\"potentialAction\":[{\"@type\":\"SearchAction\",\"target\":{\"@type\":\"EntryPoint\",\"urlTemplate\":\"https:\/\/franciscanos.org.br\/vidacrista\/?s={search_term_string}\"},\"query-input\":\"required name=search_term_string\"}],\"inLanguage\":\"pt-BR\"},{\"@type\":\"WebPage\",\"@id\":\"https:\/\/franciscanos.org.br\/vidacrista\/maria-cheia-de-dores-e-repleta-de-confianca\/\",\"url\":\"https:\/\/franciscanos.org.br\/vidacrista\/maria-cheia-de-dores-e-repleta-de-confianca\/\",\"name\":\"Maria, cheia de dores e repleta de confian\u00e7a - Vida Crist\u00e3 - Franciscanos\",\"isPartOf\":{\"@id\":\"https:\/\/franciscanos.org.br\/vidacrista\/#website\"},\"datePublished\":\"2015-09-15T03:45:00+00:00\",\"dateModified\":\"2020-06-25T14:47:13+00:00\",\"author\":{\"@id\":\"https:\/\/franciscanos.org.br\/vidacrista\/#\/schema\/person\/133632ca93cec555316a35f76ab4153b\"},\"breadcrumb\":{\"@id\":\"https:\/\/franciscanos.org.br\/vidacrista\/maria-cheia-de-dores-e-repleta-de-confianca\/#breadcrumb\"},\"inLanguage\":\"pt-BR\",\"potentialAction\":[{\"@type\":\"ReadAction\",\"target\":[\"https:\/\/franciscanos.org.br\/vidacrista\/maria-cheia-de-dores-e-repleta-de-confianca\/\"]}]},{\"@type\":\"BreadcrumbList\",\"@id\":\"https:\/\/franciscanos.org.br\/vidacrista\/maria-cheia-de-dores-e-repleta-de-confianca\/#breadcrumb\",\"itemListElement\":[{\"@type\":\"ListItem\",\"position\":1,\"name\":\"Home\",\"item\":\"https:\/\/franciscanos.org.br\/vidacrista\/\"},{\"@type\":\"ListItem\",\"position\":2,\"name\":\"Maria, cheia de dores e repleta de confian\u00e7a\"}]},{\"@type\":\"Person\",\"@id\":\"https:\/\/franciscanos.org.br\/vidacrista\/#\/schema\/person\/133632ca93cec555316a35f76ab4153b\",\"name\":\"admin\",\"image\":{\"@type\":\"ImageObject\",\"inLanguage\":\"pt-BR\",\"@id\":\"https:\/\/franciscanos.org.br\/vidacrista\/#\/schema\/person\/image\/\",\"url\":\"https:\/\/secure.gravatar.com\/avatar\/e8495742d34d0ba6448ea1c628263b3e?s=96&d=mm&r=g\",\"contentUrl\":\"https:\/\/secure.gravatar.com\/avatar\/e8495742d34d0ba6448ea1c628263b3e?s=96&d=mm&r=g\",\"caption\":\"admin\"},\"url\":\"https:\/\/franciscanos.org.br\/vidacrista\/author\/admin\/\"}]}<\/script>\n<!-- \/ Yoast SEO plugin. -->","yoast_head_json":{"title":"Maria, cheia de dores e repleta de confian\u00e7a - Vida Crist\u00e3 - Franciscanos","robots":{"index":"index","follow":"follow","max-snippet":"max-snippet:-1","max-image-preview":"max-image-preview:large","max-video-preview":"max-video-preview:-1"},"canonical":"https:\/\/franciscanos.org.br\/vidacrista\/maria-cheia-de-dores-e-repleta-de-confianca\/","og_locale":"pt_BR","og_type":"article","og_title":"Maria, cheia de dores e repleta de confian\u00e7a - Vida Crist\u00e3 - Franciscanos","og_description":"Artigo Frei Almir Guimar\u00e3es","og_url":"https:\/\/franciscanos.org.br\/vidacrista\/maria-cheia-de-dores-e-repleta-de-confianca\/","og_site_name":"Vida Crist\u00e3 - Franciscanos","article_published_time":"2015-09-15T03:45:00+00:00","article_modified_time":"2020-06-25T14:47:13+00:00","og_image":[{"width":800,"height":600,"url":"https:\/\/franciscanos.org.br\/vidacrista\/wp-content\/uploads\/2020\/06\/dores_150915_d.jpg","type":"image\/jpeg"}],"author":"admin","twitter_card":"summary_large_image","twitter_misc":{"Escrito por":"admin","Est. tempo de leitura":"2 minutos"},"schema":{"@context":"https:\/\/schema.org","@graph":[{"@type":"WebSite","@id":"https:\/\/franciscanos.org.br\/vidacrista\/#website","url":"https:\/\/franciscanos.org.br\/vidacrista\/","name":"Vida Crist\u00e3 - Franciscanos","description":"Prov\u00edncia Franciscana da Imaculada Concei\u00e7\u00e3o do Brasil - Ordem dos Frades Menores","potentialAction":[{"@type":"SearchAction","target":{"@type":"EntryPoint","urlTemplate":"https:\/\/franciscanos.org.br\/vidacrista\/?s={search_term_string}"},"query-input":"required name=search_term_string"}],"inLanguage":"pt-BR"},{"@type":"WebPage","@id":"https:\/\/franciscanos.org.br\/vidacrista\/maria-cheia-de-dores-e-repleta-de-confianca\/","url":"https:\/\/franciscanos.org.br\/vidacrista\/maria-cheia-de-dores-e-repleta-de-confianca\/","name":"Maria, cheia de dores e repleta de confian\u00e7a - Vida Crist\u00e3 - Franciscanos","isPartOf":{"@id":"https:\/\/franciscanos.org.br\/vidacrista\/#website"},"datePublished":"2015-09-15T03:45:00+00:00","dateModified":"2020-06-25T14:47:13+00:00","author":{"@id":"https:\/\/franciscanos.org.br\/vidacrista\/#\/schema\/person\/133632ca93cec555316a35f76ab4153b"},"breadcrumb":{"@id":"https:\/\/franciscanos.org.br\/vidacrista\/maria-cheia-de-dores-e-repleta-de-confianca\/#breadcrumb"},"inLanguage":"pt-BR","potentialAction":[{"@type":"ReadAction","target":["https:\/\/franciscanos.org.br\/vidacrista\/maria-cheia-de-dores-e-repleta-de-confianca\/"]}]},{"@type":"BreadcrumbList","@id":"https:\/\/franciscanos.org.br\/vidacrista\/maria-cheia-de-dores-e-repleta-de-confianca\/#breadcrumb","itemListElement":[{"@type":"ListItem","position":1,"name":"Home","item":"https:\/\/franciscanos.org.br\/vidacrista\/"},{"@type":"ListItem","position":2,"name":"Maria, cheia de dores e repleta de confian\u00e7a"}]},{"@type":"Person","@id":"https:\/\/franciscanos.org.br\/vidacrista\/#\/schema\/person\/133632ca93cec555316a35f76ab4153b","name":"admin","image":{"@type":"ImageObject","inLanguage":"pt-BR","@id":"https:\/\/franciscanos.org.br\/vidacrista\/#\/schema\/person\/image\/","url":"https:\/\/secure.gravatar.com\/avatar\/e8495742d34d0ba6448ea1c628263b3e?s=96&d=mm&r=g","contentUrl":"https:\/\/secure.gravatar.com\/avatar\/e8495742d34d0ba6448ea1c628263b3e?s=96&d=mm&r=g","caption":"admin"},"url":"https:\/\/franciscanos.org.br\/vidacrista\/author\/admin\/"}]}},"_links":{"self":[{"href":"https:\/\/franciscanos.org.br\/vidacrista\/wp-json\/wp\/v2\/posts\/186071"}],"collection":[{"href":"https:\/\/franciscanos.org.br\/vidacrista\/wp-json\/wp\/v2\/posts"}],"about":[{"href":"https:\/\/franciscanos.org.br\/vidacrista\/wp-json\/wp\/v2\/types\/post"}],"author":[{"embeddable":true,"href":"https:\/\/franciscanos.org.br\/vidacrista\/wp-json\/wp\/v2\/users\/1"}],"replies":[{"embeddable":true,"href":"https:\/\/franciscanos.org.br\/vidacrista\/wp-json\/wp\/v2\/comments?post=186071"}],"version-history":[{"count":1,"href":"https:\/\/franciscanos.org.br\/vidacrista\/wp-json\/wp\/v2\/posts\/186071\/revisions"}],"predecessor-version":[{"id":186075,"href":"https:\/\/franciscanos.org.br\/vidacrista\/wp-json\/wp\/v2\/posts\/186071\/revisions\/186075"}],"wp:featuredmedia":[{"embeddable":true,"href":"https:\/\/franciscanos.org.br\/vidacrista\/wp-json\/wp\/v2\/media\/186074"}],"wp:attachment":[{"href":"https:\/\/franciscanos.org.br\/vidacrista\/wp-json\/wp\/v2\/media?parent=186071"}],"wp:term":[{"taxonomy":"category","embeddable":true,"href":"https:\/\/franciscanos.org.br\/vidacrista\/wp-json\/wp\/v2\/categories?post=186071"},{"taxonomy":"post_tag","embeddable":true,"href":"https:\/\/franciscanos.org.br\/vidacrista\/wp-json\/wp\/v2\/tags?post=186071"}],"curies":[{"name":"wp","href":"https:\/\/api.w.org\/{rel}","templated":true}]}}