{"id":186049,"date":"2018-05-11T11:26:43","date_gmt":"2018-05-11T14:26:43","guid":{"rendered":"https:\/\/franciscanos.org.br\/vidacrista\/?p=186049"},"modified":"2021-09-03T15:52:27","modified_gmt":"2021-09-03T18:52:27","slug":"sobre-o-materno-modo-de-amar","status":"publish","type":"post","link":"https:\/\/franciscanos.org.br\/vidacrista\/sobre-o-materno-modo-de-amar\/","title":{"rendered":"Sobre o materno modo de amar"},"content":{"rendered":"<p>&nbsp;<\/p>\n<div id=\"attachment_190496\" style=\"width: 850px\" class=\"wp-caption alignnone\"><img aria-describedby=\"caption-attachment-190496\" decoding=\"async\" loading=\"lazy\" class=\"wp-image-190496 size-full\" src=\"https:\/\/franciscanos.org.br\/vidacrista\/wp-content\/uploads\/2018\/05\/artigo_vitorio_0309.jpg\" alt=\"\" width=\"840\" height=\"452\" srcset=\"https:\/\/franciscanos.org.br\/vidacrista\/wp-content\/uploads\/2018\/05\/artigo_vitorio_0309.jpg 840w, https:\/\/franciscanos.org.br\/vidacrista\/wp-content\/uploads\/2018\/05\/artigo_vitorio_0309-450x242.jpg 450w, https:\/\/franciscanos.org.br\/vidacrista\/wp-content\/uploads\/2018\/05\/artigo_vitorio_0309-768x413.jpg 768w, https:\/\/franciscanos.org.br\/vidacrista\/wp-content\/uploads\/2018\/05\/artigo_vitorio_0309-150x81.jpg 150w\" sizes=\"(max-width: 840px) 100vw, 840px\" \/><p id=\"caption-attachment-190496\" class=\"wp-caption-text\">\u00a0 \u00a0 \u00a0 \u00a0 \u00a0 \u00a0 \u00a0 \u00a0 \u00a0 \u00a0 \u00a0 \u00a0 \u00a0 \u00a0 \u00a0 \u00a0 \u00a0 \u00a0 \u00a0 \u00a0 \u00a0 \u00a0 \u00a0 \u00a0 \u00a0 \u00a0 \u00a0 \u00a0 \u00a0 \u00a0 \u00a0 \u00a0 \u00a0 \u00a0 \u00a0 \u00a0<em> \u00a0 \u00a0Imagem: Della Robbia, c.1500, Floren\u00e7a (dom\u00ednio p\u00fablico)<\/em><\/p><\/div>\n<p>Se perguntasse pela capacidade de amar do ser humano encontraria muitas respostas, por\u00e9m existe um \u00fanico e incontest\u00e1vel modelo: amor de M\u00e3e! Persist\u00eancia, f\u00e9, entrega, disciplina, jeito prestativo, cuidado caseiro, l\u00e1grimas silenciosas, horizonte largo de in\u00fameras preocupa\u00e7\u00f5es, de ver s\u00f3 qualidade no filho mesmo quando o filho, muitas vezes, \u00e9 s\u00f3 estrada e dist\u00e2ncia.<\/p>\n<p>Podemos at\u00e9 entrar nesta fome de comprar, visitar vitrines, escolher presentes para o Dia das M\u00e3es, mas nada \u00e9 maior do que o presente que recebemos: ter uma m\u00e3e, ou como no meu caso, uma m\u00e3e j\u00e1 estabelecida na eternidade. Que presente \u00e9 este? Ter sentimentos para sempre, saudades para sempre, certeza de pertencer a esta subst\u00e2ncia humana e divina que somos, porque uma raiz espiritual foi plantada em n\u00f3s pela prece frequente de m\u00e3e. Sentir-se ovelha pequenina conduzida por divina pastora que jamais deixa de estar perto do rebanho.<\/p>\n<p>Penso em m\u00e3e e penso naquele Amor de rotina e trabalho prazeroso, toler\u00e2ncia, carinho, habilidade em administrar conflitos, responsabilidade, atividade criativa em ajeitar gavetas, guardar roupas espalhadas, espanar poeira, ter tempo para a cozinha, trabalhar dentro e fora e ainda pintar as unhas maltratadas por detergentes e dizer baixinho: ainda sou a est\u00e9tica feminina unindo beleza a tanta coisa para arrumar.<\/p>\n<p>Ser\u00e1 que a esp\u00e9cie humana estaria ainda viva sem ela? \u00daltimo ponto de encontro do cl\u00e3, da fam\u00edlia, daquele costume de ir \u00e0 casa dela num domingo de tarde, para, num caf\u00e9 com bolo, viver a \u00fanica sociedade poss\u00edvel: aquela que se encontra ao redor de uma mesa para jogar conversa fora. Casa de m\u00e3e \u00e9 uma pra\u00e7a de uni\u00e3o simbi\u00f3tica: viver separadamente juntos, mas correr na hora que h\u00e1 necessidade de alimento, alento e prote\u00e7\u00e3o. Algu\u00e9m de n\u00f3s esqueceu o cheiro da casa da m\u00e3e? Perfume da terra de nossa inf\u00e2ncia, de nossos brincantes quintais, de crise de choro e aquelas palmadas pedagogicamente corretas que mandaram andar direito. Na m\u00e3e nascemos plenamente cada dia.<\/p>\n<p>A m\u00e3e nos ensinou que amor \u00e9 a\u00e7\u00e3o, doa\u00e7\u00e3o desinteressada, fez deste modo de dar-se n\u00e3o um sacrif\u00edcio, mas uma virtude, uma express\u00e3o de pot\u00eancia, porque em cada detalhe do amoroso cuidado, entrega a sua inteireza. Neste modo encontramos a afirma\u00e7\u00e3o incondicional da vida. Do ventre materno sa\u00edmos e na medida do mesmo amor nos encontramos neste segundo domingo de maio. \u00a0\u00c0 minha m\u00e3e que j\u00e1 est\u00e1 no c\u00e9u, pe\u00e7o a b\u00ean\u00e7\u00e3o! A todas as m\u00e3es que necessariamente devem ser celebradas, o meu abra\u00e7o e beijo! Feliz Dia das M\u00e3es!<\/p>\n<p><strong>\u00a0Frei Vit\u00f3rio Mazzuco, OFM<\/strong><\/p>\n","protected":false},"excerpt":{"rendered":"<p>Artigo de \u00a0Frei Vit\u00f3rio Mazzuco, OFM<\/p>\n","protected":false},"author":3,"featured_media":190496,"comment_status":"open","ping_status":"open","sticky":false,"template":"","format":"standard","meta":{"footnotes":""},"categories":[26],"tags":[203],"yoast_head":"<!-- This site is optimized with the Yoast SEO plugin v19.4 - https:\/\/yoast.com\/wordpress\/plugins\/seo\/ -->\n<title>Sobre o materno modo de amar - Vida Crist\u00e3 - Franciscanos<\/title>\n<meta name=\"robots\" content=\"index, follow, max-snippet:-1, max-image-preview:large, max-video-preview:-1\" \/>\n<link rel=\"canonical\" href=\"https:\/\/franciscanos.org.br\/vidacrista\/sobre-o-materno-modo-de-amar\/\" \/>\n<meta property=\"og:locale\" content=\"pt_BR\" \/>\n<meta property=\"og:type\" content=\"article\" \/>\n<meta property=\"og:title\" content=\"Sobre o materno modo de amar - Vida Crist\u00e3 - Franciscanos\" \/>\n<meta property=\"og:description\" content=\"Artigo de \u00a0Frei Vit\u00f3rio Mazzuco, OFM\" \/>\n<meta property=\"og:url\" content=\"https:\/\/franciscanos.org.br\/vidacrista\/sobre-o-materno-modo-de-amar\/\" \/>\n<meta property=\"og:site_name\" content=\"Vida Crist\u00e3 - Franciscanos\" \/>\n<meta property=\"article:published_time\" content=\"2018-05-11T14:26:43+00:00\" \/>\n<meta property=\"article:modified_time\" content=\"2021-09-03T18:52:27+00:00\" \/>\n<meta property=\"og:image\" content=\"https:\/\/franciscanos.org.br\/vidacrista\/wp-content\/uploads\/2018\/05\/artigo_vitorio_0309.jpg\" \/>\n\t<meta property=\"og:image:width\" content=\"840\" \/>\n\t<meta property=\"og:image:height\" content=\"452\" \/>\n\t<meta property=\"og:image:type\" content=\"image\/jpeg\" \/>\n<meta name=\"author\" content=\"moacir\" \/>\n<meta name=\"twitter:card\" content=\"summary_large_image\" \/>\n<meta name=\"twitter:label1\" content=\"Escrito por\" \/>\n\t<meta name=\"twitter:data1\" content=\"moacir\" \/>\n\t<meta name=\"twitter:label2\" content=\"Est. tempo de leitura\" \/>\n\t<meta name=\"twitter:data2\" content=\"2 minutos\" \/>\n<script type=\"application\/ld+json\" class=\"yoast-schema-graph\">{\"@context\":\"https:\/\/schema.org\",\"@graph\":[{\"@type\":\"WebSite\",\"@id\":\"https:\/\/franciscanos.org.br\/vidacrista\/#website\",\"url\":\"https:\/\/franciscanos.org.br\/vidacrista\/\",\"name\":\"Vida Crist\u00e3 - Franciscanos\",\"description\":\"Prov\u00edncia Franciscana da Imaculada Concei\u00e7\u00e3o do Brasil - Ordem dos Frades Menores\",\"potentialAction\":[{\"@type\":\"SearchAction\",\"target\":{\"@type\":\"EntryPoint\",\"urlTemplate\":\"https:\/\/franciscanos.org.br\/vidacrista\/?s={search_term_string}\"},\"query-input\":\"required name=search_term_string\"}],\"inLanguage\":\"pt-BR\"},{\"@type\":\"WebPage\",\"@id\":\"https:\/\/franciscanos.org.br\/vidacrista\/sobre-o-materno-modo-de-amar\/\",\"url\":\"https:\/\/franciscanos.org.br\/vidacrista\/sobre-o-materno-modo-de-amar\/\",\"name\":\"Sobre o materno modo de amar - Vida Crist\u00e3 - Franciscanos\",\"isPartOf\":{\"@id\":\"https:\/\/franciscanos.org.br\/vidacrista\/#website\"},\"datePublished\":\"2018-05-11T14:26:43+00:00\",\"dateModified\":\"2021-09-03T18:52:27+00:00\",\"author\":{\"@id\":\"https:\/\/franciscanos.org.br\/vidacrista\/#\/schema\/person\/1880bdd2c350b735648725ef7614736a\"},\"breadcrumb\":{\"@id\":\"https:\/\/franciscanos.org.br\/vidacrista\/sobre-o-materno-modo-de-amar\/#breadcrumb\"},\"inLanguage\":\"pt-BR\",\"potentialAction\":[{\"@type\":\"ReadAction\",\"target\":[\"https:\/\/franciscanos.org.br\/vidacrista\/sobre-o-materno-modo-de-amar\/\"]}]},{\"@type\":\"BreadcrumbList\",\"@id\":\"https:\/\/franciscanos.org.br\/vidacrista\/sobre-o-materno-modo-de-amar\/#breadcrumb\",\"itemListElement\":[{\"@type\":\"ListItem\",\"position\":1,\"name\":\"Home\",\"item\":\"https:\/\/franciscanos.org.br\/vidacrista\/\"},{\"@type\":\"ListItem\",\"position\":2,\"name\":\"Sobre o materno modo de amar\"}]},{\"@type\":\"Person\",\"@id\":\"https:\/\/franciscanos.org.br\/vidacrista\/#\/schema\/person\/1880bdd2c350b735648725ef7614736a\",\"name\":\"moacir\",\"image\":{\"@type\":\"ImageObject\",\"inLanguage\":\"pt-BR\",\"@id\":\"https:\/\/franciscanos.org.br\/vidacrista\/#\/schema\/person\/image\/\",\"url\":\"https:\/\/secure.gravatar.com\/avatar\/d08aa2ce4c8dd416d4479aa8536fcf64?s=96&d=mm&r=g\",\"contentUrl\":\"https:\/\/secure.gravatar.com\/avatar\/d08aa2ce4c8dd416d4479aa8536fcf64?s=96&d=mm&r=g\",\"caption\":\"moacir\"},\"url\":\"https:\/\/franciscanos.org.br\/vidacrista\/author\/moacir\/\"}]}<\/script>\n<!-- \/ Yoast SEO plugin. -->","yoast_head_json":{"title":"Sobre o materno modo de amar - Vida Crist\u00e3 - Franciscanos","robots":{"index":"index","follow":"follow","max-snippet":"max-snippet:-1","max-image-preview":"max-image-preview:large","max-video-preview":"max-video-preview:-1"},"canonical":"https:\/\/franciscanos.org.br\/vidacrista\/sobre-o-materno-modo-de-amar\/","og_locale":"pt_BR","og_type":"article","og_title":"Sobre o materno modo de amar - Vida Crist\u00e3 - Franciscanos","og_description":"Artigo de \u00a0Frei Vit\u00f3rio Mazzuco, OFM","og_url":"https:\/\/franciscanos.org.br\/vidacrista\/sobre-o-materno-modo-de-amar\/","og_site_name":"Vida Crist\u00e3 - Franciscanos","article_published_time":"2018-05-11T14:26:43+00:00","article_modified_time":"2021-09-03T18:52:27+00:00","og_image":[{"width":840,"height":452,"url":"https:\/\/franciscanos.org.br\/vidacrista\/wp-content\/uploads\/2018\/05\/artigo_vitorio_0309.jpg","type":"image\/jpeg"}],"author":"moacir","twitter_card":"summary_large_image","twitter_misc":{"Escrito por":"moacir","Est. tempo de leitura":"2 minutos"},"schema":{"@context":"https:\/\/schema.org","@graph":[{"@type":"WebSite","@id":"https:\/\/franciscanos.org.br\/vidacrista\/#website","url":"https:\/\/franciscanos.org.br\/vidacrista\/","name":"Vida Crist\u00e3 - Franciscanos","description":"Prov\u00edncia Franciscana da Imaculada Concei\u00e7\u00e3o do Brasil - Ordem dos Frades Menores","potentialAction":[{"@type":"SearchAction","target":{"@type":"EntryPoint","urlTemplate":"https:\/\/franciscanos.org.br\/vidacrista\/?s={search_term_string}"},"query-input":"required name=search_term_string"}],"inLanguage":"pt-BR"},{"@type":"WebPage","@id":"https:\/\/franciscanos.org.br\/vidacrista\/sobre-o-materno-modo-de-amar\/","url":"https:\/\/franciscanos.org.br\/vidacrista\/sobre-o-materno-modo-de-amar\/","name":"Sobre o materno modo de amar - Vida Crist\u00e3 - Franciscanos","isPartOf":{"@id":"https:\/\/franciscanos.org.br\/vidacrista\/#website"},"datePublished":"2018-05-11T14:26:43+00:00","dateModified":"2021-09-03T18:52:27+00:00","author":{"@id":"https:\/\/franciscanos.org.br\/vidacrista\/#\/schema\/person\/1880bdd2c350b735648725ef7614736a"},"breadcrumb":{"@id":"https:\/\/franciscanos.org.br\/vidacrista\/sobre-o-materno-modo-de-amar\/#breadcrumb"},"inLanguage":"pt-BR","potentialAction":[{"@type":"ReadAction","target":["https:\/\/franciscanos.org.br\/vidacrista\/sobre-o-materno-modo-de-amar\/"]}]},{"@type":"BreadcrumbList","@id":"https:\/\/franciscanos.org.br\/vidacrista\/sobre-o-materno-modo-de-amar\/#breadcrumb","itemListElement":[{"@type":"ListItem","position":1,"name":"Home","item":"https:\/\/franciscanos.org.br\/vidacrista\/"},{"@type":"ListItem","position":2,"name":"Sobre o materno modo de amar"}]},{"@type":"Person","@id":"https:\/\/franciscanos.org.br\/vidacrista\/#\/schema\/person\/1880bdd2c350b735648725ef7614736a","name":"moacir","image":{"@type":"ImageObject","inLanguage":"pt-BR","@id":"https:\/\/franciscanos.org.br\/vidacrista\/#\/schema\/person\/image\/","url":"https:\/\/secure.gravatar.com\/avatar\/d08aa2ce4c8dd416d4479aa8536fcf64?s=96&d=mm&r=g","contentUrl":"https:\/\/secure.gravatar.com\/avatar\/d08aa2ce4c8dd416d4479aa8536fcf64?s=96&d=mm&r=g","caption":"moacir"},"url":"https:\/\/franciscanos.org.br\/vidacrista\/author\/moacir\/"}]}},"_links":{"self":[{"href":"https:\/\/franciscanos.org.br\/vidacrista\/wp-json\/wp\/v2\/posts\/186049"}],"collection":[{"href":"https:\/\/franciscanos.org.br\/vidacrista\/wp-json\/wp\/v2\/posts"}],"about":[{"href":"https:\/\/franciscanos.org.br\/vidacrista\/wp-json\/wp\/v2\/types\/post"}],"author":[{"embeddable":true,"href":"https:\/\/franciscanos.org.br\/vidacrista\/wp-json\/wp\/v2\/users\/3"}],"replies":[{"embeddable":true,"href":"https:\/\/franciscanos.org.br\/vidacrista\/wp-json\/wp\/v2\/comments?post=186049"}],"version-history":[{"count":2,"href":"https:\/\/franciscanos.org.br\/vidacrista\/wp-json\/wp\/v2\/posts\/186049\/revisions"}],"predecessor-version":[{"id":190497,"href":"https:\/\/franciscanos.org.br\/vidacrista\/wp-json\/wp\/v2\/posts\/186049\/revisions\/190497"}],"wp:featuredmedia":[{"embeddable":true,"href":"https:\/\/franciscanos.org.br\/vidacrista\/wp-json\/wp\/v2\/media\/190496"}],"wp:attachment":[{"href":"https:\/\/franciscanos.org.br\/vidacrista\/wp-json\/wp\/v2\/media?parent=186049"}],"wp:term":[{"taxonomy":"category","embeddable":true,"href":"https:\/\/franciscanos.org.br\/vidacrista\/wp-json\/wp\/v2\/categories?post=186049"},{"taxonomy":"post_tag","embeddable":true,"href":"https:\/\/franciscanos.org.br\/vidacrista\/wp-json\/wp\/v2\/tags?post=186049"}],"curies":[{"name":"wp","href":"https:\/\/api.w.org\/{rel}","templated":true}]}}