{"id":186038,"date":"2015-08-07T00:30:08","date_gmt":"2015-08-07T03:30:08","guid":{"rendered":"https:\/\/franciscanos.org.br\/vidacrista\/?p=186038"},"modified":"2020-06-25T11:18:11","modified_gmt":"2020-06-25T14:18:11","slug":"4-de-agosto-dia-do-padre","status":"publish","type":"post","link":"https:\/\/franciscanos.org.br\/vidacrista\/4-de-agosto-dia-do-padre\/","title":{"rendered":"4 de agosto: dia do padre"},"content":{"rendered":"<p><strong>Frei Almir Guimar\u00e3es<\/strong><\/p>\n<p>\u00c9 sempre profundamente emocionante participar de uma ordena\u00e7\u00e3o presbiteral. Por vezes h\u00e1 essas celebra\u00e7\u00f5es com v\u00e1rios jovens ou homens de idade mais madura. O c\u00e9u se encontra com a terra e os que de cora\u00e7\u00e3o que participam da ordena\u00e7\u00e3o levam ao fundo da alma o mist\u00e9rio desse homem chamado padre.<\/p>\n<p>Algu\u00e9m se sente chamado a continuar a miss\u00e3o do Senhor Jesus de maneira especial no an\u00fancio de uma Palavra que salva, na coloca\u00e7\u00e3o de gestos que suscitam a vida e no acompanhamento carinhoso das hist\u00f3rias daqueles que querem ser tocados pela for\u00e7a de Cristo vivo e ressuscitado.<\/p>\n<p><img decoding=\"async\" loading=\"lazy\" class=\"size-full wp-image-186042 alignleft\" src=\"https:\/\/franciscanos.org.br\/vidacrista\/wp-content\/uploads\/2020\/06\/semeador_jesus_040815.jpg\" alt=\"\" width=\"373\" height=\"500\" srcset=\"https:\/\/franciscanos.org.br\/vidacrista\/wp-content\/uploads\/2020\/06\/semeador_jesus_040815.jpg 373w, https:\/\/franciscanos.org.br\/vidacrista\/wp-content\/uploads\/2020\/06\/semeador_jesus_040815-336x450.jpg 336w, https:\/\/franciscanos.org.br\/vidacrista\/wp-content\/uploads\/2020\/06\/semeador_jesus_040815-150x201.jpg 150w\" sizes=\"(max-width: 373px) 100vw, 373px\" \/>O padre \u00e9 tirado do meio do povo. Trata-se de algu\u00e9m que antes de tudo quer ser de Cristo, que faz uma profunda experi\u00eancia do Ressuscitado, todo feito de uma ladainha intermin\u00e1vel de \u201ceis-me aqui&#8230; eis-me aqui\u201d.<\/p>\n<p>A fala do sacerdote n\u00e3o prov\u00e9m dele. Ele vai aos poucos se identificando com o Mestre, perscrutando o cora\u00e7\u00e3o dos irm\u00e3os e quando abre os l\u00e1bios, Algu\u00e9m fala por meio dele. O resultado ser\u00e1 bom se o cora\u00e7\u00e3o do ouvinte estiver desimpedido. A fala do sacerdote n\u00e3o pode ser banal. \u00c9 um jogador de sementes&#8230; a vida toda.<\/p>\n<p>L\u00e1 est\u00e1 ele colocando os gestos de Cristo, os sinais de um mundo novo: uma \u00e1gua que ele recolhe da fonte de Cora\u00e7\u00e3o de Jesus, um p\u00e3o que fortalece as entranhas, um \u00f3leo que cura as feridas. Cristo visita os seus na pessoa do padre que \u00e9 verdadeiramente ministro dos tesouros do amor de Deus. O padre n\u00e3o \u00e9 empregado do \u201csagrado\u201d, mas servo do amor de Deus que se manifestou na paix\u00e3o, morte e ressurrei\u00e7\u00e3o do Senhor. \u00c9 gerente de um mundo novo que come\u00e7ou a manifesta\u00e7\u00e3o do Filho de Deus entre n\u00f3s.<\/p>\n<p>Quando o padre se recolhe, chegam-lhe \u00e0 mente os dramas que ouve, as alegrias que lhe s\u00e3o segredadas, o cansa\u00e7o que faz com que alguns cheguem ao ponto do esgotamento. Todas essas lembran\u00e7as ele, esse misterioso e bel\u00edssimo ser humano que \u00e9 o padre , leva ao Cora\u00e7\u00e3o de Deus. \u00c9 feito Mois\u00e9s que reza pelos seus.<\/p>\n<p>Uma Clarissa escreveu linhas tocantes na inten\u00e7\u00e3o de um jovem sacerdote franciscano:<\/p>\n<p>\u201cNo contexto atual da sociedade e da Ordem, n\u00e3o se pode ser irm\u00e3o menor, sacerdote, religioso se n\u00e3o se cultiva profundamente o relacionamento com Deus de pessoa a pessoa, de filho para pai, de amigo para amigo, do \u201cnada\u201d ao \u201cTodo\u201d. A voca\u00e7\u00e3o \u00e9 um mist\u00e9rio de enamoramento que quer conduzir a um encontro pessoal, que te envolve totalmente. Nada de ilus\u00f5es, tudo pode desmoronar, mesmo as convic\u00e7\u00f5es mais s\u00f3lidas e hoje com maior facilidade. A rela\u00e7\u00e3o de pessoa a pessoa com Ele, aut\u00eantica e alimentada cada dia, persiste e permanece firme, \u00fanico ponto firme no meio de mudan\u00e7as de situa\u00e7\u00f5es, de acontecimentos, pessoas e convic\u00e7\u00f5es. \u00c9 a salva\u00e7\u00e3o do sacerdote e do religioso. N\u00e3o se trata, por\u00e9m, de um relacionamento qualquer. Por isso n\u00e3o \u00e9 t\u00e3o f\u00e1cil estabelece-lo. Requer: conhecimento de si mesmo (humildade), amor a Ele (\u201cdevo\u00e7\u00e3o\u201d \u00e0 sua pessoa), compreender tanto a Ele quanto a seus planos, \u201caceit\u00e1-lo\u201d como \u00e9, com seu des\u00edgnio a nosso respeito, seu sonho de amor a nosso respeito\u201d .<\/p>\n<p><em>Chiara Augusta Lainati, OSC, \u201cSolo una cosa es necess\u00e1ria\u201d, in Selecciones de Franciscanismo 124 (2013), p. 131).<\/em><\/p>\n","protected":false},"excerpt":{"rendered":"<p>Artigo de Frei Almir Guimar\u00e3es<\/p>\n","protected":false},"author":1,"featured_media":186048,"comment_status":"open","ping_status":"open","sticky":false,"template":"","format":"standard","meta":{"footnotes":""},"categories":[26],"tags":[30],"yoast_head":"<!-- This site is optimized with the Yoast SEO plugin v19.4 - https:\/\/yoast.com\/wordpress\/plugins\/seo\/ -->\n<title>4 de agosto: dia do padre - Vida Crist\u00e3 - Franciscanos<\/title>\n<meta name=\"robots\" content=\"index, follow, max-snippet:-1, max-image-preview:large, max-video-preview:-1\" \/>\n<link rel=\"canonical\" href=\"https:\/\/franciscanos.org.br\/vidacrista\/4-de-agosto-dia-do-padre\/\" \/>\n<meta property=\"og:locale\" content=\"pt_BR\" \/>\n<meta property=\"og:type\" content=\"article\" \/>\n<meta property=\"og:title\" content=\"4 de agosto: dia do padre - Vida Crist\u00e3 - Franciscanos\" \/>\n<meta property=\"og:description\" content=\"Artigo de Frei Almir Guimar\u00e3es\" \/>\n<meta property=\"og:url\" content=\"https:\/\/franciscanos.org.br\/vidacrista\/4-de-agosto-dia-do-padre\/\" \/>\n<meta property=\"og:site_name\" content=\"Vida Crist\u00e3 - Franciscanos\" \/>\n<meta property=\"article:published_time\" content=\"2015-08-07T03:30:08+00:00\" \/>\n<meta property=\"article:modified_time\" content=\"2020-06-25T14:18:11+00:00\" \/>\n<meta property=\"og:image\" content=\"https:\/\/franciscanos.org.br\/vidacrista\/wp-content\/uploads\/2015\/08\/semeador_jesus_040815_d.jpg\" \/>\n\t<meta property=\"og:image:width\" content=\"800\" \/>\n\t<meta property=\"og:image:height\" content=\"600\" \/>\n\t<meta property=\"og:image:type\" content=\"image\/jpeg\" \/>\n<meta name=\"author\" content=\"admin\" \/>\n<meta name=\"twitter:card\" content=\"summary_large_image\" \/>\n<meta name=\"twitter:label1\" content=\"Escrito por\" \/>\n\t<meta name=\"twitter:data1\" content=\"admin\" \/>\n\t<meta name=\"twitter:label2\" content=\"Est. tempo de leitura\" \/>\n\t<meta name=\"twitter:data2\" content=\"3 minutos\" \/>\n<script type=\"application\/ld+json\" class=\"yoast-schema-graph\">{\"@context\":\"https:\/\/schema.org\",\"@graph\":[{\"@type\":\"WebSite\",\"@id\":\"https:\/\/franciscanos.org.br\/vidacrista\/#website\",\"url\":\"https:\/\/franciscanos.org.br\/vidacrista\/\",\"name\":\"Vida Crist\u00e3 - Franciscanos\",\"description\":\"Prov\u00edncia Franciscana da Imaculada Concei\u00e7\u00e3o do Brasil - Ordem dos Frades Menores\",\"potentialAction\":[{\"@type\":\"SearchAction\",\"target\":{\"@type\":\"EntryPoint\",\"urlTemplate\":\"https:\/\/franciscanos.org.br\/vidacrista\/?s={search_term_string}\"},\"query-input\":\"required name=search_term_string\"}],\"inLanguage\":\"pt-BR\"},{\"@type\":\"WebPage\",\"@id\":\"https:\/\/franciscanos.org.br\/vidacrista\/4-de-agosto-dia-do-padre\/\",\"url\":\"https:\/\/franciscanos.org.br\/vidacrista\/4-de-agosto-dia-do-padre\/\",\"name\":\"4 de agosto: dia do padre - Vida Crist\u00e3 - Franciscanos\",\"isPartOf\":{\"@id\":\"https:\/\/franciscanos.org.br\/vidacrista\/#website\"},\"datePublished\":\"2015-08-07T03:30:08+00:00\",\"dateModified\":\"2020-06-25T14:18:11+00:00\",\"author\":{\"@id\":\"https:\/\/franciscanos.org.br\/vidacrista\/#\/schema\/person\/133632ca93cec555316a35f76ab4153b\"},\"breadcrumb\":{\"@id\":\"https:\/\/franciscanos.org.br\/vidacrista\/4-de-agosto-dia-do-padre\/#breadcrumb\"},\"inLanguage\":\"pt-BR\",\"potentialAction\":[{\"@type\":\"ReadAction\",\"target\":[\"https:\/\/franciscanos.org.br\/vidacrista\/4-de-agosto-dia-do-padre\/\"]}]},{\"@type\":\"BreadcrumbList\",\"@id\":\"https:\/\/franciscanos.org.br\/vidacrista\/4-de-agosto-dia-do-padre\/#breadcrumb\",\"itemListElement\":[{\"@type\":\"ListItem\",\"position\":1,\"name\":\"Home\",\"item\":\"https:\/\/franciscanos.org.br\/vidacrista\/\"},{\"@type\":\"ListItem\",\"position\":2,\"name\":\"4 de agosto: dia do padre\"}]},{\"@type\":\"Person\",\"@id\":\"https:\/\/franciscanos.org.br\/vidacrista\/#\/schema\/person\/133632ca93cec555316a35f76ab4153b\",\"name\":\"admin\",\"image\":{\"@type\":\"ImageObject\",\"inLanguage\":\"pt-BR\",\"@id\":\"https:\/\/franciscanos.org.br\/vidacrista\/#\/schema\/person\/image\/\",\"url\":\"https:\/\/secure.gravatar.com\/avatar\/e8495742d34d0ba6448ea1c628263b3e?s=96&d=mm&r=g\",\"contentUrl\":\"https:\/\/secure.gravatar.com\/avatar\/e8495742d34d0ba6448ea1c628263b3e?s=96&d=mm&r=g\",\"caption\":\"admin\"},\"url\":\"https:\/\/franciscanos.org.br\/vidacrista\/author\/admin\/\"}]}<\/script>\n<!-- \/ Yoast SEO plugin. -->","yoast_head_json":{"title":"4 de agosto: dia do padre - Vida Crist\u00e3 - Franciscanos","robots":{"index":"index","follow":"follow","max-snippet":"max-snippet:-1","max-image-preview":"max-image-preview:large","max-video-preview":"max-video-preview:-1"},"canonical":"https:\/\/franciscanos.org.br\/vidacrista\/4-de-agosto-dia-do-padre\/","og_locale":"pt_BR","og_type":"article","og_title":"4 de agosto: dia do padre - Vida Crist\u00e3 - Franciscanos","og_description":"Artigo de Frei Almir Guimar\u00e3es","og_url":"https:\/\/franciscanos.org.br\/vidacrista\/4-de-agosto-dia-do-padre\/","og_site_name":"Vida Crist\u00e3 - Franciscanos","article_published_time":"2015-08-07T03:30:08+00:00","article_modified_time":"2020-06-25T14:18:11+00:00","og_image":[{"width":800,"height":600,"url":"https:\/\/franciscanos.org.br\/vidacrista\/wp-content\/uploads\/2015\/08\/semeador_jesus_040815_d.jpg","type":"image\/jpeg"}],"author":"admin","twitter_card":"summary_large_image","twitter_misc":{"Escrito por":"admin","Est. tempo de leitura":"3 minutos"},"schema":{"@context":"https:\/\/schema.org","@graph":[{"@type":"WebSite","@id":"https:\/\/franciscanos.org.br\/vidacrista\/#website","url":"https:\/\/franciscanos.org.br\/vidacrista\/","name":"Vida Crist\u00e3 - Franciscanos","description":"Prov\u00edncia Franciscana da Imaculada Concei\u00e7\u00e3o do Brasil - Ordem dos Frades Menores","potentialAction":[{"@type":"SearchAction","target":{"@type":"EntryPoint","urlTemplate":"https:\/\/franciscanos.org.br\/vidacrista\/?s={search_term_string}"},"query-input":"required name=search_term_string"}],"inLanguage":"pt-BR"},{"@type":"WebPage","@id":"https:\/\/franciscanos.org.br\/vidacrista\/4-de-agosto-dia-do-padre\/","url":"https:\/\/franciscanos.org.br\/vidacrista\/4-de-agosto-dia-do-padre\/","name":"4 de agosto: dia do padre - Vida Crist\u00e3 - Franciscanos","isPartOf":{"@id":"https:\/\/franciscanos.org.br\/vidacrista\/#website"},"datePublished":"2015-08-07T03:30:08+00:00","dateModified":"2020-06-25T14:18:11+00:00","author":{"@id":"https:\/\/franciscanos.org.br\/vidacrista\/#\/schema\/person\/133632ca93cec555316a35f76ab4153b"},"breadcrumb":{"@id":"https:\/\/franciscanos.org.br\/vidacrista\/4-de-agosto-dia-do-padre\/#breadcrumb"},"inLanguage":"pt-BR","potentialAction":[{"@type":"ReadAction","target":["https:\/\/franciscanos.org.br\/vidacrista\/4-de-agosto-dia-do-padre\/"]}]},{"@type":"BreadcrumbList","@id":"https:\/\/franciscanos.org.br\/vidacrista\/4-de-agosto-dia-do-padre\/#breadcrumb","itemListElement":[{"@type":"ListItem","position":1,"name":"Home","item":"https:\/\/franciscanos.org.br\/vidacrista\/"},{"@type":"ListItem","position":2,"name":"4 de agosto: dia do padre"}]},{"@type":"Person","@id":"https:\/\/franciscanos.org.br\/vidacrista\/#\/schema\/person\/133632ca93cec555316a35f76ab4153b","name":"admin","image":{"@type":"ImageObject","inLanguage":"pt-BR","@id":"https:\/\/franciscanos.org.br\/vidacrista\/#\/schema\/person\/image\/","url":"https:\/\/secure.gravatar.com\/avatar\/e8495742d34d0ba6448ea1c628263b3e?s=96&d=mm&r=g","contentUrl":"https:\/\/secure.gravatar.com\/avatar\/e8495742d34d0ba6448ea1c628263b3e?s=96&d=mm&r=g","caption":"admin"},"url":"https:\/\/franciscanos.org.br\/vidacrista\/author\/admin\/"}]}},"_links":{"self":[{"href":"https:\/\/franciscanos.org.br\/vidacrista\/wp-json\/wp\/v2\/posts\/186038"}],"collection":[{"href":"https:\/\/franciscanos.org.br\/vidacrista\/wp-json\/wp\/v2\/posts"}],"about":[{"href":"https:\/\/franciscanos.org.br\/vidacrista\/wp-json\/wp\/v2\/types\/post"}],"author":[{"embeddable":true,"href":"https:\/\/franciscanos.org.br\/vidacrista\/wp-json\/wp\/v2\/users\/1"}],"replies":[{"embeddable":true,"href":"https:\/\/franciscanos.org.br\/vidacrista\/wp-json\/wp\/v2\/comments?post=186038"}],"version-history":[{"count":2,"href":"https:\/\/franciscanos.org.br\/vidacrista\/wp-json\/wp\/v2\/posts\/186038\/revisions"}],"predecessor-version":[{"id":186045,"href":"https:\/\/franciscanos.org.br\/vidacrista\/wp-json\/wp\/v2\/posts\/186038\/revisions\/186045"}],"wp:featuredmedia":[{"embeddable":true,"href":"https:\/\/franciscanos.org.br\/vidacrista\/wp-json\/wp\/v2\/media\/186048"}],"wp:attachment":[{"href":"https:\/\/franciscanos.org.br\/vidacrista\/wp-json\/wp\/v2\/media?parent=186038"}],"wp:term":[{"taxonomy":"category","embeddable":true,"href":"https:\/\/franciscanos.org.br\/vidacrista\/wp-json\/wp\/v2\/categories?post=186038"},{"taxonomy":"post_tag","embeddable":true,"href":"https:\/\/franciscanos.org.br\/vidacrista\/wp-json\/wp\/v2\/tags?post=186038"}],"curies":[{"name":"wp","href":"https:\/\/api.w.org\/{rel}","templated":true}]}}