{"id":186031,"date":"2015-06-11T00:24:17","date_gmt":"2015-06-11T03:24:17","guid":{"rendered":"https:\/\/franciscanos.org.br\/vidacrista\/?p=186031"},"modified":"2020-06-25T10:27:29","modified_gmt":"2020-06-25T13:27:29","slug":"12-de-junho-pelos-enamorados-do-amor-em-seu-dia","status":"publish","type":"post","link":"https:\/\/franciscanos.org.br\/vidacrista\/12-de-junho-pelos-enamorados-do-amor-em-seu-dia\/","title":{"rendered":"12 de Junho: Pelos enamorados do amor em seu dia"},"content":{"rendered":"<p>&nbsp;<\/p>\n<p><img decoding=\"async\" loading=\"lazy\" class=\"alignnone size-full wp-image-186033\" src=\"https:\/\/franciscanos.org.br\/vidacrista\/wp-content\/uploads\/2020\/06\/vitorio_120615.jpg\" alt=\"\" width=\"820\" height=\"420\" srcset=\"https:\/\/franciscanos.org.br\/vidacrista\/wp-content\/uploads\/2020\/06\/vitorio_120615.jpg 820w, https:\/\/franciscanos.org.br\/vidacrista\/wp-content\/uploads\/2020\/06\/vitorio_120615-450x230.jpg 450w, https:\/\/franciscanos.org.br\/vidacrista\/wp-content\/uploads\/2020\/06\/vitorio_120615-768x393.jpg 768w, https:\/\/franciscanos.org.br\/vidacrista\/wp-content\/uploads\/2020\/06\/vitorio_120615-150x77.jpg 150w\" sizes=\"(max-width: 820px) 100vw, 820px\" \/><\/p>\n<p><strong>Frei \u00a0Vit\u00f3rio Mazzuco, OFM<\/strong><\/p>\n<p>Pediram que eu escrevesse algo aqui sobre o dia 12 de Junho. As vitrines est\u00e3o enfeitadas de cora\u00e7\u00f5es vermelhos, lojas oferecem perfumes, smartphones, lingeries, chocolates e um mundo de presentes. O mundo inteiro celebra o <strong>Dia dos Namorados<\/strong> no dia de S\u00e3o Valentim, 14 de fevereiro. O Brasil, sempre bem diferente de todo mundo, celebra em junho por uma op\u00e7\u00e3o de log\u00edstica comercial, de lojas e mercado. Junho \u00e9 um m\u00eas que s\u00f3 traria dinheiro se tivesse uma data que mexesse com o cora\u00e7\u00e3o; afinal de contas, Festa Junina n\u00e3o traz for\u00e7a comercial para puxar vendas. Fogueira, batata-doce, p\u00e9 de moleque e pipoca n\u00e3o s\u00e3o artigos de luxo, \u00e9 mais 1,99. Para Namorados n\u00e3o se d\u00e1 1,99. Acharam uma sa\u00edda maravilhosa. Acabou dando certo.<\/p>\n<p>N\u00e3o vendo palavras, mas escuto de gra\u00e7a experi\u00eancias. De certa forma tem coisas bonitas que est\u00e3o sendo ditas hoje fora do com\u00e9rcio. Exponho aqui numa vitrine um mundo gratuito de palavras que n\u00e3o tem pre\u00e7o. Podem pegar sem pagar. Presenteio apenas o cora\u00e7\u00e3o seu ou de algu\u00e9m.\u00a0 Hoje \u00e9 um dia de paz sobre a nossa brasilidade. Se homens e mulheres se amassem verdadeiramente, a paz seria um clima natural de outono em meio a fogueiras, quadrilhas e jantar \u00e0 luz de velas.<\/p>\n<p>Escuto namorados verdadeiros, n\u00e3o os ficantes; porque os ficantes n\u00e3o namoram, apenas colocam o amor em liquida\u00e7\u00e3o, em saldos, e dividem em presta\u00e7\u00f5es que pagam de rela\u00e7\u00e3o em rela\u00e7\u00e3o, em dram\u00e1ticas e pesadas presta\u00e7\u00f5es. Mas falo dos Namorados Verdadeiros, aqueles que hoje podem oferecer algumas verdades. N\u00e3o podem abrir m\u00e3o do Amor em suas vidas. Que amam por fazer da pessoa amada uma imagem real do divino. Deus s\u00f3 pode ser experimentado no interior de um grande Amor. O verdadeiro Amor \u00e9 Deus espelhado, \u00e9 uma revela\u00e7\u00e3o, um \u00eaxtase, uma experi\u00eancia transcendente.\u00a0 \u00c9 a busca do tesouro, a descoberta do lado mais valioso e inesgot\u00e1vel do diamante. O Amor \u00e9 uma p\u00e9rola preciosa!<\/p>\n<p>Leio os Namorados verdadeiros e eles revelam uma identidade. A pessoa s\u00f3 se torna aquilo que ama. Pessoas que amam tem diferencial, brilho pr\u00f3prio, fasc\u00ednio, atra\u00e7\u00e3o. N\u00e3o \u00e9 um sedutor de cartaz; mas uma for\u00e7a atraente que desvela o plenamente humano. Nos caminhos do Amor descobrimos nossa alma. Mas aten\u00e7\u00e3o! N\u00e3o se pode doar a alma a qualquer pessoa. O Amor \u00a0nos ensina a esperar uma vida, para uma escolha verdadeira; para um novo nascimento, para a vertente do Desejo, para a transmiss\u00e3o do esp\u00edrito, para um parto n\u00e3o biol\u00f3gico, mas da consanguinidade afetiva.<\/p>\n<p>Namorados verdadeiros n\u00e3o conhecem o medo porque o Amor n\u00e3o reprime, mas transforma. Gestos de intimidade s\u00e3o a natural comunica\u00e7\u00e3o dos aut\u00eanticos. O Amor \u00e9 da alma e da pele, do toque e da contempla\u00e7\u00e3o. \u00c9 comunh\u00e3o de corpo e esp\u00edrito. O Amor est\u00e1 no aconchego revelador do abra\u00e7o e no h\u00e1lito vital de um beijo. \u00c9 abandono e confian\u00e7a. Momento luminoso que introduz paz entre paredes.<\/p>\n<p>Namorados verdadeiros s\u00e3o seres de liga\u00e7\u00e3o de universos, cora\u00e7\u00f5es, de c\u00e9u e terra, de colheitas e esta\u00e7\u00f5es, de leito e templo, quarto e encarna\u00e7\u00e3o. O Amor tira da mesmice e faz um buqu\u00ea multicolorido de diversidade. Cores diferentes simbolizam nossas originalidades e nossas riquezas pessoais que se ajuntam e explodem em harmonia. A beleza est\u00e1 na diversidade. No Amor o diferente \u00e9 insepar\u00e1vel: luz e trevas, erro e verdade, tristeza e alegria, dist\u00e2ncia e proximidade, direita e esquerda, masculino e feminino.<\/p>\n<p>Namorados plenos passam for\u00e7a e presen\u00e7a intensa porque sabem lidar com energias do Amor. Fazem algo pelo cora\u00e7\u00e3o e se fazem bem a dois, fazem bem \u00e0 humanidade inteira. Amor \u00e9 oferenda onde o eu se derrete e oferece o melhor que sobrou, mas n\u00e3o como migalha, mas como inteireza. Amar \u00e9 conhecer o sabor da seiva e n\u00e3o apenas do fruto. Amor est\u00e1 al\u00e9m do f\u00edsico, mas faz o corpo conhecer a Luz. Atrav\u00e9s do corpo acorda o que n\u00e3o pode morrer. Amor \u00e9 embriaguez e b\u00e1lsamo, esp\u00edrito e vida, colo e un\u00e7\u00e3o. O cora\u00e7\u00e3o precisa ser visitado pelo Amor.<\/p>\n<p>\u00c9 dia dos Namorados e podemos dizer que ainda existe luz no mundo. Os que amam verdadeiramente n\u00e3o fazem mal a ningu\u00e9m. Os que n\u00e3o amam acham problemas onde n\u00e3o existem problemas. Mas o dia dos mal amados n\u00e3o \u00e9 hoje. Hoje \u00e9 o dia do Bem Amado e da Bem Amada, e estes resistem aos imprevistos do cotidiano. Quem encontrou o Amor verdadeiro n\u00e3o faz o que quer, mas o Amor \u00e9 que faz o que quer que aconte\u00e7a. Se acontecer n\u00e3o tem como negar. Quem ama tem o cora\u00e7\u00e3o ocupado, tem aura, tem luz. Hoje voc\u00ea n\u00e3o precisa dizer nada, mas apenas isto: \u201cSei a quem dei o meu cora\u00e7\u00e3o! \u00c9 o que eu tenho para hoje, a gl\u00f3ria do meu futuro\u201d. Enquanto se comemorar o Dia dos Namorados, haver\u00e1 um amanh\u00e3.<\/p>\n","protected":false},"excerpt":{"rendered":"<p>Artigo de Frei Vit\u00f3rio Mazzuco, OFM<\/p>\n","protected":false},"author":1,"featured_media":186034,"comment_status":"open","ping_status":"open","sticky":false,"template":"","format":"standard","meta":{"footnotes":""},"categories":[26],"tags":[203],"yoast_head":"<!-- This site is optimized with the Yoast SEO plugin v19.4 - https:\/\/yoast.com\/wordpress\/plugins\/seo\/ -->\n<title>12 de Junho: Pelos enamorados do amor em seu dia - Vida Crist\u00e3 - Franciscanos<\/title>\n<meta name=\"robots\" content=\"index, follow, max-snippet:-1, max-image-preview:large, max-video-preview:-1\" \/>\n<link rel=\"canonical\" href=\"https:\/\/franciscanos.org.br\/vidacrista\/12-de-junho-pelos-enamorados-do-amor-em-seu-dia\/\" \/>\n<meta property=\"og:locale\" content=\"pt_BR\" \/>\n<meta property=\"og:type\" content=\"article\" \/>\n<meta property=\"og:title\" content=\"12 de Junho: Pelos enamorados do amor em seu dia - Vida Crist\u00e3 - Franciscanos\" \/>\n<meta property=\"og:description\" content=\"Artigo de Frei Vit\u00f3rio Mazzuco, OFM\" \/>\n<meta property=\"og:url\" content=\"https:\/\/franciscanos.org.br\/vidacrista\/12-de-junho-pelos-enamorados-do-amor-em-seu-dia\/\" \/>\n<meta property=\"og:site_name\" content=\"Vida Crist\u00e3 - Franciscanos\" \/>\n<meta property=\"article:published_time\" content=\"2015-06-11T03:24:17+00:00\" \/>\n<meta property=\"article:modified_time\" content=\"2020-06-25T13:27:29+00:00\" \/>\n<meta property=\"og:image\" content=\"https:\/\/franciscanos.org.br\/vidacrista\/wp-content\/uploads\/2020\/06\/vitorio_120615_d.jpg\" \/>\n\t<meta property=\"og:image:width\" content=\"800\" \/>\n\t<meta property=\"og:image:height\" content=\"600\" \/>\n\t<meta property=\"og:image:type\" content=\"image\/jpeg\" \/>\n<meta name=\"author\" content=\"admin\" \/>\n<meta name=\"twitter:card\" content=\"summary_large_image\" \/>\n<meta name=\"twitter:label1\" content=\"Escrito por\" \/>\n\t<meta name=\"twitter:data1\" content=\"admin\" \/>\n\t<meta name=\"twitter:label2\" content=\"Est. tempo de leitura\" \/>\n\t<meta name=\"twitter:data2\" content=\"4 minutos\" \/>\n<script type=\"application\/ld+json\" class=\"yoast-schema-graph\">{\"@context\":\"https:\/\/schema.org\",\"@graph\":[{\"@type\":\"WebSite\",\"@id\":\"https:\/\/franciscanos.org.br\/vidacrista\/#website\",\"url\":\"https:\/\/franciscanos.org.br\/vidacrista\/\",\"name\":\"Vida Crist\u00e3 - Franciscanos\",\"description\":\"Prov\u00edncia Franciscana da Imaculada Concei\u00e7\u00e3o do Brasil - Ordem dos Frades Menores\",\"potentialAction\":[{\"@type\":\"SearchAction\",\"target\":{\"@type\":\"EntryPoint\",\"urlTemplate\":\"https:\/\/franciscanos.org.br\/vidacrista\/?s={search_term_string}\"},\"query-input\":\"required name=search_term_string\"}],\"inLanguage\":\"pt-BR\"},{\"@type\":\"WebPage\",\"@id\":\"https:\/\/franciscanos.org.br\/vidacrista\/12-de-junho-pelos-enamorados-do-amor-em-seu-dia\/\",\"url\":\"https:\/\/franciscanos.org.br\/vidacrista\/12-de-junho-pelos-enamorados-do-amor-em-seu-dia\/\",\"name\":\"12 de Junho: Pelos enamorados do amor em seu dia - Vida Crist\u00e3 - Franciscanos\",\"isPartOf\":{\"@id\":\"https:\/\/franciscanos.org.br\/vidacrista\/#website\"},\"datePublished\":\"2015-06-11T03:24:17+00:00\",\"dateModified\":\"2020-06-25T13:27:29+00:00\",\"author\":{\"@id\":\"https:\/\/franciscanos.org.br\/vidacrista\/#\/schema\/person\/133632ca93cec555316a35f76ab4153b\"},\"breadcrumb\":{\"@id\":\"https:\/\/franciscanos.org.br\/vidacrista\/12-de-junho-pelos-enamorados-do-amor-em-seu-dia\/#breadcrumb\"},\"inLanguage\":\"pt-BR\",\"potentialAction\":[{\"@type\":\"ReadAction\",\"target\":[\"https:\/\/franciscanos.org.br\/vidacrista\/12-de-junho-pelos-enamorados-do-amor-em-seu-dia\/\"]}]},{\"@type\":\"BreadcrumbList\",\"@id\":\"https:\/\/franciscanos.org.br\/vidacrista\/12-de-junho-pelos-enamorados-do-amor-em-seu-dia\/#breadcrumb\",\"itemListElement\":[{\"@type\":\"ListItem\",\"position\":1,\"name\":\"Home\",\"item\":\"https:\/\/franciscanos.org.br\/vidacrista\/\"},{\"@type\":\"ListItem\",\"position\":2,\"name\":\"12 de Junho: Pelos enamorados do amor em seu dia\"}]},{\"@type\":\"Person\",\"@id\":\"https:\/\/franciscanos.org.br\/vidacrista\/#\/schema\/person\/133632ca93cec555316a35f76ab4153b\",\"name\":\"admin\",\"image\":{\"@type\":\"ImageObject\",\"inLanguage\":\"pt-BR\",\"@id\":\"https:\/\/franciscanos.org.br\/vidacrista\/#\/schema\/person\/image\/\",\"url\":\"https:\/\/secure.gravatar.com\/avatar\/e8495742d34d0ba6448ea1c628263b3e?s=96&d=mm&r=g\",\"contentUrl\":\"https:\/\/secure.gravatar.com\/avatar\/e8495742d34d0ba6448ea1c628263b3e?s=96&d=mm&r=g\",\"caption\":\"admin\"},\"url\":\"https:\/\/franciscanos.org.br\/vidacrista\/author\/admin\/\"}]}<\/script>\n<!-- \/ Yoast SEO plugin. -->","yoast_head_json":{"title":"12 de Junho: Pelos enamorados do amor em seu dia - Vida Crist\u00e3 - Franciscanos","robots":{"index":"index","follow":"follow","max-snippet":"max-snippet:-1","max-image-preview":"max-image-preview:large","max-video-preview":"max-video-preview:-1"},"canonical":"https:\/\/franciscanos.org.br\/vidacrista\/12-de-junho-pelos-enamorados-do-amor-em-seu-dia\/","og_locale":"pt_BR","og_type":"article","og_title":"12 de Junho: Pelos enamorados do amor em seu dia - Vida Crist\u00e3 - Franciscanos","og_description":"Artigo de Frei Vit\u00f3rio Mazzuco, OFM","og_url":"https:\/\/franciscanos.org.br\/vidacrista\/12-de-junho-pelos-enamorados-do-amor-em-seu-dia\/","og_site_name":"Vida Crist\u00e3 - Franciscanos","article_published_time":"2015-06-11T03:24:17+00:00","article_modified_time":"2020-06-25T13:27:29+00:00","og_image":[{"width":800,"height":600,"url":"https:\/\/franciscanos.org.br\/vidacrista\/wp-content\/uploads\/2020\/06\/vitorio_120615_d.jpg","type":"image\/jpeg"}],"author":"admin","twitter_card":"summary_large_image","twitter_misc":{"Escrito por":"admin","Est. tempo de leitura":"4 minutos"},"schema":{"@context":"https:\/\/schema.org","@graph":[{"@type":"WebSite","@id":"https:\/\/franciscanos.org.br\/vidacrista\/#website","url":"https:\/\/franciscanos.org.br\/vidacrista\/","name":"Vida Crist\u00e3 - Franciscanos","description":"Prov\u00edncia Franciscana da Imaculada Concei\u00e7\u00e3o do Brasil - Ordem dos Frades Menores","potentialAction":[{"@type":"SearchAction","target":{"@type":"EntryPoint","urlTemplate":"https:\/\/franciscanos.org.br\/vidacrista\/?s={search_term_string}"},"query-input":"required name=search_term_string"}],"inLanguage":"pt-BR"},{"@type":"WebPage","@id":"https:\/\/franciscanos.org.br\/vidacrista\/12-de-junho-pelos-enamorados-do-amor-em-seu-dia\/","url":"https:\/\/franciscanos.org.br\/vidacrista\/12-de-junho-pelos-enamorados-do-amor-em-seu-dia\/","name":"12 de Junho: Pelos enamorados do amor em seu dia - Vida Crist\u00e3 - Franciscanos","isPartOf":{"@id":"https:\/\/franciscanos.org.br\/vidacrista\/#website"},"datePublished":"2015-06-11T03:24:17+00:00","dateModified":"2020-06-25T13:27:29+00:00","author":{"@id":"https:\/\/franciscanos.org.br\/vidacrista\/#\/schema\/person\/133632ca93cec555316a35f76ab4153b"},"breadcrumb":{"@id":"https:\/\/franciscanos.org.br\/vidacrista\/12-de-junho-pelos-enamorados-do-amor-em-seu-dia\/#breadcrumb"},"inLanguage":"pt-BR","potentialAction":[{"@type":"ReadAction","target":["https:\/\/franciscanos.org.br\/vidacrista\/12-de-junho-pelos-enamorados-do-amor-em-seu-dia\/"]}]},{"@type":"BreadcrumbList","@id":"https:\/\/franciscanos.org.br\/vidacrista\/12-de-junho-pelos-enamorados-do-amor-em-seu-dia\/#breadcrumb","itemListElement":[{"@type":"ListItem","position":1,"name":"Home","item":"https:\/\/franciscanos.org.br\/vidacrista\/"},{"@type":"ListItem","position":2,"name":"12 de Junho: Pelos enamorados do amor em seu dia"}]},{"@type":"Person","@id":"https:\/\/franciscanos.org.br\/vidacrista\/#\/schema\/person\/133632ca93cec555316a35f76ab4153b","name":"admin","image":{"@type":"ImageObject","inLanguage":"pt-BR","@id":"https:\/\/franciscanos.org.br\/vidacrista\/#\/schema\/person\/image\/","url":"https:\/\/secure.gravatar.com\/avatar\/e8495742d34d0ba6448ea1c628263b3e?s=96&d=mm&r=g","contentUrl":"https:\/\/secure.gravatar.com\/avatar\/e8495742d34d0ba6448ea1c628263b3e?s=96&d=mm&r=g","caption":"admin"},"url":"https:\/\/franciscanos.org.br\/vidacrista\/author\/admin\/"}]}},"_links":{"self":[{"href":"https:\/\/franciscanos.org.br\/vidacrista\/wp-json\/wp\/v2\/posts\/186031"}],"collection":[{"href":"https:\/\/franciscanos.org.br\/vidacrista\/wp-json\/wp\/v2\/posts"}],"about":[{"href":"https:\/\/franciscanos.org.br\/vidacrista\/wp-json\/wp\/v2\/types\/post"}],"author":[{"embeddable":true,"href":"https:\/\/franciscanos.org.br\/vidacrista\/wp-json\/wp\/v2\/users\/1"}],"replies":[{"embeddable":true,"href":"https:\/\/franciscanos.org.br\/vidacrista\/wp-json\/wp\/v2\/comments?post=186031"}],"version-history":[{"count":1,"href":"https:\/\/franciscanos.org.br\/vidacrista\/wp-json\/wp\/v2\/posts\/186031\/revisions"}],"predecessor-version":[{"id":186035,"href":"https:\/\/franciscanos.org.br\/vidacrista\/wp-json\/wp\/v2\/posts\/186031\/revisions\/186035"}],"wp:featuredmedia":[{"embeddable":true,"href":"https:\/\/franciscanos.org.br\/vidacrista\/wp-json\/wp\/v2\/media\/186034"}],"wp:attachment":[{"href":"https:\/\/franciscanos.org.br\/vidacrista\/wp-json\/wp\/v2\/media?parent=186031"}],"wp:term":[{"taxonomy":"category","embeddable":true,"href":"https:\/\/franciscanos.org.br\/vidacrista\/wp-json\/wp\/v2\/categories?post=186031"},{"taxonomy":"post_tag","embeddable":true,"href":"https:\/\/franciscanos.org.br\/vidacrista\/wp-json\/wp\/v2\/tags?post=186031"}],"curies":[{"name":"wp","href":"https:\/\/api.w.org\/{rel}","templated":true}]}}