{"id":185992,"date":"2014-11-14T00:27:41","date_gmt":"2014-11-14T02:27:41","guid":{"rendered":"https:\/\/franciscanos.org.br\/vidacrista\/?p=185992"},"modified":"2020-06-24T10:31:03","modified_gmt":"2020-06-24T13:31:03","slug":"dia-da-proclamacao-de-republica","status":"publish","type":"post","link":"https:\/\/franciscanos.org.br\/vidacrista\/dia-da-proclamacao-de-republica\/","title":{"rendered":"Dia da Proclama\u00e7\u00e3o de Rep\u00fablica"},"content":{"rendered":"<p><img decoding=\"async\" loading=\"lazy\" class=\"alignnone size-full wp-image-185993\" src=\"https:\/\/franciscanos.org.br\/vidacrista\/wp-content\/uploads\/2020\/06\/republica_141114.jpg\" alt=\"\" width=\"820\" height=\"297\" srcset=\"https:\/\/franciscanos.org.br\/vidacrista\/wp-content\/uploads\/2020\/06\/republica_141114.jpg 820w, https:\/\/franciscanos.org.br\/vidacrista\/wp-content\/uploads\/2020\/06\/republica_141114-450x163.jpg 450w, https:\/\/franciscanos.org.br\/vidacrista\/wp-content\/uploads\/2020\/06\/republica_141114-768x278.jpg 768w, https:\/\/franciscanos.org.br\/vidacrista\/wp-content\/uploads\/2020\/06\/republica_141114-150x54.jpg 150w\" sizes=\"(max-width: 820px) 100vw, 820px\" \/><\/p>\n<p><strong>Frei Luiz Iakovacz<\/strong><\/p>\n<p>No dia 15 de novembro comemoramos o 125\u00ba ano da Rep\u00fablica Brasileira. Esta palavra tem sua origem no latim (<em>res publica<\/em> = coisa p\u00fablica). No transcorrer da hist\u00f3ria, recebeu v\u00e1rios enfoques, mas sua ess\u00eancia sempre permaneceu a mesma: \u201cAdministra\u00e7\u00e3o de um bem p\u00fablico\u201d.<\/p>\n<p>Hoje, Rep\u00fablica consiste num \u201csistema de governo no qual o chefe de Estado \u00e9 eleito pelo povo em voto secreto e livre, e o mandato dura determinado espa\u00e7o de tempo\u201d (Enciclop\u00e9dia Wikip\u00e9dia).<\/p>\n<p>Os ideais republicanos j\u00e1 estavam presentes nos movimentos da Inconfid\u00eancia Mineira e Tiradentes (1788-1789) e da Revolu\u00e7\u00e3o Farroupilha (1835-1845). Entre tantos motivos que provocaram a mudan\u00e7a do regime pol\u00edtico, um dos principais foi a Guerra do Paraguai (1864-1870). Ela endividou o pa\u00eds, juntamente com uma infla\u00e7\u00e3o alta.<\/p>\n<p>Nesta guerra, os militares robusteceram os ideais republicanos e defendiam o fim da escravid\u00e3o; n\u00e3o aceitavam que os escravos, depois de lutarem na guerra, continuassem na mesma situa\u00e7\u00e3o. Quando foi assinada a Lei \u00c1urea, os fazendeiros, tamb\u00e9m, se revoltaram porque perderam a m\u00e3o-de-obra. Mas, o pior de tudo, era que o ex\u00e9rcito n\u00e3o tinha autonomia e dependia, sempre, do Imperador. Este mandava e desmandava, at\u00e9 dentro da Igreja, e prendeu os Bispos de Olinda e de Bel\u00e9m (1872) porque seguiam as orienta\u00e7\u00f5es do Vaticano e n\u00e3o as do Imp\u00e9rio.<\/p>\n<p>Tudo isso, somado a outros motivos, fez com que o Marechal Deodoro da Fonseca coordenasse um \u201clevante pol\u00edtico militar\u201d, no dia 15 de novembro de 1889, instaurando a Rep\u00fablica e extinguindo a Monarquia que vinha governando o Brasil desde 1822.<\/p>\n<p>Jesus era judeu, e morou em seu pa\u00eds, Israel. Desde seu nascimento at\u00e9 a morte, sua vida esteve envolvida em a\u00e7\u00f5es pol\u00edticas. Deveria ter nascido em Nazar\u00e9, mas, por causa do recenseamento do imperador romano C\u00e9sar Augusto, os pais precisaram ir a Bel\u00e9m onde se completaram os dias do parto (Lc 2,1-7). Ainda crian\u00e7a, foi amea\u00e7ado de morte por Herodes e fugiu para o Egito (Mt 2,13-18). Ao voltar, foi morar longe da Jud\u00e9ia porque este Estado estava sendo governado por Arquelau, filho de Herodes (Mt 3,19-23). Quando adulto, novamente, foi amea\u00e7ado de morte por outro Herodes, o Antipas. Jesus n\u00e3o se intimidou; chamou-o de \u201craposa\u201d e deixou este recado: aconte\u00e7a o que acontecer, n\u00e3o iria mudar seu jeito de trabalhar e pregar (Lc 13,31-35). Foi preso no Monte das Oliveiras, por soldados romanos (Jo 18,1-14). Foi julgado e condenado \u00e0 morte por dois tribunais: um religioso, Sin\u00e9drio (Mt 26,57-68) e o civil, P\u00f4ncio Pilatos (Mt 27, 11-26). Foi sepultado, mas Deus O ressuscitou. O ap\u00f3stolo Pedro, ao ser preso, falou, de maneira contundente, \u00e0s autoridades religiosas: \u201c&#8230; voc\u00eas mataram o Pr\u00edncipe da Paz, mas Deus O ressuscitou e disso n\u00f3s somos testemunhas\u201d (At 3, 15).<\/p>\n<p>Se, realmente, testemunharmos Jesus Cristo \u2013 seremos a esperan\u00e7a de que um \u201coutro mundo \u00e9 poss\u00edvel\u201d.<\/p>\n","protected":false},"excerpt":{"rendered":"<p>Artigo de Frei Luiz Iakovacz<\/p>\n","protected":false},"author":1,"featured_media":185994,"comment_status":"open","ping_status":"open","sticky":false,"template":"","format":"standard","meta":{"footnotes":""},"categories":[26],"tags":[208],"yoast_head":"<!-- This site is optimized with the Yoast SEO plugin v19.4 - https:\/\/yoast.com\/wordpress\/plugins\/seo\/ -->\n<title>Dia da Proclama\u00e7\u00e3o de Rep\u00fablica - Vida Crist\u00e3 - Franciscanos<\/title>\n<meta name=\"robots\" content=\"index, follow, max-snippet:-1, max-image-preview:large, max-video-preview:-1\" \/>\n<link rel=\"canonical\" href=\"https:\/\/franciscanos.org.br\/vidacrista\/dia-da-proclamacao-de-republica\/\" \/>\n<meta property=\"og:locale\" content=\"pt_BR\" \/>\n<meta property=\"og:type\" content=\"article\" \/>\n<meta property=\"og:title\" content=\"Dia da Proclama\u00e7\u00e3o de Rep\u00fablica - Vida Crist\u00e3 - Franciscanos\" \/>\n<meta property=\"og:description\" content=\"Artigo de Frei Luiz Iakovacz\" \/>\n<meta property=\"og:url\" content=\"https:\/\/franciscanos.org.br\/vidacrista\/dia-da-proclamacao-de-republica\/\" \/>\n<meta property=\"og:site_name\" content=\"Vida Crist\u00e3 - Franciscanos\" \/>\n<meta property=\"article:published_time\" content=\"2014-11-14T02:27:41+00:00\" \/>\n<meta property=\"article:modified_time\" content=\"2020-06-24T13:31:03+00:00\" \/>\n<meta property=\"og:image\" content=\"https:\/\/franciscanos.org.br\/vidacrista\/wp-content\/uploads\/2020\/06\/republica_141114_d.jpg\" \/>\n\t<meta property=\"og:image:width\" content=\"800\" \/>\n\t<meta property=\"og:image:height\" content=\"600\" \/>\n\t<meta property=\"og:image:type\" content=\"image\/jpeg\" \/>\n<meta name=\"author\" content=\"admin\" \/>\n<meta name=\"twitter:card\" content=\"summary_large_image\" \/>\n<meta name=\"twitter:label1\" content=\"Escrito por\" \/>\n\t<meta name=\"twitter:data1\" content=\"admin\" \/>\n\t<meta name=\"twitter:label2\" content=\"Est. tempo de leitura\" \/>\n\t<meta name=\"twitter:data2\" content=\"3 minutos\" \/>\n<script type=\"application\/ld+json\" class=\"yoast-schema-graph\">{\"@context\":\"https:\/\/schema.org\",\"@graph\":[{\"@type\":\"WebSite\",\"@id\":\"https:\/\/franciscanos.org.br\/vidacrista\/#website\",\"url\":\"https:\/\/franciscanos.org.br\/vidacrista\/\",\"name\":\"Vida Crist\u00e3 - Franciscanos\",\"description\":\"Prov\u00edncia Franciscana da Imaculada Concei\u00e7\u00e3o do Brasil - Ordem dos Frades Menores\",\"potentialAction\":[{\"@type\":\"SearchAction\",\"target\":{\"@type\":\"EntryPoint\",\"urlTemplate\":\"https:\/\/franciscanos.org.br\/vidacrista\/?s={search_term_string}\"},\"query-input\":\"required name=search_term_string\"}],\"inLanguage\":\"pt-BR\"},{\"@type\":\"WebPage\",\"@id\":\"https:\/\/franciscanos.org.br\/vidacrista\/dia-da-proclamacao-de-republica\/\",\"url\":\"https:\/\/franciscanos.org.br\/vidacrista\/dia-da-proclamacao-de-republica\/\",\"name\":\"Dia da Proclama\u00e7\u00e3o de Rep\u00fablica - Vida Crist\u00e3 - Franciscanos\",\"isPartOf\":{\"@id\":\"https:\/\/franciscanos.org.br\/vidacrista\/#website\"},\"datePublished\":\"2014-11-14T02:27:41+00:00\",\"dateModified\":\"2020-06-24T13:31:03+00:00\",\"author\":{\"@id\":\"https:\/\/franciscanos.org.br\/vidacrista\/#\/schema\/person\/133632ca93cec555316a35f76ab4153b\"},\"breadcrumb\":{\"@id\":\"https:\/\/franciscanos.org.br\/vidacrista\/dia-da-proclamacao-de-republica\/#breadcrumb\"},\"inLanguage\":\"pt-BR\",\"potentialAction\":[{\"@type\":\"ReadAction\",\"target\":[\"https:\/\/franciscanos.org.br\/vidacrista\/dia-da-proclamacao-de-republica\/\"]}]},{\"@type\":\"BreadcrumbList\",\"@id\":\"https:\/\/franciscanos.org.br\/vidacrista\/dia-da-proclamacao-de-republica\/#breadcrumb\",\"itemListElement\":[{\"@type\":\"ListItem\",\"position\":1,\"name\":\"Home\",\"item\":\"https:\/\/franciscanos.org.br\/vidacrista\/\"},{\"@type\":\"ListItem\",\"position\":2,\"name\":\"Dia da Proclama\u00e7\u00e3o de Rep\u00fablica\"}]},{\"@type\":\"Person\",\"@id\":\"https:\/\/franciscanos.org.br\/vidacrista\/#\/schema\/person\/133632ca93cec555316a35f76ab4153b\",\"name\":\"admin\",\"image\":{\"@type\":\"ImageObject\",\"inLanguage\":\"pt-BR\",\"@id\":\"https:\/\/franciscanos.org.br\/vidacrista\/#\/schema\/person\/image\/\",\"url\":\"https:\/\/secure.gravatar.com\/avatar\/e8495742d34d0ba6448ea1c628263b3e?s=96&d=mm&r=g\",\"contentUrl\":\"https:\/\/secure.gravatar.com\/avatar\/e8495742d34d0ba6448ea1c628263b3e?s=96&d=mm&r=g\",\"caption\":\"admin\"},\"url\":\"https:\/\/franciscanos.org.br\/vidacrista\/author\/admin\/\"}]}<\/script>\n<!-- \/ Yoast SEO plugin. -->","yoast_head_json":{"title":"Dia da Proclama\u00e7\u00e3o de Rep\u00fablica - Vida Crist\u00e3 - Franciscanos","robots":{"index":"index","follow":"follow","max-snippet":"max-snippet:-1","max-image-preview":"max-image-preview:large","max-video-preview":"max-video-preview:-1"},"canonical":"https:\/\/franciscanos.org.br\/vidacrista\/dia-da-proclamacao-de-republica\/","og_locale":"pt_BR","og_type":"article","og_title":"Dia da Proclama\u00e7\u00e3o de Rep\u00fablica - Vida Crist\u00e3 - Franciscanos","og_description":"Artigo de Frei Luiz Iakovacz","og_url":"https:\/\/franciscanos.org.br\/vidacrista\/dia-da-proclamacao-de-republica\/","og_site_name":"Vida Crist\u00e3 - Franciscanos","article_published_time":"2014-11-14T02:27:41+00:00","article_modified_time":"2020-06-24T13:31:03+00:00","og_image":[{"width":800,"height":600,"url":"https:\/\/franciscanos.org.br\/vidacrista\/wp-content\/uploads\/2020\/06\/republica_141114_d.jpg","type":"image\/jpeg"}],"author":"admin","twitter_card":"summary_large_image","twitter_misc":{"Escrito por":"admin","Est. tempo de leitura":"3 minutos"},"schema":{"@context":"https:\/\/schema.org","@graph":[{"@type":"WebSite","@id":"https:\/\/franciscanos.org.br\/vidacrista\/#website","url":"https:\/\/franciscanos.org.br\/vidacrista\/","name":"Vida Crist\u00e3 - Franciscanos","description":"Prov\u00edncia Franciscana da Imaculada Concei\u00e7\u00e3o do Brasil - Ordem dos Frades Menores","potentialAction":[{"@type":"SearchAction","target":{"@type":"EntryPoint","urlTemplate":"https:\/\/franciscanos.org.br\/vidacrista\/?s={search_term_string}"},"query-input":"required name=search_term_string"}],"inLanguage":"pt-BR"},{"@type":"WebPage","@id":"https:\/\/franciscanos.org.br\/vidacrista\/dia-da-proclamacao-de-republica\/","url":"https:\/\/franciscanos.org.br\/vidacrista\/dia-da-proclamacao-de-republica\/","name":"Dia da Proclama\u00e7\u00e3o de Rep\u00fablica - Vida Crist\u00e3 - Franciscanos","isPartOf":{"@id":"https:\/\/franciscanos.org.br\/vidacrista\/#website"},"datePublished":"2014-11-14T02:27:41+00:00","dateModified":"2020-06-24T13:31:03+00:00","author":{"@id":"https:\/\/franciscanos.org.br\/vidacrista\/#\/schema\/person\/133632ca93cec555316a35f76ab4153b"},"breadcrumb":{"@id":"https:\/\/franciscanos.org.br\/vidacrista\/dia-da-proclamacao-de-republica\/#breadcrumb"},"inLanguage":"pt-BR","potentialAction":[{"@type":"ReadAction","target":["https:\/\/franciscanos.org.br\/vidacrista\/dia-da-proclamacao-de-republica\/"]}]},{"@type":"BreadcrumbList","@id":"https:\/\/franciscanos.org.br\/vidacrista\/dia-da-proclamacao-de-republica\/#breadcrumb","itemListElement":[{"@type":"ListItem","position":1,"name":"Home","item":"https:\/\/franciscanos.org.br\/vidacrista\/"},{"@type":"ListItem","position":2,"name":"Dia da Proclama\u00e7\u00e3o de Rep\u00fablica"}]},{"@type":"Person","@id":"https:\/\/franciscanos.org.br\/vidacrista\/#\/schema\/person\/133632ca93cec555316a35f76ab4153b","name":"admin","image":{"@type":"ImageObject","inLanguage":"pt-BR","@id":"https:\/\/franciscanos.org.br\/vidacrista\/#\/schema\/person\/image\/","url":"https:\/\/secure.gravatar.com\/avatar\/e8495742d34d0ba6448ea1c628263b3e?s=96&d=mm&r=g","contentUrl":"https:\/\/secure.gravatar.com\/avatar\/e8495742d34d0ba6448ea1c628263b3e?s=96&d=mm&r=g","caption":"admin"},"url":"https:\/\/franciscanos.org.br\/vidacrista\/author\/admin\/"}]}},"_links":{"self":[{"href":"https:\/\/franciscanos.org.br\/vidacrista\/wp-json\/wp\/v2\/posts\/185992"}],"collection":[{"href":"https:\/\/franciscanos.org.br\/vidacrista\/wp-json\/wp\/v2\/posts"}],"about":[{"href":"https:\/\/franciscanos.org.br\/vidacrista\/wp-json\/wp\/v2\/types\/post"}],"author":[{"embeddable":true,"href":"https:\/\/franciscanos.org.br\/vidacrista\/wp-json\/wp\/v2\/users\/1"}],"replies":[{"embeddable":true,"href":"https:\/\/franciscanos.org.br\/vidacrista\/wp-json\/wp\/v2\/comments?post=185992"}],"version-history":[{"count":2,"href":"https:\/\/franciscanos.org.br\/vidacrista\/wp-json\/wp\/v2\/posts\/185992\/revisions"}],"predecessor-version":[{"id":185996,"href":"https:\/\/franciscanos.org.br\/vidacrista\/wp-json\/wp\/v2\/posts\/185992\/revisions\/185996"}],"wp:featuredmedia":[{"embeddable":true,"href":"https:\/\/franciscanos.org.br\/vidacrista\/wp-json\/wp\/v2\/media\/185994"}],"wp:attachment":[{"href":"https:\/\/franciscanos.org.br\/vidacrista\/wp-json\/wp\/v2\/media?parent=185992"}],"wp:term":[{"taxonomy":"category","embeddable":true,"href":"https:\/\/franciscanos.org.br\/vidacrista\/wp-json\/wp\/v2\/categories?post=185992"},{"taxonomy":"post_tag","embeddable":true,"href":"https:\/\/franciscanos.org.br\/vidacrista\/wp-json\/wp\/v2\/tags?post=185992"}],"curies":[{"name":"wp","href":"https:\/\/api.w.org\/{rel}","templated":true}]}}