{"id":185988,"date":"2014-10-10T00:21:46","date_gmt":"2014-10-10T03:21:46","guid":{"rendered":"https:\/\/franciscanos.org.br\/vidacrista\/?p=185988"},"modified":"2020-06-24T10:25:25","modified_gmt":"2020-06-24T13:25:25","slug":"dia-da-crianca","status":"publish","type":"post","link":"https:\/\/franciscanos.org.br\/vidacrista\/dia-da-crianca\/","title":{"rendered":"Dia da Crian\u00e7a"},"content":{"rendered":"<p>&nbsp;<\/p>\n<p><img decoding=\"async\" loading=\"lazy\" class=\"alignnone size-full wp-image-185989\" src=\"https:\/\/franciscanos.org.br\/vidacrista\/wp-content\/uploads\/2020\/06\/crianca_101014.jpg\" alt=\"\" width=\"820\" height=\"270\" srcset=\"https:\/\/franciscanos.org.br\/vidacrista\/wp-content\/uploads\/2020\/06\/crianca_101014.jpg 820w, https:\/\/franciscanos.org.br\/vidacrista\/wp-content\/uploads\/2020\/06\/crianca_101014-450x148.jpg 450w, https:\/\/franciscanos.org.br\/vidacrista\/wp-content\/uploads\/2020\/06\/crianca_101014-768x253.jpg 768w, https:\/\/franciscanos.org.br\/vidacrista\/wp-content\/uploads\/2020\/06\/crianca_101014-150x49.jpg 150w\" sizes=\"(max-width: 820px) 100vw, 820px\" \/><\/p>\n<p><strong>Frei Luiz Iakovacz<\/strong><\/p>\n<p>Oficialmente, 20 de novembro \u00e9 o Dia Mundial da Crian\u00e7a, data em que a ONU promulgou a Declara\u00e7\u00e3o Universal dos Direitos da Crian\u00e7a, em 1959. Por\u00e9m, sua comemora\u00e7\u00e3o varia de pa\u00eds a pa\u00eds.<\/p>\n<p>No Brasil, os primeiros passos aconteceram em 1923, quando a cidade de Rio de Janeiro sediou o terceiro Congresso Sul-Americano da Crian\u00e7a. No ano seguinte, o deputado federal Galdino do Valle elaborou um projeto de lei que foi aprovado pelos deputados e sancionado pelo presidente Arthur Bernardes, em novembro de 1924.<\/p>\n<p>A data escolhida foi 12 e outubro porque, fundamentou o parlamentar, Crist\u00f3v\u00e3o Colombo, em 1492, \u201cao descobrir as Am\u00e9ricas, batizou-as, informalmente, de \u00b4continentes crian\u00e7as\u00b4, pois foram descobertas, tardiamente\u201d.<\/p>\n<p>Durante d\u00e9cadas, n\u00e3o houve nada de especial. Em 1960, a f\u00e1brica de brinquedos Estrela fez uma promo\u00e7\u00e3o conjunta com a Johnson&amp;Johnson para lan\u00e7ar, no mercado, \u00a0a boneca \u201cBeb\u00ea Robusto\u201d. O sucesso foi t\u00e3o grande que, nos anos seguintes, outras empresas come\u00e7aram comercializar artigos infantis, e continua at\u00e9 hoje!<\/p>\n<p>\u00c9 bom festejar, mas \u00e9 oportuno fazer este alerta: \u201ccuidado com o consumismo desenfreado\u201d! O mesmo acontece com o Natal, P\u00e1scoa, Dia dos Pais e das M\u00e3es.<\/p>\n<p>Que fazer diante destas verdadeiras avalanches comerciais?!<\/p>\n<p>Em primeiro lugar, precisamos resgatar os ideais que motivaram a oficializa\u00e7\u00e3o destas datas. A Declara\u00e7\u00e3o da ONU \u00e9 enf\u00e1tica ao afirmar que a crian\u00e7a tem direito ao conv\u00edvio familiar, \u00e0 educa\u00e7\u00e3o e alimenta\u00e7\u00e3o, bem como a garantia de n\u00e3o ser explorada no trabalho, ou sexualmente.<\/p>\n<p>No mundo de hoje, mais de um bilh\u00e3o de pessoas, &#8211; entre elas, crian\u00e7as \u2013 passam fome&#8230; s\u00e3o cinco vezes a popula\u00e7\u00e3o do Brasil. Outras tantas caem na rede do Tr\u00e1fico Humano que, atualmente, \u00e9 a terceira maior fonte de renda, perdendo, apenas, para a venda de armas e drogas.<\/p>\n<p>Celebrar o Dia da Crian\u00e7a \u00e9, tamb\u00e9m, refletir, conscientizar-se e agir.<\/p>\n<p>A B\u00edblia pode nos ajudar. Ela v\u00ea, na fecundidade, um sinal de b\u00ean\u00e7\u00e3o divina. No entanto, a crian\u00e7a \u00e9 um ser inacabado e necessita de educa\u00e7\u00e3o firme. Por isso, o \u00b4shem\u00e1 Israel\u00b4, uma das mais importantes ora\u00e7\u00f5es judaicas, \u00e9 categ\u00f3rico: \u201cEscute, Israel! Jav\u00e9 \u00e9 nosso \u00fanico Deus. Ame o teu Deus com todo o cora\u00e7\u00e3o, com toda tua alma e com todas as for\u00e7as. Que estas palavras que hoje te ordeno estejam em teu cora\u00e7\u00e3o. Tu as inculcar\u00e1s em teus filhos e delas falar\u00e1s sentado em casa ou andando pelo caminho, deitado ou de p\u00e9\u201d (Dt 6, 4-7).<\/p>\n<p>Jesus era \u201csubmisso a seus pais\u201d e foi, na fam\u00edlia, que \u201ccrescia em sabedoria, gra\u00e7a e idade diante de Deus e dos homens\u201d (cf. Lc 2, 41-51). Em sua doutrina, proclama que os pobres acolhem o Reino porque o segredo da verdadeira grandeza \u201c\u00e9 fazer-se pequeno como uma crian\u00e7a\u201d (cf. Mt 18, 1-4).<\/p>\n<p>Para concluir, nada melhor do que este pensamento de Jean Piaget: \u201cN\u00e3o h\u00e1 nada mais sublime e gratificante do que o sorriso de um beb\u00ea. \u00c9 algo t\u00e3o forte porque brota do cora\u00e7\u00e3o. S\u00e3o seres pequeninos, fr\u00e1geis e dependentes, mas t\u00eam muito a nos ensinar. Se pud\u00e9ssemos ser como crian\u00e7as, o mundo seria melhor. Pena que todos, um dia, nos tornamos adultos, ego\u00edstas e insensatos\u201d.<\/p>\n","protected":false},"excerpt":{"rendered":"<p>Artigo de Frei Luiz Iakovacz<\/p>\n","protected":false},"author":1,"featured_media":185990,"comment_status":"open","ping_status":"open","sticky":false,"template":"","format":"standard","meta":{"footnotes":""},"categories":[26],"tags":[208],"yoast_head":"<!-- This site is optimized with the Yoast SEO plugin v19.4 - https:\/\/yoast.com\/wordpress\/plugins\/seo\/ -->\n<title>Dia da Crian\u00e7a - Vida Crist\u00e3 - Franciscanos<\/title>\n<meta name=\"robots\" content=\"index, follow, max-snippet:-1, max-image-preview:large, max-video-preview:-1\" \/>\n<link rel=\"canonical\" href=\"https:\/\/franciscanos.org.br\/vidacrista\/dia-da-crianca\/\" \/>\n<meta property=\"og:locale\" content=\"pt_BR\" \/>\n<meta property=\"og:type\" content=\"article\" \/>\n<meta property=\"og:title\" content=\"Dia da Crian\u00e7a - Vida Crist\u00e3 - Franciscanos\" \/>\n<meta property=\"og:description\" content=\"Artigo de Frei Luiz Iakovacz\" \/>\n<meta property=\"og:url\" content=\"https:\/\/franciscanos.org.br\/vidacrista\/dia-da-crianca\/\" \/>\n<meta property=\"og:site_name\" content=\"Vida Crist\u00e3 - Franciscanos\" \/>\n<meta property=\"article:published_time\" content=\"2014-10-10T03:21:46+00:00\" \/>\n<meta property=\"article:modified_time\" content=\"2020-06-24T13:25:25+00:00\" \/>\n<meta property=\"og:image\" content=\"https:\/\/franciscanos.org.br\/vidacrista\/wp-content\/uploads\/2020\/06\/crianca_101014_d.jpg\" \/>\n\t<meta property=\"og:image:width\" content=\"800\" \/>\n\t<meta property=\"og:image:height\" content=\"600\" \/>\n\t<meta property=\"og:image:type\" content=\"image\/jpeg\" \/>\n<meta name=\"author\" content=\"admin\" \/>\n<meta name=\"twitter:card\" content=\"summary_large_image\" \/>\n<meta name=\"twitter:label1\" content=\"Escrito por\" \/>\n\t<meta name=\"twitter:data1\" content=\"admin\" \/>\n\t<meta name=\"twitter:label2\" content=\"Est. tempo de leitura\" \/>\n\t<meta name=\"twitter:data2\" content=\"3 minutos\" \/>\n<script type=\"application\/ld+json\" class=\"yoast-schema-graph\">{\"@context\":\"https:\/\/schema.org\",\"@graph\":[{\"@type\":\"WebSite\",\"@id\":\"https:\/\/franciscanos.org.br\/vidacrista\/#website\",\"url\":\"https:\/\/franciscanos.org.br\/vidacrista\/\",\"name\":\"Vida Crist\u00e3 - Franciscanos\",\"description\":\"Prov\u00edncia Franciscana da Imaculada Concei\u00e7\u00e3o do Brasil - Ordem dos Frades Menores\",\"potentialAction\":[{\"@type\":\"SearchAction\",\"target\":{\"@type\":\"EntryPoint\",\"urlTemplate\":\"https:\/\/franciscanos.org.br\/vidacrista\/?s={search_term_string}\"},\"query-input\":\"required name=search_term_string\"}],\"inLanguage\":\"pt-BR\"},{\"@type\":\"WebPage\",\"@id\":\"https:\/\/franciscanos.org.br\/vidacrista\/dia-da-crianca\/\",\"url\":\"https:\/\/franciscanos.org.br\/vidacrista\/dia-da-crianca\/\",\"name\":\"Dia da Crian\u00e7a - Vida Crist\u00e3 - Franciscanos\",\"isPartOf\":{\"@id\":\"https:\/\/franciscanos.org.br\/vidacrista\/#website\"},\"datePublished\":\"2014-10-10T03:21:46+00:00\",\"dateModified\":\"2020-06-24T13:25:25+00:00\",\"author\":{\"@id\":\"https:\/\/franciscanos.org.br\/vidacrista\/#\/schema\/person\/133632ca93cec555316a35f76ab4153b\"},\"breadcrumb\":{\"@id\":\"https:\/\/franciscanos.org.br\/vidacrista\/dia-da-crianca\/#breadcrumb\"},\"inLanguage\":\"pt-BR\",\"potentialAction\":[{\"@type\":\"ReadAction\",\"target\":[\"https:\/\/franciscanos.org.br\/vidacrista\/dia-da-crianca\/\"]}]},{\"@type\":\"BreadcrumbList\",\"@id\":\"https:\/\/franciscanos.org.br\/vidacrista\/dia-da-crianca\/#breadcrumb\",\"itemListElement\":[{\"@type\":\"ListItem\",\"position\":1,\"name\":\"Home\",\"item\":\"https:\/\/franciscanos.org.br\/vidacrista\/\"},{\"@type\":\"ListItem\",\"position\":2,\"name\":\"Dia da Crian\u00e7a\"}]},{\"@type\":\"Person\",\"@id\":\"https:\/\/franciscanos.org.br\/vidacrista\/#\/schema\/person\/133632ca93cec555316a35f76ab4153b\",\"name\":\"admin\",\"image\":{\"@type\":\"ImageObject\",\"inLanguage\":\"pt-BR\",\"@id\":\"https:\/\/franciscanos.org.br\/vidacrista\/#\/schema\/person\/image\/\",\"url\":\"https:\/\/secure.gravatar.com\/avatar\/e8495742d34d0ba6448ea1c628263b3e?s=96&d=mm&r=g\",\"contentUrl\":\"https:\/\/secure.gravatar.com\/avatar\/e8495742d34d0ba6448ea1c628263b3e?s=96&d=mm&r=g\",\"caption\":\"admin\"},\"url\":\"https:\/\/franciscanos.org.br\/vidacrista\/author\/admin\/\"}]}<\/script>\n<!-- \/ Yoast SEO plugin. -->","yoast_head_json":{"title":"Dia da Crian\u00e7a - Vida Crist\u00e3 - Franciscanos","robots":{"index":"index","follow":"follow","max-snippet":"max-snippet:-1","max-image-preview":"max-image-preview:large","max-video-preview":"max-video-preview:-1"},"canonical":"https:\/\/franciscanos.org.br\/vidacrista\/dia-da-crianca\/","og_locale":"pt_BR","og_type":"article","og_title":"Dia da Crian\u00e7a - Vida Crist\u00e3 - Franciscanos","og_description":"Artigo de Frei Luiz Iakovacz","og_url":"https:\/\/franciscanos.org.br\/vidacrista\/dia-da-crianca\/","og_site_name":"Vida Crist\u00e3 - Franciscanos","article_published_time":"2014-10-10T03:21:46+00:00","article_modified_time":"2020-06-24T13:25:25+00:00","og_image":[{"width":800,"height":600,"url":"https:\/\/franciscanos.org.br\/vidacrista\/wp-content\/uploads\/2020\/06\/crianca_101014_d.jpg","type":"image\/jpeg"}],"author":"admin","twitter_card":"summary_large_image","twitter_misc":{"Escrito por":"admin","Est. tempo de leitura":"3 minutos"},"schema":{"@context":"https:\/\/schema.org","@graph":[{"@type":"WebSite","@id":"https:\/\/franciscanos.org.br\/vidacrista\/#website","url":"https:\/\/franciscanos.org.br\/vidacrista\/","name":"Vida Crist\u00e3 - Franciscanos","description":"Prov\u00edncia Franciscana da Imaculada Concei\u00e7\u00e3o do Brasil - Ordem dos Frades Menores","potentialAction":[{"@type":"SearchAction","target":{"@type":"EntryPoint","urlTemplate":"https:\/\/franciscanos.org.br\/vidacrista\/?s={search_term_string}"},"query-input":"required name=search_term_string"}],"inLanguage":"pt-BR"},{"@type":"WebPage","@id":"https:\/\/franciscanos.org.br\/vidacrista\/dia-da-crianca\/","url":"https:\/\/franciscanos.org.br\/vidacrista\/dia-da-crianca\/","name":"Dia da Crian\u00e7a - Vida Crist\u00e3 - Franciscanos","isPartOf":{"@id":"https:\/\/franciscanos.org.br\/vidacrista\/#website"},"datePublished":"2014-10-10T03:21:46+00:00","dateModified":"2020-06-24T13:25:25+00:00","author":{"@id":"https:\/\/franciscanos.org.br\/vidacrista\/#\/schema\/person\/133632ca93cec555316a35f76ab4153b"},"breadcrumb":{"@id":"https:\/\/franciscanos.org.br\/vidacrista\/dia-da-crianca\/#breadcrumb"},"inLanguage":"pt-BR","potentialAction":[{"@type":"ReadAction","target":["https:\/\/franciscanos.org.br\/vidacrista\/dia-da-crianca\/"]}]},{"@type":"BreadcrumbList","@id":"https:\/\/franciscanos.org.br\/vidacrista\/dia-da-crianca\/#breadcrumb","itemListElement":[{"@type":"ListItem","position":1,"name":"Home","item":"https:\/\/franciscanos.org.br\/vidacrista\/"},{"@type":"ListItem","position":2,"name":"Dia da Crian\u00e7a"}]},{"@type":"Person","@id":"https:\/\/franciscanos.org.br\/vidacrista\/#\/schema\/person\/133632ca93cec555316a35f76ab4153b","name":"admin","image":{"@type":"ImageObject","inLanguage":"pt-BR","@id":"https:\/\/franciscanos.org.br\/vidacrista\/#\/schema\/person\/image\/","url":"https:\/\/secure.gravatar.com\/avatar\/e8495742d34d0ba6448ea1c628263b3e?s=96&d=mm&r=g","contentUrl":"https:\/\/secure.gravatar.com\/avatar\/e8495742d34d0ba6448ea1c628263b3e?s=96&d=mm&r=g","caption":"admin"},"url":"https:\/\/franciscanos.org.br\/vidacrista\/author\/admin\/"}]}},"_links":{"self":[{"href":"https:\/\/franciscanos.org.br\/vidacrista\/wp-json\/wp\/v2\/posts\/185988"}],"collection":[{"href":"https:\/\/franciscanos.org.br\/vidacrista\/wp-json\/wp\/v2\/posts"}],"about":[{"href":"https:\/\/franciscanos.org.br\/vidacrista\/wp-json\/wp\/v2\/types\/post"}],"author":[{"embeddable":true,"href":"https:\/\/franciscanos.org.br\/vidacrista\/wp-json\/wp\/v2\/users\/1"}],"replies":[{"embeddable":true,"href":"https:\/\/franciscanos.org.br\/vidacrista\/wp-json\/wp\/v2\/comments?post=185988"}],"version-history":[{"count":1,"href":"https:\/\/franciscanos.org.br\/vidacrista\/wp-json\/wp\/v2\/posts\/185988\/revisions"}],"predecessor-version":[{"id":185991,"href":"https:\/\/franciscanos.org.br\/vidacrista\/wp-json\/wp\/v2\/posts\/185988\/revisions\/185991"}],"wp:featuredmedia":[{"embeddable":true,"href":"https:\/\/franciscanos.org.br\/vidacrista\/wp-json\/wp\/v2\/media\/185990"}],"wp:attachment":[{"href":"https:\/\/franciscanos.org.br\/vidacrista\/wp-json\/wp\/v2\/media?parent=185988"}],"wp:term":[{"taxonomy":"category","embeddable":true,"href":"https:\/\/franciscanos.org.br\/vidacrista\/wp-json\/wp\/v2\/categories?post=185988"},{"taxonomy":"post_tag","embeddable":true,"href":"https:\/\/franciscanos.org.br\/vidacrista\/wp-json\/wp\/v2\/tags?post=185988"}],"curies":[{"name":"wp","href":"https:\/\/api.w.org\/{rel}","templated":true}]}}