{"id":185981,"date":"2014-10-03T00:52:40","date_gmt":"2014-10-03T03:52:40","guid":{"rendered":"https:\/\/franciscanos.org.br\/vidacrista\/?p=185981"},"modified":"2020-06-24T09:58:52","modified_gmt":"2020-06-24T12:58:52","slug":"dia-da-ecologia-e-dos-animais","status":"publish","type":"post","link":"https:\/\/franciscanos.org.br\/vidacrista\/dia-da-ecologia-e-dos-animais\/","title":{"rendered":"Dia da Ecologia e dos Animais"},"content":{"rendered":"<p><img decoding=\"async\" loading=\"lazy\" class=\"alignnone wp-image-185982\" src=\"https:\/\/franciscanos.org.br\/vidacrista\/wp-content\/uploads\/2020\/06\/Artigo_031014.png\" alt=\"\" width=\"862\" height=\"394\" srcset=\"https:\/\/franciscanos.org.br\/vidacrista\/wp-content\/uploads\/2020\/06\/Artigo_031014.png 820w, https:\/\/franciscanos.org.br\/vidacrista\/wp-content\/uploads\/2020\/06\/Artigo_031014-450x206.png 450w, https:\/\/franciscanos.org.br\/vidacrista\/wp-content\/uploads\/2020\/06\/Artigo_031014-768x351.png 768w, https:\/\/franciscanos.org.br\/vidacrista\/wp-content\/uploads\/2020\/06\/Artigo_031014-150x69.png 150w\" sizes=\"(max-width: 862px) 100vw, 862px\" \/><\/p>\n<p><strong>Frei Luiz Iakovacz<\/strong><\/p>\n<p>O Dia Mundial do Meio Ambiente, 05 de junho, foi estabelecido pela ONU em 1972, durante a Confer\u00eancia de Estocolmo (Su\u00e9cia). Alguns anos antes, 1930, o Congresso de Prote\u00e7\u00e3o Animal, realizado em Viena (\u00c1ustria), criou o Dia Mundial do Animal. Um ano depois, 1931, uma conven\u00e7\u00e3o de ecologistas, reunida na cidade de Floren\u00e7a (It\u00e1lia), tamb\u00e9m, instituiu o Dia da Ecologia e dos Animais. As duas confer\u00eancias estabeleceram a data 04 de outubro, pois nesse dia celebramos a festa de S\u00e3o Francisco de Assis, amante da natureza e protetor dos animais.<\/p>\n<p>A palavra \u201cecologia\u201d significa o \u201cestudo da casa\u201d, isto \u00e9, do planeta terra onde vivemos e do nosso relacionamento com a natureza. Por exemplo, precisamos da \u00e1gua para sobreviver, a \u00e1gua depende da preserva\u00e7\u00e3o dos mananciais que, por sua vez, depende do bom senso do homem em n\u00e3o desmatar. Por isso que o \u201cplaneta terra \u2013 a nossa casa\u201d fica desarrumada quando a exploramos desenfreadamente. Tal atitude interfere na camada de oz\u00f4nio, causando o efeito estufa que, por sua vez, provoca chuvas torrenciais num lugar e seca noutro, frio e calor intensos.<\/p>\n<p>Quando falamos do Dia dos Animais, quase que automaticamente, pensamos nos bichos de estima\u00e7\u00e3o que vivem em casa, cercados de carinho e acompanhados por veterin\u00e1rios. O mesmo acontece com os animais que ajudam na sobreviv\u00eancia, como o gado leiteiro e de corte, cavalos, ovelhas, galinhas e outros.<\/p>\n<p>Por outro lado, existem animais abandonados ou que sofrem maus-tratos. Muitos deles vivem presos ou amarrados em corda curta, expostos ao tempo, sem prote\u00e7\u00e3o contra o frio, calor, chuva e, quem sabe, mal alimentados. A Declara\u00e7\u00e3o Universal dos Direitos dos Animais est\u00e1 em vigor desde 1978. O principal direito \u00e9 o de existir e ser respeitado, de viver, livremente, no seu habitat natural e se reproduzir. Para garantir esses direitos, existem v\u00e1rias associa\u00e7\u00f5es de defesa dos animais. Aos infratores, s\u00e3o aplicados v\u00e1rios tipos de pena.<\/p>\n<p>A mesma Declara\u00e7\u00e3o lembra, ainda, que o \u201cser humano, tamb\u00e9m, \u00e9 um animal racional\u201d que deve ser respeitado e amado: \u201cAme teu pr\u00f3ximo como a ti mesmo\u201d (Mc 12,31), ou melhor, \u201cAmai-vos uns aos outros como Eu vos amei\u201d (Jo 13,34), nos ensina Jesus.<\/p>\n<p>Assim como h\u00e1 animais que recebem maus tratos ou est\u00e3o em extin\u00e7\u00e3o, h\u00e1, tamb\u00e9m, seres humanos sendo desrespeitados e explorados, n\u00e3o s\u00f3 pelo \u201ccapitalismo selvagem\u201d, mas tamb\u00e9m pelos pr\u00f3prios familiares, pois muitos deles extorquem a aposentadoria dos idosos, ou os abandonam.<\/p>\n<p>Ao concluir, quero voltar a Francisco de Assis. A preserva\u00e7\u00e3o da natureza e dos animais deve ser feita, n\u00e3o porque nos s\u00e3o \u00fateis e garantem nosso bem-estar, mas, principalmente, por causa deles mesmos. Mesmo que n\u00e3o precis\u00e1ssemos deles, devem ser preservados, pois s\u00e3o obras do nosso Criador. \u00c9 este o sentimento que Francisco tinha com a natureza e os animais.<\/p>\n","protected":false},"excerpt":{"rendered":"<p>Artigo de Frei Luiz Iakovacz<\/p>\n","protected":false},"author":1,"featured_media":185983,"comment_status":"open","ping_status":"open","sticky":false,"template":"","format":"standard","meta":{"footnotes":""},"categories":[26],"tags":[208],"yoast_head":"<!-- This site is optimized with the Yoast SEO plugin v19.4 - https:\/\/yoast.com\/wordpress\/plugins\/seo\/ -->\n<title>Dia da Ecologia e dos Animais - Vida Crist\u00e3 - Franciscanos<\/title>\n<meta name=\"robots\" content=\"index, follow, max-snippet:-1, max-image-preview:large, max-video-preview:-1\" \/>\n<link rel=\"canonical\" href=\"https:\/\/franciscanos.org.br\/vidacrista\/dia-da-ecologia-e-dos-animais\/\" \/>\n<meta property=\"og:locale\" content=\"pt_BR\" \/>\n<meta property=\"og:type\" content=\"article\" \/>\n<meta property=\"og:title\" content=\"Dia da Ecologia e dos Animais - Vida Crist\u00e3 - Franciscanos\" \/>\n<meta property=\"og:description\" content=\"Artigo de Frei Luiz Iakovacz\" \/>\n<meta property=\"og:url\" content=\"https:\/\/franciscanos.org.br\/vidacrista\/dia-da-ecologia-e-dos-animais\/\" \/>\n<meta property=\"og:site_name\" content=\"Vida Crist\u00e3 - Franciscanos\" \/>\n<meta property=\"article:published_time\" content=\"2014-10-03T03:52:40+00:00\" \/>\n<meta property=\"article:modified_time\" content=\"2020-06-24T12:58:52+00:00\" \/>\n<meta property=\"og:image\" content=\"https:\/\/franciscanos.org.br\/vidacrista\/wp-content\/uploads\/2020\/06\/Artigo_031014-d.jpg\" \/>\n\t<meta property=\"og:image:width\" content=\"800\" \/>\n\t<meta property=\"og:image:height\" content=\"600\" \/>\n\t<meta property=\"og:image:type\" content=\"image\/jpeg\" \/>\n<meta name=\"author\" content=\"admin\" \/>\n<meta name=\"twitter:card\" content=\"summary_large_image\" \/>\n<meta name=\"twitter:label1\" content=\"Escrito por\" \/>\n\t<meta name=\"twitter:data1\" content=\"admin\" \/>\n\t<meta name=\"twitter:label2\" content=\"Est. tempo de leitura\" \/>\n\t<meta name=\"twitter:data2\" content=\"2 minutos\" \/>\n<script type=\"application\/ld+json\" class=\"yoast-schema-graph\">{\"@context\":\"https:\/\/schema.org\",\"@graph\":[{\"@type\":\"WebSite\",\"@id\":\"https:\/\/franciscanos.org.br\/vidacrista\/#website\",\"url\":\"https:\/\/franciscanos.org.br\/vidacrista\/\",\"name\":\"Vida Crist\u00e3 - Franciscanos\",\"description\":\"Prov\u00edncia Franciscana da Imaculada Concei\u00e7\u00e3o do Brasil - Ordem dos Frades Menores\",\"potentialAction\":[{\"@type\":\"SearchAction\",\"target\":{\"@type\":\"EntryPoint\",\"urlTemplate\":\"https:\/\/franciscanos.org.br\/vidacrista\/?s={search_term_string}\"},\"query-input\":\"required name=search_term_string\"}],\"inLanguage\":\"pt-BR\"},{\"@type\":\"WebPage\",\"@id\":\"https:\/\/franciscanos.org.br\/vidacrista\/dia-da-ecologia-e-dos-animais\/\",\"url\":\"https:\/\/franciscanos.org.br\/vidacrista\/dia-da-ecologia-e-dos-animais\/\",\"name\":\"Dia da Ecologia e dos Animais - Vida Crist\u00e3 - Franciscanos\",\"isPartOf\":{\"@id\":\"https:\/\/franciscanos.org.br\/vidacrista\/#website\"},\"datePublished\":\"2014-10-03T03:52:40+00:00\",\"dateModified\":\"2020-06-24T12:58:52+00:00\",\"author\":{\"@id\":\"https:\/\/franciscanos.org.br\/vidacrista\/#\/schema\/person\/133632ca93cec555316a35f76ab4153b\"},\"breadcrumb\":{\"@id\":\"https:\/\/franciscanos.org.br\/vidacrista\/dia-da-ecologia-e-dos-animais\/#breadcrumb\"},\"inLanguage\":\"pt-BR\",\"potentialAction\":[{\"@type\":\"ReadAction\",\"target\":[\"https:\/\/franciscanos.org.br\/vidacrista\/dia-da-ecologia-e-dos-animais\/\"]}]},{\"@type\":\"BreadcrumbList\",\"@id\":\"https:\/\/franciscanos.org.br\/vidacrista\/dia-da-ecologia-e-dos-animais\/#breadcrumb\",\"itemListElement\":[{\"@type\":\"ListItem\",\"position\":1,\"name\":\"Home\",\"item\":\"https:\/\/franciscanos.org.br\/vidacrista\/\"},{\"@type\":\"ListItem\",\"position\":2,\"name\":\"Dia da Ecologia e dos Animais\"}]},{\"@type\":\"Person\",\"@id\":\"https:\/\/franciscanos.org.br\/vidacrista\/#\/schema\/person\/133632ca93cec555316a35f76ab4153b\",\"name\":\"admin\",\"image\":{\"@type\":\"ImageObject\",\"inLanguage\":\"pt-BR\",\"@id\":\"https:\/\/franciscanos.org.br\/vidacrista\/#\/schema\/person\/image\/\",\"url\":\"https:\/\/secure.gravatar.com\/avatar\/e8495742d34d0ba6448ea1c628263b3e?s=96&d=mm&r=g\",\"contentUrl\":\"https:\/\/secure.gravatar.com\/avatar\/e8495742d34d0ba6448ea1c628263b3e?s=96&d=mm&r=g\",\"caption\":\"admin\"},\"url\":\"https:\/\/franciscanos.org.br\/vidacrista\/author\/admin\/\"}]}<\/script>\n<!-- \/ Yoast SEO plugin. -->","yoast_head_json":{"title":"Dia da Ecologia e dos Animais - Vida Crist\u00e3 - Franciscanos","robots":{"index":"index","follow":"follow","max-snippet":"max-snippet:-1","max-image-preview":"max-image-preview:large","max-video-preview":"max-video-preview:-1"},"canonical":"https:\/\/franciscanos.org.br\/vidacrista\/dia-da-ecologia-e-dos-animais\/","og_locale":"pt_BR","og_type":"article","og_title":"Dia da Ecologia e dos Animais - Vida Crist\u00e3 - Franciscanos","og_description":"Artigo de Frei Luiz Iakovacz","og_url":"https:\/\/franciscanos.org.br\/vidacrista\/dia-da-ecologia-e-dos-animais\/","og_site_name":"Vida Crist\u00e3 - Franciscanos","article_published_time":"2014-10-03T03:52:40+00:00","article_modified_time":"2020-06-24T12:58:52+00:00","og_image":[{"width":800,"height":600,"url":"https:\/\/franciscanos.org.br\/vidacrista\/wp-content\/uploads\/2020\/06\/Artigo_031014-d.jpg","type":"image\/jpeg"}],"author":"admin","twitter_card":"summary_large_image","twitter_misc":{"Escrito por":"admin","Est. tempo de leitura":"2 minutos"},"schema":{"@context":"https:\/\/schema.org","@graph":[{"@type":"WebSite","@id":"https:\/\/franciscanos.org.br\/vidacrista\/#website","url":"https:\/\/franciscanos.org.br\/vidacrista\/","name":"Vida Crist\u00e3 - Franciscanos","description":"Prov\u00edncia Franciscana da Imaculada Concei\u00e7\u00e3o do Brasil - Ordem dos Frades Menores","potentialAction":[{"@type":"SearchAction","target":{"@type":"EntryPoint","urlTemplate":"https:\/\/franciscanos.org.br\/vidacrista\/?s={search_term_string}"},"query-input":"required name=search_term_string"}],"inLanguage":"pt-BR"},{"@type":"WebPage","@id":"https:\/\/franciscanos.org.br\/vidacrista\/dia-da-ecologia-e-dos-animais\/","url":"https:\/\/franciscanos.org.br\/vidacrista\/dia-da-ecologia-e-dos-animais\/","name":"Dia da Ecologia e dos Animais - Vida Crist\u00e3 - Franciscanos","isPartOf":{"@id":"https:\/\/franciscanos.org.br\/vidacrista\/#website"},"datePublished":"2014-10-03T03:52:40+00:00","dateModified":"2020-06-24T12:58:52+00:00","author":{"@id":"https:\/\/franciscanos.org.br\/vidacrista\/#\/schema\/person\/133632ca93cec555316a35f76ab4153b"},"breadcrumb":{"@id":"https:\/\/franciscanos.org.br\/vidacrista\/dia-da-ecologia-e-dos-animais\/#breadcrumb"},"inLanguage":"pt-BR","potentialAction":[{"@type":"ReadAction","target":["https:\/\/franciscanos.org.br\/vidacrista\/dia-da-ecologia-e-dos-animais\/"]}]},{"@type":"BreadcrumbList","@id":"https:\/\/franciscanos.org.br\/vidacrista\/dia-da-ecologia-e-dos-animais\/#breadcrumb","itemListElement":[{"@type":"ListItem","position":1,"name":"Home","item":"https:\/\/franciscanos.org.br\/vidacrista\/"},{"@type":"ListItem","position":2,"name":"Dia da Ecologia e dos Animais"}]},{"@type":"Person","@id":"https:\/\/franciscanos.org.br\/vidacrista\/#\/schema\/person\/133632ca93cec555316a35f76ab4153b","name":"admin","image":{"@type":"ImageObject","inLanguage":"pt-BR","@id":"https:\/\/franciscanos.org.br\/vidacrista\/#\/schema\/person\/image\/","url":"https:\/\/secure.gravatar.com\/avatar\/e8495742d34d0ba6448ea1c628263b3e?s=96&d=mm&r=g","contentUrl":"https:\/\/secure.gravatar.com\/avatar\/e8495742d34d0ba6448ea1c628263b3e?s=96&d=mm&r=g","caption":"admin"},"url":"https:\/\/franciscanos.org.br\/vidacrista\/author\/admin\/"}]}},"_links":{"self":[{"href":"https:\/\/franciscanos.org.br\/vidacrista\/wp-json\/wp\/v2\/posts\/185981"}],"collection":[{"href":"https:\/\/franciscanos.org.br\/vidacrista\/wp-json\/wp\/v2\/posts"}],"about":[{"href":"https:\/\/franciscanos.org.br\/vidacrista\/wp-json\/wp\/v2\/types\/post"}],"author":[{"embeddable":true,"href":"https:\/\/franciscanos.org.br\/vidacrista\/wp-json\/wp\/v2\/users\/1"}],"replies":[{"embeddable":true,"href":"https:\/\/franciscanos.org.br\/vidacrista\/wp-json\/wp\/v2\/comments?post=185981"}],"version-history":[{"count":2,"href":"https:\/\/franciscanos.org.br\/vidacrista\/wp-json\/wp\/v2\/posts\/185981\/revisions"}],"predecessor-version":[{"id":185985,"href":"https:\/\/franciscanos.org.br\/vidacrista\/wp-json\/wp\/v2\/posts\/185981\/revisions\/185985"}],"wp:featuredmedia":[{"embeddable":true,"href":"https:\/\/franciscanos.org.br\/vidacrista\/wp-json\/wp\/v2\/media\/185983"}],"wp:attachment":[{"href":"https:\/\/franciscanos.org.br\/vidacrista\/wp-json\/wp\/v2\/media?parent=185981"}],"wp:term":[{"taxonomy":"category","embeddable":true,"href":"https:\/\/franciscanos.org.br\/vidacrista\/wp-json\/wp\/v2\/categories?post=185981"},{"taxonomy":"post_tag","embeddable":true,"href":"https:\/\/franciscanos.org.br\/vidacrista\/wp-json\/wp\/v2\/tags?post=185981"}],"curies":[{"name":"wp","href":"https:\/\/api.w.org\/{rel}","templated":true}]}}