{"id":185970,"date":"2014-08-08T00:50:01","date_gmt":"2014-08-08T03:50:01","guid":{"rendered":"https:\/\/franciscanos.org.br\/vidacrista\/?p=185970"},"modified":"2020-06-23T16:52:13","modified_gmt":"2020-06-23T19:52:13","slug":"dia-dos-pais","status":"publish","type":"post","link":"https:\/\/franciscanos.org.br\/vidacrista\/dia-dos-pais\/","title":{"rendered":"Dia dos Pais"},"content":{"rendered":"<p>&nbsp;<\/p>\n<p><img decoding=\"async\" loading=\"lazy\" class=\"alignnone size-full wp-image-185971\" src=\"https:\/\/franciscanos.org.br\/vidacrista\/wp-content\/uploads\/2020\/06\/pais_080814.jpg\" alt=\"\" width=\"820\" height=\"274\" srcset=\"https:\/\/franciscanos.org.br\/vidacrista\/wp-content\/uploads\/2020\/06\/pais_080814.jpg 820w, https:\/\/franciscanos.org.br\/vidacrista\/wp-content\/uploads\/2020\/06\/pais_080814-450x150.jpg 450w, https:\/\/franciscanos.org.br\/vidacrista\/wp-content\/uploads\/2020\/06\/pais_080814-768x257.jpg 768w, https:\/\/franciscanos.org.br\/vidacrista\/wp-content\/uploads\/2020\/06\/pais_080814-150x50.jpg 150w\" sizes=\"(max-width: 820px) 100vw, 820px\" \/><\/p>\n<p><strong>Frei Luiz Iakovacz<\/strong><\/p>\n<p>Ao que tudo indica, o Dia dos Pais tem origem semelhante ao das M\u00e3es, isto \u00e9, o de fortalecer os la\u00e7os familiares. Segundo dados da internet, muitos anos antes do nascimento de Jesus, um jovem babil\u00f4nico, chamado Elmesu, teria moldado, em argila, o primeiro cart\u00e3o, enviando-o ao seu pai com votos de sorte, sa\u00fade e longa vida. Escreveu ainda: \u201cPai, seu exemplo moldou minha personalidade e me transformou no homem que, hoje, sou\u201d.<\/p>\n<p>Mas, o Dia dos Pais, assim como o temos hoje, \u00e9 atribu\u00eddo \u00e0 americana Sonora Smart. Ainda, segundo a interenet, ao ouvir \u201cum serm\u00e3o dedicado \u00e0s m\u00e3es\u201d, quis homenagear seu pai John Bruce, veterano soldado da Guerra Civil (1861 &#8211; 1865). Ao nascer o sexto filho, sua esposa faleceu. Criou o rec\u00e9m-nascido e os outros cinco filhos, sozinho. Adulta e orgulhosa do pr\u00f3prio pai, Sonora enviou mensagens a conhecidos e pediu \u00e0s diversas associa\u00e7\u00f5es existentes que divulgassem a cria\u00e7\u00e3o do Dia dos Pais. Ela mesma o celebrou, no anivers\u00e1rio do pr\u00f3prio pai, 19 de julho. O s\u00edmbolo que utilizou foi a rosa: vermelha para os vivos, e branca para os falecidos.<\/p>\n<p>Sua oficializa\u00e7\u00e3o aconteceu em 1966, no governo de Lyndon Johnson, mas h\u00e1 quem atribua a Richard Nixon, em 1972.<\/p>\n<p>Esta data \u00e9 celebrada em dias e meses diferentes, pelo mundo afora. Muitos pa\u00edses a festejam no terceiro domingo de junho (data pr\u00f3xima ao anivers\u00e1rio do pai de Sonora). Outros, de tradi\u00e7\u00e3o cat\u00f3lica, a celebram em 19 de mar\u00e7o, festa de S\u00e3o Jos\u00e9, esposo de Maria, a m\u00e3e de Jesus (Portugal, Espanha, It\u00e1lia).<\/p>\n<p>No Brasil \u00e9 o segundo domingo de agosto, estrategicamente escolhido por ser um m\u00eas sem nenhuma outra data comemorativa, fato que influenciaria, inclusive, o com\u00e9rcio. Fala-se que o seu mentor teria sido Roberto Marinho, dono do Jornal O Globo e da TV do mesmo nome.<\/p>\n<p>N\u00f3s, crist\u00e3os, temos o mandamento: \u201cHonra teu pai e tua m\u00e3e; desse modo prolongar\u00e1s tua vida na terra que Jav\u00e9, teu Deus, te conceder\u00e1\u201d (Ex 20,12). O nosso Mestre Jesus Cristo, pouco antes de ser preso, pressentindo o sofrimento pelo qual passaria, come\u00e7ou a \u201csuar sangue\u201d (Lc 22,44). Mesmo assim, rezava: \u201cAbb\u00e1, meu querido paizinho! Tudo \u00e9 poss\u00edvel a Ti. Afasta de mim este c\u00e1lice. Contudo, n\u00e3o seja feito o que eu quero, mas o que Tu queres\u201d (Mc 14,36). O Pai, n\u00e3o lhe tirou a cruz, mas deu-lhe for\u00e7a para carreg\u00e1-la at\u00e9 o fim e ressuscitar.<\/p>\n<p>Este \u00e9 o maior milagre que o Pai realizou em Cristo e que continua em n\u00f3s: transformar a aparente morte de cruz em sementes de resist\u00eancias contra tudo o que nos oprime. \u201cSabeis que os reis das na\u00e7\u00f5es dominam sobre elas e as tiranizam. Entre v\u00f3s, por\u00e9m, n\u00e3o deve ser assim. Quem quiser ser o maior, seja o menor e o servidor de todos\u201d (Mt 20,25).<\/p>\n<p>Esta \u00e9 a pedagogia com a qual Deus-Pai educa seus filhos para vencer o grande e poderoso poder do mal. Somemo-nos ao Cristo!<\/p>\n","protected":false},"excerpt":{"rendered":"<p>Frei Luiz Iakovacz<\/p>\n","protected":false},"author":1,"featured_media":185972,"comment_status":"open","ping_status":"open","sticky":false,"template":"","format":"standard","meta":{"footnotes":""},"categories":[26],"tags":[208],"yoast_head":"<!-- This site is optimized with the Yoast SEO plugin v19.4 - https:\/\/yoast.com\/wordpress\/plugins\/seo\/ -->\n<title>Dia dos Pais - Vida Crist\u00e3 - Franciscanos<\/title>\n<meta name=\"robots\" content=\"index, follow, max-snippet:-1, max-image-preview:large, max-video-preview:-1\" \/>\n<link rel=\"canonical\" href=\"https:\/\/franciscanos.org.br\/vidacrista\/dia-dos-pais\/\" \/>\n<meta property=\"og:locale\" content=\"pt_BR\" \/>\n<meta property=\"og:type\" content=\"article\" \/>\n<meta property=\"og:title\" content=\"Dia dos Pais - Vida Crist\u00e3 - Franciscanos\" \/>\n<meta property=\"og:description\" content=\"Frei Luiz Iakovacz\" \/>\n<meta property=\"og:url\" content=\"https:\/\/franciscanos.org.br\/vidacrista\/dia-dos-pais\/\" \/>\n<meta property=\"og:site_name\" content=\"Vida Crist\u00e3 - Franciscanos\" \/>\n<meta property=\"article:published_time\" content=\"2014-08-08T03:50:01+00:00\" \/>\n<meta property=\"article:modified_time\" content=\"2020-06-23T19:52:13+00:00\" \/>\n<meta property=\"og:image\" content=\"https:\/\/franciscanos.org.br\/vidacrista\/wp-content\/uploads\/2020\/06\/pais_080814_d.jpg\" \/>\n\t<meta property=\"og:image:width\" content=\"800\" \/>\n\t<meta property=\"og:image:height\" content=\"601\" \/>\n\t<meta property=\"og:image:type\" content=\"image\/jpeg\" \/>\n<meta name=\"author\" content=\"admin\" \/>\n<meta name=\"twitter:card\" content=\"summary_large_image\" \/>\n<meta name=\"twitter:label1\" content=\"Escrito por\" \/>\n\t<meta name=\"twitter:data1\" content=\"admin\" \/>\n\t<meta name=\"twitter:label2\" content=\"Est. tempo de leitura\" \/>\n\t<meta name=\"twitter:data2\" content=\"3 minutos\" \/>\n<script type=\"application\/ld+json\" class=\"yoast-schema-graph\">{\"@context\":\"https:\/\/schema.org\",\"@graph\":[{\"@type\":\"WebSite\",\"@id\":\"https:\/\/franciscanos.org.br\/vidacrista\/#website\",\"url\":\"https:\/\/franciscanos.org.br\/vidacrista\/\",\"name\":\"Vida Crist\u00e3 - Franciscanos\",\"description\":\"Prov\u00edncia Franciscana da Imaculada Concei\u00e7\u00e3o do Brasil - Ordem dos Frades Menores\",\"potentialAction\":[{\"@type\":\"SearchAction\",\"target\":{\"@type\":\"EntryPoint\",\"urlTemplate\":\"https:\/\/franciscanos.org.br\/vidacrista\/?s={search_term_string}\"},\"query-input\":\"required name=search_term_string\"}],\"inLanguage\":\"pt-BR\"},{\"@type\":\"WebPage\",\"@id\":\"https:\/\/franciscanos.org.br\/vidacrista\/dia-dos-pais\/\",\"url\":\"https:\/\/franciscanos.org.br\/vidacrista\/dia-dos-pais\/\",\"name\":\"Dia dos Pais - Vida Crist\u00e3 - Franciscanos\",\"isPartOf\":{\"@id\":\"https:\/\/franciscanos.org.br\/vidacrista\/#website\"},\"datePublished\":\"2014-08-08T03:50:01+00:00\",\"dateModified\":\"2020-06-23T19:52:13+00:00\",\"author\":{\"@id\":\"https:\/\/franciscanos.org.br\/vidacrista\/#\/schema\/person\/133632ca93cec555316a35f76ab4153b\"},\"breadcrumb\":{\"@id\":\"https:\/\/franciscanos.org.br\/vidacrista\/dia-dos-pais\/#breadcrumb\"},\"inLanguage\":\"pt-BR\",\"potentialAction\":[{\"@type\":\"ReadAction\",\"target\":[\"https:\/\/franciscanos.org.br\/vidacrista\/dia-dos-pais\/\"]}]},{\"@type\":\"BreadcrumbList\",\"@id\":\"https:\/\/franciscanos.org.br\/vidacrista\/dia-dos-pais\/#breadcrumb\",\"itemListElement\":[{\"@type\":\"ListItem\",\"position\":1,\"name\":\"Home\",\"item\":\"https:\/\/franciscanos.org.br\/vidacrista\/\"},{\"@type\":\"ListItem\",\"position\":2,\"name\":\"Dia dos Pais\"}]},{\"@type\":\"Person\",\"@id\":\"https:\/\/franciscanos.org.br\/vidacrista\/#\/schema\/person\/133632ca93cec555316a35f76ab4153b\",\"name\":\"admin\",\"image\":{\"@type\":\"ImageObject\",\"inLanguage\":\"pt-BR\",\"@id\":\"https:\/\/franciscanos.org.br\/vidacrista\/#\/schema\/person\/image\/\",\"url\":\"https:\/\/secure.gravatar.com\/avatar\/e8495742d34d0ba6448ea1c628263b3e?s=96&d=mm&r=g\",\"contentUrl\":\"https:\/\/secure.gravatar.com\/avatar\/e8495742d34d0ba6448ea1c628263b3e?s=96&d=mm&r=g\",\"caption\":\"admin\"},\"url\":\"https:\/\/franciscanos.org.br\/vidacrista\/author\/admin\/\"}]}<\/script>\n<!-- \/ Yoast SEO plugin. -->","yoast_head_json":{"title":"Dia dos Pais - Vida Crist\u00e3 - Franciscanos","robots":{"index":"index","follow":"follow","max-snippet":"max-snippet:-1","max-image-preview":"max-image-preview:large","max-video-preview":"max-video-preview:-1"},"canonical":"https:\/\/franciscanos.org.br\/vidacrista\/dia-dos-pais\/","og_locale":"pt_BR","og_type":"article","og_title":"Dia dos Pais - Vida Crist\u00e3 - Franciscanos","og_description":"Frei Luiz Iakovacz","og_url":"https:\/\/franciscanos.org.br\/vidacrista\/dia-dos-pais\/","og_site_name":"Vida Crist\u00e3 - Franciscanos","article_published_time":"2014-08-08T03:50:01+00:00","article_modified_time":"2020-06-23T19:52:13+00:00","og_image":[{"width":800,"height":601,"url":"https:\/\/franciscanos.org.br\/vidacrista\/wp-content\/uploads\/2020\/06\/pais_080814_d.jpg","type":"image\/jpeg"}],"author":"admin","twitter_card":"summary_large_image","twitter_misc":{"Escrito por":"admin","Est. tempo de leitura":"3 minutos"},"schema":{"@context":"https:\/\/schema.org","@graph":[{"@type":"WebSite","@id":"https:\/\/franciscanos.org.br\/vidacrista\/#website","url":"https:\/\/franciscanos.org.br\/vidacrista\/","name":"Vida Crist\u00e3 - Franciscanos","description":"Prov\u00edncia Franciscana da Imaculada Concei\u00e7\u00e3o do Brasil - Ordem dos Frades Menores","potentialAction":[{"@type":"SearchAction","target":{"@type":"EntryPoint","urlTemplate":"https:\/\/franciscanos.org.br\/vidacrista\/?s={search_term_string}"},"query-input":"required name=search_term_string"}],"inLanguage":"pt-BR"},{"@type":"WebPage","@id":"https:\/\/franciscanos.org.br\/vidacrista\/dia-dos-pais\/","url":"https:\/\/franciscanos.org.br\/vidacrista\/dia-dos-pais\/","name":"Dia dos Pais - Vida Crist\u00e3 - Franciscanos","isPartOf":{"@id":"https:\/\/franciscanos.org.br\/vidacrista\/#website"},"datePublished":"2014-08-08T03:50:01+00:00","dateModified":"2020-06-23T19:52:13+00:00","author":{"@id":"https:\/\/franciscanos.org.br\/vidacrista\/#\/schema\/person\/133632ca93cec555316a35f76ab4153b"},"breadcrumb":{"@id":"https:\/\/franciscanos.org.br\/vidacrista\/dia-dos-pais\/#breadcrumb"},"inLanguage":"pt-BR","potentialAction":[{"@type":"ReadAction","target":["https:\/\/franciscanos.org.br\/vidacrista\/dia-dos-pais\/"]}]},{"@type":"BreadcrumbList","@id":"https:\/\/franciscanos.org.br\/vidacrista\/dia-dos-pais\/#breadcrumb","itemListElement":[{"@type":"ListItem","position":1,"name":"Home","item":"https:\/\/franciscanos.org.br\/vidacrista\/"},{"@type":"ListItem","position":2,"name":"Dia dos Pais"}]},{"@type":"Person","@id":"https:\/\/franciscanos.org.br\/vidacrista\/#\/schema\/person\/133632ca93cec555316a35f76ab4153b","name":"admin","image":{"@type":"ImageObject","inLanguage":"pt-BR","@id":"https:\/\/franciscanos.org.br\/vidacrista\/#\/schema\/person\/image\/","url":"https:\/\/secure.gravatar.com\/avatar\/e8495742d34d0ba6448ea1c628263b3e?s=96&d=mm&r=g","contentUrl":"https:\/\/secure.gravatar.com\/avatar\/e8495742d34d0ba6448ea1c628263b3e?s=96&d=mm&r=g","caption":"admin"},"url":"https:\/\/franciscanos.org.br\/vidacrista\/author\/admin\/"}]}},"_links":{"self":[{"href":"https:\/\/franciscanos.org.br\/vidacrista\/wp-json\/wp\/v2\/posts\/185970"}],"collection":[{"href":"https:\/\/franciscanos.org.br\/vidacrista\/wp-json\/wp\/v2\/posts"}],"about":[{"href":"https:\/\/franciscanos.org.br\/vidacrista\/wp-json\/wp\/v2\/types\/post"}],"author":[{"embeddable":true,"href":"https:\/\/franciscanos.org.br\/vidacrista\/wp-json\/wp\/v2\/users\/1"}],"replies":[{"embeddable":true,"href":"https:\/\/franciscanos.org.br\/vidacrista\/wp-json\/wp\/v2\/comments?post=185970"}],"version-history":[{"count":1,"href":"https:\/\/franciscanos.org.br\/vidacrista\/wp-json\/wp\/v2\/posts\/185970\/revisions"}],"predecessor-version":[{"id":185973,"href":"https:\/\/franciscanos.org.br\/vidacrista\/wp-json\/wp\/v2\/posts\/185970\/revisions\/185973"}],"wp:featuredmedia":[{"embeddable":true,"href":"https:\/\/franciscanos.org.br\/vidacrista\/wp-json\/wp\/v2\/media\/185972"}],"wp:attachment":[{"href":"https:\/\/franciscanos.org.br\/vidacrista\/wp-json\/wp\/v2\/media?parent=185970"}],"wp:term":[{"taxonomy":"category","embeddable":true,"href":"https:\/\/franciscanos.org.br\/vidacrista\/wp-json\/wp\/v2\/categories?post=185970"},{"taxonomy":"post_tag","embeddable":true,"href":"https:\/\/franciscanos.org.br\/vidacrista\/wp-json\/wp\/v2\/tags?post=185970"}],"curies":[{"name":"wp","href":"https:\/\/api.w.org\/{rel}","templated":true}]}}