{"id":185966,"date":"2014-08-01T00:41:29","date_gmt":"2014-08-01T03:41:29","guid":{"rendered":"https:\/\/franciscanos.org.br\/vidacrista\/?p=185966"},"modified":"2020-07-09T10:05:15","modified_gmt":"2020-07-09T13:05:15","slug":"quando-falta-comida-a-mesa","status":"publish","type":"post","link":"https:\/\/franciscanos.org.br\/vidacrista\/quando-falta-comida-a-mesa\/","title":{"rendered":"Quando falta comida \u00e0 mesa"},"content":{"rendered":"<p><img decoding=\"async\" loading=\"lazy\" class=\"alignnone wp-image-186454 size-full\" src=\"https:\/\/franciscanos.org.br\/vidacrista\/wp-content\/uploads\/2014\/08\/pao_09.jpg\" alt=\"\" width=\"840\" height=\"451\" srcset=\"https:\/\/franciscanos.org.br\/vidacrista\/wp-content\/uploads\/2014\/08\/pao_09.jpg 840w, https:\/\/franciscanos.org.br\/vidacrista\/wp-content\/uploads\/2014\/08\/pao_09-450x242.jpg 450w, https:\/\/franciscanos.org.br\/vidacrista\/wp-content\/uploads\/2014\/08\/pao_09-768x412.jpg 768w, https:\/\/franciscanos.org.br\/vidacrista\/wp-content\/uploads\/2014\/08\/pao_09-150x81.jpg 150w\" sizes=\"(max-width: 840px) 100vw, 840px\" \/><\/p>\n<p><strong>Frei Almir Guimar\u00e3es<\/strong><\/p>\n<p>&nbsp;<\/p>\n<p>Muitas vezes ouvimos esta express\u00e3o: \u201cTrabalho para colocar o p\u00e3o sobre a mesa de nossa casa\u201d.\u00a0 O trabalho tem, entre outras finalidades, a de permitir que as pessoas possam comer e dar de comer, sobretudo, aos filhos. O trabalho \u00e9 sagrado por diversos aspectos, de modo especial porque atrav\u00e9s dele amamos os que dependem de n\u00f3s, damos-lhe nossa vida, nosso empenho, nosso cansa\u00e7o, o sangue das veias e as fibras do cora\u00e7\u00e3o.<\/p>\n<p>O trabalho pode ser express\u00e3o de amor. Antes da refei\u00e7\u00e3o ou em outro momento do dia temos o costume de rezar a ora\u00e7\u00e3o do Pai nosso na qual pedimos, com toda confian\u00e7a, o p\u00e3o nosso de cada dia. N\u00e3o insistimos que o Senhor nos d\u00ea o p\u00e3o por toda vida. Cada dia, confiantemente, renovamos a solicita\u00e7\u00e3o.<\/p>\n<p>Importante que todos tenham trabalho e trabalho digno para que \u00e0 mesa de todos os dias n\u00e3o falte o p\u00e3o. Tristeza muito profunda vivem as pessoas em tempo de guerra ou de cataclismos quando tudo \u00e9 racionado e tudo falta.\u00a0 Doloridas essas filas de miser\u00e1veis que as enfrentam para conseguirem uma tigelinha de sopa rala. Triste o momento das refei\u00e7\u00f5es nos pres\u00eddios. Particularmente dolorida \u00e9 a situa\u00e7\u00e3o de pais e m\u00e3es desempregados. As crian\u00e7as choram, dizem que est\u00e3o com fome, achegam-se aos pais entre solu\u00e7os. Os pais d\u00e3o o que podem. Procuram controlar as l\u00e1grimas diante dos filhos. \u00c0s escondidas choram quase desesperadamente.<\/p>\n<p>Vivemos uma sociedade da abund\u00e2ncia e do consumo. H\u00e1 pessoas que comem muito, ficam obesas, exageram, comem sofisticadamente. Percorrendo as ruas da cidade vemos esses restaurantes sempre cheios, muita carne, muita massa, pratos requintados. E n\u00e3o longe, nos morros e baixadas, essas crian\u00e7as sujas, quase nuas, comendo o que encontram, raspando o que conseguem de uma vasilha onde colocaram um pouco de comida \u00e0 porta de um botequim.\u00a0 Os pais sofrem muito quando n\u00e3o podem dar a seus filhos um prato de comida&#8230;<\/p>\n<p>&nbsp;<\/p>\n<p><em>\u00a0<\/em><\/p>\n","protected":false},"excerpt":{"rendered":"<p>Reflex\u00e3o de Frei Almir Guimar\u00e3es<\/p>\n","protected":false},"author":1,"featured_media":186455,"comment_status":"open","ping_status":"open","sticky":false,"template":"","format":"standard","meta":{"footnotes":""},"categories":[26],"tags":[30],"yoast_head":"<!-- This site is optimized with the Yoast SEO plugin v19.4 - https:\/\/yoast.com\/wordpress\/plugins\/seo\/ -->\n<title>Quando falta comida \u00e0 mesa - Vida Crist\u00e3 - Franciscanos<\/title>\n<meta name=\"robots\" content=\"index, follow, max-snippet:-1, max-image-preview:large, max-video-preview:-1\" \/>\n<link rel=\"canonical\" href=\"https:\/\/franciscanos.org.br\/vidacrista\/quando-falta-comida-a-mesa\/\" \/>\n<meta property=\"og:locale\" content=\"pt_BR\" \/>\n<meta property=\"og:type\" content=\"article\" \/>\n<meta property=\"og:title\" content=\"Quando falta comida \u00e0 mesa - Vida Crist\u00e3 - Franciscanos\" \/>\n<meta property=\"og:description\" content=\"Reflex\u00e3o de Frei Almir Guimar\u00e3es\" \/>\n<meta property=\"og:url\" content=\"https:\/\/franciscanos.org.br\/vidacrista\/quando-falta-comida-a-mesa\/\" \/>\n<meta property=\"og:site_name\" content=\"Vida Crist\u00e3 - Franciscanos\" \/>\n<meta property=\"article:published_time\" content=\"2014-08-01T03:41:29+00:00\" \/>\n<meta property=\"article:modified_time\" content=\"2020-07-09T13:05:15+00:00\" \/>\n<meta property=\"og:image\" content=\"https:\/\/franciscanos.org.br\/vidacrista\/wp-content\/uploads\/2014\/08\/pao_09d.jpg\" \/>\n\t<meta property=\"og:image:width\" content=\"800\" \/>\n\t<meta property=\"og:image:height\" content=\"599\" \/>\n\t<meta property=\"og:image:type\" content=\"image\/jpeg\" \/>\n<meta name=\"author\" content=\"admin\" \/>\n<meta name=\"twitter:card\" content=\"summary_large_image\" \/>\n<meta name=\"twitter:label1\" content=\"Escrito por\" \/>\n\t<meta name=\"twitter:data1\" content=\"admin\" \/>\n\t<meta name=\"twitter:label2\" content=\"Est. tempo de leitura\" \/>\n\t<meta name=\"twitter:data2\" content=\"2 minutos\" \/>\n<script type=\"application\/ld+json\" class=\"yoast-schema-graph\">{\"@context\":\"https:\/\/schema.org\",\"@graph\":[{\"@type\":\"WebSite\",\"@id\":\"https:\/\/franciscanos.org.br\/vidacrista\/#website\",\"url\":\"https:\/\/franciscanos.org.br\/vidacrista\/\",\"name\":\"Vida Crist\u00e3 - Franciscanos\",\"description\":\"Prov\u00edncia Franciscana da Imaculada Concei\u00e7\u00e3o do Brasil - Ordem dos Frades Menores\",\"potentialAction\":[{\"@type\":\"SearchAction\",\"target\":{\"@type\":\"EntryPoint\",\"urlTemplate\":\"https:\/\/franciscanos.org.br\/vidacrista\/?s={search_term_string}\"},\"query-input\":\"required name=search_term_string\"}],\"inLanguage\":\"pt-BR\"},{\"@type\":\"WebPage\",\"@id\":\"https:\/\/franciscanos.org.br\/vidacrista\/quando-falta-comida-a-mesa\/\",\"url\":\"https:\/\/franciscanos.org.br\/vidacrista\/quando-falta-comida-a-mesa\/\",\"name\":\"Quando falta comida \u00e0 mesa - Vida Crist\u00e3 - Franciscanos\",\"isPartOf\":{\"@id\":\"https:\/\/franciscanos.org.br\/vidacrista\/#website\"},\"datePublished\":\"2014-08-01T03:41:29+00:00\",\"dateModified\":\"2020-07-09T13:05:15+00:00\",\"author\":{\"@id\":\"https:\/\/franciscanos.org.br\/vidacrista\/#\/schema\/person\/133632ca93cec555316a35f76ab4153b\"},\"breadcrumb\":{\"@id\":\"https:\/\/franciscanos.org.br\/vidacrista\/quando-falta-comida-a-mesa\/#breadcrumb\"},\"inLanguage\":\"pt-BR\",\"potentialAction\":[{\"@type\":\"ReadAction\",\"target\":[\"https:\/\/franciscanos.org.br\/vidacrista\/quando-falta-comida-a-mesa\/\"]}]},{\"@type\":\"BreadcrumbList\",\"@id\":\"https:\/\/franciscanos.org.br\/vidacrista\/quando-falta-comida-a-mesa\/#breadcrumb\",\"itemListElement\":[{\"@type\":\"ListItem\",\"position\":1,\"name\":\"Home\",\"item\":\"https:\/\/franciscanos.org.br\/vidacrista\/\"},{\"@type\":\"ListItem\",\"position\":2,\"name\":\"Quando falta comida \u00e0 mesa\"}]},{\"@type\":\"Person\",\"@id\":\"https:\/\/franciscanos.org.br\/vidacrista\/#\/schema\/person\/133632ca93cec555316a35f76ab4153b\",\"name\":\"admin\",\"image\":{\"@type\":\"ImageObject\",\"inLanguage\":\"pt-BR\",\"@id\":\"https:\/\/franciscanos.org.br\/vidacrista\/#\/schema\/person\/image\/\",\"url\":\"https:\/\/secure.gravatar.com\/avatar\/e8495742d34d0ba6448ea1c628263b3e?s=96&d=mm&r=g\",\"contentUrl\":\"https:\/\/secure.gravatar.com\/avatar\/e8495742d34d0ba6448ea1c628263b3e?s=96&d=mm&r=g\",\"caption\":\"admin\"},\"url\":\"https:\/\/franciscanos.org.br\/vidacrista\/author\/admin\/\"}]}<\/script>\n<!-- \/ Yoast SEO plugin. -->","yoast_head_json":{"title":"Quando falta comida \u00e0 mesa - Vida Crist\u00e3 - Franciscanos","robots":{"index":"index","follow":"follow","max-snippet":"max-snippet:-1","max-image-preview":"max-image-preview:large","max-video-preview":"max-video-preview:-1"},"canonical":"https:\/\/franciscanos.org.br\/vidacrista\/quando-falta-comida-a-mesa\/","og_locale":"pt_BR","og_type":"article","og_title":"Quando falta comida \u00e0 mesa - Vida Crist\u00e3 - Franciscanos","og_description":"Reflex\u00e3o de Frei Almir Guimar\u00e3es","og_url":"https:\/\/franciscanos.org.br\/vidacrista\/quando-falta-comida-a-mesa\/","og_site_name":"Vida Crist\u00e3 - Franciscanos","article_published_time":"2014-08-01T03:41:29+00:00","article_modified_time":"2020-07-09T13:05:15+00:00","og_image":[{"width":800,"height":599,"url":"https:\/\/franciscanos.org.br\/vidacrista\/wp-content\/uploads\/2014\/08\/pao_09d.jpg","type":"image\/jpeg"}],"author":"admin","twitter_card":"summary_large_image","twitter_misc":{"Escrito por":"admin","Est. tempo de leitura":"2 minutos"},"schema":{"@context":"https:\/\/schema.org","@graph":[{"@type":"WebSite","@id":"https:\/\/franciscanos.org.br\/vidacrista\/#website","url":"https:\/\/franciscanos.org.br\/vidacrista\/","name":"Vida Crist\u00e3 - Franciscanos","description":"Prov\u00edncia Franciscana da Imaculada Concei\u00e7\u00e3o do Brasil - Ordem dos Frades Menores","potentialAction":[{"@type":"SearchAction","target":{"@type":"EntryPoint","urlTemplate":"https:\/\/franciscanos.org.br\/vidacrista\/?s={search_term_string}"},"query-input":"required name=search_term_string"}],"inLanguage":"pt-BR"},{"@type":"WebPage","@id":"https:\/\/franciscanos.org.br\/vidacrista\/quando-falta-comida-a-mesa\/","url":"https:\/\/franciscanos.org.br\/vidacrista\/quando-falta-comida-a-mesa\/","name":"Quando falta comida \u00e0 mesa - Vida Crist\u00e3 - Franciscanos","isPartOf":{"@id":"https:\/\/franciscanos.org.br\/vidacrista\/#website"},"datePublished":"2014-08-01T03:41:29+00:00","dateModified":"2020-07-09T13:05:15+00:00","author":{"@id":"https:\/\/franciscanos.org.br\/vidacrista\/#\/schema\/person\/133632ca93cec555316a35f76ab4153b"},"breadcrumb":{"@id":"https:\/\/franciscanos.org.br\/vidacrista\/quando-falta-comida-a-mesa\/#breadcrumb"},"inLanguage":"pt-BR","potentialAction":[{"@type":"ReadAction","target":["https:\/\/franciscanos.org.br\/vidacrista\/quando-falta-comida-a-mesa\/"]}]},{"@type":"BreadcrumbList","@id":"https:\/\/franciscanos.org.br\/vidacrista\/quando-falta-comida-a-mesa\/#breadcrumb","itemListElement":[{"@type":"ListItem","position":1,"name":"Home","item":"https:\/\/franciscanos.org.br\/vidacrista\/"},{"@type":"ListItem","position":2,"name":"Quando falta comida \u00e0 mesa"}]},{"@type":"Person","@id":"https:\/\/franciscanos.org.br\/vidacrista\/#\/schema\/person\/133632ca93cec555316a35f76ab4153b","name":"admin","image":{"@type":"ImageObject","inLanguage":"pt-BR","@id":"https:\/\/franciscanos.org.br\/vidacrista\/#\/schema\/person\/image\/","url":"https:\/\/secure.gravatar.com\/avatar\/e8495742d34d0ba6448ea1c628263b3e?s=96&d=mm&r=g","contentUrl":"https:\/\/secure.gravatar.com\/avatar\/e8495742d34d0ba6448ea1c628263b3e?s=96&d=mm&r=g","caption":"admin"},"url":"https:\/\/franciscanos.org.br\/vidacrista\/author\/admin\/"}]}},"_links":{"self":[{"href":"https:\/\/franciscanos.org.br\/vidacrista\/wp-json\/wp\/v2\/posts\/185966"}],"collection":[{"href":"https:\/\/franciscanos.org.br\/vidacrista\/wp-json\/wp\/v2\/posts"}],"about":[{"href":"https:\/\/franciscanos.org.br\/vidacrista\/wp-json\/wp\/v2\/types\/post"}],"author":[{"embeddable":true,"href":"https:\/\/franciscanos.org.br\/vidacrista\/wp-json\/wp\/v2\/users\/1"}],"replies":[{"embeddable":true,"href":"https:\/\/franciscanos.org.br\/vidacrista\/wp-json\/wp\/v2\/comments?post=185966"}],"version-history":[{"count":3,"href":"https:\/\/franciscanos.org.br\/vidacrista\/wp-json\/wp\/v2\/posts\/185966\/revisions"}],"predecessor-version":[{"id":186456,"href":"https:\/\/franciscanos.org.br\/vidacrista\/wp-json\/wp\/v2\/posts\/185966\/revisions\/186456"}],"wp:featuredmedia":[{"embeddable":true,"href":"https:\/\/franciscanos.org.br\/vidacrista\/wp-json\/wp\/v2\/media\/186455"}],"wp:attachment":[{"href":"https:\/\/franciscanos.org.br\/vidacrista\/wp-json\/wp\/v2\/media?parent=185966"}],"wp:term":[{"taxonomy":"category","embeddable":true,"href":"https:\/\/franciscanos.org.br\/vidacrista\/wp-json\/wp\/v2\/categories?post=185966"},{"taxonomy":"post_tag","embeddable":true,"href":"https:\/\/franciscanos.org.br\/vidacrista\/wp-json\/wp\/v2\/tags?post=185966"}],"curies":[{"name":"wp","href":"https:\/\/api.w.org\/{rel}","templated":true}]}}