{"id":185953,"date":"2014-01-28T00:23:39","date_gmt":"2014-01-28T02:23:39","guid":{"rendered":"https:\/\/franciscanos.org.br\/vidacrista\/?p=185953"},"modified":"2020-06-23T15:27:56","modified_gmt":"2020-06-23T18:27:56","slug":"a-igreja-simbolo-de-um-bairro-que-mudou","status":"publish","type":"post","link":"https:\/\/franciscanos.org.br\/vidacrista\/a-igreja-simbolo-de-um-bairro-que-mudou\/","title":{"rendered":"A igreja s\u00edmbolo de um bairro que mudou"},"content":{"rendered":"<p><strong>Frei Almir Ribeiro Guimar\u00e3es<\/strong><\/p>\n<p>Pari\u2026 um dos bairros desta imensa cidade chamada S\u00e3o Paulo. Um bairro diferente do jeito dos sofisticados bairros dos \u201cjardins\u201d da Zona Sul ou do \u201cpeda\u00e7o\u201d da Avenida Paulista. Tive a tenta\u00e7\u00e3o de dizer que se trata de um bairro pobre. Seria inverdade. Muito dinheiro circula nesse com\u00e9rcio doido da Rua Oriente, da Bar\u00e3o de Lad\u00e1rio ou da Rio Bonito. Perto do centro velho de S\u00e3o Paulo, mas n\u00e3o t\u00e3o perto assim. Pari, onde os frades se fizeram e se fazem belamente presentes.<\/p>\n<p>Duas lembran\u00e7as bem antigas assomam-me \u00e0 mente quando me disponho a tecer algumas considera\u00e7\u00f5es a respeito do Pari. Na d\u00e9cada de 50 morou neste bairro meu tio Euclides, irm\u00e3o mais novo de meu pai, que foi gerente das Vozes de S\u00e3o Paulo. Quando ele ia a Petr\u00f3polis, por ocasi\u00e3o do Natal, nos falava das coisas maravilhosas de S\u00e3o Paulo e do bairro do Pari. Lembro-me de uma senhora amiga de tio Euclides e de tia Carminda que se chamava Dona Ant\u00f4nia, uma paulistana moradora do bairro e que transmitia uma grande alegria de viver. Conheci D. Ant\u00f4nia quando ia a Petr\u00f3polis. J\u00e1 deve ter morrido. As pessoas duram muito tempo. Mas um dia as coisas terminam. E vamos ficando \u00f3rf\u00e3os de amigos de verdade. A segunda lembran\u00e7a \u00e9 que aqui esteve trabalhando Frei Quirino Schmitz que depois se tornou bispo. No meu tempo de Filosofia e Teologia olhava para o dinamismo de Frei Quirino como modelar.<\/p>\n<p><img decoding=\"async\" loading=\"lazy\" class=\"alignright size-full wp-image-185954\" src=\"https:\/\/franciscanos.org.br\/vidacrista\/wp-content\/uploads\/2020\/06\/pari_almir_280114.jpg\" alt=\"\" width=\"400\" height=\"655\" srcset=\"https:\/\/franciscanos.org.br\/vidacrista\/wp-content\/uploads\/2020\/06\/pari_almir_280114.jpg 400w, https:\/\/franciscanos.org.br\/vidacrista\/wp-content\/uploads\/2020\/06\/pari_almir_280114-275x450.jpg 275w, https:\/\/franciscanos.org.br\/vidacrista\/wp-content\/uploads\/2020\/06\/pari_almir_280114-150x246.jpg 150w\" sizes=\"(max-width: 400px) 100vw, 400px\" \/>Nossa Igreja de Santo Ant\u00f4nio do Pari est\u00e1 situada numa movimentad\u00edssima pra\u00e7a que deveria ser Pra\u00e7a Santo Ant\u00f4nio e n\u00e3o Pra\u00e7a Padre Bento, com todo respeito ao eclesi\u00e1stico que deu seu nome \u00e0 pra\u00e7a. O templo \u00e9 majestoso. Diria mesmo majestos\u00edssimo. Colunas enormes, estilo amplo, piso bem cuidado, altar mor grandioso, at\u00e9 mesmo com baldaquino. Uma bel\u00edssima igreja que foi espa\u00e7o de celebra\u00e7\u00e3o de in\u00fameros casamentos. Suas grandes e imponentes torres impressionam e ainda chamam a aten\u00e7\u00e3o dos passantes. Estamos no meio de toda a agita\u00e7\u00e3o comercial do bairro do Pari. Depois de inc\u00eandios e desgastes, a Igreja foi reformada com a garra e persist\u00eancia de Frei Gilmar Jos\u00e9 da Silva. Realmente, como j\u00e1 se disse, ela \u00e9 o cart\u00e3o postal do bairro. O prefeito da cidade precisaria prestar aten\u00e7\u00e3o nisso. Ela est\u00e1 plantada no meio do burburinho da cidade. H\u00e1 uma encruzilhada de ruas por onde circulam carros, coletivos, caminh\u00f5es que, \u00e0 sua passagem, fazem o solo tremer.<\/p>\n<p>Belo templo. Se estas paredes pudessem falar, elas diriam do esplendor das celebra\u00e7\u00f5es aqui realizadas. Quantos e quantos, homens e mulheres, foram formados pelos frades do Pari. Quanto suor evangelizador! Quanta hist\u00f3ria que s\u00f3 Deus conhece.<\/p>\n<p>A Pra\u00e7a Padre Bento est\u00e1 deteriorada. N\u00e3o \u00e9 lugar bonito e bem cuidado. H\u00e1 muita sujeira. Um ponto de t\u00e1xi, uma banca de jornal, bancos e mesas de concreto, aposentados jogando domin\u00f3 ou cartas\u2026 farm\u00e1cias, restaurantes, casas banc\u00e1rias, lanchonetes, muitos pobres dormindo na pra\u00e7a, pombos, e o barulho trepidante dos \u00f4nibus e dos caminh\u00f5es dia e noite. \u00c0 noite tudo fica mais calmo, \u00e9 verdade. Um bairro, um lugar onde moram pessoas pobres e at\u00e9 mesmo cheio de corti\u00e7os com bolivianos e muitos brasileiros chegados de outros estados. Muitas de suas ruas mostram a mis\u00e9ria dos locais onde essa pobre gente se protege do sol e da chuva.<\/p>\n<p>Impressiona a exist\u00eancia de pr\u00e9dios e galp\u00f5es muito grandes. Penso aqui nas constru\u00e7\u00f5es comerciais. A voca\u00e7\u00e3o do Pari \u00e9 o com\u00e9rcio. Os antigos habitantes fugiram, venderam casas e terrenos para que os grandes comerciantes pudessem construir imensas lojas\u2026 \u00c0 noite e nos finais de semana, um deserto\u2026 As pessoas compraram casas em outros bairros e se foram\u2026 Para n\u00e3o dizer que se esqueceram do Pari elas v\u00eam aos milhares e milhares para a festa de Santo Ant\u00f4nio\u2026 \u00c0 nossa volta poucas resid\u00eancias. H\u00e1 alguns edif\u00edcios mais sofisticados onde moram os libaneses e mu\u00e7ulmanos ricos, como tamb\u00e9m os coreanos. Cal\u00e7adas cheias de gente circulando, lojas simples e mal cuidadas, centros comerciais de atacado, sofisticados, luxuosos, com hotel e restaurantes de primeiro mundo. Roupas, vestidos, jeans, camisetas, bolsas\u2026 imita\u00e7\u00f5es grotescas e outras quase iguais \u00e0s marcas originais\u2026 Camisetas baratas\u2026 e esses \u00f4nibus de todos os cantos trazendo compradores que arrastam em malas com rodas o que v\u00e3o vender em Santa Catarina, na regi\u00e3o de Belo Horizonte ou no interior de S\u00e3o Paulo\u2026. Em poucos meses, \u00e0 rua Jo\u00e3o Teodoro, ergueu-se um grande centro comercial\u2026 Nos dias de dezembro j\u00e1 havia uma placa : \u201cInaugurado\u201d. Os lojistas querem vender\u2026 e vendem mesmo. Tudo gira em torno do dinheiro? E onde ficou a alma do Pari?<\/p>\n<p>Por a\u00ed realiza-se a famosa feirinha da madrugada. Comerciantes, por vezes sem len\u00e7o nem documento, exp\u00f5em as mercadorias em bancas m\u00f3veis\u2026 tudo \u2026. roupas, rel\u00f3gios, lou\u00e7as, \u2026 mas sobretudo roupas\u2026 Os \u00f4nibus urbanos precisam circular com imenso cuidado\u2026. A feirinha da madrugada \u00e9 conhecida. Houve choques entre a pol\u00edcia e esses ambulantes em noite de \u00f4nibus queimados, de manifesta\u00e7\u00f5es de viol\u00eancia. Na Pra\u00e7a Pe. Bento houve choques. Policiais montados em cavalos disparavam tiros de efeito moral\u2026 Os moradores de rua se levantavam, afirmando que nada tinham a ver com a hist\u00f3ria \u2026 carregando seus colch\u00f5es. Davam a impress\u00e3o daqueles curados do evangelho que iam para a casa carregando a maca\u2026<\/p>\n<p>Durante a semana, o tr\u00e2nsito se torna insuport\u00e1vel nesse miolo da Bar\u00e3o de Lad\u00e1rio, Jo\u00e3o Teodoro e Oriente at\u00e9 chegar \u00e0 Av. do Estado. Nem adianta tomar t\u00e1xi. Melhor ir a p\u00e9 at\u00e9 a esta\u00e7\u00e3o Tiradentes do metr\u00f4 paulistano.<\/p>\n<p>Muitas perguntas e muitos questionamentos fazem os frades do Pari e os poucos paulistas que andam por aqui. Haver\u00e1 que descobrir um outro jeito de ser par\u00f3quia no Pari. Os libaneses e coreanos chegam para o trabalho, mas moram bem, muito bem em outros bairros. H\u00e1 tamb\u00e9m chineses, muitos chineses, sempre chineses\u2026 Ali\u00e1s, o mundo ser\u00e1 chin\u00eas. Quem viver ver\u00e1. N\u00e3o \u00e9 aqui o espa\u00e7o de fazer uma reflex\u00e3o sobre a pastoral e a evangeliza\u00e7\u00e3o do bairro. Mas ela se imp\u00f5e. Do ponto de vista de uma verdadeira evangeliza\u00e7\u00e3o muitas questionamentos s\u00e3o feitos.<\/p>\n<p>Gostaria de me deter num aspecto particular da igreja do Pari. De 2\u00aa. a s\u00e1bado \u00e9 celebrada missa \u00e0s 7 horas da manh\u00e3. Muitas vezes celebrei a eucaristia nesse hor\u00e1rio. Poucas vezes me dei conta de uma assembleia t\u00e3o piedosa e t\u00e3o especial como essa da Missa das 7 horas (menos em dias de s\u00e1bado). A frequ\u00eancia varia, mas gira em torno de 50 pessoas. H\u00e1 mais gentes \u00e0s ter\u00e7as-feiras. Os frequentadores s\u00e3o pessoas que n\u00e3o moram no bairro, que chegam de \u00f4nibus ou de carro para trabalhar como gerentes, balconistas ou serventes nas lojas. Cria-se no templo um clima de ora\u00e7\u00e3o. As pessoas n\u00e3o v\u00eam \u00e0 sacristia falar, falar\u2026 falar\u2026 Chegam, tomam seu lugar no templo\u2026 quase sempre o mesmo\u2026 H\u00e1 essas duas mulheres que devem ser gerentes de lojas. Vestem-se corretamente. H\u00e1 um casal que mora no bairro e vem nas festas e \u00e0s ter\u00e7as-feiras. H\u00e1 um homem de seus 60 anos que se veste com roupa de grife. Uma portuguesa dos tempos passados, todos os dias, percorre a igreja com cestinha. Outras duas cuidam da cesta dos p\u00e3es de Santo Ant\u00f4nio. Aquele senhor \u00e9 gerente de neg\u00f3cios que t\u00eam sua sede em Goi\u00e2nia. Quando est\u00e1 em S\u00e3o Paulo vem todos os dias \u00e0 missa. Um jovem senhor, de seus 35 anos, casado, aparece \u00e0s vezes. A express\u00e3o serena de seu rosto me ajuda a rezar, como tamb\u00e9m aquela senhora alta, negra, elegante no andar e com uma express\u00e3o de piedade sem melosidade.<\/p>\n<p>Escrevo estas linhas numa manh\u00e3 de quinta-feira, na semana antes do Natal. A impress\u00e3o que tenho \u00e9 que o movimento em vista do Natal est\u00e1 terminando, mas os \u00f4nibus circulam: Liberdade, Terminal Princesa Isabel, Br\u00e1s. A vida continua neste bairro e neste quarteir\u00e3o onde moram os frades e onde est\u00e1 o belo templo de Santo Ant\u00f4nio do Pari.<\/p>\n","protected":false},"excerpt":{"rendered":"<p>Artigo<\/p>\n","protected":false},"author":1,"featured_media":185955,"comment_status":"open","ping_status":"open","sticky":false,"template":"","format":"standard","meta":{"footnotes":""},"categories":[26],"tags":[30],"yoast_head":"<!-- This site is optimized with the Yoast SEO plugin v19.4 - https:\/\/yoast.com\/wordpress\/plugins\/seo\/ -->\n<title>A igreja s\u00edmbolo de um bairro que mudou - Vida Crist\u00e3 - Franciscanos<\/title>\n<meta name=\"robots\" content=\"index, follow, max-snippet:-1, max-image-preview:large, max-video-preview:-1\" \/>\n<link rel=\"canonical\" href=\"https:\/\/franciscanos.org.br\/vidacrista\/a-igreja-simbolo-de-um-bairro-que-mudou\/\" \/>\n<meta property=\"og:locale\" content=\"pt_BR\" \/>\n<meta property=\"og:type\" content=\"article\" \/>\n<meta property=\"og:title\" content=\"A igreja s\u00edmbolo de um bairro que mudou - Vida Crist\u00e3 - Franciscanos\" \/>\n<meta property=\"og:description\" content=\"Artigo\" \/>\n<meta property=\"og:url\" content=\"https:\/\/franciscanos.org.br\/vidacrista\/a-igreja-simbolo-de-um-bairro-que-mudou\/\" \/>\n<meta property=\"og:site_name\" content=\"Vida Crist\u00e3 - Franciscanos\" \/>\n<meta property=\"article:published_time\" content=\"2014-01-28T02:23:39+00:00\" \/>\n<meta property=\"article:modified_time\" content=\"2020-06-23T18:27:56+00:00\" \/>\n<meta property=\"og:image\" content=\"https:\/\/franciscanos.org.br\/vidacrista\/wp-content\/uploads\/2020\/06\/pari_almir_280114_d.jpg\" \/>\n\t<meta property=\"og:image:width\" content=\"800\" \/>\n\t<meta property=\"og:image:height\" content=\"601\" \/>\n\t<meta property=\"og:image:type\" content=\"image\/jpeg\" \/>\n<meta name=\"author\" content=\"admin\" \/>\n<meta name=\"twitter:card\" content=\"summary_large_image\" \/>\n<meta name=\"twitter:label1\" content=\"Escrito por\" \/>\n\t<meta name=\"twitter:data1\" content=\"admin\" \/>\n\t<meta name=\"twitter:label2\" content=\"Est. tempo de leitura\" \/>\n\t<meta name=\"twitter:data2\" content=\"7 minutos\" \/>\n<script type=\"application\/ld+json\" class=\"yoast-schema-graph\">{\"@context\":\"https:\/\/schema.org\",\"@graph\":[{\"@type\":\"WebSite\",\"@id\":\"https:\/\/franciscanos.org.br\/vidacrista\/#website\",\"url\":\"https:\/\/franciscanos.org.br\/vidacrista\/\",\"name\":\"Vida Crist\u00e3 - Franciscanos\",\"description\":\"Prov\u00edncia Franciscana da Imaculada Concei\u00e7\u00e3o do Brasil - Ordem dos Frades Menores\",\"potentialAction\":[{\"@type\":\"SearchAction\",\"target\":{\"@type\":\"EntryPoint\",\"urlTemplate\":\"https:\/\/franciscanos.org.br\/vidacrista\/?s={search_term_string}\"},\"query-input\":\"required name=search_term_string\"}],\"inLanguage\":\"pt-BR\"},{\"@type\":\"WebPage\",\"@id\":\"https:\/\/franciscanos.org.br\/vidacrista\/a-igreja-simbolo-de-um-bairro-que-mudou\/\",\"url\":\"https:\/\/franciscanos.org.br\/vidacrista\/a-igreja-simbolo-de-um-bairro-que-mudou\/\",\"name\":\"A igreja s\u00edmbolo de um bairro que mudou - Vida Crist\u00e3 - Franciscanos\",\"isPartOf\":{\"@id\":\"https:\/\/franciscanos.org.br\/vidacrista\/#website\"},\"datePublished\":\"2014-01-28T02:23:39+00:00\",\"dateModified\":\"2020-06-23T18:27:56+00:00\",\"author\":{\"@id\":\"https:\/\/franciscanos.org.br\/vidacrista\/#\/schema\/person\/133632ca93cec555316a35f76ab4153b\"},\"breadcrumb\":{\"@id\":\"https:\/\/franciscanos.org.br\/vidacrista\/a-igreja-simbolo-de-um-bairro-que-mudou\/#breadcrumb\"},\"inLanguage\":\"pt-BR\",\"potentialAction\":[{\"@type\":\"ReadAction\",\"target\":[\"https:\/\/franciscanos.org.br\/vidacrista\/a-igreja-simbolo-de-um-bairro-que-mudou\/\"]}]},{\"@type\":\"BreadcrumbList\",\"@id\":\"https:\/\/franciscanos.org.br\/vidacrista\/a-igreja-simbolo-de-um-bairro-que-mudou\/#breadcrumb\",\"itemListElement\":[{\"@type\":\"ListItem\",\"position\":1,\"name\":\"Home\",\"item\":\"https:\/\/franciscanos.org.br\/vidacrista\/\"},{\"@type\":\"ListItem\",\"position\":2,\"name\":\"A igreja s\u00edmbolo de um bairro que mudou\"}]},{\"@type\":\"Person\",\"@id\":\"https:\/\/franciscanos.org.br\/vidacrista\/#\/schema\/person\/133632ca93cec555316a35f76ab4153b\",\"name\":\"admin\",\"image\":{\"@type\":\"ImageObject\",\"inLanguage\":\"pt-BR\",\"@id\":\"https:\/\/franciscanos.org.br\/vidacrista\/#\/schema\/person\/image\/\",\"url\":\"https:\/\/secure.gravatar.com\/avatar\/e8495742d34d0ba6448ea1c628263b3e?s=96&d=mm&r=g\",\"contentUrl\":\"https:\/\/secure.gravatar.com\/avatar\/e8495742d34d0ba6448ea1c628263b3e?s=96&d=mm&r=g\",\"caption\":\"admin\"},\"url\":\"https:\/\/franciscanos.org.br\/vidacrista\/author\/admin\/\"}]}<\/script>\n<!-- \/ Yoast SEO plugin. -->","yoast_head_json":{"title":"A igreja s\u00edmbolo de um bairro que mudou - Vida Crist\u00e3 - Franciscanos","robots":{"index":"index","follow":"follow","max-snippet":"max-snippet:-1","max-image-preview":"max-image-preview:large","max-video-preview":"max-video-preview:-1"},"canonical":"https:\/\/franciscanos.org.br\/vidacrista\/a-igreja-simbolo-de-um-bairro-que-mudou\/","og_locale":"pt_BR","og_type":"article","og_title":"A igreja s\u00edmbolo de um bairro que mudou - Vida Crist\u00e3 - Franciscanos","og_description":"Artigo","og_url":"https:\/\/franciscanos.org.br\/vidacrista\/a-igreja-simbolo-de-um-bairro-que-mudou\/","og_site_name":"Vida Crist\u00e3 - Franciscanos","article_published_time":"2014-01-28T02:23:39+00:00","article_modified_time":"2020-06-23T18:27:56+00:00","og_image":[{"width":800,"height":601,"url":"https:\/\/franciscanos.org.br\/vidacrista\/wp-content\/uploads\/2020\/06\/pari_almir_280114_d.jpg","type":"image\/jpeg"}],"author":"admin","twitter_card":"summary_large_image","twitter_misc":{"Escrito por":"admin","Est. tempo de leitura":"7 minutos"},"schema":{"@context":"https:\/\/schema.org","@graph":[{"@type":"WebSite","@id":"https:\/\/franciscanos.org.br\/vidacrista\/#website","url":"https:\/\/franciscanos.org.br\/vidacrista\/","name":"Vida Crist\u00e3 - Franciscanos","description":"Prov\u00edncia Franciscana da Imaculada Concei\u00e7\u00e3o do Brasil - Ordem dos Frades Menores","potentialAction":[{"@type":"SearchAction","target":{"@type":"EntryPoint","urlTemplate":"https:\/\/franciscanos.org.br\/vidacrista\/?s={search_term_string}"},"query-input":"required name=search_term_string"}],"inLanguage":"pt-BR"},{"@type":"WebPage","@id":"https:\/\/franciscanos.org.br\/vidacrista\/a-igreja-simbolo-de-um-bairro-que-mudou\/","url":"https:\/\/franciscanos.org.br\/vidacrista\/a-igreja-simbolo-de-um-bairro-que-mudou\/","name":"A igreja s\u00edmbolo de um bairro que mudou - Vida Crist\u00e3 - Franciscanos","isPartOf":{"@id":"https:\/\/franciscanos.org.br\/vidacrista\/#website"},"datePublished":"2014-01-28T02:23:39+00:00","dateModified":"2020-06-23T18:27:56+00:00","author":{"@id":"https:\/\/franciscanos.org.br\/vidacrista\/#\/schema\/person\/133632ca93cec555316a35f76ab4153b"},"breadcrumb":{"@id":"https:\/\/franciscanos.org.br\/vidacrista\/a-igreja-simbolo-de-um-bairro-que-mudou\/#breadcrumb"},"inLanguage":"pt-BR","potentialAction":[{"@type":"ReadAction","target":["https:\/\/franciscanos.org.br\/vidacrista\/a-igreja-simbolo-de-um-bairro-que-mudou\/"]}]},{"@type":"BreadcrumbList","@id":"https:\/\/franciscanos.org.br\/vidacrista\/a-igreja-simbolo-de-um-bairro-que-mudou\/#breadcrumb","itemListElement":[{"@type":"ListItem","position":1,"name":"Home","item":"https:\/\/franciscanos.org.br\/vidacrista\/"},{"@type":"ListItem","position":2,"name":"A igreja s\u00edmbolo de um bairro que mudou"}]},{"@type":"Person","@id":"https:\/\/franciscanos.org.br\/vidacrista\/#\/schema\/person\/133632ca93cec555316a35f76ab4153b","name":"admin","image":{"@type":"ImageObject","inLanguage":"pt-BR","@id":"https:\/\/franciscanos.org.br\/vidacrista\/#\/schema\/person\/image\/","url":"https:\/\/secure.gravatar.com\/avatar\/e8495742d34d0ba6448ea1c628263b3e?s=96&d=mm&r=g","contentUrl":"https:\/\/secure.gravatar.com\/avatar\/e8495742d34d0ba6448ea1c628263b3e?s=96&d=mm&r=g","caption":"admin"},"url":"https:\/\/franciscanos.org.br\/vidacrista\/author\/admin\/"}]}},"_links":{"self":[{"href":"https:\/\/franciscanos.org.br\/vidacrista\/wp-json\/wp\/v2\/posts\/185953"}],"collection":[{"href":"https:\/\/franciscanos.org.br\/vidacrista\/wp-json\/wp\/v2\/posts"}],"about":[{"href":"https:\/\/franciscanos.org.br\/vidacrista\/wp-json\/wp\/v2\/types\/post"}],"author":[{"embeddable":true,"href":"https:\/\/franciscanos.org.br\/vidacrista\/wp-json\/wp\/v2\/users\/1"}],"replies":[{"embeddable":true,"href":"https:\/\/franciscanos.org.br\/vidacrista\/wp-json\/wp\/v2\/comments?post=185953"}],"version-history":[{"count":1,"href":"https:\/\/franciscanos.org.br\/vidacrista\/wp-json\/wp\/v2\/posts\/185953\/revisions"}],"predecessor-version":[{"id":185956,"href":"https:\/\/franciscanos.org.br\/vidacrista\/wp-json\/wp\/v2\/posts\/185953\/revisions\/185956"}],"wp:featuredmedia":[{"embeddable":true,"href":"https:\/\/franciscanos.org.br\/vidacrista\/wp-json\/wp\/v2\/media\/185955"}],"wp:attachment":[{"href":"https:\/\/franciscanos.org.br\/vidacrista\/wp-json\/wp\/v2\/media?parent=185953"}],"wp:term":[{"taxonomy":"category","embeddable":true,"href":"https:\/\/franciscanos.org.br\/vidacrista\/wp-json\/wp\/v2\/categories?post=185953"},{"taxonomy":"post_tag","embeddable":true,"href":"https:\/\/franciscanos.org.br\/vidacrista\/wp-json\/wp\/v2\/tags?post=185953"}],"curies":[{"name":"wp","href":"https:\/\/api.w.org\/{rel}","templated":true}]}}