{"id":185900,"date":"2020-06-23T07:19:18","date_gmt":"2020-06-23T10:19:18","guid":{"rendered":"https:\/\/franciscanos.org.br\/vidacrista\/?p=185900"},"modified":"2020-07-23T11:17:41","modified_gmt":"2020-07-23T14:17:41","slug":"a-transicao-ecologica-para-uma-sociedade-biocentrada-final","status":"publish","type":"post","link":"https:\/\/franciscanos.org.br\/vidacrista\/a-transicao-ecologica-para-uma-sociedade-biocentrada-final\/","title":{"rendered":"A transi\u00e7\u00e3o ecol\u00f3gica para uma sociedade biocentrada \u2013 final"},"content":{"rendered":"<div id=\"attachment_186887\" style=\"width: 850px\" class=\"wp-caption alignnone\"><img aria-describedby=\"caption-attachment-186887\" decoding=\"async\" loading=\"lazy\" class=\"wp-image-186887 size-full\" src=\"https:\/\/franciscanos.org.br\/vidacrista\/wp-content\/uploads\/2020\/06\/ecologia_2307.jpg\" alt=\"\" width=\"840\" height=\"450\" srcset=\"https:\/\/franciscanos.org.br\/vidacrista\/wp-content\/uploads\/2020\/06\/ecologia_2307.jpg 840w, https:\/\/franciscanos.org.br\/vidacrista\/wp-content\/uploads\/2020\/06\/ecologia_2307-450x241.jpg 450w, https:\/\/franciscanos.org.br\/vidacrista\/wp-content\/uploads\/2020\/06\/ecologia_2307-768x411.jpg 768w, https:\/\/franciscanos.org.br\/vidacrista\/wp-content\/uploads\/2020\/06\/ecologia_2307-150x80.jpg 150w\" sizes=\"(max-width: 840px) 100vw, 840px\" \/><p id=\"caption-attachment-186887\" class=\"wp-caption-text\"><em>\u00a0 \u00a0 \u00a0 \u00a0 \u00a0 \u00a0 \u00a0 \u00a0 \u00a0 \u00a0 \u00a0 \u00a0 \u00a0 \u00a0 \u00a0 \u00a0 \u00a0 \u00a0 \u00a0 \u00a0 \u00a0 \u00a0 \u00a0 \u00a0 \u00a0 \u00a0 \u00a0 \u00a0 \u00a0 \u00a0 \u00a0 \u00a0 \u00a0 \u00a0 \u00a0 \u00a0 \u00a0 \u00a0 \u00a0 \u00a0 \u00a0 \u00a0 \u00a0 \u00a0 \u00a0 \u00a0 \u00a0 \u00a0 \u00a0 \u00a0 \u00a0 \u00a0 \u00a0 \u00a0 \u00a0 \u00a0 \u00a0 \u00a0 \u00a0Imagem ilustrativa: (Fonte: Acervo Prov\u00edncia da Imaculada)<\/em><\/p><\/div>\n<p><strong>A transi\u00e7\u00e3o para a uma civiliza\u00e7\u00e3o biocentrada<\/strong><\/p>\n<p>LEIA A <strong><a href=\"https:\/\/franciscanos.org.br\/vidacrista\/a-transicao-ecologica-para-uma-sociedade-biocentrada-i\/#gsc.tab=0\">PRIMEIRA PARTE<\/a><\/strong><\/p>\n<p>Toda crise faz pensar e projetar novas janelas de possibilidades. O coronav\u00edrus nos deu esta li\u00e7\u00e3o: a Terra, a natureza, a vida, em toda sua diversidade, a interdepend\u00eancia, a coopera\u00e7\u00e3o e a solidariedade devem possuir a centralidade na nova civiliza\u00e7\u00e3o, se n\u00e3o quisermos ser mais atacados por v\u00edrus letais.<\/p>\n<p>Parto da seguinte interpreta\u00e7\u00e3o: n\u00e3o s\u00f3 n\u00f3s agredimos por s\u00e9culos a natureza e a M\u00e3e Terra. Agora \u00e9 a Terra ferida e a natureza devastada que est\u00e3o nos contra-atacando e fazendo sua repres\u00e1lia. S\u00e3o entes vivos e como vivos sentem e reagem \u00e0s agress\u00f5es.<\/p>\n<p>A multiplica\u00e7\u00e3o de sinais que a Terra nos enviou, a come\u00e7ar pelo aquecimento global, a eros\u00e3o da biodiversidade na ordem de 70-100 mil esp\u00e9cies por ano (estamos dentro da sexta extin\u00e7\u00e3o em massa na era do antropoceno e do necroceno) e outros eventos extremos, devem ser tomados absolutamente a s\u00e9rio e interpretados. Ou n\u00f3s mudamos nossa rela\u00e7\u00e3o para com a Terra e a natureza, num sentido de sinergia, de cuidado e de respeito, ou a Terra pode n\u00e3o nos mais querer sobre sua superf\u00edcie. Desta vez, n\u00e3o h\u00e1 uma arca de No\u00e9 que salva alguns e deixa perecer os outros. Ou nos salvamos todos ou engrossaremos o cortejo daqueles que rumam para a sua pr\u00f3pria sepultura.<\/p>\n<p>Quase todas as an\u00e1lises da Covid-19 focaram a t\u00e9cnica, a medicina, a vacina salvadora, o isolamento social, o distanciamento e o uso de m\u00e1scaras para nos proteger e n\u00e3o contaminar os outros. Raramente se falou de natureza, pois, o v\u00edrus veio da natureza. Por que ele passou da natureza a n\u00f3s? J\u00e1 o tentamos explicar anteriormente.<\/p>\n<p>A transi\u00e7\u00e3o de uma <em>sociedade capitalista<\/em> de superprodu\u00e7\u00e3o bens materiais para uma sociedade\u00a0 <em>de sustenta\u00e7\u00e3o de toda a vida<\/em> com valores humano-espirituais como a solidariedade, a compaix\u00e3o, a interdepend\u00eancia, a justa medida, o respeito e o cuidado e, n\u00e3o em \u00faltimo lugar, o o amor n\u00e3o se far\u00e1 de um dia para o outro.<\/p>\n<p>Ser\u00e1 um processo dif\u00edcil que exige, nas palavras do Papa Francisco na enc\u00edclica \u201csobre o Cuidado da Casa Comum\u201d uma \u201c<em>radical convers\u00e3o ecol\u00f3gica<\/em>\u201d. Vale dizer, devemos introduzir rela\u00e7\u00f5es de cuidado, de prote\u00e7\u00e3o e de coopera\u00e7\u00e3o. Um desenvolvimento feito com a natureza e n\u00e3o contra a natureza.<\/p>\n<p>O sistema imperante pode conhecer uma longa agonia. Mas n\u00e3o ter\u00e1 futuro. H\u00e1 uma grande acumula\u00e7\u00e3o de cr\u00edtica e de pr\u00e1ticas humanas que sempre resistiram \u00e0 explora\u00e7\u00e3o capitalista. Segundo minha opini\u00e3o, quem o vencer\u00e1 definitivamente nem seremos s\u00f3 n\u00f3s, mas a pr\u00f3pria Terra, negando-lhe as condi\u00e7\u00f5es de sua reprodu\u00e7\u00e3o pelos limites dos bens e servi\u00e7os da Terra superpovoada.<\/p>\n<p><strong>O novo paradigma cosmol\u00f3gico e biol\u00f3gico<\/strong><\/p>\n<p>Para uma sociedade p\u00f3s-Covid-19 imp\u00f5e-se a assun\u00e7\u00e3o das contribui\u00e7\u00f5es do novo paradigma cosmol\u00f3gico que j\u00e1 possui um s\u00e9culo de exist\u00eancia. Lamentavelmente at\u00e9 agora n\u00e3o conseguiu conquistar a consci\u00eancia coletiva nem a intelig\u00eancia acad\u00eamica, muito menos a cabe\u00e7a dos \u201cdecisons makers\u201d pol\u00edticos, parte de que tudo se originou a partir do B<em>ig Bang<\/em>, ocorrido h\u00e1 13,7 bilh\u00f5es de anos. De sua explos\u00e3o surgiram as grandes estrelas vermelhas e com a explos\u00e3o destas, as gal\u00e1xias, as estrelas, os planetas, a Terra e e n\u00f3s mesmos. Somos todos feitos do p\u00f3 c\u00f3smico.<\/p>\n<p>A Terra que j\u00e1 tem 4,3 bilh\u00f5es de anos e a vida cerca de 3,8 bilh\u00f5es de anos s\u00e3o vivos. A Terra, isso \u00e9 um dado de ci\u00eancia j\u00e1 aceito pela comunidade cient\u00edfica, n\u00e3o s\u00f3 possui viva sobre ela mas \u00e9 viva e produz toda sorte de vidas.<\/p>\n<p>O ser humano que surgiu j\u00e1 h\u00e1 uns 10 milh\u00f5es de anos, h\u00e1 100 mil anos como <em>sapiens sapiens,<\/em> \u00e9 a por\u00e7\u00e3o da Terra que num momento de alta complexidade come\u00e7ou a sentir, a pensar, a amar e a cuidar. Por isso homem vem de <em>h\u00famus,<\/em> terra boa.<\/p>\n<p>Inicialmente possu\u00eda uma rela\u00e7\u00e3o de <em>conviv\u00eancia<\/em> com a natureza, depois passou de <em>interven\u00e7\u00e3o<\/em> mediante a agricultura de irriga\u00e7\u00e3o e nos \u00faltimos s\u00e9culos de <em>agress\u00e3o <\/em>sistem\u00e1tica mediante a tecnoci\u00eancia. Essa agress\u00e3o foi levada a todas as frentes a ponto de colocar em risco o equil\u00edbrio da Terra e at\u00e9 uma amea\u00e7a de auto-destrui\u00e7\u00e3o da esp\u00e9cie humana com armas nucleares, qu\u00edmicas e biol\u00f3gicas.<\/p>\n<p>Essa rela\u00e7\u00e3o de agress\u00e3o subjaz \u00e0 atual crise sanit\u00e1ria. Levada avante, a agress\u00e3o poder\u00e1 nos trazer crises mais agudas, at\u00e9 aquilo que os bi\u00f3logos temem <em>The Next Big One<\/em>: aquele pr\u00f3ximo e grande v\u00edrus, inatac\u00e1vel e fatal, que poder\u00e1 levar a esp\u00e9cie humana a desaparecer da face da Terra.<\/p>\n<p>Para obviar este poss\u00edvel<em> armagedom<\/em> ecol\u00f3gico, urge renovar o <em>contrato natural<\/em> violado com a Terra viva: ela nos d\u00e1 tudo o que precisamos e garante a sustentabilidade dos ecossistemas. Nos,\u00a0 contratualmente, ter\u00edamos que lhe devolver cuidado, respeito a seus ciclos e lhe damos tempo para regenerar o que lhe tiramos. Este contrato natural foi rompido por aquele estrato da humanidade (e sabemos quem \u00e9) que explora os bens e servi\u00e7os, desfloresta, contamina as \u00e1guas e os mares.<\/p>\n<p>\u00c9 decisivo renovar o contrato natural e articul\u00e1-lo com o <em>contrato socia<\/em>l: uma sociedade que se sente parte da Terra e da natureza, que assume coletivamente a preserva\u00e7\u00e3o de toda vida, mant\u00e9m em p\u00e9 suas florestas que garante a \u00e1gua necess\u00e1ria para todo tipo de vida e regenera o que foi degradado e fortalece o que j\u00e1 \u00e9 preservado.<\/p>\n<p><strong>A import\u00e2ncia da regi\u00e3o: o biorregionalismo<\/strong><\/p>\n<p>A ONU reconheceu a Terra como M\u00e3e Terra e a natureza como titulares de direitos. Isso implica que a democracia dever\u00e1 incorporar como novos cidad\u00e3os, as florestas, as montanhas, os rios, as paisagens. A democracia seria spcio-ecol\u00f3gica.<\/p>\n<p>A vida ser\u00e1 o farol orientador e a pol\u00edtica e a economia estar\u00e3o a servi\u00e7o, n\u00e3o da acumula\u00e7\u00e3o e do mercado mas da vida. O consumo, para que seja universalizado, ser\u00e1 s\u00f3brio, frugal e solid\u00e1rio. Destarte, a sociedade seria suficiente e decentemente abastecida.<\/p>\n<p>O acento n\u00e3o se dar\u00e1 \u00e0 planetiza\u00e7\u00e3o econ\u00f4mico-financeira que seguir\u00e1 o seu curso, mas \u00e0 regi\u00e3o. A ponta mais avan\u00e7ada da reflex\u00e3o ecol\u00f3gica atualmente se realiza em torno do <em>biorregionalismo<\/em>.<\/p>\n<p>Tomar a regi\u00e3o, n\u00e3o como vem definida arbitrariamente pela administra\u00e7\u00e3o geogr\u00e1fica mas com a configura\u00e7\u00e3o que a natureza fez, com seus rios, montanhas, floresta, plan\u00edcies, fauna e flora e especialmente com os habitantes que a\u00ed moram. Na biorregi\u00e3o, poder-se-\u00e1 verdadeiramente criar um desenvolvimento sustent\u00e1vel que n\u00e3o seja meramente ret\u00f3rico mas real. As empresas ser\u00e3o preferentemente m\u00e9dias e pequenas, dar-se-\u00e1 prefer\u00eancia \u00e0 agroecologia, evitar-se-\u00e3o os transportes para regi\u00f5es distantes, a cultura ser\u00e1 o cimento de coes\u00e3o: as festas, as tradi\u00e7\u00f5es, a mem\u00f3ria das pessoas not\u00e1veis, a presen\u00e7a das igrejas ou das religi\u00f5es, os v\u00e1rios tipos de escolas e outros meios modernos de difus\u00e3o de conhecimento e de encontros entre as pessoas.<\/p>\n<p>A Terra ser\u00e1 como\u00a0um mosaico feito de distintas pe\u00e7as cm cores diferentes: s\u00e3o as distintas regi\u00f5es e os ecossistemas, diversos e singulares, mas todos compondo um s\u00f3 mosaico, a Terra.<\/p>\n<p>A transi\u00e7\u00e3o se far\u00e1 por processos que v\u00e3o crescendo e se articulando em n\u00edvel nacional, regional e mundial, fazendo crescer a consci\u00eancia de nossa responsabilidade coletiva de salvarmos a Casa Comum e tudo o que a ela pertence.<\/p>\n<p>A acumula\u00e7\u00e3o de nova consci\u00eancia permitir\u00e1 um salto para um outro n\u00edvel em que seremos amigos da vida, abra\u00e7aremos cada ser pois todos possu\u00edmos o mesmo c\u00f3digo gen\u00e9tico de base, desde a bact\u00e9ria origin\u00e1ria, passando pelas grandes florestas, os dinossauros, os cavalos, os beija-flores e n\u00f3s mesmo.\u00a0 Somos constru\u00eddos por 20 amino\u00e1cidos e por 4 bases nitrogenadas ou fosfatadas. Quer dizer, somos todos parentes uns dos outros numa real fraternidade terrenal.<\/p>\n<p>Ser\u00e1 a civiliza\u00e7\u00e3o \u201cda felicidade poss\u00edvel\u201d e da \u201calegre celebra\u00e7\u00e3o da vida\u201d.<\/p>\n<p><strong>Brasil, nosso sonho bom: a sua refunda\u00e7\u00e3o<\/strong><\/p>\n<p>O Brasil, por suas riquezas ecol\u00f3gicas, geogr\u00e1ficas e populacionais, tem todas as condi\u00e7\u00f5es de come\u00e7ar a colocar os fundamentos de uma civiliza\u00e7\u00e3o biocentrada.<\/p>\n<p>At\u00e9 hoje vivemos na depend\u00eancias de outros centros hegem\u00f4nicos. Est\u00e1 madurando, especialmente nas bases, a ideia da refunda\u00e7\u00e3o de um outro Brasil.<\/p>\n<p>Tr\u00eas pilastras podem dar corpo a esse sonho, por mim exposto com mais detalhe no livro: <em>Brasil: concluir a refunda\u00e7\u00e3o ou prolongar a depend\u00eancia<\/em>\u201d (Vozes 2019). Sem entrar em detalhes direi:<\/p>\n<p><strong>A natureza<\/strong>, das mais ricas do planeta em biodiversidade, em florestas \u00famidas e em \u00e1gua. Podemos ser a mesa posta para as fomes e sedes do mundo inteiro.<\/p>\n<p>A <strong>cultura<\/strong> que configura a rela\u00e7\u00e3o do ser humano com a natureza e com outros seres humanos, diversa, rica em criatividade nas artes, na m\u00fasica, na arquitetura, nas dan\u00e7as e em certos ramos da ci\u00eancia, n\u00e3o obstante o racismo visceral e as amea\u00e7as \u00e0s culturas origin\u00e1rias e outras exclus\u00f5es sociais, refor\u00e7adas pela atual pol\u00edtica de ultra-direita e de vi\u00e9s fascit\u00f3ide.<\/p>\n<p><strong>O povo brasileiro<\/strong> ainda em fazimento, plasmado por gentes que vieram de 60 pa\u00edses diferentes. A cultura multi\u00e9tnica e multirreligiosa, a cultura relacional, o senso l\u00fadico, a hospitalidade, a alegria de viver e sua criatividade s\u00e3o caracter\u00edsticas entre outras de nosso povo.<\/p>\n<p>O Brasil \u00e9 a maior na\u00e7\u00e3o neolatina do mundo e temos tudo para ser a maior civiliza\u00e7\u00e3o dos tr\u00f3picos. Para essa utopia vi\u00e1vel, temos que retrabalhar no consciente e no inconsciente coletivo, as sombras que nos pesam fortemente: do etnoc\u00eddio ind\u00edgena, da coloniza\u00e7\u00e3o, da escravid\u00e3o e da domina\u00e7\u00e3o das oligargias, herdeiras da Casa Grande e de um governo atual anti-Brasil, anti-vida e anti-povo com tra\u00e7os claros de despotismo que pretende conduzir o pa\u00eds a fases superadas pela humanidade, ao ante iluminismo, ao mundo do atraso, avesso ao saber e aos valores civilizat\u00f3rios que s\u00e3o j\u00e1 bens comuns das sociedades mundiais.<\/p>\n<p>Para terminar, tomo como refer\u00eancia a proposta do Papa Francisco, qui\u00e7\u00e1 o maior l\u00edder \u00e9tico-pol\u00edtico da humanidade. Na reuni\u00e3o com dezenas de movimentos sociais populares em 2015 ao visitar a Bol\u00edvia. Na cidade de Santa Cruz de la Sierra disse:<\/p>\n<p>Voc\u00eas t\u00eam que garantir os tr\u00eas Ts :<em>Terra<\/em> para morar nela e trabalhar. <em>Teto<\/em> para morar porque n\u00e3o s\u00e3o animais que vivem ao relento. <em>Trabalho <\/em>com o qual voc\u00eas se autorrealizam e conquistam tudo o que precisam.<\/p>\n<p>Em seguida continuou: \u201cN\u00e3o esperem nada de cima. Pois vem sempre mais do mesmo e geralmente ainda pior. Sejam voc\u00eas mesmos os protagonistas de um novo tipo de mundo, de uma nova democracia participativa e popular, com uma economia solid\u00e1ria, com uma agroecologia com produtos s\u00e3os e livres de transg\u00eanicos. Sejam os poetas da nova sociedade.<\/p>\n<p>Lutem para que a <em>ci\u00eanci<\/em>a sirva \u00e0 <em>vida<\/em> e n\u00e3o ao mercado. Empenhem-se pela <em>justi\u00e7a social<\/em> sem a qual n\u00e3o h\u00e1 <em>paz<\/em>. Por fim, cuidem da <em>M\u00e3e<\/em> <em>Terra<\/em> sem a qual nenhum projeto ser\u00e1 poss\u00edvel.<\/p>\n<p>Aqui estamos diante de um programa m\u00ednimo para um novo tipo de sociedade e de humanidade.<\/p>\n<p>O futuro nos assinala que n\u00e3o iremos ao encontro do capitalismo neoliberal, embora teime em se imp\u00f4r. Ele n\u00e3o deu certo: acumulou demasiada riqueza em poucas m\u00e3os \u00e0 custa do sacrif\u00edcio de milh\u00f5es e milh\u00f5es vivendo em condi\u00e7\u00f5es sub-humanas e, junto a isso, devastou a maioria dos ecossistemas e colocou a Terra numa emerg\u00eancia ecol\u00f3gica.<\/p>\n<p>A travessia para uma sociedade ecologicamente sustentada com uma cultura, uma pol\u00edtica e economia compat\u00edveis \u00e9 a grande utopia vi\u00e1vel da humanidade e dos grupos progressistas do Brasil.<\/p>\n<p>Cremos e esperamos que esse sonho n\u00e3o seja uma fantasmagoria, mas uma realidade poss\u00edvel que se adequa \u00e0 l\u00f3gica do universo, feito n\u00e3o pela soma de seus corpos celestes, mas pelo conjunto das redes de suas rela\u00e7\u00f5es dentro das quais n\u00f3s tamb\u00e9m estamos envolvidos. Para citar Paulo Freire, diria: precisamos construir uma eco-sociedade na qual n\u00e3o seja t\u00e3o dif\u00edcil o amor.<\/p>\n<p>O Brasil, libertado de suas sombras hist\u00f3ricas, pode ser um embri\u00e3o da nova sociedade, una, diversa dentro da \u00fanica Casa Comum, a M\u00e3e Terra.<em>de altura e de 7 a 11 m de di\u00e2metro no tronco. Essa planta \u00e9 milenar e pode viver at\u00e9 6000 anos.<\/em><\/p>\n<hr \/>\n<p><strong>Leonardo Boff<\/strong><em> \u00e9 ecote\u00f3logo, fil\u00f3sofo e escritor e escreveu: &#8220;Ecologia: grito da Terra, grito dos pobres&#8221;, Vozes 1995\/2015; em espanhol por Trotta, Madrid 1996, Dabar, M\u00e9xico 1996.<\/em><\/p>\n","protected":false},"excerpt":{"rendered":"<p>Artigo de Leonardo Boff<\/p>\n","protected":false},"author":3,"featured_media":186888,"comment_status":"open","ping_status":"open","sticky":false,"template":"","format":"standard","meta":{"footnotes":""},"categories":[26],"tags":[59],"yoast_head":"<!-- This site is optimized with the Yoast SEO plugin v19.4 - https:\/\/yoast.com\/wordpress\/plugins\/seo\/ -->\n<title>A transi\u00e7\u00e3o ecol\u00f3gica para uma sociedade biocentrada \u2013 final - Vida Crist\u00e3 - Franciscanos<\/title>\n<meta name=\"robots\" content=\"index, follow, max-snippet:-1, max-image-preview:large, max-video-preview:-1\" \/>\n<link rel=\"canonical\" href=\"https:\/\/franciscanos.org.br\/vidacrista\/a-transicao-ecologica-para-uma-sociedade-biocentrada-final\/\" \/>\n<meta property=\"og:locale\" content=\"pt_BR\" \/>\n<meta property=\"og:type\" content=\"article\" \/>\n<meta property=\"og:title\" content=\"A transi\u00e7\u00e3o ecol\u00f3gica para uma sociedade biocentrada \u2013 final - Vida Crist\u00e3 - Franciscanos\" \/>\n<meta property=\"og:description\" content=\"Artigo de Leonardo Boff\" \/>\n<meta property=\"og:url\" content=\"https:\/\/franciscanos.org.br\/vidacrista\/a-transicao-ecologica-para-uma-sociedade-biocentrada-final\/\" \/>\n<meta property=\"og:site_name\" content=\"Vida Crist\u00e3 - Franciscanos\" \/>\n<meta property=\"article:published_time\" content=\"2020-06-23T10:19:18+00:00\" \/>\n<meta property=\"article:modified_time\" content=\"2020-07-23T14:17:41+00:00\" \/>\n<meta property=\"og:image\" content=\"https:\/\/franciscanos.org.br\/vidacrista\/wp-content\/uploads\/2020\/06\/ecologia_2307d.jpg\" \/>\n\t<meta property=\"og:image:width\" content=\"800\" \/>\n\t<meta property=\"og:image:height\" content=\"600\" \/>\n\t<meta property=\"og:image:type\" content=\"image\/jpeg\" \/>\n<meta name=\"author\" content=\"moacir\" \/>\n<meta name=\"twitter:card\" content=\"summary_large_image\" \/>\n<meta name=\"twitter:label1\" content=\"Escrito por\" \/>\n\t<meta name=\"twitter:data1\" content=\"moacir\" \/>\n\t<meta name=\"twitter:label2\" content=\"Est. tempo de leitura\" \/>\n\t<meta name=\"twitter:data2\" content=\"11 minutos\" \/>\n<script type=\"application\/ld+json\" class=\"yoast-schema-graph\">{\"@context\":\"https:\/\/schema.org\",\"@graph\":[{\"@type\":\"WebSite\",\"@id\":\"https:\/\/franciscanos.org.br\/vidacrista\/#website\",\"url\":\"https:\/\/franciscanos.org.br\/vidacrista\/\",\"name\":\"Vida Crist\u00e3 - Franciscanos\",\"description\":\"Prov\u00edncia Franciscana da Imaculada Concei\u00e7\u00e3o do Brasil - Ordem dos Frades Menores\",\"potentialAction\":[{\"@type\":\"SearchAction\",\"target\":{\"@type\":\"EntryPoint\",\"urlTemplate\":\"https:\/\/franciscanos.org.br\/vidacrista\/?s={search_term_string}\"},\"query-input\":\"required name=search_term_string\"}],\"inLanguage\":\"pt-BR\"},{\"@type\":\"WebPage\",\"@id\":\"https:\/\/franciscanos.org.br\/vidacrista\/a-transicao-ecologica-para-uma-sociedade-biocentrada-final\/\",\"url\":\"https:\/\/franciscanos.org.br\/vidacrista\/a-transicao-ecologica-para-uma-sociedade-biocentrada-final\/\",\"name\":\"A transi\u00e7\u00e3o ecol\u00f3gica para uma sociedade biocentrada \u2013 final - Vida Crist\u00e3 - Franciscanos\",\"isPartOf\":{\"@id\":\"https:\/\/franciscanos.org.br\/vidacrista\/#website\"},\"datePublished\":\"2020-06-23T10:19:18+00:00\",\"dateModified\":\"2020-07-23T14:17:41+00:00\",\"author\":{\"@id\":\"https:\/\/franciscanos.org.br\/vidacrista\/#\/schema\/person\/1880bdd2c350b735648725ef7614736a\"},\"breadcrumb\":{\"@id\":\"https:\/\/franciscanos.org.br\/vidacrista\/a-transicao-ecologica-para-uma-sociedade-biocentrada-final\/#breadcrumb\"},\"inLanguage\":\"pt-BR\",\"potentialAction\":[{\"@type\":\"ReadAction\",\"target\":[\"https:\/\/franciscanos.org.br\/vidacrista\/a-transicao-ecologica-para-uma-sociedade-biocentrada-final\/\"]}]},{\"@type\":\"BreadcrumbList\",\"@id\":\"https:\/\/franciscanos.org.br\/vidacrista\/a-transicao-ecologica-para-uma-sociedade-biocentrada-final\/#breadcrumb\",\"itemListElement\":[{\"@type\":\"ListItem\",\"position\":1,\"name\":\"Home\",\"item\":\"https:\/\/franciscanos.org.br\/vidacrista\/\"},{\"@type\":\"ListItem\",\"position\":2,\"name\":\"A transi\u00e7\u00e3o ecol\u00f3gica para uma sociedade biocentrada \u2013 final\"}]},{\"@type\":\"Person\",\"@id\":\"https:\/\/franciscanos.org.br\/vidacrista\/#\/schema\/person\/1880bdd2c350b735648725ef7614736a\",\"name\":\"moacir\",\"image\":{\"@type\":\"ImageObject\",\"inLanguage\":\"pt-BR\",\"@id\":\"https:\/\/franciscanos.org.br\/vidacrista\/#\/schema\/person\/image\/\",\"url\":\"https:\/\/secure.gravatar.com\/avatar\/d08aa2ce4c8dd416d4479aa8536fcf64?s=96&d=mm&r=g\",\"contentUrl\":\"https:\/\/secure.gravatar.com\/avatar\/d08aa2ce4c8dd416d4479aa8536fcf64?s=96&d=mm&r=g\",\"caption\":\"moacir\"},\"url\":\"https:\/\/franciscanos.org.br\/vidacrista\/author\/moacir\/\"}]}<\/script>\n<!-- \/ Yoast SEO plugin. -->","yoast_head_json":{"title":"A transi\u00e7\u00e3o ecol\u00f3gica para uma sociedade biocentrada \u2013 final - Vida Crist\u00e3 - Franciscanos","robots":{"index":"index","follow":"follow","max-snippet":"max-snippet:-1","max-image-preview":"max-image-preview:large","max-video-preview":"max-video-preview:-1"},"canonical":"https:\/\/franciscanos.org.br\/vidacrista\/a-transicao-ecologica-para-uma-sociedade-biocentrada-final\/","og_locale":"pt_BR","og_type":"article","og_title":"A transi\u00e7\u00e3o ecol\u00f3gica para uma sociedade biocentrada \u2013 final - Vida Crist\u00e3 - Franciscanos","og_description":"Artigo de Leonardo Boff","og_url":"https:\/\/franciscanos.org.br\/vidacrista\/a-transicao-ecologica-para-uma-sociedade-biocentrada-final\/","og_site_name":"Vida Crist\u00e3 - Franciscanos","article_published_time":"2020-06-23T10:19:18+00:00","article_modified_time":"2020-07-23T14:17:41+00:00","og_image":[{"width":800,"height":600,"url":"https:\/\/franciscanos.org.br\/vidacrista\/wp-content\/uploads\/2020\/06\/ecologia_2307d.jpg","type":"image\/jpeg"}],"author":"moacir","twitter_card":"summary_large_image","twitter_misc":{"Escrito por":"moacir","Est. tempo de leitura":"11 minutos"},"schema":{"@context":"https:\/\/schema.org","@graph":[{"@type":"WebSite","@id":"https:\/\/franciscanos.org.br\/vidacrista\/#website","url":"https:\/\/franciscanos.org.br\/vidacrista\/","name":"Vida Crist\u00e3 - Franciscanos","description":"Prov\u00edncia Franciscana da Imaculada Concei\u00e7\u00e3o do Brasil - Ordem dos Frades Menores","potentialAction":[{"@type":"SearchAction","target":{"@type":"EntryPoint","urlTemplate":"https:\/\/franciscanos.org.br\/vidacrista\/?s={search_term_string}"},"query-input":"required name=search_term_string"}],"inLanguage":"pt-BR"},{"@type":"WebPage","@id":"https:\/\/franciscanos.org.br\/vidacrista\/a-transicao-ecologica-para-uma-sociedade-biocentrada-final\/","url":"https:\/\/franciscanos.org.br\/vidacrista\/a-transicao-ecologica-para-uma-sociedade-biocentrada-final\/","name":"A transi\u00e7\u00e3o ecol\u00f3gica para uma sociedade biocentrada \u2013 final - Vida Crist\u00e3 - Franciscanos","isPartOf":{"@id":"https:\/\/franciscanos.org.br\/vidacrista\/#website"},"datePublished":"2020-06-23T10:19:18+00:00","dateModified":"2020-07-23T14:17:41+00:00","author":{"@id":"https:\/\/franciscanos.org.br\/vidacrista\/#\/schema\/person\/1880bdd2c350b735648725ef7614736a"},"breadcrumb":{"@id":"https:\/\/franciscanos.org.br\/vidacrista\/a-transicao-ecologica-para-uma-sociedade-biocentrada-final\/#breadcrumb"},"inLanguage":"pt-BR","potentialAction":[{"@type":"ReadAction","target":["https:\/\/franciscanos.org.br\/vidacrista\/a-transicao-ecologica-para-uma-sociedade-biocentrada-final\/"]}]},{"@type":"BreadcrumbList","@id":"https:\/\/franciscanos.org.br\/vidacrista\/a-transicao-ecologica-para-uma-sociedade-biocentrada-final\/#breadcrumb","itemListElement":[{"@type":"ListItem","position":1,"name":"Home","item":"https:\/\/franciscanos.org.br\/vidacrista\/"},{"@type":"ListItem","position":2,"name":"A transi\u00e7\u00e3o ecol\u00f3gica para uma sociedade biocentrada \u2013 final"}]},{"@type":"Person","@id":"https:\/\/franciscanos.org.br\/vidacrista\/#\/schema\/person\/1880bdd2c350b735648725ef7614736a","name":"moacir","image":{"@type":"ImageObject","inLanguage":"pt-BR","@id":"https:\/\/franciscanos.org.br\/vidacrista\/#\/schema\/person\/image\/","url":"https:\/\/secure.gravatar.com\/avatar\/d08aa2ce4c8dd416d4479aa8536fcf64?s=96&d=mm&r=g","contentUrl":"https:\/\/secure.gravatar.com\/avatar\/d08aa2ce4c8dd416d4479aa8536fcf64?s=96&d=mm&r=g","caption":"moacir"},"url":"https:\/\/franciscanos.org.br\/vidacrista\/author\/moacir\/"}]}},"_links":{"self":[{"href":"https:\/\/franciscanos.org.br\/vidacrista\/wp-json\/wp\/v2\/posts\/185900"}],"collection":[{"href":"https:\/\/franciscanos.org.br\/vidacrista\/wp-json\/wp\/v2\/posts"}],"about":[{"href":"https:\/\/franciscanos.org.br\/vidacrista\/wp-json\/wp\/v2\/types\/post"}],"author":[{"embeddable":true,"href":"https:\/\/franciscanos.org.br\/vidacrista\/wp-json\/wp\/v2\/users\/3"}],"replies":[{"embeddable":true,"href":"https:\/\/franciscanos.org.br\/vidacrista\/wp-json\/wp\/v2\/comments?post=185900"}],"version-history":[{"count":5,"href":"https:\/\/franciscanos.org.br\/vidacrista\/wp-json\/wp\/v2\/posts\/185900\/revisions"}],"predecessor-version":[{"id":186889,"href":"https:\/\/franciscanos.org.br\/vidacrista\/wp-json\/wp\/v2\/posts\/185900\/revisions\/186889"}],"wp:featuredmedia":[{"embeddable":true,"href":"https:\/\/franciscanos.org.br\/vidacrista\/wp-json\/wp\/v2\/media\/186888"}],"wp:attachment":[{"href":"https:\/\/franciscanos.org.br\/vidacrista\/wp-json\/wp\/v2\/media?parent=185900"}],"wp:term":[{"taxonomy":"category","embeddable":true,"href":"https:\/\/franciscanos.org.br\/vidacrista\/wp-json\/wp\/v2\/categories?post=185900"},{"taxonomy":"post_tag","embeddable":true,"href":"https:\/\/franciscanos.org.br\/vidacrista\/wp-json\/wp\/v2\/tags?post=185900"}],"curies":[{"name":"wp","href":"https:\/\/api.w.org\/{rel}","templated":true}]}}